{"id":12390,"date":"2020-08-02T22:37:30","date_gmt":"2020-08-02T22:37:30","guid":{"rendered":"https:\/\/correiodasemana.com\/site\/?p=12390"},"modified":"2020-08-02T22:37:30","modified_gmt":"2020-08-02T22:37:30","slug":"sobral-sobral","status":"publish","type":"post","link":"https:\/\/correiodasemana.com\/site\/sobral-sobral\/","title":{"rendered":"Sobral, Sobral"},"content":{"rendered":"<p><strong>\u201dQUER CONHECER O CAR\u00c1TER DE UM HOMEM? D\u00ca A ELE DINHEIRO OU PODER!\u201d ABRAHAM LINCOLN, 16\u00b0 Presidente (EUA)<\/strong><\/p>\n<p>MINHAS HIST\u00d3RIAS&#8230;<\/p>\n<p>SEU ONOFRE, na sa\u00fade dos seus 80 e tantos anos, obteve recente vit\u00f3ria sobre o V\u00cdRUS CHIN\u00caS. Os mais antigos lembram dele. Tinha uma mercearia ali na Boulevard do Arco, onde hoje \u00e9 a padaria P\u0100O MIX. Depois se transferiu para FORTALEZA onde montou um armaz\u00e9m na Rua Conde D\u2019Eu (ou na Governador Sampaio ?). ONOFRE \u00e9 cunhado do sr. MILTON ANDRADE, da REDE DE POSTOS S\u00c3O DOMINGOS.<br \/>\nPois bem&#8230;<\/p>\n<p><img fetchpriority=\"high\" decoding=\"async\" class=\"alignleft size-full wp-image-12391\" src=\"https:\/\/correiodasemana.com\/site\/wp-content\/uploads\/2020\/08\/Padaria-P\u00e3o-Mix-antiga-com\u00e9rcio-do-Onofre.png\" alt=\"\" width=\"1280\" height=\"960\" srcset=\"https:\/\/correiodasemana.com\/site\/wp-content\/uploads\/2020\/08\/Padaria-P\u00e3o-Mix-antiga-com\u00e9rcio-do-Onofre.png 1280w, https:\/\/correiodasemana.com\/site\/wp-content\/uploads\/2020\/08\/Padaria-P\u00e3o-Mix-antiga-com\u00e9rcio-do-Onofre-300x225.png 300w, https:\/\/correiodasemana.com\/site\/wp-content\/uploads\/2020\/08\/Padaria-P\u00e3o-Mix-antiga-com\u00e9rcio-do-Onofre-1024x768.png 1024w, https:\/\/correiodasemana.com\/site\/wp-content\/uploads\/2020\/08\/Padaria-P\u00e3o-Mix-antiga-com\u00e9rcio-do-Onofre-768x576.png 768w\" sizes=\"(max-width: 1280px) 100vw, 1280px\" \/><br \/>\n\u201cSeu\u201d ONOFRE tinha um jeito peculiar de pilotar a Vespa (esp\u00e9cie de motoneta muito em voga nos anos 60). Ele andava de lado, como se estivesse com algum problema em um dos lados do bumbum. Mas era estilo dele. N\u00f3s, meninos da \u00e9poca, ach\u00e1vamos engra\u00e7ado. Uma vez ele trazia um porco do mercado. Acho que o porco pressentiu que iria virar torresmo e fez grande alarido ao desembarcar da Vespinha. A\u00ed um dos frentistas do posto do Sr. JOS\u00c9 CISNE, em frente a bodega dele, agachou-se atr\u00e1s da bomba de gasolina e gritou:<br \/>\n&#8212; Solta a porca, tarado !!!<\/p>\n<p>MINHAS M\u00daSICAS<\/p>\n<p>EU N\u00c3O SEI &#8211; ALTEMAR DUTRA 1964.<br \/>\n\u201cEste amor \u00e9 assim: MAIS te dou, MAIS sobra em mim!!\u201d<br \/>\nEm 2 linhas a infinitude do amor. No g\u00eanero voz e viol\u00e3o, dif\u00edcil uma can\u00e7\u00e3o mais bonita. EU N\u00c3O SEI. Autores: cearense EVALDO GOUVEIA e o capixaba JAIR AMORIM, os mesmos de ALGU\u00c9M ME DISSE. Gravada por ALTEMAR DUTRA, ficou meio perdida no \u00e1lbum que tinha QUE QUERES TU DE MIM, SOMOS IGUAIS, SENTIMENTAL DEMAIS, todas tamb\u00e9m de EVALDO e JAIR. Criaram ainda BRIGAS, a favorita de ALTEMAR, o mineiro de AIMOR\u00c9S, que sofreu um derrame em NOVA YORK-EUA, em 1983, aos 43 anos. Dia 29 de maio \u00faltimo, partiu EVALDO GOUVEIA, filho de OR\u00d3S-CE. Completaria 92 anos dia 8 de agosto pr\u00f3ximo. Autor de centenas de sucessos, EVALDO e sua companheira (Dra. LIDU\u00cdNA) sempre me cobravam a realiza\u00e7\u00e3o de show com ele em SOBRAL&#8230; Nossa cidade perdeu um belo show e o BRASIL um dos seus m\u00fasicos mais geniais.<\/p>\n<p>Eu n\u00e3o sei<br \/>\n(Evaldo Gouveia e jair amorim)<\/p>\n<p><img decoding=\"async\" class=\"wp-image-12392 alignright\" src=\"https:\/\/correiodasemana.com\/site\/wp-content\/uploads\/2020\/08\/cantor-sobral-sobral.jpg\" alt=\"\" width=\"221\" height=\"242\" srcset=\"https:\/\/correiodasemana.com\/site\/wp-content\/uploads\/2020\/08\/cantor-sobral-sobral.jpg 474w, https:\/\/correiodasemana.com\/site\/wp-content\/uploads\/2020\/08\/cantor-sobral-sobral-273x300.jpg 273w\" sizes=\"(max-width: 221px) 100vw, 221px\" \/><\/p>\n<p>Eu n\u00e3o sei como foi<br \/>\nQuando foi, porque foi<br \/>\nEu s\u00f3 sei<br \/>\nQue este amor \u00e9 mais meu<br \/>\nDo que teu<br \/>\nEste amor que eu arrasto<br \/>\nPela vida assim<br \/>\nQue me leva a duvidar de mim<br \/>\nSe sou quem sou<br \/>\nSe nada sou<br \/>\nEu n\u00e3o sei<br \/>\nNingu\u00e9m sabe talvez<br \/>\nMe falar se \u00e9 poss\u00edvel<br \/>\nSe \u00e9 dif\u00edcil eu sofrer e calar<\/p>\n<p>Eu s\u00f3 sei que enlouque\u00e7o<br \/>\nDia a dia mais<br \/>\nQue me assombro porque sou capaz<br \/>\nDe te querer sem nada ter<br \/>\nEste amor \u00e9 assim<br \/>\nMais te dou mais sobra em mim.<\/p>\n<p>Sobral&#8230; uma saudade chorando<br \/>\nbaixinho dentro de mim!<br \/>\n(Lustosa da Costa)<\/p>\n","protected":false},"excerpt":{"rendered":"<p>\u201dQUER CONHECER O CAR\u00c1TER DE UM HOMEM? D\u00ca A ELE DINHEIRO OU PODER!\u201d ABRAHAM LINCOLN,&#8230;<\/p>\n","protected":false},"author":1,"featured_media":12393,"comment_status":"open","ping_status":"open","sticky":false,"template":"","format":"standard","meta":{"_jetpack_memberships_contains_paid_content":false,"footnotes":"","jetpack_publicize_message":"","jetpack_publicize_feature_enabled":true,"jetpack_social_post_already_shared":true,"jetpack_social_options":{"image_generator_settings":{"template":"highway","default_image_id":0,"font":"","enabled":false},"version":2}},"categories":[11,75],"tags":[],"class_list":["post-12390","post","type-post","status-publish","format-standard","has-post-thumbnail","hentry","category-artigos","category-carolino-soares"],"jetpack_publicize_connections":[],"jetpack_featured_media_url":"https:\/\/correiodasemana.com\/site\/wp-content\/uploads\/2020\/08\/Carolino-Soares.png","jetpack-related-posts":[{"id":9192,"url":"https:\/\/correiodasemana.com\/site\/becco-ponto-com-12\/","url_meta":{"origin":12390,"position":0},"title":"Becco ponto Com","author":"","date":"Setembro 23, 2019","format":false,"excerpt":"Livrai-nos, senhor! Do esp\u00edrito de porco dos pol\u00edticos do PT Lula. Das especula\u00e7\u00f5es quanto as elei\u00e7\u00f5es de 2020 grita. Do povo por emprego e meio de vida, ui! Do analfabetismo provindo da redes sociais. do lixo musical forr\u00f3 moderno via Safad\u00e3o. Das mortes violentas nas ruas de Sobral, ui! Da\u2026","rel":"","context":"In &quot;Artigos&quot;","block_context":{"text":"Artigos","link":"https:\/\/correiodasemana.com\/site\/category\/artigos\/"},"img":{"alt_text":"","src":"https:\/\/i0.wp.com\/correiodasemana.com\/site\/wp-content\/uploads\/2019\/09\/Jos%C3%A9-Olavo.jpg?resize=350%2C200&ssl=1","width":350,"height":200,"srcset":"https:\/\/i0.wp.com\/correiodasemana.com\/site\/wp-content\/uploads\/2019\/09\/Jos%C3%A9-Olavo.jpg?resize=350%2C200&ssl=1 1x, https:\/\/i0.wp.com\/correiodasemana.com\/site\/wp-content\/uploads\/2019\/09\/Jos%C3%A9-Olavo.jpg?resize=525%2C300&ssl=1 1.5x, https:\/\/i0.wp.com\/correiodasemana.com\/site\/wp-content\/uploads\/2019\/09\/Jos%C3%A9-Olavo.jpg?resize=700%2C400&ssl=1 2x, https:\/\/i0.wp.com\/correiodasemana.com\/site\/wp-content\/uploads\/2019\/09\/Jos%C3%A9-Olavo.jpg?resize=1050%2C600&ssl=1 3x, https:\/\/i0.wp.com\/correiodasemana.com\/site\/wp-content\/uploads\/2019\/09\/Jos%C3%A9-Olavo.jpg?resize=1400%2C800&ssl=1 4x"},"classes":[]},{"id":9114,"url":"https:\/\/correiodasemana.com\/site\/becco-ponto-com-11\/","url_meta":{"origin":12390,"position":1},"title":"Becco ponto Com","author":"","date":"Setembro 15, 2019","format":false,"excerpt":"Livrai-nos, Senhor! Do esp\u00edrito de porco dos pol\u00edticos modernos. Das especula\u00e7\u00f5es pol\u00edticas a Jair Bolsonaro. Da grita do povo nas greves sem fim no pa\u00eds. Do analfabetismo nas casas legislativas, ufa! Do lixo musical no pa\u00eds de pobres de talento. Da morte em marcha lenta nas filas do sus. Da\u2026","rel":"","context":"In &quot;Artigos&quot;","block_context":{"text":"Artigos","link":"https:\/\/correiodasemana.com\/site\/category\/artigos\/"},"img":{"alt_text":"","src":"https:\/\/i0.wp.com\/correiodasemana.com\/site\/wp-content\/uploads\/2019\/09\/Rose-Vision.jpg?resize=350%2C200&ssl=1","width":350,"height":200},"classes":[]},{"id":11918,"url":"https:\/\/correiodasemana.com\/site\/fiocruz-identifica-nova-variante-do-virus-influenza-no-brasil\/","url_meta":{"origin":12390,"position":2},"title":"Fiocruz identifica nova variante do v\u00edrus influenza no Brasil","author":"","date":"Julho 16, 2020","format":false,"excerpt":"Pesquisadores do Instituto Oswaldo Cruz (IOC\/Fiocruz) identificaram uma nova variante do v\u00edrus influenza, causador da gripe, em uma paciente da cidade de Ibipor\u00e3, no Paran\u00e1. As an\u00e1lises apontaram a presen\u00e7a do v\u00edrus influenza A(H1N2)v, que provoca infec\u00e7\u00e3o em porcos. O caso foi informado ao Minist\u00e9rio da Sa\u00fade, que notificou a\u2026","rel":"","context":"In &quot;Atualidade&quot;","block_context":{"text":"Atualidade","link":"https:\/\/correiodasemana.com\/site\/category\/atualidade\/"},"img":{"alt_text":"","src":"https:\/\/i0.wp.com\/correiodasemana.com\/site\/wp-content\/uploads\/2020\/07\/Jornal-Folha-de-Goi%C3%A1s-Fiocruz-identifica-nova-variante-de-v%C3%ADrus-influenza-A.jpg?resize=350%2C200&ssl=1","width":350,"height":200,"srcset":"https:\/\/i0.wp.com\/correiodasemana.com\/site\/wp-content\/uploads\/2020\/07\/Jornal-Folha-de-Goi%C3%A1s-Fiocruz-identifica-nova-variante-de-v%C3%ADrus-influenza-A.jpg?resize=350%2C200&ssl=1 1x, https:\/\/i0.wp.com\/correiodasemana.com\/site\/wp-content\/uploads\/2020\/07\/Jornal-Folha-de-Goi%C3%A1s-Fiocruz-identifica-nova-variante-de-v%C3%ADrus-influenza-A.jpg?resize=525%2C300&ssl=1 1.5x, https:\/\/i0.wp.com\/correiodasemana.com\/site\/wp-content\/uploads\/2020\/07\/Jornal-Folha-de-Goi%C3%A1s-Fiocruz-identifica-nova-variante-de-v%C3%ADrus-influenza-A.jpg?resize=700%2C400&ssl=1 2x, https:\/\/i0.wp.com\/correiodasemana.com\/site\/wp-content\/uploads\/2020\/07\/Jornal-Folha-de-Goi%C3%A1s-Fiocruz-identifica-nova-variante-de-v%C3%ADrus-influenza-A.jpg?resize=1050%2C600&ssl=1 3x"},"classes":[]},{"id":16332,"url":"https:\/\/correiodasemana.com\/site\/sobral-sobral-38\/","url_meta":{"origin":12390,"position":3},"title":"Sobral, Sobral","author":"","date":"Maio 2, 2021","format":false,"excerpt":"O ERRO DE MUITOS \u00c9 PENSAR QUE PALAVRAS PODEM CONSERTAR ATITUDES !! (AUTOR DESCONHECIDO) MINHAS HIST\u00d3RIAS... SENHOR MEU DEUS, EU S\u00d3 QUERIA EMPATAR!! Com a constru\u00e7\u00e3o do anexo do COL\u00c9GIO LUCIANO FEIJ\u00c3O no local onde funcionou bares e churrascarias famosos de SOBRAL, ficou para tr\u00e1s um pouco da hist\u00f3ria de\u2026","rel":"","context":"In &quot;Artigos&quot;","block_context":{"text":"Artigos","link":"https:\/\/correiodasemana.com\/site\/category\/artigos\/"},"img":{"alt_text":"","src":"https:\/\/i0.wp.com\/correiodasemana.com\/site\/wp-content\/uploads\/2021\/02\/artigo-carolino-radio.png?resize=350%2C200&ssl=1","width":350,"height":200,"srcset":"https:\/\/i0.wp.com\/correiodasemana.com\/site\/wp-content\/uploads\/2021\/02\/artigo-carolino-radio.png?resize=350%2C200&ssl=1 1x, https:\/\/i0.wp.com\/correiodasemana.com\/site\/wp-content\/uploads\/2021\/02\/artigo-carolino-radio.png?resize=525%2C300&ssl=1 1.5x, https:\/\/i0.wp.com\/correiodasemana.com\/site\/wp-content\/uploads\/2021\/02\/artigo-carolino-radio.png?resize=700%2C400&ssl=1 2x"},"classes":[]},{"id":18573,"url":"https:\/\/correiodasemana.com\/site\/a-grande-relevancia-da-educacao-informal\/","url_meta":{"origin":12390,"position":4},"title":"A grande relev\u00e2ncia da educa\u00e7\u00e3o informal","author":"","date":"Janeiro 16, 2022","format":false,"excerpt":"Lembro-me muito bem quando ainda crian\u00e7a para a minha adolesc\u00eancia brincava de bola feita de meias, brincava de bila, dos quatro cantos, de melancia, de esconde-esconde, jogo de pe\u00e3o, de castanha, de tri\u00e2ngulo e de esquerda. Esta brincadeira quando j\u00e1 estava paquerando. Era muito divertido. Todavia, t\u00ednhamos que chegar na\u2026","rel":"","context":"In &quot;Artigos&quot;","block_context":{"text":"Artigos","link":"https:\/\/correiodasemana.com\/site\/category\/artigos\/"},"img":{"alt_text":"","src":"https:\/\/i0.wp.com\/correiodasemana.com\/site\/wp-content\/uploads\/2021\/08\/Salmito-Campos.jpg?resize=350%2C200&ssl=1","width":350,"height":200,"srcset":"https:\/\/i0.wp.com\/correiodasemana.com\/site\/wp-content\/uploads\/2021\/08\/Salmito-Campos.jpg?resize=350%2C200&ssl=1 1x, https:\/\/i0.wp.com\/correiodasemana.com\/site\/wp-content\/uploads\/2021\/08\/Salmito-Campos.jpg?resize=525%2C300&ssl=1 1.5x, https:\/\/i0.wp.com\/correiodasemana.com\/site\/wp-content\/uploads\/2021\/08\/Salmito-Campos.jpg?resize=700%2C400&ssl=1 2x, https:\/\/i0.wp.com\/correiodasemana.com\/site\/wp-content\/uploads\/2021\/08\/Salmito-Campos.jpg?resize=1050%2C600&ssl=1 3x, https:\/\/i0.wp.com\/correiodasemana.com\/site\/wp-content\/uploads\/2021\/08\/Salmito-Campos.jpg?resize=1400%2C800&ssl=1 4x"},"classes":[]},{"id":32986,"url":"https:\/\/correiodasemana.com\/site\/camex-aprova-isencao-do-imposto-de-importacao-para-nove-alimentos\/","url_meta":{"origin":12390,"position":5},"title":"Camex aprova isen\u00e7\u00e3o do Imposto de Importa\u00e7\u00e3o para nove alimentos","author":"adminredacao","date":"Mar\u00e7o 17, 2025","format":false,"excerpt":"Medida n\u00e3o beneficiar\u00e1 carnes de aves e de porco POR Wellton M\u00e1ximo \u2013 Rep\u00f3rter da Ag\u00eancia Brasil A\u00a0redu\u00e7\u00e3o a zero do Imposto de Importa\u00e7\u00e3o para alimentos\u00a0s\u00f3 valer\u00e1 para carnes desossadas bovinas e n\u00e3o beneficiar\u00e1 outros tipos de carne como de porco e de aves, decidiu nesta quinta-feira (13) o Comit\u00ea\u2026","rel":"","context":"In &quot;Atualidade&quot;","block_context":{"text":"Atualidade","link":"https:\/\/correiodasemana.com\/site\/category\/atualidade\/"},"img":{"alt_text":"","src":"https:\/\/i0.wp.com\/correiodasemana.com\/site\/wp-content\/uploads\/2020\/08\/Brasil-deve-ser-a-9a-maior-economia-do-mundo-no-fim-da-decada.jpg?resize=350%2C200&ssl=1","width":350,"height":200,"srcset":"https:\/\/i0.wp.com\/correiodasemana.com\/site\/wp-content\/uploads\/2020\/08\/Brasil-deve-ser-a-9a-maior-economia-do-mundo-no-fim-da-decada.jpg?resize=350%2C200&ssl=1 1x, https:\/\/i0.wp.com\/correiodasemana.com\/site\/wp-content\/uploads\/2020\/08\/Brasil-deve-ser-a-9a-maior-economia-do-mundo-no-fim-da-decada.jpg?resize=525%2C300&ssl=1 1.5x, https:\/\/i0.wp.com\/correiodasemana.com\/site\/wp-content\/uploads\/2020\/08\/Brasil-deve-ser-a-9a-maior-economia-do-mundo-no-fim-da-decada.jpg?resize=700%2C400&ssl=1 2x, https:\/\/i0.wp.com\/correiodasemana.com\/site\/wp-content\/uploads\/2020\/08\/Brasil-deve-ser-a-9a-maior-economia-do-mundo-no-fim-da-decada.jpg?resize=1050%2C600&ssl=1 3x"},"classes":[]}],"jetpack_sharing_enabled":true,"_links":{"self":[{"href":"https:\/\/correiodasemana.com\/site\/wp-json\/wp\/v2\/posts\/12390","targetHints":{"allow":["GET"]}}],"collection":[{"href":"https:\/\/correiodasemana.com\/site\/wp-json\/wp\/v2\/posts"}],"about":[{"href":"https:\/\/correiodasemana.com\/site\/wp-json\/wp\/v2\/types\/post"}],"author":[{"embeddable":true,"href":"https:\/\/correiodasemana.com\/site\/wp-json\/wp\/v2\/users\/1"}],"replies":[{"embeddable":true,"href":"https:\/\/correiodasemana.com\/site\/wp-json\/wp\/v2\/comments?post=12390"}],"version-history":[{"count":1,"href":"https:\/\/correiodasemana.com\/site\/wp-json\/wp\/v2\/posts\/12390\/revisions"}],"predecessor-version":[{"id":12394,"href":"https:\/\/correiodasemana.com\/site\/wp-json\/wp\/v2\/posts\/12390\/revisions\/12394"}],"wp:featuredmedia":[{"embeddable":true,"href":"https:\/\/correiodasemana.com\/site\/wp-json\/wp\/v2\/media\/12393"}],"wp:attachment":[{"href":"https:\/\/correiodasemana.com\/site\/wp-json\/wp\/v2\/media?parent=12390"}],"wp:term":[{"taxonomy":"category","embeddable":true,"href":"https:\/\/correiodasemana.com\/site\/wp-json\/wp\/v2\/categories?post=12390"},{"taxonomy":"post_tag","embeddable":true,"href":"https:\/\/correiodasemana.com\/site\/wp-json\/wp\/v2\/tags?post=12390"}],"curies":[{"name":"wp","href":"https:\/\/api.w.org\/{rel}","templated":true}]}}