{"id":12400,"date":"2020-08-02T22:41:49","date_gmt":"2020-08-02T22:41:49","guid":{"rendered":"https:\/\/correiodasemana.com\/site\/?p=12400"},"modified":"2020-08-02T22:41:49","modified_gmt":"2020-08-02T22:41:49","slug":"fazenda-da-esperanca-monta-espaco-para-acolher-dependentes-quimicos-em-situacao-de-rua-2","status":"publish","type":"post","link":"https:\/\/correiodasemana.com\/site\/fazenda-da-esperanca-monta-espaco-para-acolher-dependentes-quimicos-em-situacao-de-rua-2\/","title":{"rendered":"Fazenda da Esperan\u00e7a monta espa\u00e7o para acolher dependentes qu\u00edmicos em situa\u00e7\u00e3o de rua"},"content":{"rendered":"<p>A Casa Padre Pio ser\u00e1 mantida pela solidariedade de empres\u00e1rios, fi\u00e9is que por meio de doa\u00e7\u00f5es poder\u00e3o ajudar o projeto<\/p>\n<p>A Coordena\u00e7\u00e3o da Fazenda da Esperan\u00e7a S\u00e3o Bento em Sobral, abra\u00e7a um novo projeto de instala\u00e7\u00e3o da Casa Padre Pio na Serra da Meruoca, com a miss\u00e3o de acolher pessoas com necessidades decorrentes das depend\u00eancias qu\u00edmicas em \u00e1lcool e outras drogas com extrema vulnerabilidade social que esteja em situa\u00e7\u00e3o de rua.<br \/>\nEm Sobral, vem aumentando exponencialmente a popula\u00e7\u00e3o em situa\u00e7\u00e3o de rua que buscam subsistir na \u00e1rea do centro da cidade. Muito deles est\u00e3o em extrema vulnerabilidade social, com os v\u00ednculos familiares fragilizados ou rompidos. Noutros casos, est\u00e3o em conflito com a lei, ocasionados pela incapacidade para o trabalho devido o v\u00edcio em drogadi\u00e7\u00e3o, alguns at\u00e9 j\u00e1 foram expulsos pelos grupos criminosos que controlam a regi\u00e3o de origem.<br \/>\nO novo espa\u00e7o ainda n\u00e3o tem data para a inaugura\u00e7\u00e3o, mas depois das adapta\u00e7\u00f5es a Casa Padre Pio dever\u00e1 funcionar com a capacidade para acolher 15 internos do sexo masculino para tratamento especializado e recupera\u00e7\u00e3o de pessoas em condi\u00e7\u00e3o de risco.<br \/>\nA Casa Padre Pio ser\u00e1 mantida pela solidariedade de empres\u00e1rios, fi\u00e9is que por meio de doa\u00e7\u00f5es poder\u00e3o ajudar o projeto. Os interessados tamb\u00e9m podem entrar em contato para contribuir voluntariamente ou adquirir produtos produzido na Fazenda da Esperan\u00e7a pelo telefone: (88) 3611 0054 e colaborar com o projeto de grande import\u00e2ncia social.<\/p>\n","protected":false},"excerpt":{"rendered":"<p>A Casa Padre Pio ser\u00e1 mantida pela solidariedade de empres\u00e1rios, fi\u00e9is que por meio de&#8230;<\/p>\n","protected":false},"author":1,"featured_media":12401,"comment_status":"open","ping_status":"open","sticky":false,"template":"","format":"standard","meta":{"_jetpack_memberships_contains_paid_content":false,"footnotes":"","jetpack_publicize_message":"","jetpack_publicize_feature_enabled":true,"jetpack_social_post_already_shared":true,"jetpack_social_options":{"image_generator_settings":{"template":"highway","default_image_id":0,"font":"","enabled":false},"version":2}},"categories":[1],"tags":[],"class_list":["post-12400","post","type-post","status-publish","format-standard","has-post-thumbnail","hentry","category-atualidade"],"jetpack_publicize_connections":[],"jetpack_featured_media_url":"https:\/\/correiodasemana.com\/site\/wp-content\/uploads\/2020\/08\/unnamed.jpg","jetpack-related-posts":[{"id":12373,"url":"https:\/\/correiodasemana.com\/site\/fazenda-da-esperanca-monta-espaco-para-acolher-dependentes-quimicos-em-situacao-de-rua\/","url_meta":{"origin":12400,"position":0},"title":"Fazenda da Esperan\u00e7a monta espa\u00e7o para acolher dependentes qu\u00edmicos em situa\u00e7\u00e3o de rua","author":"","date":"Julho 30, 2020","format":false,"excerpt":"A Coordena\u00e7\u00e3o da Fazenda da Esperan\u00e7a S\u00e3o Bento em Sobral, abra\u00e7a um novo projeto de instala\u00e7\u00e3o da Casa Padre Pio na Serra da Meruoca, com a miss\u00e3o de acolher pessoas com necessidades decorrentes das depend\u00eancias qu\u00edmicas em \u00e1lcool e outras drogas com extrema vulnerabilidade social que esteja em situa\u00e7\u00e3o de\u2026","rel":"","context":"In &quot;Atualidade&quot;","block_context":{"text":"Atualidade","link":"https:\/\/correiodasemana.com\/site\/category\/atualidade\/"},"img":{"alt_text":"","src":"https:\/\/i0.wp.com\/correiodasemana.com\/site\/wp-content\/uploads\/2020\/07\/fazenda-da-esperan%C3%A7a-s%C3%A3o-bento2.jpg?resize=350%2C200&ssl=1","width":350,"height":200,"srcset":"https:\/\/i0.wp.com\/correiodasemana.com\/site\/wp-content\/uploads\/2020\/07\/fazenda-da-esperan%C3%A7a-s%C3%A3o-bento2.jpg?resize=350%2C200&ssl=1 1x, https:\/\/i0.wp.com\/correiodasemana.com\/site\/wp-content\/uploads\/2020\/07\/fazenda-da-esperan%C3%A7a-s%C3%A3o-bento2.jpg?resize=525%2C300&ssl=1 1.5x, https:\/\/i0.wp.com\/correiodasemana.com\/site\/wp-content\/uploads\/2020\/07\/fazenda-da-esperan%C3%A7a-s%C3%A3o-bento2.jpg?resize=700%2C400&ssl=1 2x, https:\/\/i0.wp.com\/correiodasemana.com\/site\/wp-content\/uploads\/2020\/07\/fazenda-da-esperan%C3%A7a-s%C3%A3o-bento2.jpg?resize=1050%2C600&ssl=1 3x"},"classes":[]},{"id":13770,"url":"https:\/\/correiodasemana.com\/site\/dia-de-sao-padre-pio-e-celebrado-na-fazenda-da-esperanca-com-missa-na-nova-casa-de-acolhida\/","url_meta":{"origin":12400,"position":1},"title":"Dia de S\u00e3o Padre Pio \u00e9 celebrado na Fazenda da Esperan\u00e7a com missa na nova Casa de Acolhida","author":"","date":"Setembro 29, 2020","format":false,"excerpt":"No \u00faltimo dia 23 de setembro, data da Festa Lit\u00fargica de S\u00e3o Padre Pio de Pietrelcina, a Fazenda da Esperan\u00e7a S\u00e3o Bento celebrou os feitos de Deus pela intercess\u00e3o desse santo, que tamb\u00e9m \u00e9 patrono da Casa de Acolhida S\u00e3o Padre Pio, novo espa\u00e7o administrado pela entidade na Serra da\u2026","rel":"","context":"In &quot;Diocese&quot;","block_context":{"text":"Diocese","link":"https:\/\/correiodasemana.com\/site\/category\/diocese\/"},"img":{"alt_text":"","src":"https:\/\/i0.wp.com\/correiodasemana.com\/site\/wp-content\/uploads\/2020\/09\/Foto-1_1.jpg?resize=350%2C200&ssl=1","width":350,"height":200,"srcset":"https:\/\/i0.wp.com\/correiodasemana.com\/site\/wp-content\/uploads\/2020\/09\/Foto-1_1.jpg?resize=350%2C200&ssl=1 1x, https:\/\/i0.wp.com\/correiodasemana.com\/site\/wp-content\/uploads\/2020\/09\/Foto-1_1.jpg?resize=525%2C300&ssl=1 1.5x, https:\/\/i0.wp.com\/correiodasemana.com\/site\/wp-content\/uploads\/2020\/09\/Foto-1_1.jpg?resize=700%2C400&ssl=1 2x, https:\/\/i0.wp.com\/correiodasemana.com\/site\/wp-content\/uploads\/2020\/09\/Foto-1_1.jpg?resize=1050%2C600&ssl=1 3x"},"classes":[]},{"id":11957,"url":"https:\/\/correiodasemana.com\/site\/dom-vasconcelos-celebra-missa-em-honra-a-sao-bento-na-fazenda-da-esperanca\/","url_meta":{"origin":12400,"position":2},"title":"Dom Vasconcelos celebra missa em honra a S\u00e3o Bento na Fazenda da Esperan\u00e7a","author":"","date":"Julho 19, 2020","format":false,"excerpt":"Celebra\u00e7\u00e3o eucar\u00edstica tamb\u00e9m marcou o anivers\u00e1rio de cinco anos de inaugura\u00e7\u00e3o do Santu\u00e1rio da Esperan\u00e7a O bispo da Diocese de Sobral, Dom Vasconcelos, esteve na Fazenda da Esperan\u00e7a S\u00e3o Bento no \u00faltimo dia 11 de julho, ocasi\u00e3o em que celebrou a missa em honra a S\u00e3o Bento, santo padroeiro da\u2026","rel":"","context":"In &quot;Atualidade&quot;","block_context":{"text":"Atualidade","link":"https:\/\/correiodasemana.com\/site\/category\/atualidade\/"},"img":{"alt_text":"","src":"https:\/\/i0.wp.com\/correiodasemana.com\/site\/wp-content\/uploads\/2020\/07\/dom-11-07-2020-5.jpg?resize=350%2C200&ssl=1","width":350,"height":200,"srcset":"https:\/\/i0.wp.com\/correiodasemana.com\/site\/wp-content\/uploads\/2020\/07\/dom-11-07-2020-5.jpg?resize=350%2C200&ssl=1 1x, https:\/\/i0.wp.com\/correiodasemana.com\/site\/wp-content\/uploads\/2020\/07\/dom-11-07-2020-5.jpg?resize=525%2C300&ssl=1 1.5x, https:\/\/i0.wp.com\/correiodasemana.com\/site\/wp-content\/uploads\/2020\/07\/dom-11-07-2020-5.jpg?resize=700%2C400&ssl=1 2x"},"classes":[]},{"id":11483,"url":"https:\/\/correiodasemana.com\/site\/fazenda-da-esperanca-realiza-acao-para-acolher-moradores-de-rua-e-pede-doacoes\/","url_meta":{"origin":12400,"position":3},"title":"Fazenda da Esperan\u00e7a realiza a\u00e7\u00e3o para acolher moradores de rua e pede doa\u00e7\u00f5es","author":"","date":"Maio 30, 2020","format":false,"excerpt":"Com o desejo de ser uma resposta concreta a pessoas que n\u00e3o t\u00eam moradia, em meio \u00e0 pandemia causada pelo novo coronav\u00edrus, a Fazenda da Esperan\u00e7a, comunidade terap\u00eautica que atua na recupera\u00e7\u00e3o de dependentes qu\u00edmicos, iniciou uma grande campanha de acolhida a moradores de rua. Em Sobral, a Fazenda da\u2026","rel":"","context":"In &quot;Atualidade&quot;","block_context":{"text":"Atualidade","link":"https:\/\/correiodasemana.com\/site\/category\/atualidade\/"},"img":{"alt_text":"","src":"https:\/\/i0.wp.com\/correiodasemana.com\/site\/wp-content\/uploads\/2020\/05\/fazenda-da-esperan%C3%A7a-1.jpg?resize=350%2C200&ssl=1","width":350,"height":200,"srcset":"https:\/\/i0.wp.com\/correiodasemana.com\/site\/wp-content\/uploads\/2020\/05\/fazenda-da-esperan%C3%A7a-1.jpg?resize=350%2C200&ssl=1 1x, https:\/\/i0.wp.com\/correiodasemana.com\/site\/wp-content\/uploads\/2020\/05\/fazenda-da-esperan%C3%A7a-1.jpg?resize=525%2C300&ssl=1 1.5x, https:\/\/i0.wp.com\/correiodasemana.com\/site\/wp-content\/uploads\/2020\/05\/fazenda-da-esperan%C3%A7a-1.jpg?resize=700%2C400&ssl=1 2x, https:\/\/i0.wp.com\/correiodasemana.com\/site\/wp-content\/uploads\/2020\/05\/fazenda-da-esperan%C3%A7a-1.jpg?resize=1050%2C600&ssl=1 3x"},"classes":[]},{"id":30836,"url":"https:\/\/correiodasemana.com\/site\/fazenda-da-esperanca-celebra-o-dia-de-sao-padre-pio\/","url_meta":{"origin":12400,"position":4},"title":"Fazenda da Esperan\u00e7a celebra o dia de S\u00e3o Padre Pio","author":"adminredacao","date":"Outubro 2, 2024","format":false,"excerpt":"A Fazenda da Esperan\u00e7a glorificou no dia 23 de setembro a festa lit\u00fargica de S\u00e3o Padre Pio que \u00e9 padroeiro da \u201cComunidade Olhar Misericordioso\u201d acreditando que o sacerdote \u00e9 um dom do Cora\u00e7\u00e3o de Jesus e n\u2019Ele tem a origem da sua voca\u00e7\u00e3o. Na casa Padre Pio da Fazenda da\u2026","rel":"","context":"In &quot;Atualidade&quot;","block_context":{"text":"Atualidade","link":"https:\/\/correiodasemana.com\/site\/category\/atualidade\/"},"img":{"alt_text":"","src":"https:\/\/i0.wp.com\/correiodasemana.com\/site\/wp-content\/uploads\/2024\/10\/Pe-Pio5.jpeg?resize=350%2C200&ssl=1","width":350,"height":200,"srcset":"https:\/\/i0.wp.com\/correiodasemana.com\/site\/wp-content\/uploads\/2024\/10\/Pe-Pio5.jpeg?resize=350%2C200&ssl=1 1x, https:\/\/i0.wp.com\/correiodasemana.com\/site\/wp-content\/uploads\/2024\/10\/Pe-Pio5.jpeg?resize=525%2C300&ssl=1 1.5x, https:\/\/i0.wp.com\/correiodasemana.com\/site\/wp-content\/uploads\/2024\/10\/Pe-Pio5.jpeg?resize=700%2C400&ssl=1 2x, https:\/\/i0.wp.com\/correiodasemana.com\/site\/wp-content\/uploads\/2024\/10\/Pe-Pio5.jpeg?resize=1050%2C600&ssl=1 3x, https:\/\/i0.wp.com\/correiodasemana.com\/site\/wp-content\/uploads\/2024\/10\/Pe-Pio5.jpeg?resize=1400%2C800&ssl=1 4x"},"classes":[]},{"id":20471,"url":"https:\/\/correiodasemana.com\/site\/dom-fernando-saburido-preside-santa-missa-na-fazenda-da-esperanca\/","url_meta":{"origin":12400,"position":5},"title":"Dom Fernando Saburido preside  Santa Missa na Fazenda da Esperan\u00e7a","author":"","date":"Julho 17, 2022","format":false,"excerpt":"No dia 11 de julho, a Fazenda da Esperan\u00e7a S\u00e3o Bento, comunidade terap\u00eautica que trabalha na recupera\u00e7\u00e3o de dependentes qu\u00edmicos, acolheu o seu fundador Dom Fernando Saburido, Arcebispo de Olinda e Recife. Muita festa para dom Fernando, quando ao chegar foi aplaudido por todos que lotaram a capela. A unidade\u2026","rel":"","context":"In &quot;Atualidade&quot;","block_context":{"text":"Atualidade","link":"https:\/\/correiodasemana.com\/site\/category\/atualidade\/"},"img":{"alt_text":"","src":"https:\/\/i0.wp.com\/correiodasemana.com\/site\/wp-content\/uploads\/2022\/07\/fazenda-da-esperanca.jpg?resize=350%2C200&ssl=1","width":350,"height":200,"srcset":"https:\/\/i0.wp.com\/correiodasemana.com\/site\/wp-content\/uploads\/2022\/07\/fazenda-da-esperanca.jpg?resize=350%2C200&ssl=1 1x, https:\/\/i0.wp.com\/correiodasemana.com\/site\/wp-content\/uploads\/2022\/07\/fazenda-da-esperanca.jpg?resize=525%2C300&ssl=1 1.5x, https:\/\/i0.wp.com\/correiodasemana.com\/site\/wp-content\/uploads\/2022\/07\/fazenda-da-esperanca.jpg?resize=700%2C400&ssl=1 2x, https:\/\/i0.wp.com\/correiodasemana.com\/site\/wp-content\/uploads\/2022\/07\/fazenda-da-esperanca.jpg?resize=1050%2C600&ssl=1 3x"},"classes":[]}],"jetpack_sharing_enabled":true,"_links":{"self":[{"href":"https:\/\/correiodasemana.com\/site\/wp-json\/wp\/v2\/posts\/12400","targetHints":{"allow":["GET"]}}],"collection":[{"href":"https:\/\/correiodasemana.com\/site\/wp-json\/wp\/v2\/posts"}],"about":[{"href":"https:\/\/correiodasemana.com\/site\/wp-json\/wp\/v2\/types\/post"}],"author":[{"embeddable":true,"href":"https:\/\/correiodasemana.com\/site\/wp-json\/wp\/v2\/users\/1"}],"replies":[{"embeddable":true,"href":"https:\/\/correiodasemana.com\/site\/wp-json\/wp\/v2\/comments?post=12400"}],"version-history":[{"count":1,"href":"https:\/\/correiodasemana.com\/site\/wp-json\/wp\/v2\/posts\/12400\/revisions"}],"predecessor-version":[{"id":12402,"href":"https:\/\/correiodasemana.com\/site\/wp-json\/wp\/v2\/posts\/12400\/revisions\/12402"}],"wp:featuredmedia":[{"embeddable":true,"href":"https:\/\/correiodasemana.com\/site\/wp-json\/wp\/v2\/media\/12401"}],"wp:attachment":[{"href":"https:\/\/correiodasemana.com\/site\/wp-json\/wp\/v2\/media?parent=12400"}],"wp:term":[{"taxonomy":"category","embeddable":true,"href":"https:\/\/correiodasemana.com\/site\/wp-json\/wp\/v2\/categories?post=12400"},{"taxonomy":"post_tag","embeddable":true,"href":"https:\/\/correiodasemana.com\/site\/wp-json\/wp\/v2\/tags?post=12400"}],"curies":[{"name":"wp","href":"https:\/\/api.w.org\/{rel}","templated":true}]}}