{"id":12405,"date":"2020-08-02T22:46:05","date_gmt":"2020-08-02T22:46:05","guid":{"rendered":"https:\/\/correiodasemana.com\/site\/?p=12405"},"modified":"2020-08-02T22:46:05","modified_gmt":"2020-08-02T22:46:05","slug":"santa-casa-de-misericordia-de-sobral-recebe-doacao-de-protetores-faciais-de-parceria-entre-ifce-e-sindicato-dos-engenheiros-do-ceara","status":"publish","type":"post","link":"https:\/\/correiodasemana.com\/site\/santa-casa-de-misericordia-de-sobral-recebe-doacao-de-protetores-faciais-de-parceria-entre-ifce-e-sindicato-dos-engenheiros-do-ceara\/","title":{"rendered":"Santa Casa de Miseric\u00f3rdia de Sobral recebe doa\u00e7\u00e3o de protetores faciais de parceria entre IFCE e Sindicato dos Engenheiros do Cear\u00e1"},"content":{"rendered":"<p>O equipamento de prote\u00e7\u00e3o \u00e9 indicado no combate ao novo coronav\u00edrus como complemento \u00e0s m\u00e1scaras do tipo N95.<\/p>\n<p>Assessoria de Comunica\u00e7\u00e3o do Complexo SCMS<br \/>\nDesde o in\u00edcio da pandemia da Covid-19, o Complexo Santa Casa de Miseric\u00f3rdia de Sobral vem recebendo doa\u00e7\u00f5es de Equipamentos de Prote\u00e7\u00e3o Individual (EPIs), itens essenciais para a seguran\u00e7a dos profissionais que atuam na linha de frente das unidades. Na quarta-feira (22\/07), uma parceria entre o Sindicato dos Engenheiros no Estado do Cear\u00e1 (Senge-CE) e o Instituto Federal de Educa\u00e7\u00e3o, Ci\u00eancia e Tecnologia do Cear\u00e1 (IFCE) beneficiou a instirui\u00e7\u00e3o com protetores faciais (FaceShields).<br \/>\nO material, classificado como um EPI, \u00e9 indicado no combate ao novo coronav\u00edrus como complemento \u00e0s m\u00e1scaras do tipo N95. As pe\u00e7as protegem a regi\u00e3o dos olhos e, assim, diminuem o risco de cont\u00e1gio. Os equipamentos seguem as recomenda\u00e7\u00f5es da Ag\u00eancia Nacional de Vigil\u00e2ncia Sanit\u00e1ria (Anvisa). Desde o fim de mar\u00e7o, o campus de Sobral do IFCE vem produzindo as m\u00e1scaras de acetato a partir de uma central de impress\u00f5es 3D montada no campus com a parceria de outras institui\u00e7\u00f5es e de empresas.<br \/>\nA entrega dos equipamentos foi realizada pelo professor do Eixo de Controle e Processos Industriais, Rafael Vitor e Silva e pelo representante do Senge, Fl\u00e1vio Ximenes. O coordenador m\u00e9dico da UTI Covid e do servi\u00e7o de Emerg\u00eancia da Santa Casa, Dr. Mauro Rios, e o coordenador de enfermagem do servi\u00e7o de Emerg\u00eancia, Hobber Kildare, tamb\u00e9m participaram do momento.<br \/>\n\u201cEnquanto Institui\u00e7\u00e3o de Ensino, temos que quebrar esses muros que existem e esse \u00e9 o momento de fazer essa integra\u00e7\u00e3o e contribuir com a sociedade\u201d, disse o professor Rafael Vitor.<\/p>\n","protected":false},"excerpt":{"rendered":"<p>O equipamento de prote\u00e7\u00e3o \u00e9 indicado no combate ao novo coronav\u00edrus como complemento \u00e0s m\u00e1scaras&#8230;<\/p>\n","protected":false},"author":1,"featured_media":12406,"comment_status":"open","ping_status":"open","sticky":false,"template":"","format":"standard","meta":{"_jetpack_memberships_contains_paid_content":false,"footnotes":"","jetpack_publicize_message":"","jetpack_publicize_feature_enabled":true,"jetpack_social_post_already_shared":true,"jetpack_social_options":{"image_generator_settings":{"template":"highway","default_image_id":0,"font":"","enabled":false},"version":2}},"categories":[1],"tags":[],"class_list":["post-12405","post","type-post","status-publish","format-standard","has-post-thumbnail","hentry","category-atualidade"],"jetpack_publicize_connections":[],"jetpack_featured_media_url":"https:\/\/correiodasemana.com\/site\/wp-content\/uploads\/2020\/08\/IFCE-1-scaled.jpg","jetpack-related-posts":[{"id":14662,"url":"https:\/\/correiodasemana.com\/site\/solidariedade-santa-casa-de-misericordia-de-sobral-recebe-doacao-de-72-mil-mascaras-da-empresa-grendene\/","url_meta":{"origin":12405,"position":0},"title":"Solidariedade \u2022 Santa Casa de Miseric\u00f3rdia de Sobral recebe doa\u00e7\u00e3o de 72 mil m\u00e1scaras da empresa Grendene","author":"","date":"Novembro 23, 2020","format":false,"excerpt":"Somente a Grendene j\u00e1 destinou um total de 208.660 EPIs como jalecos, gorros, prop\u00e9s, protetores faciais e m\u00e1scaras descart\u00e1veis \u00e0 institui\u00e7\u00e3o. Ascom Complexo SCMS Desde o in\u00edcio da pandemia de Covid-19 em mar\u00e7o, com a escassez de Equipamentos de Prote\u00e7\u00e3o Individual (EPIs) no mercado, al\u00e9m de seus altos pre\u00e7os, a\u2026","rel":"","context":"In &quot;Atualidade&quot;","block_context":{"text":"Atualidade","link":"https:\/\/correiodasemana.com\/site\/category\/atualidade\/"},"img":{"alt_text":"","src":"https:\/\/i0.wp.com\/correiodasemana.com\/site\/wp-content\/uploads\/2020\/11\/Doacoes-Grendene-1.jpg?resize=350%2C200&ssl=1","width":350,"height":200,"srcset":"https:\/\/i0.wp.com\/correiodasemana.com\/site\/wp-content\/uploads\/2020\/11\/Doacoes-Grendene-1.jpg?resize=350%2C200&ssl=1 1x, https:\/\/i0.wp.com\/correiodasemana.com\/site\/wp-content\/uploads\/2020\/11\/Doacoes-Grendene-1.jpg?resize=525%2C300&ssl=1 1.5x, https:\/\/i0.wp.com\/correiodasemana.com\/site\/wp-content\/uploads\/2020\/11\/Doacoes-Grendene-1.jpg?resize=700%2C400&ssl=1 2x"},"classes":[]},{"id":16345,"url":"https:\/\/correiodasemana.com\/site\/santa-casa-de-misericordia-de-sobral-recebe-doacao-de-10-mil-mascaras-da-empresa-grendene\/","url_meta":{"origin":12405,"position":1},"title":"Santa Casa de Miseric\u00f3rdia de Sobral recebe doa\u00e7\u00e3o de 10 mil m\u00e1scaras da empresa Grendene","author":"","date":"Maio 3, 2021","format":false,"excerpt":"A empresa j\u00e1 destinou \u00e0 Santa Casa mais de 200 mil EPIs\u00a0\u00a0 Ascom Complexo SCMS A Santa Casa de Miseric\u00f3rdia de Sobral recebeu, na quinta-feira (22\/04), doa\u00e7\u00e3o de 10 mil m\u00e1scaras da empresa Grendene. Desde o in\u00edcio da pandemia de Covid-19 em mar\u00e7o de 2020, com a escassez de Equipamentos\u2026","rel":"","context":"In &quot;Atualidade&quot;","block_context":{"text":"Atualidade","link":"https:\/\/correiodasemana.com\/site\/category\/atualidade\/"},"img":{"alt_text":"","src":"https:\/\/i0.wp.com\/correiodasemana.com\/site\/wp-content\/uploads\/2021\/05\/IMG_6889.jpg?resize=350%2C200&ssl=1","width":350,"height":200,"srcset":"https:\/\/i0.wp.com\/correiodasemana.com\/site\/wp-content\/uploads\/2021\/05\/IMG_6889.jpg?resize=350%2C200&ssl=1 1x, https:\/\/i0.wp.com\/correiodasemana.com\/site\/wp-content\/uploads\/2021\/05\/IMG_6889.jpg?resize=525%2C300&ssl=1 1.5x"},"classes":[]},{"id":11775,"url":"https:\/\/correiodasemana.com\/site\/santa-casa-de-misericordia-de-sobral-recebe-doacao-de-protetores-faciais-da-empresa-baterias-moura\/","url_meta":{"origin":12405,"position":2},"title":"Santa Casa de Miseric\u00f3rdia de Sobral recebe doa\u00e7\u00e3o de protetores faciais da empresa Baterias Moura","author":"","date":"Julho 13, 2020","format":false,"excerpt":"SA\u00daDE Proporcionando maior seguran\u00e7a aos profissionais que atuam na linha de frente no combate \u00e0 Covid-19 na Santa Casa de Miseric\u00f3rdia de Sobral (SCMS), a institui\u00e7\u00e3o recebeu nesta quinta-feira (09\/07) a doa\u00e7\u00e3o de protetores faciais realizada pela empresa Baterias Moura. De acordo com a gerente comercial da Baterias Moura Distribuidora\u2026","rel":"","context":"In &quot;Atualidade&quot;","block_context":{"text":"Atualidade","link":"https:\/\/correiodasemana.com\/site\/category\/atualidade\/"},"img":{"alt_text":"","src":"https:\/\/i0.wp.com\/correiodasemana.com\/site\/wp-content\/uploads\/2020\/07\/Doa%C3%A7%C3%B5es.jpg?resize=350%2C200&ssl=1","width":350,"height":200,"srcset":"https:\/\/i0.wp.com\/correiodasemana.com\/site\/wp-content\/uploads\/2020\/07\/Doa%C3%A7%C3%B5es.jpg?resize=350%2C200&ssl=1 1x, https:\/\/i0.wp.com\/correiodasemana.com\/site\/wp-content\/uploads\/2020\/07\/Doa%C3%A7%C3%B5es.jpg?resize=525%2C300&ssl=1 1.5x, https:\/\/i0.wp.com\/correiodasemana.com\/site\/wp-content\/uploads\/2020\/07\/Doa%C3%A7%C3%B5es.jpg?resize=700%2C400&ssl=1 2x"},"classes":[]},{"id":14031,"url":"https:\/\/correiodasemana.com\/site\/hospital-regional-norte-supera-1200-altas-por-covid-19-em-seis-meses-de-combate-a-pandemia\/","url_meta":{"origin":12405,"position":3},"title":"Hospital Regional Norte supera 1200 altas por COVID-19 em seis meses de combate \u00e0 pandemia","author":"","date":"Outubro 13, 2020","format":false,"excerpt":"Por Joc\u00e9lio Tavares. Com informa\u00e7\u00f5es de Teresa Fernandes O Hospital Regional Norte (HRN), do Governo do Cear\u00e1, administrado pelo Instituto de Sa\u00fade e Gest\u00e3o Hospitalar (ISGH), \u00e9 refer\u00eancia no atendimento a casos de m\u00e9dia e alta complexidade da Covid-19 na Regi\u00e3o Norte do Cear\u00e1. Completando seis meses do primeiro caso\u2026","rel":"","context":"In &quot;Atualidade&quot;","block_context":{"text":"Atualidade","link":"https:\/\/correiodasemana.com\/site\/category\/atualidade\/"},"img":{"alt_text":"","src":"https:\/\/i0.wp.com\/correiodasemana.com\/site\/wp-content\/uploads\/2020\/10\/IMG-20201007-WA0019.png?resize=350%2C200&ssl=1","width":350,"height":200,"srcset":"https:\/\/i0.wp.com\/correiodasemana.com\/site\/wp-content\/uploads\/2020\/10\/IMG-20201007-WA0019.png?resize=350%2C200&ssl=1 1x, https:\/\/i0.wp.com\/correiodasemana.com\/site\/wp-content\/uploads\/2020\/10\/IMG-20201007-WA0019.png?resize=525%2C300&ssl=1 1.5x, https:\/\/i0.wp.com\/correiodasemana.com\/site\/wp-content\/uploads\/2020\/10\/IMG-20201007-WA0019.png?resize=700%2C400&ssl=1 2x, https:\/\/i0.wp.com\/correiodasemana.com\/site\/wp-content\/uploads\/2020\/10\/IMG-20201007-WA0019.png?resize=1050%2C600&ssl=1 3x"},"classes":[]},{"id":17068,"url":"https:\/\/correiodasemana.com\/site\/diretor-da-santa-casa-de-misericordia-de-sobral-visita-a-empresa-grendene-e-agradece-a-parceria\/","url_meta":{"origin":12405,"position":4},"title":"Diretor da Santa Casa de Miseric\u00f3rdia de Sobral visita a empresa Grendene e agradece a parceria","author":"","date":"Julho 27, 2021","format":false,"excerpt":"Hospital j\u00e1 recebeu mais de 300 mil EPIs da Grendene desde o in\u00edcio da pandemia da Covid-19 Sendo uma das empresas parceiras da Santa Casa de Miseric\u00f3rdia de Sobral, a Grendene refor\u00e7ou ainda mais sua responsabilidade social diante da pandemia da Covid-19. No ano de 2020, enquanto a situa\u00e7\u00e3o do\u2026","rel":"","context":"In &quot;Santa Casa&quot;","block_context":{"text":"Santa Casa","link":"https:\/\/correiodasemana.com\/site\/category\/santa-casa\/"},"img":{"alt_text":"","src":"https:\/\/i0.wp.com\/correiodasemana.com\/site\/wp-content\/uploads\/2021\/07\/diretor-sta-casa-na-grendene-2.jpg?resize=350%2C200&ssl=1","width":350,"height":200,"srcset":"https:\/\/i0.wp.com\/correiodasemana.com\/site\/wp-content\/uploads\/2021\/07\/diretor-sta-casa-na-grendene-2.jpg?resize=350%2C200&ssl=1 1x, https:\/\/i0.wp.com\/correiodasemana.com\/site\/wp-content\/uploads\/2021\/07\/diretor-sta-casa-na-grendene-2.jpg?resize=525%2C300&ssl=1 1.5x, https:\/\/i0.wp.com\/correiodasemana.com\/site\/wp-content\/uploads\/2021\/07\/diretor-sta-casa-na-grendene-2.jpg?resize=700%2C400&ssl=1 2x, https:\/\/i0.wp.com\/correiodasemana.com\/site\/wp-content\/uploads\/2021\/07\/diretor-sta-casa-na-grendene-2.jpg?resize=1050%2C600&ssl=1 3x, https:\/\/i0.wp.com\/correiodasemana.com\/site\/wp-content\/uploads\/2021\/07\/diretor-sta-casa-na-grendene-2.jpg?resize=1400%2C800&ssl=1 4x"},"classes":[]},{"id":11286,"url":"https:\/\/correiodasemana.com\/site\/complexo-santa-casa-de-misericordia-de-sobral-adota-medidas-para-evitar-novo-coronavirus\/","url_meta":{"origin":12405,"position":5},"title":"Complexo Santa Casa de Miseric\u00f3rdia de Sobral adota medidas para evitar Novo Coronav\u00edrus","author":"","date":"Mar\u00e7o 24, 2020","format":false,"excerpt":"Al\u00e9m das medidas necess\u00e1rias diante do cen\u00e1rio de pandemia, o Complexo SCMS tamb\u00e9m desenvolveu seu fluxo de atendimento e condu\u00e7\u00e3o caso haja casos suspeitos ou confirmados da COVID-19. Assessoria de Comunica\u00e7\u00e3o do Complexo SCMS Sendo refer\u00eancia de sa\u00fade para Sobral e regi\u00e3o, a Santa Casa de Miseric\u00f3rdia de Sobral (SCMS),\u2026","rel":"","context":"In &quot;Atualidade&quot;","block_context":{"text":"Atualidade","link":"https:\/\/correiodasemana.com\/site\/category\/atualidade\/"},"img":{"alt_text":"","src":"https:\/\/i0.wp.com\/correiodasemana.com\/site\/wp-content\/uploads\/2020\/03\/Foto-1-2-scaled.jpg?resize=350%2C200&ssl=1","width":350,"height":200,"srcset":"https:\/\/i0.wp.com\/correiodasemana.com\/site\/wp-content\/uploads\/2020\/03\/Foto-1-2-scaled.jpg?resize=350%2C200&ssl=1 1x, https:\/\/i0.wp.com\/correiodasemana.com\/site\/wp-content\/uploads\/2020\/03\/Foto-1-2-scaled.jpg?resize=525%2C300&ssl=1 1.5x, https:\/\/i0.wp.com\/correiodasemana.com\/site\/wp-content\/uploads\/2020\/03\/Foto-1-2-scaled.jpg?resize=700%2C400&ssl=1 2x, https:\/\/i0.wp.com\/correiodasemana.com\/site\/wp-content\/uploads\/2020\/03\/Foto-1-2-scaled.jpg?resize=1050%2C600&ssl=1 3x, https:\/\/i0.wp.com\/correiodasemana.com\/site\/wp-content\/uploads\/2020\/03\/Foto-1-2-scaled.jpg?resize=1400%2C800&ssl=1 4x"},"classes":[]}],"jetpack_sharing_enabled":true,"_links":{"self":[{"href":"https:\/\/correiodasemana.com\/site\/wp-json\/wp\/v2\/posts\/12405","targetHints":{"allow":["GET"]}}],"collection":[{"href":"https:\/\/correiodasemana.com\/site\/wp-json\/wp\/v2\/posts"}],"about":[{"href":"https:\/\/correiodasemana.com\/site\/wp-json\/wp\/v2\/types\/post"}],"author":[{"embeddable":true,"href":"https:\/\/correiodasemana.com\/site\/wp-json\/wp\/v2\/users\/1"}],"replies":[{"embeddable":true,"href":"https:\/\/correiodasemana.com\/site\/wp-json\/wp\/v2\/comments?post=12405"}],"version-history":[{"count":1,"href":"https:\/\/correiodasemana.com\/site\/wp-json\/wp\/v2\/posts\/12405\/revisions"}],"predecessor-version":[{"id":12407,"href":"https:\/\/correiodasemana.com\/site\/wp-json\/wp\/v2\/posts\/12405\/revisions\/12407"}],"wp:featuredmedia":[{"embeddable":true,"href":"https:\/\/correiodasemana.com\/site\/wp-json\/wp\/v2\/media\/12406"}],"wp:attachment":[{"href":"https:\/\/correiodasemana.com\/site\/wp-json\/wp\/v2\/media?parent=12405"}],"wp:term":[{"taxonomy":"category","embeddable":true,"href":"https:\/\/correiodasemana.com\/site\/wp-json\/wp\/v2\/categories?post=12405"},{"taxonomy":"post_tag","embeddable":true,"href":"https:\/\/correiodasemana.com\/site\/wp-json\/wp\/v2\/tags?post=12405"}],"curies":[{"name":"wp","href":"https:\/\/api.w.org\/{rel}","templated":true}]}}