{"id":12420,"date":"2020-08-02T22:54:19","date_gmt":"2020-08-02T22:54:19","guid":{"rendered":"https:\/\/correiodasemana.com\/site\/?p=12420"},"modified":"2020-08-02T22:54:19","modified_gmt":"2020-08-02T22:54:19","slug":"em-tempo-42","status":"publish","type":"post","link":"https:\/\/correiodasemana.com\/site\/em-tempo-42\/","title":{"rendered":"Em Tempo"},"content":{"rendered":"<p>Uso da m\u00e1scara e o distanciamento social<br \/>\nGovernador\u00a0Camilo Santana utilizou as redes sociais para fazer um\u00a0apelo\u00a0para que a popula\u00e7\u00e3o continue a usar m\u00e1scara e a manter o distanciamento social. Caso a Covid-19 volte a avan\u00e7ar no Cear\u00e1, o\u00a0Plano de\u00a0Retomada da Economia\u00a0pode ser\u00a0interrompido, alertou.<br \/>\n\u201cA pandemia continua e n\u00e3o podemos relaxar nos cuidados. Temos visto aglomera\u00e7\u00f5es injustific\u00e1veis e casos de desrespeito ao uso de m\u00e1scara na capital e no interior. N\u00e3o voltamos \u00e0 normalidade\u201d, disse Camilo, enfatizando que \u201c\u00e9 fundamental que todos colaborem\u201d.<\/p>\n<p>Sobral realiza II Webpainel Ambiental<br \/>\nRealizado, no dia 30 de julho, o\u00a0segundo Webpainel Sobral Ambiental,\u00a0na programa\u00e7\u00e3o alusiva ao Dia Mundial do Meio Ambiente, iniciada no come\u00e7o de junho e que segue at\u00e9 agosto. O evento foi adaptado para o formato digital, com debate sobre sustentabilidade.<br \/>\nO encontro, iniciativa da Prefeitura, teve a participa\u00e7\u00e3o do l\u00edder ind\u00edgena\u00a0Ailton Krenak e da chef\u00a0Bela Gil, e de ambientalistas locais como\u00a0Bruno Ary e\u00a0Tiago Silva, diretores da Ag\u00eancia Municipal do Meio Ambiente (AMA). Toda a programa\u00e7\u00e3o foi gratuita.<\/p>\n<p>Anivers\u00e1rio de Amelinha com live solid\u00e1ria<\/p>\n<p><img fetchpriority=\"high\" decoding=\"async\" class=\"alignleft size-full wp-image-12421\" src=\"https:\/\/correiodasemana.com\/site\/wp-content\/uploads\/2020\/08\/Amelinha-scaled.jpg\" alt=\"\" width=\"2560\" height=\"1440\" srcset=\"https:\/\/correiodasemana.com\/site\/wp-content\/uploads\/2020\/08\/Amelinha-scaled.jpg 2560w, https:\/\/correiodasemana.com\/site\/wp-content\/uploads\/2020\/08\/Amelinha-300x169.jpg 300w, https:\/\/correiodasemana.com\/site\/wp-content\/uploads\/2020\/08\/Amelinha-1024x576.jpg 1024w, https:\/\/correiodasemana.com\/site\/wp-content\/uploads\/2020\/08\/Amelinha-768x432.jpg 768w, https:\/\/correiodasemana.com\/site\/wp-content\/uploads\/2020\/08\/Amelinha-1536x864.jpg 1536w, https:\/\/correiodasemana.com\/site\/wp-content\/uploads\/2020\/08\/Amelinha-2048x1152.jpg 2048w\" sizes=\"(max-width: 2560px) 100vw, 2560px\" \/><br \/>\nFoto \u2013 Divulga\u00e7\u00e3o<br \/>\nNo show de Amelinha, homenagem a Belchior, Luiz Gonzaga e Jo\u00e3o do Vale<br \/>\nUma das maiores int\u00e9rpretes da m\u00fasica popular brasileira, Amelinha comemorou seu anivers\u00e1rio de 70 anos de forma diferente. Na noite de 31 de julho, a cantora e compositora cearense fez show no canal do Sesc Cear\u00e1 no\u00a0Youtube, no projeto Sintonia do Bem<br \/>\nAl\u00e9m de celebrar a data especial, com diversidade de influ\u00eancias e ritmos, a live teve car\u00e1ter solid\u00e1rio com arrecada\u00e7\u00e3o de alimentos para a campanha Mesa Brasil. Um dos destaques foi o seu mais recente trabalho, \u201cAmelinha \u2013 De primeira grandeza, as can\u00e7\u00f5es de Belchior\u201d.<\/p>\n<p>Modelagem e M\u00e9todos Quantitativos<br \/>\nUniversidade Federal do Cear\u00e1 (UFC) inscreve, de 17 de agosto a 4 de setembro, para mestrado acad\u00eamico em Modelagem e M\u00e9todos Quantitativos, com oito vagas, em duas linhas de pesquisa:\u00a0Modelagem e An\u00e1lise Quantitativa\u00a0e\u00a0Intelig\u00eancia Computacional e Otimiza\u00e7\u00e3o.<br \/>\nInscri\u00e7\u00f5es por meio de formul\u00e1rio eletr\u00f4nico no endere\u00e7o https:\/\/si3.ufc.br\/sigaa. O p\u00fablico-alvo s\u00e3o alunos egressos de Cursos de Estat\u00edstica, Matem\u00e1tica Industrial, Matem\u00e1tica, Engenharias, F\u00edsica, Ci\u00eancia da Computa\u00e7\u00e3o, Ci\u00eancia e Tecnologia e outras \u00e1reas afins.<\/p>\n<p>Tablets\u00a0para estudantes de baixa renda<br \/>\nO IFCE, por meio de a\u00e7\u00e3o coordenada pela Reitoria, est\u00e1 adquirindo 4.500\u00a0tablets\u00a0com o objetivo de auxiliar estudantes de baixa renda da institui\u00e7\u00e3o que n\u00e3o disp\u00f5em de equipamento para acompanhar as aulas de forma remota, por conta da pandemia do Coronav\u00edrus.<br \/>\nOs tablets tamb\u00e9m ser\u00e3o utilizados quando retornarem as aulas presenciais. O processo de aquisi\u00e7\u00e3o j\u00e1 se encontra em fase de licita\u00e7\u00e3o. T\u00e3o logo esse procedimento seja conclu\u00eddo, ser\u00e3o realizadas as a\u00e7\u00f5es necess\u00e1rias para que os alunos sejam contemplados.<\/p>\n<p>Dica da Coluna<br \/>\nLeia o Blog do Edilson (www.blogdoedilson.com.br). Cultura, educa\u00e7\u00e3o, pol\u00edtica e utilidade p\u00fablica.&#8217;<\/p>\n","protected":false},"excerpt":{"rendered":"<p>Uso da m\u00e1scara e o distanciamento social Governador\u00a0Camilo Santana utilizou as redes sociais para fazer&#8230;<\/p>\n","protected":false},"author":1,"featured_media":10199,"comment_status":"open","ping_status":"open","sticky":false,"template":"","format":"standard","meta":{"_jetpack_memberships_contains_paid_content":false,"footnotes":"","jetpack_publicize_message":"","jetpack_publicize_feature_enabled":true,"jetpack_social_post_already_shared":true,"jetpack_social_options":{"image_generator_settings":{"template":"highway","default_image_id":0,"font":"","enabled":false},"version":2}},"categories":[11,36],"tags":[],"class_list":["post-12420","post","type-post","status-publish","format-standard","has-post-thumbnail","hentry","category-artigos","category-em-tempo"],"jetpack_publicize_connections":[],"jetpack_featured_media_url":"https:\/\/correiodasemana.com\/site\/wp-content\/uploads\/2019\/12\/FOTO-EDILSON-SILVA-2.jpg","jetpack-related-posts":[{"id":11741,"url":"https:\/\/correiodasemana.com\/site\/politica-em-evidencia-29\/","url_meta":{"origin":12420,"position":0},"title":"Pol\u00edtica em Evid\u00eancia","author":"","date":"Julho 12, 2020","format":false,"excerpt":"Com a pandemia do coronav\u00edrus a nossa coluna ficou ausente, mais aos poucos estamos voltando, e lamentando as mortes dos muitos amigos leitores ou n\u00e3o que n\u00e3o resistiram essa doen\u00e7a. Com todo os esfor\u00e7os do prefeito Ivo Gomes, governador Camilo Santana, e o trabalho da secretaria da Sa\u00fade, poucos escaparam\u2026","rel":"","context":"In &quot;Artigos&quot;","block_context":{"text":"Artigos","link":"https:\/\/correiodasemana.com\/site\/category\/artigos\/"},"img":{"alt_text":"","src":"","width":0,"height":0},"classes":[]},{"id":17454,"url":"https:\/\/correiodasemana.com\/site\/afericao-de-temperatura-deixa-de-ser-protocolo-obrigatorio-em-estabelecimentos-no-ceara\/","url_meta":{"origin":12420,"position":1},"title":"Aferi\u00e7\u00e3o de temperatura deixa de ser protocolo obrigat\u00f3rio em estabelecimentos no Cear\u00e1","author":"","date":"Setembro 12, 2021","format":false,"excerpt":"Por Samuel Carvalho - Reda\u00e7\u00e3o Correio Semana Segundo atualiza\u00e7\u00f5es das regras Secretaria da Sa\u00fade estadual (Sesa) dos protocolos de seguran\u00e7a nos estabelecimentos do estado do Cear\u00e1 a aferi\u00e7\u00e3o de temperatura das pessoas na entrada dos locais n\u00e3o \u00e9 mais obrigat\u00f3ria, que antes era v\u00e1lida apenas para bares e restaurantes. O\u2026","rel":"","context":"In &quot;Atualidade&quot;","block_context":{"text":"Atualidade","link":"https:\/\/correiodasemana.com\/site\/category\/atualidade\/"},"img":{"alt_text":"","src":"https:\/\/i0.wp.com\/correiodasemana.com\/site\/wp-content\/uploads\/2021\/09\/patient-having-his-temperature-checked-768x432-1.jpg?resize=350%2C200&ssl=1","width":350,"height":200,"srcset":"https:\/\/i0.wp.com\/correiodasemana.com\/site\/wp-content\/uploads\/2021\/09\/patient-having-his-temperature-checked-768x432-1.jpg?resize=350%2C200&ssl=1 1x, https:\/\/i0.wp.com\/correiodasemana.com\/site\/wp-content\/uploads\/2021\/09\/patient-having-his-temperature-checked-768x432-1.jpg?resize=525%2C300&ssl=1 1.5x, https:\/\/i0.wp.com\/correiodasemana.com\/site\/wp-content\/uploads\/2021\/09\/patient-having-his-temperature-checked-768x432-1.jpg?resize=700%2C400&ssl=1 2x"},"classes":[]},{"id":11787,"url":"https:\/\/correiodasemana.com\/site\/lei-estadual-determina-multa-para-quem-nao-usar-mascara-no-ceara\/","url_meta":{"origin":12420,"position":2},"title":"Lei estadual determina multa para quem n\u00e3o usar m\u00e1scara no Cear\u00e1","author":"","date":"Julho 13, 2020","format":false,"excerpt":"Desde o dia 11 de maio de 2020, a medida foi estendida para todas as pessoas que circularem nas ruas de Sobral, mesmo que estejam no interior de ve\u00edculos automotores. Ser\u00e1 considerada circula\u00e7\u00e3o a perman\u00eancia do cidad\u00e3o em todo e qualquer ambiente que n\u00e3o seja sua resid\u00eancia oficial. A lei\u00a0N\u00ba\u2026","rel":"","context":"In &quot;Atualidade&quot;","block_context":{"text":"Atualidade","link":"https:\/\/correiodasemana.com\/site\/category\/atualidade\/"},"img":{"alt_text":"","src":"https:\/\/i0.wp.com\/correiodasemana.com\/site\/wp-content\/uploads\/2020\/07\/106088497_1340560659483176_2222295279908822734_n.jpg?resize=350%2C200&ssl=1","width":350,"height":200,"srcset":"https:\/\/i0.wp.com\/correiodasemana.com\/site\/wp-content\/uploads\/2020\/07\/106088497_1340560659483176_2222295279908822734_n.jpg?resize=350%2C200&ssl=1 1x, https:\/\/i0.wp.com\/correiodasemana.com\/site\/wp-content\/uploads\/2020\/07\/106088497_1340560659483176_2222295279908822734_n.jpg?resize=525%2C300&ssl=1 1.5x, https:\/\/i0.wp.com\/correiodasemana.com\/site\/wp-content\/uploads\/2020\/07\/106088497_1340560659483176_2222295279908822734_n.jpg?resize=700%2C400&ssl=1 2x"},"classes":[]},{"id":12842,"url":"https:\/\/correiodasemana.com\/site\/enel-realiza-agendamento-do-atendimento-em-sobral\/","url_meta":{"origin":12420,"position":3},"title":"Enel realiza agendamento do atendimento em Sobral","author":"","date":"Agosto 17, 2020","format":false,"excerpt":"O cliente pode escolher data, hor\u00e1rio e endere\u00e7o em que deseja atendimento para qualquer servi\u00e7o. A Enel Distribui\u00e7\u00e3o Cear\u00e1 informa retomou o atendimento presencial no munic\u00edpio de Sobral e est\u00e1 realizando o agendamento por meio do site www.enel.com.br ou nas pr\u00f3prias lojas. O cliente pode escolher data, hor\u00e1rio e endere\u00e7o\u2026","rel":"","context":"In &quot;Atualidade&quot;","block_context":{"text":"Atualidade","link":"https:\/\/correiodasemana.com\/site\/category\/atualidade\/"},"img":{"alt_text":"","src":"https:\/\/i0.wp.com\/correiodasemana.com\/site\/wp-content\/uploads\/2020\/08\/Image-0-Artigo-2358633-1.jpg?resize=350%2C200&ssl=1","width":350,"height":200,"srcset":"https:\/\/i0.wp.com\/correiodasemana.com\/site\/wp-content\/uploads\/2020\/08\/Image-0-Artigo-2358633-1.jpg?resize=350%2C200&ssl=1 1x, https:\/\/i0.wp.com\/correiodasemana.com\/site\/wp-content\/uploads\/2020\/08\/Image-0-Artigo-2358633-1.jpg?resize=525%2C300&ssl=1 1.5x"},"classes":[]},{"id":14474,"url":"https:\/\/correiodasemana.com\/site\/tse-exige-que-eleitor-use-mascara-para-votar\/","url_meta":{"origin":12420,"position":4},"title":"TSE exige que eleitor use m\u00e1scara para votar","author":"","date":"Novembro 11, 2020","format":false,"excerpt":"Esta \u00e9 a regra no mundo inteiro, diz presidente do tribunal O presidente do Tribunal Superior Eleitoral (TSE), ministro Lu\u00eds Roberto Barroso, reafirmou hoje (9) que os eleitores s\u00f3 poder\u00e3o\u00a0entrar nas se\u00e7\u00f5es eleitorais para votar se estiverem usando m\u00e1scaras. As elei\u00e7\u00f5es municipais ser\u00e3o realizadas no pr\u00f3ximo domingo (15) em todo\u2026","rel":"","context":"In &quot;Atualidade&quot;","block_context":{"text":"Atualidade","link":"https:\/\/correiodasemana.com\/site\/category\/atualidade\/"},"img":{"alt_text":"","src":"https:\/\/i0.wp.com\/correiodasemana.com\/site\/wp-content\/uploads\/2020\/11\/17_07_2020_covid_testes_exame-2.jpg?resize=350%2C200&ssl=1","width":350,"height":200,"srcset":"https:\/\/i0.wp.com\/correiodasemana.com\/site\/wp-content\/uploads\/2020\/11\/17_07_2020_covid_testes_exame-2.jpg?resize=350%2C200&ssl=1 1x, https:\/\/i0.wp.com\/correiodasemana.com\/site\/wp-content\/uploads\/2020\/11\/17_07_2020_covid_testes_exame-2.jpg?resize=525%2C300&ssl=1 1.5x, https:\/\/i0.wp.com\/correiodasemana.com\/site\/wp-content\/uploads\/2020\/11\/17_07_2020_covid_testes_exame-2.jpg?resize=700%2C400&ssl=1 2x, https:\/\/i0.wp.com\/correiodasemana.com\/site\/wp-content\/uploads\/2020\/11\/17_07_2020_covid_testes_exame-2.jpg?resize=1050%2C600&ssl=1 3x"},"classes":[]},{"id":25345,"url":"https:\/\/correiodasemana.com\/site\/saude-recomenda-uso-de-mascara-diante-de-sintomas-gripais\/","url_meta":{"origin":12420,"position":5},"title":"Sa\u00fade recomenda uso de m\u00e1scara diante de sintomas gripais","author":"adminredacao","date":"Junho 26, 2023","format":false,"excerpt":"Indica\u00e7\u00e3o tamb\u00e9m vale para quem tem fatores de risco para covid-19 Por Paula Laboissi\u00e8re - Rep\u00f3rter da Ag\u00eancia Brasil - Bras\u00edlia Nota t\u00e9cnica do Minist\u00e9rio da Sa\u00fade recomenda o uso de m\u00e1scaras de prote\u00e7\u00e3o facial para pessoas com sintomas gripais, pessoas que apresentem fatores de risco para covid-19 e casos\u2026","rel":"","context":"In &quot;Atualidade&quot;","block_context":{"text":"Atualidade","link":"https:\/\/correiodasemana.com\/site\/category\/atualidade\/"},"img":{"alt_text":"","src":"https:\/\/i0.wp.com\/correiodasemana.com\/site\/wp-content\/uploads\/2023\/06\/mascara.jpg?resize=350%2C200&ssl=1","width":350,"height":200,"srcset":"https:\/\/i0.wp.com\/correiodasemana.com\/site\/wp-content\/uploads\/2023\/06\/mascara.jpg?resize=350%2C200&ssl=1 1x, https:\/\/i0.wp.com\/correiodasemana.com\/site\/wp-content\/uploads\/2023\/06\/mascara.jpg?resize=525%2C300&ssl=1 1.5x, https:\/\/i0.wp.com\/correiodasemana.com\/site\/wp-content\/uploads\/2023\/06\/mascara.jpg?resize=700%2C400&ssl=1 2x, https:\/\/i0.wp.com\/correiodasemana.com\/site\/wp-content\/uploads\/2023\/06\/mascara.jpg?resize=1050%2C600&ssl=1 3x"},"classes":[]}],"jetpack_sharing_enabled":true,"_links":{"self":[{"href":"https:\/\/correiodasemana.com\/site\/wp-json\/wp\/v2\/posts\/12420","targetHints":{"allow":["GET"]}}],"collection":[{"href":"https:\/\/correiodasemana.com\/site\/wp-json\/wp\/v2\/posts"}],"about":[{"href":"https:\/\/correiodasemana.com\/site\/wp-json\/wp\/v2\/types\/post"}],"author":[{"embeddable":true,"href":"https:\/\/correiodasemana.com\/site\/wp-json\/wp\/v2\/users\/1"}],"replies":[{"embeddable":true,"href":"https:\/\/correiodasemana.com\/site\/wp-json\/wp\/v2\/comments?post=12420"}],"version-history":[{"count":1,"href":"https:\/\/correiodasemana.com\/site\/wp-json\/wp\/v2\/posts\/12420\/revisions"}],"predecessor-version":[{"id":12422,"href":"https:\/\/correiodasemana.com\/site\/wp-json\/wp\/v2\/posts\/12420\/revisions\/12422"}],"wp:featuredmedia":[{"embeddable":true,"href":"https:\/\/correiodasemana.com\/site\/wp-json\/wp\/v2\/media\/10199"}],"wp:attachment":[{"href":"https:\/\/correiodasemana.com\/site\/wp-json\/wp\/v2\/media?parent=12420"}],"wp:term":[{"taxonomy":"category","embeddable":true,"href":"https:\/\/correiodasemana.com\/site\/wp-json\/wp\/v2\/categories?post=12420"},{"taxonomy":"post_tag","embeddable":true,"href":"https:\/\/correiodasemana.com\/site\/wp-json\/wp\/v2\/tags?post=12420"}],"curies":[{"name":"wp","href":"https:\/\/api.w.org\/{rel}","templated":true}]}}