{"id":12423,"date":"2020-08-02T22:55:37","date_gmt":"2020-08-02T22:55:37","guid":{"rendered":"https:\/\/correiodasemana.com\/site\/?p=12423"},"modified":"2020-08-02T22:55:37","modified_gmt":"2020-08-02T22:55:37","slug":"e-a-festa-de-agosto","status":"publish","type":"post","link":"https:\/\/correiodasemana.com\/site\/e-a-festa-de-agosto\/","title":{"rendered":"E A FESTA DE AGOSTO?"},"content":{"rendered":"<p>Agosto chegou. Nasci e cresci na Par\u00f3quia de Guaraciaba do Norte que tem a celebra\u00e7\u00e3o de sua Padroeira, Nossa Senhora dos Prazeres, no per\u00edodo de 05 a 15 de agosto. As primeiras not\u00edcias que temos da festa \u00e9 que seu \u00e1pice se dava no dia 6 de janeiro, dia de Reis, uma das alegrias de Nossa Senhora. Depois da proclama\u00e7\u00e3o do Dogma da Assun\u00e7\u00e3o de Nossa Senhora, dada na festa de Todos os Santos de 1950, a festa passou a ser celebrada em agosto. E, muitas gera\u00e7\u00f5es de crist\u00e3os celebram suas padroeiras com t\u00edtulos de Nossa Senhora sem data fixa com festa em 15 de agosto. Numa cidade que nasceu no entorno da pequena capela dedicada \u00e0 sua Padroeira, esse se constitui o per\u00edodo mais importante da vida religiosa e social, pois, ap\u00f3s as celebra\u00e7\u00f5es t\u00eam sempre parque, barracas e mais atividades.<br \/>\nEm nossa Diocese de Sobral temos v\u00e1rias par\u00f3quias em celebra\u00e7\u00e3o no per\u00edodo de cinco a 15 de agosto. Inicialmente abordei minha par\u00f3quia natal. Embora em termos de Diocese me considere da Diocese de Sobral e por ser da nobre e pontif\u00edcia Ordem Equestre do Santo Sepulcro de Jerusal\u00e9m, ser um pouco da Arquidiocese de S\u00e3o Sebasti\u00e3o do Rio de Janeiro, meu cord\u00e3o umbilical me lembra a terra natal Guaraciaba do Norte. Sou paroquiano naquela cidade, assim como o seu em Sobral e em Fortaleza, onde sempre me senti parte do rebanho do saudoso Pe. Joaquim Cola\u00e7o Dourado, na Par\u00f3quia Nossa Senhora de Lourdes, localizada na rua que recentemente foi oficializada como Rua Padre Joaquim Cola\u00e7o Dourado, em honra do edificador daquele templo.<br \/>\nEm agosto, esteja onde estiver, programo alguns dias da \u201cfesta\u201d para estar com meus pais e meus conterr\u00e2neos na grande celebra\u00e7\u00e3o \u00e0 nossa Padroeira, devo\u00e7\u00e3o portuguesa que chegou ao Brasil junto com os descobridores e que em mim, se inseriu na alma desde a mais tenra inf\u00e2ncia. Foi com Nossa Senhora dos Prazeres que aprendi a confiar na m\u00e3e de Deus como minha m\u00e3e tamb\u00e9m e m\u00e3e de todos!<br \/>\nA primeira not\u00edcia que temos do festejo de Nossa Senhora dos Prazeres em Guaraciaba do Norte \u00e9 no ent\u00e3o povoado de Campo Grande, no dia 6 de janeiro de 1761, oportunidade que foi aben\u00e7oada a primeira capela dedicada \u00e0 padroeira. A partir da\u00ed se faz a contagem da festa. Este \u00e9 o 259\u00ba ano da devo\u00e7\u00e3o. O povo guaraciabense \u00e9 um povo de profunda religiosidade. Dos 132 anos de instala\u00e7\u00e3o da Par\u00f3quia, 54 fora a Par\u00f3quia dirigida pelo mesmo p\u00e1roco, santo no cora\u00e7\u00e3o dos que o conheceram, Mons. Antonino Cordeiro Soares, falecido em 1990.<br \/>\nAs celebra\u00e7\u00f5es deste ano, a cargo dos padres agostinianos recoletos, que t\u00e3o bem administram a Par\u00f3quia desde 1999, ser\u00e3o remotas. N\u00e3o \u00e9 a primeira vez que digo que este \u00e9 ano at\u00edpico e n\u00e3o teremos celebra\u00e7\u00f5es campais, barracas, parques, aglomera\u00e7\u00f5es, esta \u00faltima, palavra t\u00e3o temida nos \u00faltimos meses. Nosso P\u00e1roco, Frei Santiago Martinez, reuniu as lideran\u00e7as paroquiais para decidir sobre a situa\u00e7\u00e3o da festa e, prudentemente, se chegou \u00e0 conclus\u00e3o de que a festa ser\u00e1 realizada remota. Acompanharemos de nossos lares. Mas, no dia da Padroeira, uma prociss\u00e3o, sem acompanhamento de pessoas, percorrer\u00e1 as ruas da cidade com a imagem hist\u00f3rica de Nossa Senhora dos Prazeres. Que a exemplo do que ocorreu em Lisboa, no distante ano de 1599, Nossa Senhora traga o fim dessa pandemia!<br \/>\nSanta M\u00e3e dos Prazeres, sobre n\u00f3s lan\u00e7ai o olhar.<\/p>\n","protected":false},"excerpt":{"rendered":"<p>Agosto chegou. Nasci e cresci na Par\u00f3quia de Guaraciaba do Norte que tem a celebra\u00e7\u00e3o&#8230;<\/p>\n","protected":false},"author":1,"featured_media":7874,"comment_status":"open","ping_status":"open","sticky":false,"template":"","format":"standard","meta":{"_jetpack_memberships_contains_paid_content":false,"footnotes":"","jetpack_publicize_message":"","jetpack_publicize_feature_enabled":true,"jetpack_social_post_already_shared":true,"jetpack_social_options":{"image_generator_settings":{"template":"highway","default_image_id":0,"font":"","enabled":false},"version":2}},"categories":[11,41],"tags":[],"class_list":["post-12423","post","type-post","status-publish","format-standard","has-post-thumbnail","hentry","category-artigos","category-jose-luis-lira"],"jetpack_publicize_connections":[],"jetpack_featured_media_url":"https:\/\/correiodasemana.com\/site\/wp-content\/uploads\/2018\/02\/Jose\u0301-1.jpg","jetpack-related-posts":[{"id":17132,"url":"https:\/\/correiodasemana.com\/site\/agosto-esta-chegando\/","url_meta":{"origin":12423,"position":0},"title":"AGOSTO EST\u00c1 CHEGANDO&#8230;","author":"","date":"Agosto 2, 2021","format":false,"excerpt":"Oitavo m\u00eas do ano no calend\u00e1rio gregoriano, agosto, vem do latim\u00a0augustus, em honra do imperador romano C\u00e9sar Augusto. Neste m\u00eas em termos religiosos, celebramos, santos important\u00edssimos e a transfigura\u00e7\u00e3o do Senhor Jesus e, no dia 15, a Assun\u00e7\u00e3o de Nossa Senhora. Nascido em uma Par\u00f3quia que tem por padroeira Nossa\u2026","rel":"","context":"In &quot;Artigos&quot;","block_context":{"text":"Artigos","link":"https:\/\/correiodasemana.com\/site\/category\/artigos\/"},"img":{"alt_text":"","src":"https:\/\/i0.wp.com\/correiodasemana.com\/site\/wp-content\/uploads\/2019\/07\/Jose%CC%81-1.jpg?resize=350%2C200&ssl=1","width":350,"height":200,"srcset":"https:\/\/i0.wp.com\/correiodasemana.com\/site\/wp-content\/uploads\/2019\/07\/Jose%CC%81-1.jpg?resize=350%2C200&ssl=1 1x, https:\/\/i0.wp.com\/correiodasemana.com\/site\/wp-content\/uploads\/2019\/07\/Jose%CC%81-1.jpg?resize=525%2C300&ssl=1 1.5x, https:\/\/i0.wp.com\/correiodasemana.com\/site\/wp-content\/uploads\/2019\/07\/Jose%CC%81-1.jpg?resize=700%2C400&ssl=1 2x"},"classes":[]},{"id":17277,"url":"https:\/\/correiodasemana.com\/site\/celebrada-a-136a-festa-de-nossa-senhora-do-patrocinio-em-sobral\/","url_meta":{"origin":12423,"position":1},"title":"Celebrada a 136\u00aa Festa de Nossa Senhora do Patroc\u00ednio em Sobral","author":"","date":"Agosto 23, 2021","format":false,"excerpt":"Por Samuel Carvalho Reda\u00e7\u00e3o Correio da Semana Aconteceu na Par\u00f3quia de Nossa Senhora do Patroc\u00ednio em Sobral a 136\u00aa Festa da Padroeira, que ocorreu do dia 05 a 15 de agosto. A festa de 10 dias, contou com uma programa\u00e7\u00e3o que incluiu celebra\u00e7\u00f5es eucar\u00edsticas, novenas, oficio de Nossa Senhora, catequese\u2026","rel":"","context":"In &quot;Igreja&quot;","block_context":{"text":"Igreja","link":"https:\/\/correiodasemana.com\/site\/category\/igreja\/"},"img":{"alt_text":"","src":"https:\/\/i0.wp.com\/correiodasemana.com\/site\/wp-content\/uploads\/2021\/08\/niver-igreja-do-patrocinio-sobral-2.jpg?resize=350%2C200&ssl=1","width":350,"height":200,"srcset":"https:\/\/i0.wp.com\/correiodasemana.com\/site\/wp-content\/uploads\/2021\/08\/niver-igreja-do-patrocinio-sobral-2.jpg?resize=350%2C200&ssl=1 1x, https:\/\/i0.wp.com\/correiodasemana.com\/site\/wp-content\/uploads\/2021\/08\/niver-igreja-do-patrocinio-sobral-2.jpg?resize=525%2C300&ssl=1 1.5x, https:\/\/i0.wp.com\/correiodasemana.com\/site\/wp-content\/uploads\/2021\/08\/niver-igreja-do-patrocinio-sobral-2.jpg?resize=700%2C400&ssl=1 2x"},"classes":[]},{"id":17266,"url":"https:\/\/correiodasemana.com\/site\/santa-mae-dos-prazeres-duzentos-e-sessenta-anos\/","url_meta":{"origin":12423,"position":2},"title":"SANTA M\u00c3E DOS PRAZERES: DUZENTOS E SESSENTA ANOS!\u00a0","author":"","date":"Agosto 16, 2021","format":false,"excerpt":"As primeiras not\u00edcias que temos da festa de Nossa Senhora dos Prazeres em Guaraciaba do Norte, \u00e9 que seu \u00e1pice se dava no dia 6 de janeiro, dia de Reis, um dos prazeres celestes de Nossa Senhora. A b\u00ean\u00e7\u00e3o da capela, realizada pelo fundador, Pe. Felipe Dias Santiago. Nesta mesma\u2026","rel":"","context":"In &quot;Artigos&quot;","block_context":{"text":"Artigos","link":"https:\/\/correiodasemana.com\/site\/category\/artigos\/"},"img":{"alt_text":"","src":"https:\/\/i0.wp.com\/correiodasemana.com\/site\/wp-content\/uploads\/2018\/02\/Jose%CC%81-1.jpg?resize=350%2C200&ssl=1","width":350,"height":200,"srcset":"https:\/\/i0.wp.com\/correiodasemana.com\/site\/wp-content\/uploads\/2018\/02\/Jose%CC%81-1.jpg?resize=350%2C200&ssl=1 1x, https:\/\/i0.wp.com\/correiodasemana.com\/site\/wp-content\/uploads\/2018\/02\/Jose%CC%81-1.jpg?resize=525%2C300&ssl=1 1.5x, https:\/\/i0.wp.com\/correiodasemana.com\/site\/wp-content\/uploads\/2018\/02\/Jose%CC%81-1.jpg?resize=700%2C400&ssl=1 2x"},"classes":[]},{"id":26359,"url":"https:\/\/correiodasemana.com\/site\/paroquia-de-nossa-senhora-do-patrocinio-celebra-138a-festa-da-padroeira\/","url_meta":{"origin":12423,"position":3},"title":"Par\u00f3quia de Nossa Senhora do Patroc\u00ednio celebra 138\u00aa festa da padroeira","author":"adminredacao","date":"Agosto 27, 2023","format":false,"excerpt":"Ap\u00f3s um itiner\u00e1rio de dez dias, de 10 a 20 de agosto, os paroquianos da Par\u00f3quia de Nossa Senhora do Patroc\u00ednio localizada no centro de Sobral participaram do encerramento da festa de sua excelsa padroeira, dia este em que a igreja no Brasil, celebra solenemente a Assun\u00e7\u00e3o de Maria aos\u2026","rel":"","context":"In &quot;Atualidade&quot;","block_context":{"text":"Atualidade","link":"https:\/\/correiodasemana.com\/site\/category\/atualidade\/"},"img":{"alt_text":"","src":"https:\/\/i0.wp.com\/correiodasemana.com\/site\/wp-content\/uploads\/2023\/08\/DSC5582.jpg?resize=350%2C200&ssl=1","width":350,"height":200,"srcset":"https:\/\/i0.wp.com\/correiodasemana.com\/site\/wp-content\/uploads\/2023\/08\/DSC5582.jpg?resize=350%2C200&ssl=1 1x, https:\/\/i0.wp.com\/correiodasemana.com\/site\/wp-content\/uploads\/2023\/08\/DSC5582.jpg?resize=525%2C300&ssl=1 1.5x, https:\/\/i0.wp.com\/correiodasemana.com\/site\/wp-content\/uploads\/2023\/08\/DSC5582.jpg?resize=700%2C400&ssl=1 2x"},"classes":[]},{"id":26096,"url":"https:\/\/correiodasemana.com\/site\/altar-mor-e-imagem-da-padroeira-da-paroquia-do-patrocinio-sao-restaurados\/","url_meta":{"origin":12423,"position":4},"title":"Altar-mor e imagem da padroeira da Par\u00f3quia do Patroc\u00ednio s\u00e3o restaurados","author":"adminredacao","date":"Agosto 14, 2023","format":false,"excerpt":"H\u00e1 mais de seis meses a igreja matriz da Par\u00f3quia de Nossa Senhora do Patroc\u00ednio localizada no centro da cidade de Sobral vem realizando uma reforma na estrutura. Nos \u00faltimos dias foi finalizada a restaura\u00e7\u00e3o do altar-mor, imagem da padroeira e sacr\u00e1rio que foi apresentada aos paroquianos e ao p\u00fablico\u2026","rel":"","context":"In &quot;Atualidade&quot;","block_context":{"text":"Atualidade","link":"https:\/\/correiodasemana.com\/site\/category\/atualidade\/"},"img":{"alt_text":"","src":"https:\/\/i0.wp.com\/correiodasemana.com\/site\/wp-content\/uploads\/2023\/08\/DSC1964-scaled.jpg?resize=350%2C200&ssl=1","width":350,"height":200,"srcset":"https:\/\/i0.wp.com\/correiodasemana.com\/site\/wp-content\/uploads\/2023\/08\/DSC1964-scaled.jpg?resize=350%2C200&ssl=1 1x, https:\/\/i0.wp.com\/correiodasemana.com\/site\/wp-content\/uploads\/2023\/08\/DSC1964-scaled.jpg?resize=525%2C300&ssl=1 1.5x, https:\/\/i0.wp.com\/correiodasemana.com\/site\/wp-content\/uploads\/2023\/08\/DSC1964-scaled.jpg?resize=700%2C400&ssl=1 2x, https:\/\/i0.wp.com\/correiodasemana.com\/site\/wp-content\/uploads\/2023\/08\/DSC1964-scaled.jpg?resize=1050%2C600&ssl=1 3x, https:\/\/i0.wp.com\/correiodasemana.com\/site\/wp-content\/uploads\/2023\/08\/DSC1964-scaled.jpg?resize=1400%2C800&ssl=1 4x"},"classes":[]},{"id":30410,"url":"https:\/\/correiodasemana.com\/site\/festa-de-sao-lourenco-diaconos-celebram-vocacao-ministerial-para-o-servico\/","url_meta":{"origin":12423,"position":5},"title":"Festa de S\u00e3o Louren\u00e7o: Di\u00e1conos celebram voca\u00e7\u00e3o ministerial para o servi\u00e7o","author":"adminredacao","date":"Agosto 19, 2024","format":false,"excerpt":"A igreja celebrou no \u00faltimo s\u00e1bado, 10 de agosto, a festa lit\u00fargica de S\u00e3o Louren\u00e7o, padroeiro dos di\u00e1conos. Sendo uma voca\u00e7\u00e3o ministerial para o servi\u00e7o, o di\u00e1cono atua na Palavra de Deus, na caridade e na liturgia. Atualmente, a Diocese de Sobral conta com vinte di\u00e1conos permanentes. Uma parte destes\u2026","rel":"","context":"In &quot;Atualidade&quot;","block_context":{"text":"Atualidade","link":"https:\/\/correiodasemana.com\/site\/category\/atualidade\/"},"img":{"alt_text":"","src":"https:\/\/i0.wp.com\/correiodasemana.com\/site\/wp-content\/uploads\/2024\/08\/WhatsApp-Image-2024-08-16-at-12.34.33.jpeg?resize=350%2C200&ssl=1","width":350,"height":200,"srcset":"https:\/\/i0.wp.com\/correiodasemana.com\/site\/wp-content\/uploads\/2024\/08\/WhatsApp-Image-2024-08-16-at-12.34.33.jpeg?resize=350%2C200&ssl=1 1x, https:\/\/i0.wp.com\/correiodasemana.com\/site\/wp-content\/uploads\/2024\/08\/WhatsApp-Image-2024-08-16-at-12.34.33.jpeg?resize=525%2C300&ssl=1 1.5x, https:\/\/i0.wp.com\/correiodasemana.com\/site\/wp-content\/uploads\/2024\/08\/WhatsApp-Image-2024-08-16-at-12.34.33.jpeg?resize=700%2C400&ssl=1 2x, https:\/\/i0.wp.com\/correiodasemana.com\/site\/wp-content\/uploads\/2024\/08\/WhatsApp-Image-2024-08-16-at-12.34.33.jpeg?resize=1050%2C600&ssl=1 3x, https:\/\/i0.wp.com\/correiodasemana.com\/site\/wp-content\/uploads\/2024\/08\/WhatsApp-Image-2024-08-16-at-12.34.33.jpeg?resize=1400%2C800&ssl=1 4x"},"classes":[]}],"jetpack_sharing_enabled":true,"_links":{"self":[{"href":"https:\/\/correiodasemana.com\/site\/wp-json\/wp\/v2\/posts\/12423","targetHints":{"allow":["GET"]}}],"collection":[{"href":"https:\/\/correiodasemana.com\/site\/wp-json\/wp\/v2\/posts"}],"about":[{"href":"https:\/\/correiodasemana.com\/site\/wp-json\/wp\/v2\/types\/post"}],"author":[{"embeddable":true,"href":"https:\/\/correiodasemana.com\/site\/wp-json\/wp\/v2\/users\/1"}],"replies":[{"embeddable":true,"href":"https:\/\/correiodasemana.com\/site\/wp-json\/wp\/v2\/comments?post=12423"}],"version-history":[{"count":1,"href":"https:\/\/correiodasemana.com\/site\/wp-json\/wp\/v2\/posts\/12423\/revisions"}],"predecessor-version":[{"id":12424,"href":"https:\/\/correiodasemana.com\/site\/wp-json\/wp\/v2\/posts\/12423\/revisions\/12424"}],"wp:featuredmedia":[{"embeddable":true,"href":"https:\/\/correiodasemana.com\/site\/wp-json\/wp\/v2\/media\/7874"}],"wp:attachment":[{"href":"https:\/\/correiodasemana.com\/site\/wp-json\/wp\/v2\/media?parent=12423"}],"wp:term":[{"taxonomy":"category","embeddable":true,"href":"https:\/\/correiodasemana.com\/site\/wp-json\/wp\/v2\/categories?post=12423"},{"taxonomy":"post_tag","embeddable":true,"href":"https:\/\/correiodasemana.com\/site\/wp-json\/wp\/v2\/tags?post=12423"}],"curies":[{"name":"wp","href":"https:\/\/api.w.org\/{rel}","templated":true}]}}