{"id":12558,"date":"2020-08-09T23:43:09","date_gmt":"2020-08-10T02:43:09","guid":{"rendered":"https:\/\/correiodasemana.com\/site\/?p=12558"},"modified":"2020-08-09T23:43:09","modified_gmt":"2020-08-10T02:43:09","slug":"aos-80-anos-lau-soares-da-exemplo-de-fe-e-amizade","status":"publish","type":"post","link":"https:\/\/correiodasemana.com\/site\/aos-80-anos-lau-soares-da-exemplo-de-fe-e-amizade\/","title":{"rendered":"Aos 80 anos, Lau Soares d\u00e1 exemplo de f\u00e9 e amizade"},"content":{"rendered":"<p><img fetchpriority=\"high\" decoding=\"async\" class=\"alignleft size-full wp-image-12559\" src=\"https:\/\/correiodasemana.com\/site\/wp-content\/uploads\/2020\/08\/WhatsApp-Image-2020-08-06-at-14.58.53.jpeg\" alt=\"\" width=\"703\" height=\"1280\" srcset=\"https:\/\/correiodasemana.com\/site\/wp-content\/uploads\/2020\/08\/WhatsApp-Image-2020-08-06-at-14.58.53.jpeg 703w, https:\/\/correiodasemana.com\/site\/wp-content\/uploads\/2020\/08\/WhatsApp-Image-2020-08-06-at-14.58.53-165x300.jpeg 165w, https:\/\/correiodasemana.com\/site\/wp-content\/uploads\/2020\/08\/WhatsApp-Image-2020-08-06-at-14.58.53-562x1024.jpeg 562w\" sizes=\"(max-width: 703px) 100vw, 703px\" \/> <img decoding=\"async\" class=\"alignleft size-full wp-image-12560\" src=\"https:\/\/correiodasemana.com\/site\/wp-content\/uploads\/2020\/08\/WhatsApp-Image-2020-08-06-at-14.58.02.png\" alt=\"\" width=\"960\" height=\"1280\" srcset=\"https:\/\/correiodasemana.com\/site\/wp-content\/uploads\/2020\/08\/WhatsApp-Image-2020-08-06-at-14.58.02.png 960w, https:\/\/correiodasemana.com\/site\/wp-content\/uploads\/2020\/08\/WhatsApp-Image-2020-08-06-at-14.58.02-225x300.png 225w, https:\/\/correiodasemana.com\/site\/wp-content\/uploads\/2020\/08\/WhatsApp-Image-2020-08-06-at-14.58.02-768x1024.png 768w\" sizes=\"(max-width: 960px) 100vw, 960px\" \/><\/p>\n<p>&nbsp;<\/p>\n<p>Num tempo de desconfian\u00e7a e descren\u00e7a nos valores da fam\u00edlia, na f\u00e9 em DEUS e na lealdade de poucos amigos, um cidad\u00e3o de 79 anos e 4 meses de idade, d\u00e1 uma prova de que nada est\u00e1 perdido. Apesar dos protestos dos filhos (que s\u00f3 vieram a saber na v\u00e9spera) o Sr. JOS\u00c9 ESTANISLAU SOARES confeccionou uma cruz de madeira de quase 3 metros e resolveu pagar uma promessa: ir \u00e0 p\u00e9 de Santana do Acara\u00fa, sua terra natal, at\u00e9 Canind\u00e9 arrastando a cruz que simboliza o Nosso Salvador e o catolicismo.<br \/>\nO mais significativo \u00e9 que o voto foi celebrado em favor da recupera\u00e7\u00e3o de um amigo de adolesc\u00eancia que foi curado de uma enfermidade atroz, cerca de 10 anos atr\u00e1s. \u201cFoi meu amigo Z\u00e9 do Toba, da cidade do Marco-CE. Fiz a promessa e fui aben\u00e7oado com a cura dele. N\u00e3o queria deixar este mundo devendo ao meu S\u00e3o Francisco\u201d disse o peregrino.<br \/>\nPara o Padre LUCAS MOREIRA, os votos de uma pessoa humilde s\u00e3o sempre reconhecidos por nosso Pai Eterno. \u201cAl\u00e9m de agendar, quem sabe, um bom lugar no C\u00e9u, o seu tio certamente j\u00e1 marcou sua passagem por sua terra natal, Santana, sua hist\u00f3ria no seio da fam\u00edlia e sua jornada poder\u00e1 ainda se transformar num legado religioso. As grandes peregrina\u00e7\u00f5es \u00e0s me\u00e7as religiosas e \u00e0s cidades santas, come\u00e7aram assim. Que DEUS o proteja\u201d, concluiu o p\u00e1roco da Igreja de S\u00e3o Jos\u00e9, no bairro do Sumar\u00e9.<br \/>\nLAU SOARES, mec\u00e2nico de autom\u00f3veis, aposentado, far\u00e1 80 anos no dia 7 de abril do pr\u00f3ximo ano. Em Sobral ele recebeu a ades\u00e3o de outras pessoas. A perspectiva \u00e9 que chegue a Bas\u00edlica de Canind\u00e9 e aos p\u00e9s da est\u00e1tua de S\u00e3o Francisco no domingo ou na segunda-feira, vencendo, em menos de uma semana, uma caminhada superior a 170 km.<br \/>\nPor Carolino Soares\/Redator Colaborador<\/p>\n","protected":false},"excerpt":{"rendered":"<p>&nbsp; Num tempo de desconfian\u00e7a e descren\u00e7a nos valores da fam\u00edlia, na f\u00e9 em DEUS&#8230;<\/p>\n","protected":false},"author":1,"featured_media":12560,"comment_status":"open","ping_status":"open","sticky":false,"template":"","format":"standard","meta":{"_jetpack_memberships_contains_paid_content":false,"footnotes":"","jetpack_publicize_message":"","jetpack_publicize_feature_enabled":true,"jetpack_social_post_already_shared":true,"jetpack_social_options":{"image_generator_settings":{"template":"highway","default_image_id":0,"font":"","enabled":false},"version":2}},"categories":[1],"tags":[],"class_list":["post-12558","post","type-post","status-publish","format-standard","has-post-thumbnail","hentry","category-atualidade"],"jetpack_publicize_connections":[],"jetpack_featured_media_url":"https:\/\/correiodasemana.com\/site\/wp-content\/uploads\/2020\/08\/WhatsApp-Image-2020-08-06-at-14.58.02.png","jetpack-related-posts":[{"id":32377,"url":"https:\/\/correiodasemana.com\/site\/fieis-da-paroquia-de-nossa-senhora-da-piedade-em-coreau-acolhem-novo-paroco\/","url_meta":{"origin":12558,"position":0},"title":"Fieis da Par\u00f3quia de Nossa Senhora da Piedade, em Corea\u00fa, acolhem novo p\u00e1roco","author":"adminredacao","date":"Fevereiro 4, 2025","format":false,"excerpt":"In\u00fameros fieis da comunidade paroquial de Nossa Senhora da Piedade, na Regi\u00e3o de Corea\u00fa, se reuniram na noite do \u00faltimo s\u00e1bado, 01, para a posse do Padre Cl\u00e1udio Nascimento como novo p\u00e1roco. A missa foi presidida por Dom Vasconcelos e concelebrada por sacerdotes diocesanos, entre eles, Pe. F\u00e1bio Soares, vig\u00e1rio\u2026","rel":"","context":"In &quot;Atualidade&quot;","block_context":{"text":"Atualidade","link":"https:\/\/correiodasemana.com\/site\/category\/atualidade\/"},"img":{"alt_text":"","src":"https:\/\/i0.wp.com\/correiodasemana.com\/site\/wp-content\/uploads\/2025\/02\/WhatsApp-Image-2025-02-02-at-22.36.00.jpeg?resize=350%2C200&ssl=1","width":350,"height":200,"srcset":"https:\/\/i0.wp.com\/correiodasemana.com\/site\/wp-content\/uploads\/2025\/02\/WhatsApp-Image-2025-02-02-at-22.36.00.jpeg?resize=350%2C200&ssl=1 1x, https:\/\/i0.wp.com\/correiodasemana.com\/site\/wp-content\/uploads\/2025\/02\/WhatsApp-Image-2025-02-02-at-22.36.00.jpeg?resize=525%2C300&ssl=1 1.5x, https:\/\/i0.wp.com\/correiodasemana.com\/site\/wp-content\/uploads\/2025\/02\/WhatsApp-Image-2025-02-02-at-22.36.00.jpeg?resize=700%2C400&ssl=1 2x, https:\/\/i0.wp.com\/correiodasemana.com\/site\/wp-content\/uploads\/2025\/02\/WhatsApp-Image-2025-02-02-at-22.36.00.jpeg?resize=1050%2C600&ssl=1 3x, https:\/\/i0.wp.com\/correiodasemana.com\/site\/wp-content\/uploads\/2025\/02\/WhatsApp-Image-2025-02-02-at-22.36.00.jpeg?resize=1400%2C800&ssl=1 4x"},"classes":[]},{"id":37002,"url":"https:\/\/correiodasemana.com\/site\/missa-em-acao-de-gracas-marca-comemoracao-pelos-92-anos-de-monsenhor-manfredo-ramos\/","url_meta":{"origin":12558,"position":1},"title":"Missa em A\u00e7\u00e3o de Gra\u00e7as marca comemora\u00e7\u00e3o pelos 92 anos de Monsenhor Manfredo Ramos","author":"adminredacao","date":"Janeiro 10, 2026","format":false,"excerpt":"Em uma celebra\u00e7\u00e3o marcada por alegria, f\u00e9 e gratid\u00e3o, parentes, amigos e fi\u00e9is participaram da Missa em A\u00e7\u00e3o de Gra\u00e7as pelos 92 anos de vida de Monsenhor Manfredo Ramos, realizada na \u00faltima sexta-feira (02\/01), na Igreja de Nossa Senhora da Concei\u00e7\u00e3o, no Semin\u00e1rio da Prainha, em Fortaleza (CE). A celebra\u00e7\u00e3o\u2026","rel":"","context":"In &quot;Atualidade&quot;","block_context":{"text":"Atualidade","link":"https:\/\/correiodasemana.com\/site\/category\/atualidade\/"},"img":{"alt_text":"","src":"https:\/\/i0.wp.com\/correiodasemana.com\/site\/wp-content\/uploads\/2026\/01\/pag-6-2.jpeg?resize=350%2C200&ssl=1","width":350,"height":200,"srcset":"https:\/\/i0.wp.com\/correiodasemana.com\/site\/wp-content\/uploads\/2026\/01\/pag-6-2.jpeg?resize=350%2C200&ssl=1 1x, https:\/\/i0.wp.com\/correiodasemana.com\/site\/wp-content\/uploads\/2026\/01\/pag-6-2.jpeg?resize=525%2C300&ssl=1 1.5x, https:\/\/i0.wp.com\/correiodasemana.com\/site\/wp-content\/uploads\/2026\/01\/pag-6-2.jpeg?resize=700%2C400&ssl=1 2x, https:\/\/i0.wp.com\/correiodasemana.com\/site\/wp-content\/uploads\/2026\/01\/pag-6-2.jpeg?resize=1050%2C600&ssl=1 3x"},"classes":[]},{"id":31711,"url":"https:\/\/correiodasemana.com\/site\/festa-jubilar-marca-os-60-anos-de-sacerdocio-do-conego-manoel-valdery-da-rocha\/","url_meta":{"origin":12558,"position":2},"title":"Festa Jubilar marca os 60 anos de sacerd\u00f3cio do c\u00f4nego Manoel Valdery da Rocha","author":"adminredacao","date":"Dezembro 10, 2024","format":false,"excerpt":"De 4 a 6 de dezembro, a comunidade paroquial de Cruz vivenciou um momento hist\u00f3rico de f\u00e9 e gratid\u00e3o durante as celebra\u00e7\u00f5es que marcaram os 60 anos de Ordena\u00e7\u00e3o Presbiteral do c\u00f4nego Manoel Valdery da Rocha, p\u00e1roco em\u00e9rito da Par\u00f3quia de S\u00e3o Francisco de Assis, uma figura emblem\u00e1tica da cidade.\u2026","rel":"","context":"In &quot;Atualidade&quot;","block_context":{"text":"Atualidade","link":"https:\/\/correiodasemana.com\/site\/category\/atualidade\/"},"img":{"alt_text":"","src":"https:\/\/i0.wp.com\/correiodasemana.com\/site\/wp-content\/uploads\/2024\/12\/padre-valdery-da-rocha-16-scaled.jpg?resize=350%2C200&ssl=1","width":350,"height":200,"srcset":"https:\/\/i0.wp.com\/correiodasemana.com\/site\/wp-content\/uploads\/2024\/12\/padre-valdery-da-rocha-16-scaled.jpg?resize=350%2C200&ssl=1 1x, https:\/\/i0.wp.com\/correiodasemana.com\/site\/wp-content\/uploads\/2024\/12\/padre-valdery-da-rocha-16-scaled.jpg?resize=525%2C300&ssl=1 1.5x, https:\/\/i0.wp.com\/correiodasemana.com\/site\/wp-content\/uploads\/2024\/12\/padre-valdery-da-rocha-16-scaled.jpg?resize=700%2C400&ssl=1 2x, https:\/\/i0.wp.com\/correiodasemana.com\/site\/wp-content\/uploads\/2024\/12\/padre-valdery-da-rocha-16-scaled.jpg?resize=1050%2C600&ssl=1 3x, https:\/\/i0.wp.com\/correiodasemana.com\/site\/wp-content\/uploads\/2024\/12\/padre-valdery-da-rocha-16-scaled.jpg?resize=1400%2C800&ssl=1 4x"},"classes":[]},{"id":29753,"url":"https:\/\/correiodasemana.com\/site\/poucas-e-boas-38\/","url_meta":{"origin":12558,"position":3},"title":"Poucas e Boas","author":"adminredacao","date":"Junho 24, 2024","format":false,"excerpt":"Jogando conversa fora Pensando que eu n\u00e3o tinha conhecimento do registro de um encontro de tr\u00eas gigantes da nossa Cultura e da nossa Religiosidade, h\u00e1 poucos dias um internauta amigo enviou-me uma fotografia \u201chist\u00f3rica e rara\u201d, segundo ele. Durante algum tempo essa foto, que representa a perspic\u00e1cia de quem a\u2026","rel":"","context":"In &quot;Poucas e Boas&quot;","block_context":{"text":"Poucas e Boas","link":"https:\/\/correiodasemana.com\/site\/category\/poucas-e-boas\/"},"img":{"alt_text":"","src":"https:\/\/i0.wp.com\/correiodasemana.com\/site\/wp-content\/uploads\/2023\/05\/artemisio-da-costa-2.jpg?resize=350%2C200&ssl=1","width":350,"height":200},"classes":[]},{"id":16860,"url":"https:\/\/correiodasemana.com\/site\/as-memorias-de-dr-nildomar-soares\/","url_meta":{"origin":12558,"position":4},"title":"AS MEM\u00d3RIAS DE DR. NILDOMAR SOARES\u00a0","author":"","date":"Junho 27, 2021","format":false,"excerpt":"N\u00e3o \u00e9 a primeira e n\u00e3o vai ser a \u00faltima que repetirei\u00a0Thomas Carlyle (1795\/1881), escritor, historiador, ensa\u00edsta e professor escoc\u00eas, que afirmava \u201cA Hist\u00f3ria \u00e9 a ess\u00eancia de in\u00fameras biografias\u201d. \u00c9 o que sinto ao terminar numa manh\u00e3 de domingo, de um f\u00f4lego s\u00f3, a leitura do livro \u201cRetalhos de\u2026","rel":"","context":"In &quot;Artigos&quot;","block_context":{"text":"Artigos","link":"https:\/\/correiodasemana.com\/site\/category\/artigos\/"},"img":{"alt_text":"","src":"https:\/\/i0.wp.com\/correiodasemana.com\/site\/wp-content\/uploads\/2019\/07\/Jose%CC%81-1.jpg?resize=350%2C200&ssl=1","width":350,"height":200,"srcset":"https:\/\/i0.wp.com\/correiodasemana.com\/site\/wp-content\/uploads\/2019\/07\/Jose%CC%81-1.jpg?resize=350%2C200&ssl=1 1x, https:\/\/i0.wp.com\/correiodasemana.com\/site\/wp-content\/uploads\/2019\/07\/Jose%CC%81-1.jpg?resize=525%2C300&ssl=1 1.5x, https:\/\/i0.wp.com\/correiodasemana.com\/site\/wp-content\/uploads\/2019\/07\/Jose%CC%81-1.jpg?resize=700%2C400&ssl=1 2x"},"classes":[]},{"id":26223,"url":"https:\/\/correiodasemana.com\/site\/sobral-sobral-139\/","url_meta":{"origin":12558,"position":5},"title":"Sobral, Sobral","author":"adminredacao","date":"Agosto 21, 2023","format":false,"excerpt":"\ud835\udde6\ud835\uddf2\ud835\uddff \ud835\ude03\ud835\uddf2\ud835\uddff\ud835\uddf1\ud835\uddee\ud835\uddf1\ud835\uddf2\ud835\uddf6\ud835\uddff\ud835\uddfc \ud835\uddfb\ud835\uddee\u0303\ud835\uddfc \ud835\uddf0\ud835\ude02\ud835\ude00\ud835\ude01\ud835\uddee \ud835\uddfb\ud835\uddee\ud835\uddf1\ud835\uddee, \ud835\uddfa\ud835\uddee\ud835\ude00 \ud835\ude03\ud835\uddee\ud835\uddf9\ud835\uddf2 \ud835\uddfa\ud835\ude02\ud835\uddf6\ud835\ude01\ud835\uddfc! \ud835\udde0\ud835\udddc\ud835\udde1\ud835\udddb\ud835\uddd4\ud835\udde6 \ud835\udde3\ud835\udde5\ud835\uddd8\ud835\uddd6\ud835\uddd8\ud835\udde6... \ud835\udde1\ud835\udde8\ud835\udde1\ud835\uddd6\ud835\uddd4 \ud835\udde2\ud835\uddd9\ud835\uddd8\ud835\udde1\ud835\uddd7\ud835\uddd4 \ud835\uddd4 \ud835\uddd7\ud835\uddd8\ud835\udde8\ud835\udde6!!! O propriet\u00e1rio do navio TITANIC disse: \u201cNem DEUS pode afundar este barco \u201ce voc\u00ea sabe o que aconteceu?\u201d O barco afundou no ATL\u00c2NTICO NORTE cinco dias depois de partir da costa sul do REINO UNIDO rumo\u2026","rel":"","context":"In &quot;Artigos&quot;","block_context":{"text":"Artigos","link":"https:\/\/correiodasemana.com\/site\/category\/artigos\/"},"img":{"alt_text":"","src":"https:\/\/i0.wp.com\/correiodasemana.com\/site\/wp-content\/uploads\/2020\/08\/Carolino-Soares.png?resize=350%2C200&ssl=1","width":350,"height":200,"srcset":"https:\/\/i0.wp.com\/correiodasemana.com\/site\/wp-content\/uploads\/2020\/08\/Carolino-Soares.png?resize=350%2C200&ssl=1 1x, https:\/\/i0.wp.com\/correiodasemana.com\/site\/wp-content\/uploads\/2020\/08\/Carolino-Soares.png?resize=525%2C300&ssl=1 1.5x, https:\/\/i0.wp.com\/correiodasemana.com\/site\/wp-content\/uploads\/2020\/08\/Carolino-Soares.png?resize=700%2C400&ssl=1 2x"},"classes":[]}],"jetpack_sharing_enabled":true,"_links":{"self":[{"href":"https:\/\/correiodasemana.com\/site\/wp-json\/wp\/v2\/posts\/12558","targetHints":{"allow":["GET"]}}],"collection":[{"href":"https:\/\/correiodasemana.com\/site\/wp-json\/wp\/v2\/posts"}],"about":[{"href":"https:\/\/correiodasemana.com\/site\/wp-json\/wp\/v2\/types\/post"}],"author":[{"embeddable":true,"href":"https:\/\/correiodasemana.com\/site\/wp-json\/wp\/v2\/users\/1"}],"replies":[{"embeddable":true,"href":"https:\/\/correiodasemana.com\/site\/wp-json\/wp\/v2\/comments?post=12558"}],"version-history":[{"count":1,"href":"https:\/\/correiodasemana.com\/site\/wp-json\/wp\/v2\/posts\/12558\/revisions"}],"predecessor-version":[{"id":12561,"href":"https:\/\/correiodasemana.com\/site\/wp-json\/wp\/v2\/posts\/12558\/revisions\/12561"}],"wp:featuredmedia":[{"embeddable":true,"href":"https:\/\/correiodasemana.com\/site\/wp-json\/wp\/v2\/media\/12560"}],"wp:attachment":[{"href":"https:\/\/correiodasemana.com\/site\/wp-json\/wp\/v2\/media?parent=12558"}],"wp:term":[{"taxonomy":"category","embeddable":true,"href":"https:\/\/correiodasemana.com\/site\/wp-json\/wp\/v2\/categories?post=12558"},{"taxonomy":"post_tag","embeddable":true,"href":"https:\/\/correiodasemana.com\/site\/wp-json\/wp\/v2\/tags?post=12558"}],"curies":[{"name":"wp","href":"https:\/\/api.w.org\/{rel}","templated":true}]}}