{"id":12593,"date":"2020-08-10T00:10:04","date_gmt":"2020-08-10T03:10:04","guid":{"rendered":"https:\/\/correiodasemana.com\/site\/?p=12593"},"modified":"2020-08-10T00:10:21","modified_gmt":"2020-08-10T03:10:21","slug":"12593","status":"publish","type":"post","link":"https:\/\/correiodasemana.com\/site\/12593\/","title":{"rendered":"Agenda UNINTA"},"content":{"rendered":"<p><strong>Clima Eleitoral<\/strong><br \/>\nO curso de Jornalismo do Uninta est\u00e1 em momento de elei\u00e7\u00f5es. Duas chapas disputam o mandato de representante discente, que dura dois semestres letivos e ter\u00e1 o m\u00eas de agosto como palco das disputas. A Chapa \u201cCommunicare\u201d tem Thailane Morais como presidente e Nicolly D\u2019Lorrainne, como 1\u00b0 suplente. A\u201dComunica+\u201d tem Thiago Rodrigues como presidente e James Castro como 1\u00b0 suplente.<\/p>\n<p><strong>Inicia\u00e7\u00e3o Cient\u00edfica<\/strong><br \/>\nIncentivando a pesquisa acad\u00eamica, o Ciclo de Palestras: Inicia\u00e7\u00e3o Cient\u00edfica contar\u00e1 com a participa\u00e7\u00e3o de importantes nomes da comunidade acad\u00eamica, como a Prof Dra. Chrislene Carvalho, Prof. Dr. Mauro Khouri, Prof Me. Eliza Ang\u00e9lica Rodrigues Ponte e Prof. Me. Thiago Mena. No total, ser\u00e3o 6 encontros virtuais (transmitidos pelo canal oficial do UNINTA no YouTube) durante os meses de agosto e setembro.<\/p>\n<p><strong>II Pr\u00eamio de Inova\u00e7\u00e3o Pedag\u00f3gica<\/strong><br \/>\nFoi anunciada a abertura das inscri\u00e7\u00f5es para participa\u00e7\u00e3o docente no II Pr\u00eamio de Inova\u00e7\u00e3o Pedag\u00f3gica. A iniciativa premiar\u00e1 com um computador o professor que apresentar o melhor relato de experi\u00eancia sobre inova\u00e7\u00e3o no ensino superior, realizado em um dos cursos de gradua\u00e7\u00e3o das institui\u00e7\u00f5es mantidas pela AIAMIS. O evento acontece no dia 27 de agosto, \u00e0s 14h, ao vivo no canal da institui\u00e7\u00e3o no YouTube.<\/p>\n<p><strong>Bolsas de 50%<\/strong><br \/>\nEscolher entre uma bolsa de 50% ou financiar em 100% o restante da gradua\u00e7\u00e3o, pagando apenas depois de se formar. Estas s\u00e3o as condi\u00e7\u00f5es da Campanha TRANSFIRA, iniciativa do Centro Universit\u00e1rio Inta (UNINTA), voltada para estudantes de outras institui\u00e7\u00f5es de ensino superior que desejem concluir sua gradua\u00e7\u00e3o em um centro universit\u00e1rio com conceito de excel\u00eancia.<\/p>\n<p><strong>P\u00f3s em Arquitetura e Urbanismo<\/strong><br \/>\nA Pr\u00f3-Reitoria de Educa\u00e7\u00e3o Continuada do Centro Universit\u00e1rio Inta (UNINTA) acaba de lan\u00e7ar dois novos cursos na \u00e1rea de Arquitetura e Urbanismo. De P\u00f3s-Gradua\u00e7\u00e3o lato sensu em \u201cArquitetura Hospitalar\u201d e \u201cGest\u00e3o de Cidades\u201d. Oportunidade \u00fanica para os egressos e profissionais da \u00e1rea.<\/p>\n","protected":false},"excerpt":{"rendered":"<p>Clima Eleitoral O curso de Jornalismo do Uninta est\u00e1 em momento de elei\u00e7\u00f5es. Duas chapas&#8230;<\/p>\n","protected":false},"author":1,"featured_media":12594,"comment_status":"open","ping_status":"open","sticky":false,"template":"","format":"standard","meta":{"_jetpack_memberships_contains_paid_content":false,"footnotes":"","jetpack_publicize_message":"","jetpack_publicize_feature_enabled":true,"jetpack_social_post_already_shared":true,"jetpack_social_options":{"image_generator_settings":{"template":"highway","default_image_id":0,"font":"","enabled":false},"version":2}},"categories":[1],"tags":[],"class_list":["post-12593","post","type-post","status-publish","format-standard","has-post-thumbnail","hentry","category-atualidade"],"jetpack_publicize_connections":[],"jetpack_featured_media_url":"https:\/\/correiodasemana.com\/site\/wp-content\/uploads\/2020\/08\/WhatsApp-Image-2020-08-06-at-19.38.07.jpeg","jetpack-related-posts":[{"id":11264,"url":"https:\/\/correiodasemana.com\/site\/agenda-uninta-3\/","url_meta":{"origin":12593,"position":0},"title":"Agenda Uninta","author":"","date":"Mar\u00e7o 24, 2020","format":false,"excerpt":"Timming Acertada decis\u00e3o do magn\u00edfico Reitor Dr Oscar Spindola Rodrigues J\u00fanior de tomar a dianteira das institui\u00e7\u00f5es de ensino superior e na manh\u00e3 de segunda-feira (16), suspender as atividades acad\u00eamicas presenciais do UNINTA, como forma de preven\u00e7\u00e3o ao novo CORONAV\u00cdRUS \/ COVID -19. A decis\u00e3o Al\u00e9m das atividades acad\u00eamicas presenciais,\u2026","rel":"","context":"In &quot;Atualidade&quot;","block_context":{"text":"Atualidade","link":"https:\/\/correiodasemana.com\/site\/category\/atualidade\/"},"img":{"alt_text":"","src":"https:\/\/i0.wp.com\/correiodasemana.com\/site\/wp-content\/uploads\/2020\/03\/WhatsApp-Image-2020-03-18-at-18.50.49.jpeg?resize=350%2C200&ssl=1","width":350,"height":200,"srcset":"https:\/\/i0.wp.com\/correiodasemana.com\/site\/wp-content\/uploads\/2020\/03\/WhatsApp-Image-2020-03-18-at-18.50.49.jpeg?resize=350%2C200&ssl=1 1x, https:\/\/i0.wp.com\/correiodasemana.com\/site\/wp-content\/uploads\/2020\/03\/WhatsApp-Image-2020-03-18-at-18.50.49.jpeg?resize=525%2C300&ssl=1 1.5x, https:\/\/i0.wp.com\/correiodasemana.com\/site\/wp-content\/uploads\/2020\/03\/WhatsApp-Image-2020-03-18-at-18.50.49.jpeg?resize=700%2C400&ssl=1 2x"},"classes":[]},{"id":12802,"url":"https:\/\/correiodasemana.com\/site\/agenda-uninta-7\/","url_meta":{"origin":12593,"position":1},"title":"Agenda Uninta","author":"","date":"Agosto 17, 2020","format":false,"excerpt":"Ag\u00eancia J\u00fanior de Jornalismo O novo Projeto de Extens\u00e3o do curso de Jornalismo do UNINTA \u00e9 uma das novidades do semestre que se inicia. Orientadas pelo prof Me Matheus Salvany, as estudantes do terceiro semestre, Nicole D\u2019Lorrainne e Thailane Morais, j\u00e1 iniciaram os trabalhos relacionados a assessoria de imprensa e\u2026","rel":"","context":"In &quot;Agenda Uninta&quot;","block_context":{"text":"Agenda Uninta","link":"https:\/\/correiodasemana.com\/site\/category\/agenda-uninta\/"},"img":{"alt_text":"","src":"https:\/\/i0.wp.com\/correiodasemana.com\/site\/wp-content\/uploads\/2020\/08\/Thailane-e-Nicole-.jpeg?resize=350%2C200&ssl=1","width":350,"height":200,"srcset":"https:\/\/i0.wp.com\/correiodasemana.com\/site\/wp-content\/uploads\/2020\/08\/Thailane-e-Nicole-.jpeg?resize=350%2C200&ssl=1 1x, https:\/\/i0.wp.com\/correiodasemana.com\/site\/wp-content\/uploads\/2020\/08\/Thailane-e-Nicole-.jpeg?resize=525%2C300&ssl=1 1.5x, https:\/\/i0.wp.com\/correiodasemana.com\/site\/wp-content\/uploads\/2020\/08\/Thailane-e-Nicole-.jpeg?resize=700%2C400&ssl=1 2x"},"classes":[]},{"id":13518,"url":"https:\/\/correiodasemana.com\/site\/agenda-uninta-9\/","url_meta":{"origin":12593,"position":2},"title":"Agenda Uninta","author":"","date":"Setembro 15, 2020","format":false,"excerpt":"Esta coluna \u00e9 produzida por estudantes do curso de jornalismo do Centro Universit\u00e1rio INTA (UNINTA), que fazem parte do projeto Ag\u00eancia J\u00fanir de Jornalismo, coordenado pelo prof Me Matheus Salvany. \u00c9 campe\u00e3o! Na segunda edi\u00e7\u00e3o do Pr\u00eamio de Inova\u00e7\u00e3o Pedag\u00f3gica do Centro Universit\u00e1rio INTA (UNINTA), o professor Me Augustiano Xavier,\u2026","rel":"","context":"In &quot;Agenda Uninta&quot;","block_context":{"text":"Agenda Uninta","link":"https:\/\/correiodasemana.com\/site\/category\/agenda-uninta\/"},"img":{"alt_text":"","src":"https:\/\/i0.wp.com\/correiodasemana.com\/site\/wp-content\/uploads\/2020\/09\/THIAGO-RODRIGUE-S.jpeg?resize=350%2C200&ssl=1","width":350,"height":200,"srcset":"https:\/\/i0.wp.com\/correiodasemana.com\/site\/wp-content\/uploads\/2020\/09\/THIAGO-RODRIGUE-S.jpeg?resize=350%2C200&ssl=1 1x, https:\/\/i0.wp.com\/correiodasemana.com\/site\/wp-content\/uploads\/2020\/09\/THIAGO-RODRIGUE-S.jpeg?resize=525%2C300&ssl=1 1.5x, https:\/\/i0.wp.com\/correiodasemana.com\/site\/wp-content\/uploads\/2020\/09\/THIAGO-RODRIGUE-S.jpeg?resize=700%2C400&ssl=1 2x, https:\/\/i0.wp.com\/correiodasemana.com\/site\/wp-content\/uploads\/2020\/09\/THIAGO-RODRIGUE-S.jpeg?resize=1050%2C600&ssl=1 3x"},"classes":[]},{"id":25888,"url":"https:\/\/correiodasemana.com\/site\/livro-250-anos-de-sobral-e-patronos-do-ihgs-e-lancado\/","url_meta":{"origin":12593,"position":3},"title":"Livro \u201c250 Anos de Sobral e Patronos do IHGS\u201d \u00e9 lan\u00e7ado","author":"adminredacao","date":"Julho 31, 2023","format":false,"excerpt":"Na noite de quinta-feira (27), aconteceu o lan\u00e7amento do livro \u201c250 Anos de Sobral e Patronos do IHGS\u201d, de responsabilidade do Instituto Hist\u00f3rico e Geogr\u00e1fico de Sobral, realizado no Audit\u00f3rio Oscar Spindola Rodrigues, do Centro Universit\u00e1rio UNINTA. A mesa foi composta pelo presidente do Instituto Hist\u00f3rico e Geogr\u00e1fico de Sobral,\u2026","rel":"","context":"In &quot;Atualidade&quot;","block_context":{"text":"Atualidade","link":"https:\/\/correiodasemana.com\/site\/category\/atualidade\/"},"img":{"alt_text":"","src":"https:\/\/i0.wp.com\/correiodasemana.com\/site\/wp-content\/uploads\/2023\/07\/Representantes-da-Comissao-Organizadora-do-livro.jpeg?resize=350%2C200&ssl=1","width":350,"height":200,"srcset":"https:\/\/i0.wp.com\/correiodasemana.com\/site\/wp-content\/uploads\/2023\/07\/Representantes-da-Comissao-Organizadora-do-livro.jpeg?resize=350%2C200&ssl=1 1x, https:\/\/i0.wp.com\/correiodasemana.com\/site\/wp-content\/uploads\/2023\/07\/Representantes-da-Comissao-Organizadora-do-livro.jpeg?resize=525%2C300&ssl=1 1.5x, https:\/\/i0.wp.com\/correiodasemana.com\/site\/wp-content\/uploads\/2023\/07\/Representantes-da-Comissao-Organizadora-do-livro.jpeg?resize=700%2C400&ssl=1 2x, https:\/\/i0.wp.com\/correiodasemana.com\/site\/wp-content\/uploads\/2023\/07\/Representantes-da-Comissao-Organizadora-do-livro.jpeg?resize=1050%2C600&ssl=1 3x, https:\/\/i0.wp.com\/correiodasemana.com\/site\/wp-content\/uploads\/2023\/07\/Representantes-da-Comissao-Organizadora-do-livro.jpeg?resize=1400%2C800&ssl=1 4x"},"classes":[]},{"id":14171,"url":"https:\/\/correiodasemana.com\/site\/agenda-uninta-12\/","url_meta":{"origin":12593,"position":4},"title":"Agenda UNINTA","author":"","date":"Outubro 20, 2020","format":false,"excerpt":"Processos Seletivos Mesmo com a Pandemia e suas dificuldades, o curso de Jornalismo do UNINTA n\u00e3o para. Acesse o nosso site http:\/\/jornalismo.uninta.edu.br\/ e saiba como fazer parte desse time. Com a reta final do semestre se aproximando, os processos seletivos por nota do ENEM, Vestibular Agendado e o Vestibular Tradicional\u2026","rel":"","context":"In &quot;Agenda Uninta&quot;","block_context":{"text":"Agenda Uninta","link":"https:\/\/correiodasemana.com\/site\/category\/agenda-uninta\/"},"img":{"alt_text":"","src":"https:\/\/i0.wp.com\/correiodasemana.com\/site\/wp-content\/uploads\/2020\/10\/WhatsApp-Image-2020-10-15-at-15.50.21.jpeg?resize=350%2C200&ssl=1","width":350,"height":200,"srcset":"https:\/\/i0.wp.com\/correiodasemana.com\/site\/wp-content\/uploads\/2020\/10\/WhatsApp-Image-2020-10-15-at-15.50.21.jpeg?resize=350%2C200&ssl=1 1x, https:\/\/i0.wp.com\/correiodasemana.com\/site\/wp-content\/uploads\/2020\/10\/WhatsApp-Image-2020-10-15-at-15.50.21.jpeg?resize=525%2C300&ssl=1 1.5x"},"classes":[]},{"id":11017,"url":"https:\/\/correiodasemana.com\/site\/agenda-uninta\/","url_meta":{"origin":12593,"position":5},"title":"Agenda UNINTA","author":"","date":"Mar\u00e7o 2, 2020","format":false,"excerpt":"O aguardado est\u00e1gio Prevista para o pr\u00f3ximo dia 16\/03, a Cerim\u00f4nia do Blazer do curso de Jornalismo marca a entrada dos estudantes na disciplina de est\u00e1gio supervisionado. Empresas de Sobral acolhem os acad\u00e9micos, que podem exercitar a teoria aprendida em sala de aula. Importante momento para a fam\u00edlia e os\u2026","rel":"","context":"In &quot;Atualidade&quot;","block_context":{"text":"Atualidade","link":"https:\/\/correiodasemana.com\/site\/category\/atualidade\/"},"img":{"alt_text":"","src":"https:\/\/i0.wp.com\/correiodasemana.com\/site\/wp-content\/uploads\/2020\/03\/servi%C3%A7o-social.png?resize=350%2C200&ssl=1","width":350,"height":200},"classes":[]}],"jetpack_sharing_enabled":true,"_links":{"self":[{"href":"https:\/\/correiodasemana.com\/site\/wp-json\/wp\/v2\/posts\/12593","targetHints":{"allow":["GET"]}}],"collection":[{"href":"https:\/\/correiodasemana.com\/site\/wp-json\/wp\/v2\/posts"}],"about":[{"href":"https:\/\/correiodasemana.com\/site\/wp-json\/wp\/v2\/types\/post"}],"author":[{"embeddable":true,"href":"https:\/\/correiodasemana.com\/site\/wp-json\/wp\/v2\/users\/1"}],"replies":[{"embeddable":true,"href":"https:\/\/correiodasemana.com\/site\/wp-json\/wp\/v2\/comments?post=12593"}],"version-history":[{"count":2,"href":"https:\/\/correiodasemana.com\/site\/wp-json\/wp\/v2\/posts\/12593\/revisions"}],"predecessor-version":[{"id":12596,"href":"https:\/\/correiodasemana.com\/site\/wp-json\/wp\/v2\/posts\/12593\/revisions\/12596"}],"wp:featuredmedia":[{"embeddable":true,"href":"https:\/\/correiodasemana.com\/site\/wp-json\/wp\/v2\/media\/12594"}],"wp:attachment":[{"href":"https:\/\/correiodasemana.com\/site\/wp-json\/wp\/v2\/media?parent=12593"}],"wp:term":[{"taxonomy":"category","embeddable":true,"href":"https:\/\/correiodasemana.com\/site\/wp-json\/wp\/v2\/categories?post=12593"},{"taxonomy":"post_tag","embeddable":true,"href":"https:\/\/correiodasemana.com\/site\/wp-json\/wp\/v2\/tags?post=12593"}],"curies":[{"name":"wp","href":"https:\/\/api.w.org\/{rel}","templated":true}]}}