{"id":12601,"date":"2020-08-10T00:16:33","date_gmt":"2020-08-10T03:16:33","guid":{"rendered":"https:\/\/correiodasemana.com\/site\/?p=12601"},"modified":"2020-08-10T00:16:33","modified_gmt":"2020-08-10T03:16:33","slug":"padre-paulo-henrique-meu-chamado-e-fruto-da-irrevogavel-escolha-misericordiosa-de-deus","status":"publish","type":"post","link":"https:\/\/correiodasemana.com\/site\/padre-paulo-henrique-meu-chamado-e-fruto-da-irrevogavel-escolha-misericordiosa-de-deus\/","title":{"rendered":"Padre Paulo Henrique: Meu chamado \u00e9 fruto da irrevog\u00e1vel escolha misericordiosa de Deus"},"content":{"rendered":"<p><strong>Ao escolher o sacerd\u00f3cio, eu estava renunciando a algo t\u00e3o belo e humano que \u00e9 a viv\u00eancia do matrim\u00f4nio. Mas \u00e9 isso o que d\u00e1 sentido \u00e0s nossas escolhas e ren\u00fancias: o Amor de Deus<\/strong><\/p>\n<p>Me chamo Paulo Henrique e sou sacerdote, consagrado na Comunidade de Vida Shalom com promessas definitivas no Carisma desde 2015. Atualmente estou em miss\u00e3o em Sobral (CE), para onde vim em 2017, logo ap\u00f3s ter sido ordenado sacerdote, no final do per\u00edodo que o Papa Francisco instituiu como o Ano da Miseric\u00f3rdia (2016).<br \/>\nFiz quest\u00e3o de ressaltar este ano da miseric\u00f3rdia, porque o meu chamado \u00e9 fruto da irrevog\u00e1vel escolha misericordiosa de Deus. Quando olho para a minha vida, contemplo o que o amor e a miseric\u00f3rdia de Deus podem fazer na hist\u00f3ria de uma pessoa.<br \/>\nSou natural de S\u00e3o Lu\u00eds do Maranh\u00e3o e tenho 8 irm\u00e3os. Gra\u00e7as a Deus, os meus pais tiveram muitos filhos, caso contr\u00e1rio, eu dificilmente teria vindo ao mundo, pois sou o pen\u00faltimo. Costumo dizer que muito daquilo que trago como experi\u00eancia de f\u00e9 herdei da minha m\u00e3e, D. Joana, que era muito amiga dos sacerdotes e depois da missa costumava me apresentar a eles para pedir-lhes a ben\u00e7\u00e3o.<br \/>\nMas mesmo estando inserido desde\u00a0 crian\u00e7a\u00a0 na vida da Igreja, n\u00e3o me atraia muito a ideia de ser padre, pois como todo jovem da minha idade, estava bastante inserido nas realidades do mundo, com sonhos e ideais de casar e constituir uma fam\u00edlia. Al\u00e9m do mais, n\u00e3o me atraia nenhuma express\u00e3o de vida religiosa que conhecia naquele tempo.<br \/>\nCostumo dizer que Deus criou a Comunidade pensando em mim, pois se n\u00e3o a tivesse conhecido, talvez teria sido mais dif\u00edcil trilhar o caminho para o sacerd\u00f3cio.<br \/>\nDe fato, o chamado foi\u00a0 sendo forjado desde os meus primeiros passos dentro da Comunidade de Vida por meio da ora\u00e7\u00e3o, das forma\u00e7\u00f5es e dos acontecimentos cotidianos da vida, que para mim eram verdadeiras anuncia\u00e7\u00f5es da vontade de Deus. E assim como Nossa Senhora, eu ia guardando e meditando tudo em meu cora\u00e7\u00e3o, pois ainda n\u00e3o podia aprofundar esta realidade.<br \/>\nIsto se deu porque os primeiros anos na Comunidade de Vida Shalom s\u00e3o vividos no celibato formativo (uma grande gra\u00e7a), que tem o objetivo de colocar Jesus no centro das nossas vidas e purificar as motiva\u00e7\u00f5es erradas, os afetos desordenados. Essa viv\u00eancia nos torna mais livres para que possamos escolher o projeto de Deus para n\u00f3s.<br \/>\nO Nosso Senhor come\u00e7ou, de forma mais concreta, a trabalhar as minhas motiva\u00e7\u00f5es e convic\u00e7\u00f5es acerca do sacerd\u00f3cio no ano de 2005, quando fiz minhas primeiras promessas na Comunidade de Vida Shalom e j\u00e1 n\u00e3o me encontrava mais vivendo o celibato formativo. Eu teria que me decidir.<br \/>\nConfesso que ser padre foi uma decis\u00e3o dif\u00edcil, porque eu tinha conhecimento da beleza e da riqueza de cada Estado de Vida. Ao escolher o sacerd\u00f3cio, eu estava renunciando a algo t\u00e3o belo e humano que \u00e9 a viv\u00eancia do matrim\u00f4nio. Mas \u00e9 isso o que d\u00e1 sentido \u00e0s nossas escolhas e ren\u00fancias: o Amor de Deus, pois sem Ele nada vale a pena e nada tem sentido.<br \/>\nPosso dizer que o golpe da miseric\u00f3rdia aconteceu em um evento da Comunidade neste mesmo ano de 2005, em Fortaleza, o F\u00f3rum Carism\u00e1tico, que tratava de forma muito particular a tem\u00e1tica do sacerd\u00f3cio. No final deste encontro, o nosso fundador, Moys\u00e9s Azevedo, cheio de\u00a0 entusiasmo, motivava os jovens que ali estavam a se dirigirem para a frente do Sant\u00edssimo que estava exposto em adora\u00e7\u00e3o e ofertassem as suas vidas na viv\u00eancia do sacerd\u00f3cio na Igreja e na Comunidade. Foi um momento muito importante, e posso dizer que decisivo.<br \/>\nAli, de fato, diante de Jesus e da Comunidade reunida, eu dei um sim definitivo a Deus no caminho para o sacerd\u00f3cio. A partir de ent\u00e3o, as portas foram se abrindo para o meu chamado e este caminho passou a ser acompanhado pelo Shalom atrav\u00e9s dos formadores, dos estudos de Filosofia e Teologia, e, sobretudo, pela ora\u00e7\u00e3o e aux\u00edlio da Comunidade, que foi important\u00edssimo para que eu pudesse ir crescendo e amadurecendo no semin\u00e1rio. Por fim, fui ordenado Sacerdote para sempre, em vista da Comunidade, da Igreja e de toda a humanidade.<br \/>\nSou muito feliz pela voca\u00e7\u00e3o que Deus me deu e pelo Estado de Vida que, desde toda eternidade, Ele j\u00e1 havia pensado para mim, e que eu livremente escolhi para amar a Deus e servir aos irm\u00e3os. Posso dizer que n\u00e3o h\u00e1 maior alegria do que fazer a vontade de Deus, naquilo que Ele, em Sua infinita miseric\u00f3rdia e bondade, nos deu para viver. Sou Shalom. Sou sacerdote. E \u00e9 para sempre! Que Deus vos aben\u00e7oe.<\/p>\n","protected":false},"excerpt":{"rendered":"<p>Ao escolher o sacerd\u00f3cio, eu estava renunciando a algo t\u00e3o belo e humano que \u00e9&#8230;<\/p>\n","protected":false},"author":1,"featured_media":12602,"comment_status":"open","ping_status":"open","sticky":false,"template":"","format":"standard","meta":{"_jetpack_memberships_contains_paid_content":false,"footnotes":"","jetpack_publicize_message":"","jetpack_publicize_feature_enabled":true,"jetpack_social_post_already_shared":true,"jetpack_social_options":{"image_generator_settings":{"template":"highway","default_image_id":0,"font":"","enabled":false},"version":2}},"categories":[1],"tags":[],"class_list":["post-12601","post","type-post","status-publish","format-standard","has-post-thumbnail","hentry","category-atualidade"],"jetpack_publicize_connections":[],"jetpack_featured_media_url":"https:\/\/correiodasemana.com\/site\/wp-content\/uploads\/2020\/08\/WhatsApp-Image-2020-08-06-at-17.32.52.jpeg","jetpack-related-posts":[{"id":24202,"url":"https:\/\/correiodasemana.com\/site\/sobral-primeira-festa-da-divina-misericordia-e-realizada-na-comunidade-jesus-misericordioso\/","url_meta":{"origin":12601,"position":0},"title":"Sobral: Primeira festa da Divina Miseric\u00f3rdia \u00e9 realizada na Comunidade Jesus Misericordioso","author":"adminredacao","date":"Abril 24, 2023","format":false,"excerpt":"A futura par\u00f3quia dedicada a Jesus Misericordioso celebrou de 06 a 16 de abril a festa de seu padroeiro no espa\u00e7o Domus, no bairro Ant\u00f4nio Carlos Belchior. A solene celebra\u00e7\u00e3o da Festa da Divina Miseric\u00f3rdia foi presidida por Dom Vasconcelos, no findar da tarde deste domingo, 16\/04. A Festa da\u2026","rel":"","context":"In &quot;Atualidade&quot;","block_context":{"text":"Atualidade","link":"https:\/\/correiodasemana.com\/site\/category\/atualidade\/"},"img":{"alt_text":"","src":"https:\/\/i0.wp.com\/correiodasemana.com\/site\/wp-content\/uploads\/2023\/04\/terceiro-4-scaled.jpg?resize=350%2C200&ssl=1","width":350,"height":200,"srcset":"https:\/\/i0.wp.com\/correiodasemana.com\/site\/wp-content\/uploads\/2023\/04\/terceiro-4-scaled.jpg?resize=350%2C200&ssl=1 1x, https:\/\/i0.wp.com\/correiodasemana.com\/site\/wp-content\/uploads\/2023\/04\/terceiro-4-scaled.jpg?resize=525%2C300&ssl=1 1.5x, https:\/\/i0.wp.com\/correiodasemana.com\/site\/wp-content\/uploads\/2023\/04\/terceiro-4-scaled.jpg?resize=700%2C400&ssl=1 2x, https:\/\/i0.wp.com\/correiodasemana.com\/site\/wp-content\/uploads\/2023\/04\/terceiro-4-scaled.jpg?resize=1050%2C600&ssl=1 3x, https:\/\/i0.wp.com\/correiodasemana.com\/site\/wp-content\/uploads\/2023\/04\/terceiro-4-scaled.jpg?resize=1400%2C800&ssl=1 4x"},"classes":[]},{"id":28923,"url":"https:\/\/correiodasemana.com\/site\/area-pastoral-celebra-festa-da-divina-misericordia\/","url_meta":{"origin":12601,"position":1},"title":"\u00c1rea Pastoral celebra Festa da Divina Miseric\u00f3rdia","author":"adminredacao","date":"Abril 15, 2024","format":false,"excerpt":"A \u00c1rea Pastoral dedicada a Jesus Misericordioso realizou de 28 de mar\u00e7o a 7 de abril, a Festa em honra ao padroeiro, Jesus Misericordioso, no espa\u00e7o Dommus em Sobral com o tema: Fomos lavados por sua Miseric\u00f3rdia\u201d (Tl 3, 4-5) Todos os anos, a Igreja celebra, no segundo domingo do\u2026","rel":"","context":"In &quot;Atualidade&quot;","block_context":{"text":"Atualidade","link":"https:\/\/correiodasemana.com\/site\/category\/atualidade\/"},"img":{"alt_text":"","src":"https:\/\/i0.wp.com\/correiodasemana.com\/site\/wp-content\/uploads\/2024\/04\/WhatsApp-Image-2024-04-12-at-19.38.02-2.jpeg?resize=350%2C200&ssl=1","width":350,"height":200,"srcset":"https:\/\/i0.wp.com\/correiodasemana.com\/site\/wp-content\/uploads\/2024\/04\/WhatsApp-Image-2024-04-12-at-19.38.02-2.jpeg?resize=350%2C200&ssl=1 1x, https:\/\/i0.wp.com\/correiodasemana.com\/site\/wp-content\/uploads\/2024\/04\/WhatsApp-Image-2024-04-12-at-19.38.02-2.jpeg?resize=525%2C300&ssl=1 1.5x, https:\/\/i0.wp.com\/correiodasemana.com\/site\/wp-content\/uploads\/2024\/04\/WhatsApp-Image-2024-04-12-at-19.38.02-2.jpeg?resize=700%2C400&ssl=1 2x, https:\/\/i0.wp.com\/correiodasemana.com\/site\/wp-content\/uploads\/2024\/04\/WhatsApp-Image-2024-04-12-at-19.38.02-2.jpeg?resize=1050%2C600&ssl=1 3x, https:\/\/i0.wp.com\/correiodasemana.com\/site\/wp-content\/uploads\/2024\/04\/WhatsApp-Image-2024-04-12-at-19.38.02-2.jpeg?resize=1400%2C800&ssl=1 4x"},"classes":[]},{"id":8612,"url":"https:\/\/correiodasemana.com\/site\/uma-sublime-vocacao\/","url_meta":{"origin":12601,"position":2},"title":"Uma sublime voca\u00e7\u00e3o!","author":"","date":"Agosto 6, 2019","format":false,"excerpt":"A cada ano, a Igreja no Brasil dedica o m\u00eas de Agosto a rezar pelas voca\u00e7\u00f5es. A cada domingo se celebra uma voca\u00e7\u00e3o espec\u00edfica e, neste dia 04, celebramos o dia do padre. A Igreja reza pelas voca\u00e7\u00f5es sacerdotais, e n\u00f3s aproveitamos a oportunidade para homenagear a valorosa figura dos\u2026","rel":"","context":"In &quot;Artigos&quot;","block_context":{"text":"Artigos","link":"https:\/\/correiodasemana.com\/site\/category\/artigos\/"},"img":{"alt_text":"","src":"https:\/\/i0.wp.com\/correiodasemana.com\/site\/wp-content\/uploads\/2019\/07\/editorial-cs.jpg?resize=350%2C200&ssl=1","width":350,"height":200,"srcset":"https:\/\/i0.wp.com\/correiodasemana.com\/site\/wp-content\/uploads\/2019\/07\/editorial-cs.jpg?resize=350%2C200&ssl=1 1x, https:\/\/i0.wp.com\/correiodasemana.com\/site\/wp-content\/uploads\/2019\/07\/editorial-cs.jpg?resize=525%2C300&ssl=1 1.5x"},"classes":[]},{"id":12428,"url":"https:\/\/correiodasemana.com\/site\/uma-sublime-vocacao-2\/","url_meta":{"origin":12601,"position":3},"title":"Uma sublime voca\u00e7\u00e3o!","author":"","date":"Agosto 2, 2020","format":false,"excerpt":"A cada ano, a Igreja no Brasil dedica o m\u00eas de Agosto a rezar pelas voca\u00e7\u00f5es. A cada domingo se celebra uma voca\u00e7\u00e3o espec\u00edfica e, neste dia 02, celebramos o dia do padre. A Igreja reza pelas voca\u00e7\u00f5es sacerdotais, e n\u00f3s aproveitamos a oportunidade para homenagear a valorosa figura dos\u2026","rel":"","context":"In &quot;Artigos&quot;","block_context":{"text":"Artigos","link":"https:\/\/correiodasemana.com\/site\/category\/artigos\/"},"img":{"alt_text":"","src":"https:\/\/i0.wp.com\/correiodasemana.com\/site\/wp-content\/uploads\/2018\/02\/editorial-cs.jpg?resize=350%2C200&ssl=1","width":350,"height":200,"srcset":"https:\/\/i0.wp.com\/correiodasemana.com\/site\/wp-content\/uploads\/2018\/02\/editorial-cs.jpg?resize=350%2C200&ssl=1 1x, https:\/\/i0.wp.com\/correiodasemana.com\/site\/wp-content\/uploads\/2018\/02\/editorial-cs.jpg?resize=525%2C300&ssl=1 1.5x"},"classes":[]},{"id":17138,"url":"https:\/\/correiodasemana.com\/site\/a-vocacao-sacerdotal\/","url_meta":{"origin":12601,"position":4},"title":"A voca\u00e7\u00e3o sacerdotal","author":"","date":"Agosto 2, 2021","format":false,"excerpt":"A cada ano, a Igreja no Brasil dedica o m\u00eas de Agosto a rezar pelas voca\u00e7\u00f5es. A cada domingo se celebra uma voca\u00e7\u00e3o espec\u00edfica e, neste dia 01, celebramos o dia do padre. A Igreja reza pelas voca\u00e7\u00f5es sacerdotais, e n\u00f3s aproveitamos a oportunidade para homenagear a valorosa figura dos\u2026","rel":"","context":"In &quot;Artigos&quot;","block_context":{"text":"Artigos","link":"https:\/\/correiodasemana.com\/site\/category\/artigos\/"},"img":{"alt_text":"","src":"https:\/\/i0.wp.com\/correiodasemana.com\/site\/wp-content\/uploads\/2018\/02\/editorial-cs.jpg?resize=350%2C200&ssl=1","width":350,"height":200,"srcset":"https:\/\/i0.wp.com\/correiodasemana.com\/site\/wp-content\/uploads\/2018\/02\/editorial-cs.jpg?resize=350%2C200&ssl=1 1x, https:\/\/i0.wp.com\/correiodasemana.com\/site\/wp-content\/uploads\/2018\/02\/editorial-cs.jpg?resize=525%2C300&ssl=1 1.5x"},"classes":[]},{"id":33661,"url":"https:\/\/correiodasemana.com\/site\/festa-da-divina-misericordia-fortalece-a-fe-e-prepara-caminhada-pastoral-no-bairro-belchior\/","url_meta":{"origin":12601,"position":5},"title":"Festa da Divina Miseric\u00f3rdia fortalece a f\u00e9 e prepara caminhada pastoral no bairro Belchior","author":"adminredacao","date":"Maio 5, 2025","format":false,"excerpt":"A Quase-Par\u00f3quia da Divina Miseric\u00f3rdia realizou, de 17 a 27 de abril, a Festa em honra a Jesus Misericordioso no espa\u00e7o Domus, situado no bairro Belchior, em Sobral, com o tema: \u201cEste \u00e9 o cora\u00e7\u00e3o que tanto amou\u201d. A cada dia, in\u00fameros sacerdotes contribu\u00edram para a viv\u00eancia espiritual da comunidade,\u2026","rel":"","context":"In &quot;Atualidade&quot;","block_context":{"text":"Atualidade","link":"https:\/\/correiodasemana.com\/site\/category\/atualidade\/"},"img":{"alt_text":"","src":"https:\/\/i0.wp.com\/correiodasemana.com\/site\/wp-content\/uploads\/2025\/05\/festa-da-divina-misericordia-11.jpg?resize=350%2C200&ssl=1","width":350,"height":200,"srcset":"https:\/\/i0.wp.com\/correiodasemana.com\/site\/wp-content\/uploads\/2025\/05\/festa-da-divina-misericordia-11.jpg?resize=350%2C200&ssl=1 1x, https:\/\/i0.wp.com\/correiodasemana.com\/site\/wp-content\/uploads\/2025\/05\/festa-da-divina-misericordia-11.jpg?resize=525%2C300&ssl=1 1.5x, https:\/\/i0.wp.com\/correiodasemana.com\/site\/wp-content\/uploads\/2025\/05\/festa-da-divina-misericordia-11.jpg?resize=700%2C400&ssl=1 2x, https:\/\/i0.wp.com\/correiodasemana.com\/site\/wp-content\/uploads\/2025\/05\/festa-da-divina-misericordia-11.jpg?resize=1050%2C600&ssl=1 3x"},"classes":[]}],"jetpack_sharing_enabled":true,"_links":{"self":[{"href":"https:\/\/correiodasemana.com\/site\/wp-json\/wp\/v2\/posts\/12601","targetHints":{"allow":["GET"]}}],"collection":[{"href":"https:\/\/correiodasemana.com\/site\/wp-json\/wp\/v2\/posts"}],"about":[{"href":"https:\/\/correiodasemana.com\/site\/wp-json\/wp\/v2\/types\/post"}],"author":[{"embeddable":true,"href":"https:\/\/correiodasemana.com\/site\/wp-json\/wp\/v2\/users\/1"}],"replies":[{"embeddable":true,"href":"https:\/\/correiodasemana.com\/site\/wp-json\/wp\/v2\/comments?post=12601"}],"version-history":[{"count":1,"href":"https:\/\/correiodasemana.com\/site\/wp-json\/wp\/v2\/posts\/12601\/revisions"}],"predecessor-version":[{"id":12603,"href":"https:\/\/correiodasemana.com\/site\/wp-json\/wp\/v2\/posts\/12601\/revisions\/12603"}],"wp:featuredmedia":[{"embeddable":true,"href":"https:\/\/correiodasemana.com\/site\/wp-json\/wp\/v2\/media\/12602"}],"wp:attachment":[{"href":"https:\/\/correiodasemana.com\/site\/wp-json\/wp\/v2\/media?parent=12601"}],"wp:term":[{"taxonomy":"category","embeddable":true,"href":"https:\/\/correiodasemana.com\/site\/wp-json\/wp\/v2\/categories?post=12601"},{"taxonomy":"post_tag","embeddable":true,"href":"https:\/\/correiodasemana.com\/site\/wp-json\/wp\/v2\/tags?post=12601"}],"curies":[{"name":"wp","href":"https:\/\/api.w.org\/{rel}","templated":true}]}}