{"id":12607,"date":"2020-08-10T00:20:33","date_gmt":"2020-08-10T03:20:33","guid":{"rendered":"https:\/\/correiodasemana.com\/site\/?p=12607"},"modified":"2020-08-10T00:20:33","modified_gmt":"2020-08-10T03:20:33","slug":"dia-nacional-da-saude-e-marcado-por-massagens-e-limpeza-de-pele-em-idosos-e-profissionais-de-abrigo-em-sobral","status":"publish","type":"post","link":"https:\/\/correiodasemana.com\/site\/dia-nacional-da-saude-e-marcado-por-massagens-e-limpeza-de-pele-em-idosos-e-profissionais-de-abrigo-em-sobral\/","title":{"rendered":"Dia Nacional da Sa\u00fade \u00e9 marcado por massagens e limpeza de pele em idosos e profissionais de Abrigo em Sobral"},"content":{"rendered":"<p><strong>Evento interno aconteceu no Abrigo Sagrado Cora\u00e7\u00e3o de Jesus, unidade do Complexo Santa Casa de Miseric\u00f3rdia de Sobral. Seguindo as medidas de seguran\u00e7a no combate \u00e0 Covid-19, o momento tamb\u00e9m contou com a realiza\u00e7\u00e3o de v\u00e1rios testes de sa\u00fade como aferi\u00e7\u00e3o de press\u00e3o e glicemia. \u00a0<\/strong><\/p>\n<p>Assessoria de Comunica\u00e7\u00e3o Complexo SCMS<br \/>\nUm clima agrad\u00e1vel de relaxamento e sa\u00fade tomou conta do Abrigo Sagrado Cora\u00e7\u00e3o de Jesus, unidade do Complexo Santa Casa de Miseric\u00f3rdia de Sobral, na quarta-feira (05\/08). Em alus\u00e3o ao Dia Nacional da Sa\u00fade, os 33 idosos acolhidos e tamb\u00e9m os profissionais da institui\u00e7\u00e3o ganharam massagens e limpeza de pele. Seguindo todas as medidas de preven\u00e7\u00e3o e seguran\u00e7a no combate \u00e0 Covid-19, o momento tamb\u00e9m contou com a realiza\u00e7\u00e3o de v\u00e1rios testes de sa\u00fade como aferi\u00e7\u00e3o de press\u00e3o e glicemia.<\/p>\n<p><img fetchpriority=\"high\" decoding=\"async\" class=\"alignleft size-full wp-image-12608\" src=\"https:\/\/correiodasemana.com\/site\/wp-content\/uploads\/2020\/08\/Foto-1-1.jpg\" alt=\"\" width=\"999\" height=\"666\" srcset=\"https:\/\/correiodasemana.com\/site\/wp-content\/uploads\/2020\/08\/Foto-1-1.jpg 999w, https:\/\/correiodasemana.com\/site\/wp-content\/uploads\/2020\/08\/Foto-1-1-300x200.jpg 300w, https:\/\/correiodasemana.com\/site\/wp-content\/uploads\/2020\/08\/Foto-1-1-768x512.jpg 768w, https:\/\/correiodasemana.com\/site\/wp-content\/uploads\/2020\/08\/Foto-1-1-675x450.jpg 675w\" sizes=\"(max-width: 999px) 100vw, 999px\" \/> <img decoding=\"async\" class=\"alignleft size-full wp-image-12609\" src=\"https:\/\/correiodasemana.com\/site\/wp-content\/uploads\/2020\/08\/Dia-da-Sa\u00fade-4.jpg\" alt=\"\" width=\"999\" height=\"666\" srcset=\"https:\/\/correiodasemana.com\/site\/wp-content\/uploads\/2020\/08\/Dia-da-Sa\u00fade-4.jpg 999w, https:\/\/correiodasemana.com\/site\/wp-content\/uploads\/2020\/08\/Dia-da-Sa\u00fade-4-300x200.jpg 300w, https:\/\/correiodasemana.com\/site\/wp-content\/uploads\/2020\/08\/Dia-da-Sa\u00fade-4-768x512.jpg 768w, https:\/\/correiodasemana.com\/site\/wp-content\/uploads\/2020\/08\/Dia-da-Sa\u00fade-4-675x450.jpg 675w\" sizes=\"(max-width: 999px) 100vw, 999px\" \/><br \/>\n\u00c9 o segundo ano consecutivo que o Abrigo realiza uma manh\u00e3 de atividades l\u00fadicas e saud\u00e1veis para comemorar o Dia Nacional da Sa\u00fade, desta vez n\u00e3o recebendo p\u00fablico externo como no ano passado.\u00a0\u201cEsse ano foi um pouco diferente. pois n\u00e3o podemos receber nossos convidados, ter contato com o p\u00fablico que nos visita. Tivemos aferi\u00e7\u00f5es de press\u00e3o, temperatura, satura\u00e7\u00e3o, glicemia, de todos os idosos e funcion\u00e1rios. Testes de sa\u00fade preventivos j\u00e1 faz parte de nossa rotina, esse ano o diferencial foram as massagens que todos recebemos de profissionais especialistas\u201d, explica D\u00e9borah Lopes, enfermeira do Abrigo Sagrado Cora\u00e7\u00e3o de Jesus.<br \/>\nA comemora\u00e7\u00e3o interna contou com a presen\u00e7a de dois profissionais massoterapeutas, que usando todos os Equipamentos de Prote\u00e7\u00e3o Individual (EPIs) necess\u00e1rios, proporcionaram relaxamento e bem-estar aos idosos e profissionais. De acordo com a diretora do Abrigo, Maria Eliane de Oliveira, o momento foi agrad\u00e1vel e gerou motiva\u00e7\u00e3o e alegria em profissionais e idosos acolhidos:\u00a0\u201cFoi um momento onde a sa\u00fade foi celebrada, al\u00e9m dos testes de preven\u00e7\u00e3o e massagens, tamb\u00e9m tivemos um momento de limpeza de pele nos idosos e funcion\u00e1rios, que se sentiram rejuvenescidos e encheram o rosto de felicidade\u201d, ressalta a diretora da institui\u00e7\u00e3o.<br \/>\nGuilherme Bertoldo, um dos massoterapeutas que passaram a manh\u00e3 com os idosos e profissionais, demonstrou satisfa\u00e7\u00e3o em poder participar do momento: \u201c\u00c9 uma alegria muito grande poder est\u00e1 ajudando os idosos, mesmo que por alguns minutos, a se sentirem relaxados e felizes. \u00c9 emocionante poder estar ajudando, trazendo um bem-estar para esses idosos, e tamb\u00e9m a quem cuida deles\u201d, ressaltou.<\/p>\n","protected":false},"excerpt":{"rendered":"<p>Evento interno aconteceu no Abrigo Sagrado Cora\u00e7\u00e3o de Jesus, unidade do Complexo Santa Casa de&#8230;<\/p>\n","protected":false},"author":1,"featured_media":12609,"comment_status":"open","ping_status":"open","sticky":false,"template":"","format":"standard","meta":{"_jetpack_memberships_contains_paid_content":false,"footnotes":"","jetpack_publicize_message":"","jetpack_publicize_feature_enabled":true,"jetpack_social_post_already_shared":true,"jetpack_social_options":{"image_generator_settings":{"template":"highway","default_image_id":0,"font":"","enabled":false},"version":2}},"categories":[1],"tags":[],"class_list":["post-12607","post","type-post","status-publish","format-standard","has-post-thumbnail","hentry","category-atualidade"],"jetpack_publicize_connections":[],"jetpack_featured_media_url":"https:\/\/correiodasemana.com\/site\/wp-content\/uploads\/2020\/08\/Dia-da-Sa\u00fade-4.jpg","jetpack-related-posts":[{"id":17164,"url":"https:\/\/correiodasemana.com\/site\/abrigo-sagrado-coracao-de-jesus-celebra-dia-nacional-da-saude-com-tenda-de-cuidados\/","url_meta":{"origin":12607,"position":0},"title":"Abrigo Sagrado Cora\u00e7\u00e3o de Jesus celebra Dia Nacional da Sa\u00fade com tenda de cuidados","author":"","date":"Agosto 9, 2021","format":false,"excerpt":"Durante a a\u00e7\u00e3o, idosos e colaboradores da c\u00faria diocesana puderam realizar testes de sinais vitais de temperatura, glicemia e press\u00e3o arterial (PA). Ascom Complexo SCMS Com o objetivo de chamar a aten\u00e7\u00e3o da popula\u00e7\u00e3o para os cuidados com a sa\u00fade, o Abrigo Sagrado Cora\u00e7\u00e3o de Jesus, unidade do Complexo Santa\u2026","rel":"","context":"In &quot;Atualidade&quot;","block_context":{"text":"Atualidade","link":"https:\/\/correiodasemana.com\/site\/category\/atualidade\/"},"img":{"alt_text":"","src":"https:\/\/i0.wp.com\/correiodasemana.com\/site\/wp-content\/uploads\/2021\/08\/foto-1.jpeg?resize=350%2C200&ssl=1","width":350,"height":200,"srcset":"https:\/\/i0.wp.com\/correiodasemana.com\/site\/wp-content\/uploads\/2021\/08\/foto-1.jpeg?resize=350%2C200&ssl=1 1x, https:\/\/i0.wp.com\/correiodasemana.com\/site\/wp-content\/uploads\/2021\/08\/foto-1.jpeg?resize=525%2C300&ssl=1 1.5x, https:\/\/i0.wp.com\/correiodasemana.com\/site\/wp-content\/uploads\/2021\/08\/foto-1.jpeg?resize=700%2C400&ssl=1 2x, https:\/\/i0.wp.com\/correiodasemana.com\/site\/wp-content\/uploads\/2021\/08\/foto-1.jpeg?resize=1050%2C600&ssl=1 3x"},"classes":[]},{"id":13963,"url":"https:\/\/correiodasemana.com\/site\/abrigo-sagrado-coracao-de-jesus-proporciona-dia-de-massagens-beleza-e-testes-de-saude-a-idosos-acolhidos\/","url_meta":{"origin":12607,"position":1},"title":"Abrigo Sagrado Cora\u00e7\u00e3o de Jesus proporciona dia de massagens, beleza e testes de sa\u00fade a idosos acolhidos","author":"","date":"Outubro 7, 2020","format":false,"excerpt":"Proporcionando sa\u00fade e qualidade de vida aos idosos acolhidos,\u00a0o\u00a0Abrigo Sagrado Cora\u00e7\u00e3o de Jesus, unidade do Complexo Santa Casa de Miseric\u00f3rdia de Sobral, organizou na segunda-feira (28\/09) um dia relaxante de\u00a0massagens, cuidados de beleza com direito a manicures e pedicures, e intensifica\u00e7\u00e3o dos cuidados de sa\u00fade, com testes de aferi\u00e7\u00e3o de\u2026","rel":"","context":"In &quot;Atualidade&quot;","block_context":{"text":"Atualidade","link":"https:\/\/correiodasemana.com\/site\/category\/atualidade\/"},"img":{"alt_text":"","src":"https:\/\/i0.wp.com\/correiodasemana.com\/site\/wp-content\/uploads\/2020\/10\/Saude-1-1-scaled.jpg?resize=350%2C200&ssl=1","width":350,"height":200,"srcset":"https:\/\/i0.wp.com\/correiodasemana.com\/site\/wp-content\/uploads\/2020\/10\/Saude-1-1-scaled.jpg?resize=350%2C200&ssl=1 1x, https:\/\/i0.wp.com\/correiodasemana.com\/site\/wp-content\/uploads\/2020\/10\/Saude-1-1-scaled.jpg?resize=525%2C300&ssl=1 1.5x, https:\/\/i0.wp.com\/correiodasemana.com\/site\/wp-content\/uploads\/2020\/10\/Saude-1-1-scaled.jpg?resize=700%2C400&ssl=1 2x, https:\/\/i0.wp.com\/correiodasemana.com\/site\/wp-content\/uploads\/2020\/10\/Saude-1-1-scaled.jpg?resize=1050%2C600&ssl=1 3x, https:\/\/i0.wp.com\/correiodasemana.com\/site\/wp-content\/uploads\/2020\/10\/Saude-1-1-scaled.jpg?resize=1400%2C800&ssl=1 4x"},"classes":[]},{"id":13884,"url":"https:\/\/correiodasemana.com\/site\/aniversario-arteterapia-massagens-e-ensaio-fotografico-marcam-semana-do-idoso-no-abrigo-sagrado-coracao-de-jesus\/","url_meta":{"origin":12607,"position":2},"title":"Anivers\u00e1rio, arteterapia, massagens e ensaio fotogr\u00e1fico marcam semana do idoso no Abrigo Sagrado Cora\u00e7\u00e3o de Jesus","author":"","date":"Outubro 4, 2020","format":false,"excerpt":"Semana iniciou com celebra\u00e7\u00e3o dos 67 anos de exist\u00eancia da institui\u00e7\u00e3o. Anualmente aberta ao p\u00fablico externo, a semana do idoso no Abrigo Sagrado Cora\u00e7\u00e3o de Jesus, unidade do Complexo Santa Casa de Miseric\u00f3rdia de Sobral, aconteceu neste ano de forma restrita devido \u00e0 pandemia de Covid-19. Entre o s\u00e1bado (26\/09)\u2026","rel":"","context":"In &quot;Atualidade&quot;","block_context":{"text":"Atualidade","link":"https:\/\/correiodasemana.com\/site\/category\/atualidade\/"},"img":{"alt_text":"","src":"https:\/\/i0.wp.com\/correiodasemana.com\/site\/wp-content\/uploads\/2020\/10\/Parabens.jpeg?resize=350%2C200&ssl=1","width":350,"height":200,"srcset":"https:\/\/i0.wp.com\/correiodasemana.com\/site\/wp-content\/uploads\/2020\/10\/Parabens.jpeg?resize=350%2C200&ssl=1 1x, https:\/\/i0.wp.com\/correiodasemana.com\/site\/wp-content\/uploads\/2020\/10\/Parabens.jpeg?resize=525%2C300&ssl=1 1.5x, https:\/\/i0.wp.com\/correiodasemana.com\/site\/wp-content\/uploads\/2020\/10\/Parabens.jpeg?resize=700%2C400&ssl=1 2x, https:\/\/i0.wp.com\/correiodasemana.com\/site\/wp-content\/uploads\/2020\/10\/Parabens.jpeg?resize=1050%2C600&ssl=1 3x"},"classes":[]},{"id":15517,"url":"https:\/\/correiodasemana.com\/site\/idosos-do-abrigo-sagrado-coracao-de-jesus-em-sobral-sao-vacinados-contra-covid-19\/","url_meta":{"origin":12607,"position":3},"title":"Idosos do Abrigo Sagrado Cora\u00e7\u00e3o de Jesus em Sobral s\u00e3o vacinados contra Covid-19","author":"","date":"Janeiro 24, 2021","format":false,"excerpt":"A vacina\u00e7\u00e3o contempla a primeira fase da imuniza\u00e7\u00e3o no munic\u00edpio que al\u00e9m dos profissionais da sa\u00fade abrange Institui\u00e7\u00f5es de Longa Perman\u00eancia para Idosos (ILPI). Ascom Complexo SCMS Os 32 idosos acolhidos pelo Abrigo Sagrado Cora\u00e7\u00e3o de Jesus, unidade do Complexo Santa Casa de Miseric\u00f3rdia de Sobral, foram os primeiros idosos\u2026","rel":"","context":"In &quot;Atualidade&quot;","block_context":{"text":"Atualidade","link":"https:\/\/correiodasemana.com\/site\/category\/atualidade\/"},"img":{"alt_text":"","src":"https:\/\/i0.wp.com\/correiodasemana.com\/site\/wp-content\/uploads\/2021\/01\/Vacinacao-Abrigo-Covid-19-1.jpeg?resize=350%2C200&ssl=1","width":350,"height":200,"srcset":"https:\/\/i0.wp.com\/correiodasemana.com\/site\/wp-content\/uploads\/2021\/01\/Vacinacao-Abrigo-Covid-19-1.jpeg?resize=350%2C200&ssl=1 1x, https:\/\/i0.wp.com\/correiodasemana.com\/site\/wp-content\/uploads\/2021\/01\/Vacinacao-Abrigo-Covid-19-1.jpeg?resize=525%2C300&ssl=1 1.5x, https:\/\/i0.wp.com\/correiodasemana.com\/site\/wp-content\/uploads\/2021\/01\/Vacinacao-Abrigo-Covid-19-1.jpeg?resize=700%2C400&ssl=1 2x"},"classes":[]},{"id":14090,"url":"https:\/\/correiodasemana.com\/site\/idosos-do-abrigo-sagrado-coracao-de-jesus-em-sobral-realizam-ensaio-fotografico\/","url_meta":{"origin":12607,"position":4},"title":"Idosos do Abrigo Sagrado Cora\u00e7\u00e3o de Jesus em Sobral realizam ensaio fotogr\u00e1fico","author":"","date":"Outubro 14, 2020","format":false,"excerpt":"Levando alegria e descontra\u00e7\u00e3o aos 33 idosos acolhidos, uma decora\u00e7\u00e3o de conto de fadas foi organizada na ter\u00e7a-feira (29\/09) no Abrigo Sagrado Cora\u00e7\u00e3o de Jesus, unidade do Complexo Santa Casa de Miseric\u00f3rdia de Sobral. Com roupas especiais, os idosos participaram de um lindo ensaio fotogr\u00e1fico. A\u00e7\u00e3o fez parte da programa\u00e7\u00e3o\u2026","rel":"","context":"In &quot;Atualidade&quot;","block_context":{"text":"Atualidade","link":"https:\/\/correiodasemana.com\/site\/category\/atualidade\/"},"img":{"alt_text":"","src":"https:\/\/i0.wp.com\/correiodasemana.com\/site\/wp-content\/uploads\/2020\/10\/Ensaio-1-1-scaled.jpg?resize=350%2C200&ssl=1","width":350,"height":200,"srcset":"https:\/\/i0.wp.com\/correiodasemana.com\/site\/wp-content\/uploads\/2020\/10\/Ensaio-1-1-scaled.jpg?resize=350%2C200&ssl=1 1x, https:\/\/i0.wp.com\/correiodasemana.com\/site\/wp-content\/uploads\/2020\/10\/Ensaio-1-1-scaled.jpg?resize=525%2C300&ssl=1 1.5x, https:\/\/i0.wp.com\/correiodasemana.com\/site\/wp-content\/uploads\/2020\/10\/Ensaio-1-1-scaled.jpg?resize=700%2C400&ssl=1 2x, https:\/\/i0.wp.com\/correiodasemana.com\/site\/wp-content\/uploads\/2020\/10\/Ensaio-1-1-scaled.jpg?resize=1050%2C600&ssl=1 3x, https:\/\/i0.wp.com\/correiodasemana.com\/site\/wp-content\/uploads\/2020\/10\/Ensaio-1-1-scaled.jpg?resize=1400%2C800&ssl=1 4x"},"classes":[]},{"id":16782,"url":"https:\/\/correiodasemana.com\/site\/em-clima-de-arraia-idosos-do-abrigo-sagrado-coracao-de-jesus-sao-vacinados-contra-gripe-h1n1\/","url_meta":{"origin":12607,"position":5},"title":"Em clima de arrai\u00e1, idosos do Abrigo Sagrado Cora\u00e7\u00e3o de Jesus s\u00e3o vacinados contra gripe H1N1","author":"","date":"Junho 20, 2021","format":false,"excerpt":"Para celebrar a imuniza\u00e7\u00e3o contra a gripe H1N1 dos 31 idosos acolhidos no Abrigo Sagrado Cora\u00e7\u00e3o de Jesus, unidade do Complexo Santa Casa de Miseric\u00f3rdia de Sobral, a institui\u00e7\u00e3o organizou nesta quarta-feira (16\/06) o \u2018Arrai\u00e1 H1N1\u2019. O momento em clima de festa junina aconteceu seguindo a campanha de vacina\u00e7\u00e3o municipal,\u2026","rel":"","context":"In &quot;Atualidade&quot;","block_context":{"text":"Atualidade","link":"https:\/\/correiodasemana.com\/site\/category\/atualidade\/"},"img":{"alt_text":"","src":"https:\/\/i0.wp.com\/correiodasemana.com\/site\/wp-content\/uploads\/2021\/06\/arraia-coracaodejesus.jpg?resize=350%2C200&ssl=1","width":350,"height":200,"srcset":"https:\/\/i0.wp.com\/correiodasemana.com\/site\/wp-content\/uploads\/2021\/06\/arraia-coracaodejesus.jpg?resize=350%2C200&ssl=1 1x, https:\/\/i0.wp.com\/correiodasemana.com\/site\/wp-content\/uploads\/2021\/06\/arraia-coracaodejesus.jpg?resize=525%2C300&ssl=1 1.5x, https:\/\/i0.wp.com\/correiodasemana.com\/site\/wp-content\/uploads\/2021\/06\/arraia-coracaodejesus.jpg?resize=700%2C400&ssl=1 2x, https:\/\/i0.wp.com\/correiodasemana.com\/site\/wp-content\/uploads\/2021\/06\/arraia-coracaodejesus.jpg?resize=1050%2C600&ssl=1 3x"},"classes":[]}],"jetpack_sharing_enabled":true,"_links":{"self":[{"href":"https:\/\/correiodasemana.com\/site\/wp-json\/wp\/v2\/posts\/12607","targetHints":{"allow":["GET"]}}],"collection":[{"href":"https:\/\/correiodasemana.com\/site\/wp-json\/wp\/v2\/posts"}],"about":[{"href":"https:\/\/correiodasemana.com\/site\/wp-json\/wp\/v2\/types\/post"}],"author":[{"embeddable":true,"href":"https:\/\/correiodasemana.com\/site\/wp-json\/wp\/v2\/users\/1"}],"replies":[{"embeddable":true,"href":"https:\/\/correiodasemana.com\/site\/wp-json\/wp\/v2\/comments?post=12607"}],"version-history":[{"count":1,"href":"https:\/\/correiodasemana.com\/site\/wp-json\/wp\/v2\/posts\/12607\/revisions"}],"predecessor-version":[{"id":12610,"href":"https:\/\/correiodasemana.com\/site\/wp-json\/wp\/v2\/posts\/12607\/revisions\/12610"}],"wp:featuredmedia":[{"embeddable":true,"href":"https:\/\/correiodasemana.com\/site\/wp-json\/wp\/v2\/media\/12609"}],"wp:attachment":[{"href":"https:\/\/correiodasemana.com\/site\/wp-json\/wp\/v2\/media?parent=12607"}],"wp:term":[{"taxonomy":"category","embeddable":true,"href":"https:\/\/correiodasemana.com\/site\/wp-json\/wp\/v2\/categories?post=12607"},{"taxonomy":"post_tag","embeddable":true,"href":"https:\/\/correiodasemana.com\/site\/wp-json\/wp\/v2\/tags?post=12607"}],"curies":[{"name":"wp","href":"https:\/\/api.w.org\/{rel}","templated":true}]}}