{"id":12631,"date":"2020-08-10T00:51:12","date_gmt":"2020-08-10T03:51:12","guid":{"rendered":"https:\/\/correiodasemana.com\/site\/?p=12631"},"modified":"2020-08-10T00:51:12","modified_gmt":"2020-08-10T03:51:12","slug":"a-advocacia","status":"publish","type":"post","link":"https:\/\/correiodasemana.com\/site\/a-advocacia\/","title":{"rendered":"A ADVOCACIA"},"content":{"rendered":"<p>Dia 11 pr\u00f3ximo, celebramos o Dia do Advogado, data na qual foram criados por Dom Pedro I os primeiros cursos jur\u00eddicos no Brasil &#8211; \u00a0S\u00e3o Paulo, no Largo do S\u00e3o Francisco e no Mosteiro de S\u00e3o Bento, em Olinda, Pernambuco, em 11 de agosto de 1827, sendo a do Largo de S\u00e3o Francisco instalada antes que a de Pernambuco. Anos depois, a data ficou sendo, tamb\u00e9m, o dia do Estudante. A n\u00f3s advogados parece uma profecia a uni\u00e3o dessas duas celebra\u00e7\u00f5es, posto que o advogado \u00e9 um eterno estudante.<br \/>\nTalvez eu me fa\u00e7a suspeito de falar, mas, acho a advocacia uma das mais belas profiss\u00f5es. O Direito tantas vezes confundido com a Justi\u00e7a \u00e9 um meio de se chegar a esta. Sem um dificilmente o outro existe e a Justi\u00e7a precisa da t\u00e9cnica do Direito para poder se alcan\u00e7ada. O grande fil\u00f3sofo grego Arist\u00f3teles ensina que praticar a Justi\u00e7a \u00e9 dar a cada um o que \u00e9 devido segundo os seus m\u00e9ritos. Durante muito tempo Direito e Justi\u00e7a foram confundidos e muitas vezes, ainda hoje, falamos em Direito como Justi\u00e7a, sen\u00e3o vejamos. Quando se vai buscar o Direito para se chegar \u00e0 Justi\u00e7a, dizemos que vamos \u00e0 \u201cJusti\u00e7a\u201d, enquanto estamos indo ao Direito para por meio dele se chegar \u00e0 Justi\u00e7a. E a ela chegamos, gra\u00e7as a este.<br \/>\nA atual Constitui\u00e7\u00e3o Federal, em seu artigo 133, ressalta que \u201co advogado \u00e9 indispens\u00e1vel \u00e0 administra\u00e7\u00e3o da justi\u00e7a, sendo inviol\u00e1vel por seus atos e manifesta\u00e7\u00f5es no exerc\u00edcio da profiss\u00e3o, nos limites da lei\u201d. Vemos a nossa gloriosa Ordem dos Advogados do Brasil sempre na vanguarda por direitos, prerrogativas, visando conquistas n\u00e3o s\u00f3 para a advocacia, mas, para toda a sociedade brasileira.<br \/>\nEm homenagem a advogados, magistrados, promotores, defensores e, principalmente, aos meus alunos, fiz um poema que reproduzo com a tem\u00e1tica da Justi\u00e7a na B\u00edblia:<\/p>\n<p>Justi\u00e7a B\u00edblica<\/p>\n<p>Faze justi\u00e7a tanto para o<br \/>\nPequeno como para o grande. (Eclesi\u00e1stico 5, 18)<br \/>\nA justi\u00e7a \u00e9 imortal. (Sabedoria 1, 15)<\/p>\n<p>Aquele que exerce a justi\u00e7a<br \/>\nPossuir\u00e1 a sabedoria. (Eclesi\u00e1stico 15,1)<br \/>\n&#8230; o justo fa\u00e7a a justi\u00e7a. (Apocalipse 22, 11)<\/p>\n<p>Julgai segundo a verdadeira justi\u00e7a;<br \/>\nCada um de v\u00f3s tenha bom cora\u00e7\u00e3o e<br \/>\nSeja compassivo para com o seu irm\u00e3o. (Zacarias 7, 9)<\/p>\n<p>N\u00e3o julgueis pela apar\u00eancia,<br \/>\nMas julgai conforme a justi\u00e7a. (Jo\u00e3o 7,24)<br \/>\nVossa justi\u00e7a \u00e9 justi\u00e7a eterna; e firme, a vossa lei. (Salmos\u00a0118, 142)<\/p>\n<p>Tomarei o direito por fio de prumo e, por n\u00edvel, a justi\u00e7a. (Isa\u00edas 28, 17)<br \/>\nA justi\u00e7a produzir\u00e1 a paz<br \/>\nE o direito assegurar\u00e1 a tranquilidade. (Isa\u00edas 32, 17)<\/p>\n<p>Semeai na justi\u00e7a,<br \/>\nE colhereis bondade em propor\u00e7\u00e3o. (Os\u00e9ias 10, 12)<br \/>\n&#8230; eternos s\u00e3o os decretos de vossa justi\u00e7a. (Salmos 118, 160)<\/p>\n<p>Cobre-te com o manto da justi\u00e7a que vem de Deus, e (Baruc 5, 2)<br \/>\nFlorescer\u00e1 em seus dias a justi\u00e7a,<br \/>\nE a abund\u00e2ncia da paz at\u00e9 que cesse a lua de brilhar. (Salmos 71, 7)<\/p>\n<p>N\u00e3o far\u00e1s curvar a justi\u00e7a, e n\u00e3o far\u00e1s distin\u00e7\u00e3o de pessoas;<br \/>\nN\u00e3o aceitar\u00e1s presentes, porque os presentes cegam<br \/>\nOs olhos do s\u00e1bio e destroem a causa dos justos. (Deuteron\u00f4mio 16,19)<\/p>\n<p>Tereis balan\u00e7as justas, pesos justos&#8230; (Lev\u00edtico 19,36)<br \/>\nA bondade e a fidelidade outra vez se ir\u00e3o unir,<br \/>\nA justi\u00e7a e a paz de novo se dar\u00e3o as m\u00e3os. (Salmos 84, 11)<\/p>\n<p>A n\u00f3s Advogados, em nossas a\u00e7\u00f5es, vale lembrar pr\u00e9dica de que n\u00e3o foi advogado e trilha o caminho da santidade, Mons. Arn\u00f3bio de Andrade: \u201cO importante n\u00e3o \u00e9 s\u00f3 come\u00e7ar bem, mas, terminar bem\u201d!<br \/>\nAve Advocatus!<br \/>\nAve Alumnus!<\/p>\n","protected":false},"excerpt":{"rendered":"<p>Dia 11 pr\u00f3ximo, celebramos o Dia do Advogado, data na qual foram criados por Dom&#8230;<\/p>\n","protected":false},"author":1,"featured_media":7874,"comment_status":"open","ping_status":"open","sticky":false,"template":"","format":"standard","meta":{"_jetpack_memberships_contains_paid_content":false,"footnotes":"","jetpack_publicize_message":"","jetpack_publicize_feature_enabled":true,"jetpack_social_post_already_shared":true,"jetpack_social_options":{"image_generator_settings":{"template":"highway","default_image_id":0,"font":"","enabled":false},"version":2}},"categories":[11,41],"tags":[],"class_list":["post-12631","post","type-post","status-publish","format-standard","has-post-thumbnail","hentry","category-artigos","category-jose-luis-lira"],"jetpack_publicize_connections":[],"jetpack_featured_media_url":"https:\/\/correiodasemana.com\/site\/wp-content\/uploads\/2018\/02\/Jose\u0301-1.jpg","jetpack-related-posts":[{"id":34655,"url":"https:\/\/correiodasemana.com\/site\/oab-de-sobral-no-ceara-cria-comissao-especial-de-direito-canonico\/","url_meta":{"origin":12631,"position":0},"title":"OAB de Sobral, no Cear\u00e1, cria Comiss\u00e3o Especial de Direito Can\u00f4nico","author":"adminredacao","date":"Julho 15, 2025","format":false,"excerpt":"Fonte: Vatican News Durante 3\u00aa Reuni\u00e3o Ordin\u00e1ria do Conselho Pleno da Subsec\u00e7\u00e3o de Sobral da Ordem dos Advogados do Brasil \u2013 Se\u00e7\u00e3o do Cear\u00e1, realizada de forma h\u00edbrida, na sede da OAB Sobral, no Cear\u00e1, na tarde desta quinta-feira, 10 de julho de 2025, presidida pelo advogado Rafael Ponte, presidente\u2026","rel":"","context":"In &quot;Atualidade&quot;","block_context":{"text":"Atualidade","link":"https:\/\/correiodasemana.com\/site\/category\/atualidade\/"},"img":{"alt_text":"","src":"https:\/\/i0.wp.com\/correiodasemana.com\/site\/wp-content\/uploads\/2025\/07\/Jornal-Correio-da-Semana-No-1080-1.jpg?resize=350%2C200&ssl=1","width":350,"height":200,"srcset":"https:\/\/i0.wp.com\/correiodasemana.com\/site\/wp-content\/uploads\/2025\/07\/Jornal-Correio-da-Semana-No-1080-1.jpg?resize=350%2C200&ssl=1 1x, https:\/\/i0.wp.com\/correiodasemana.com\/site\/wp-content\/uploads\/2025\/07\/Jornal-Correio-da-Semana-No-1080-1.jpg?resize=525%2C300&ssl=1 1.5x"},"classes":[]},{"id":37496,"url":"https:\/\/correiodasemana.com\/site\/oab-ce-conquista-vitoria-com-regulamentacao-da-advocacia-dativa-no-ceara\/","url_meta":{"origin":12631,"position":1},"title":"OAB-CE conquista vit\u00f3ria com regulamenta\u00e7\u00e3o da advocacia dativa no Cear\u00e1","author":"adminredacao","date":"Fevereiro 23, 2026","format":false,"excerpt":"Em cerim\u00f4nia realizada nesta ter\u00e7a-feira (10\/2), o governador do Cear\u00e1, Elmano de Freitas, assinou o ato normativo que regulamenta a advocacia dativa no Estado. Fruto da articula\u00e7\u00e3o da Ordem dos Advogados do Brasil \u2013 Sec\u00e7\u00e3o Cear\u00e1 (OAB-CE), a assinatura do documento contou com a presen\u00e7a da presidente da OAB-CE, Christiane\u2026","rel":"","context":"In &quot;Atualidade&quot;","block_context":{"text":"Atualidade","link":"https:\/\/correiodasemana.com\/site\/category\/atualidade\/"},"img":{"alt_text":"","src":"https:\/\/i0.wp.com\/correiodasemana.com\/site\/wp-content\/uploads\/2026\/02\/ascomoab_adv100226.jpeg?resize=350%2C200&ssl=1","width":350,"height":200,"srcset":"https:\/\/i0.wp.com\/correiodasemana.com\/site\/wp-content\/uploads\/2026\/02\/ascomoab_adv100226.jpeg?resize=350%2C200&ssl=1 1x, https:\/\/i0.wp.com\/correiodasemana.com\/site\/wp-content\/uploads\/2026\/02\/ascomoab_adv100226.jpeg?resize=525%2C300&ssl=1 1.5x, https:\/\/i0.wp.com\/correiodasemana.com\/site\/wp-content\/uploads\/2026\/02\/ascomoab_adv100226.jpeg?resize=700%2C400&ssl=1 2x, https:\/\/i0.wp.com\/correiodasemana.com\/site\/wp-content\/uploads\/2026\/02\/ascomoab_adv100226.jpeg?resize=1050%2C600&ssl=1 3x, https:\/\/i0.wp.com\/correiodasemana.com\/site\/wp-content\/uploads\/2026\/02\/ascomoab_adv100226.jpeg?resize=1400%2C800&ssl=1 4x"},"classes":[]},{"id":18405,"url":"https:\/\/correiodasemana.com\/site\/a-advocacia-2\/","url_meta":{"origin":12631,"position":2},"title":"A ADVOCACIA","author":"","date":"Dezembro 20, 2021","format":false,"excerpt":"Parafraseando o afamado jurista Her\u00e1clito Fontoura Sobral Pinto \u201cA advocacia n\u00e3o \u00e9 profiss\u00e3o para covardes\u201d. De fato, n\u00e3o \u00e9, nunca foi e nunca ser\u00e1, pois para que se possa defender o direito de outrem, acima de qualquer coisa, t\u00eam-se que ter coragem, for\u00e7a e determina\u00e7\u00e3o, n\u00e3o de enfrentar o outro,\u2026","rel":"","context":"In &quot;Artigos&quot;","block_context":{"text":"Artigos","link":"https:\/\/correiodasemana.com\/site\/category\/artigos\/"},"img":{"alt_text":"","src":"https:\/\/i0.wp.com\/correiodasemana.com\/site\/wp-content\/uploads\/2021\/12\/coluna-de-direito.jpeg?resize=350%2C200&ssl=1","width":350,"height":200,"srcset":"https:\/\/i0.wp.com\/correiodasemana.com\/site\/wp-content\/uploads\/2021\/12\/coluna-de-direito.jpeg?resize=350%2C200&ssl=1 1x, https:\/\/i0.wp.com\/correiodasemana.com\/site\/wp-content\/uploads\/2021\/12\/coluna-de-direito.jpeg?resize=525%2C300&ssl=1 1.5x, https:\/\/i0.wp.com\/correiodasemana.com\/site\/wp-content\/uploads\/2021\/12\/coluna-de-direito.jpeg?resize=700%2C400&ssl=1 2x, https:\/\/i0.wp.com\/correiodasemana.com\/site\/wp-content\/uploads\/2021\/12\/coluna-de-direito.jpeg?resize=1050%2C600&ssl=1 3x"},"classes":[]},{"id":35044,"url":"https:\/\/correiodasemana.com\/site\/vida-de-droga-droga-de-vida\/","url_meta":{"origin":12631,"position":3},"title":"VIDA DE DROGA &#8211; DROGA DE VIDA!!!","author":"adminredacao","date":"Agosto 17, 2025","format":false,"excerpt":"Foi o triste desabafo que ouvi de um amigo de inf\u00e2ncia, hoje amargurado pai, cujo filho agora leva uma vida de droga, acarretando sofrimento para toda a fam\u00edlia. Desde seu nascimento o garoto teve direito a quase tudo: quarto pessoal, som, videogame, computador, celular, moto, carro, dinheiro... Pai e m\u00e3e\u2026","rel":"","context":"In &quot;Artigos&quot;","block_context":{"text":"Artigos","link":"https:\/\/correiodasemana.com\/site\/category\/artigos\/"},"img":{"alt_text":"","src":"https:\/\/i0.wp.com\/correiodasemana.com\/site\/wp-content\/uploads\/2023\/05\/artemisio-da-costa-2.jpg?resize=350%2C200&ssl=1","width":350,"height":200},"classes":[]},{"id":26189,"url":"https:\/\/correiodasemana.com\/site\/camara-homenageia-dia-do-advogado-em-sessao-especial\/","url_meta":{"origin":12631,"position":4},"title":"C\u00e2mara homenageia &#8220;Dia do Advogado&#8221; em Sess\u00e3o Especial","author":"adminredacao","date":"Agosto 21, 2023","format":false,"excerpt":"Na noite da \u00faltima ter\u00e7a-feira (08\/08), a C\u00e2mara Municipal de Sobral, presidida pela vereadora Maria Socorro Brasileiro Magalh\u00e3es (PDT), reuniu-se em uma Sess\u00e3o Especial emocionante para celebrar o Dia do Advogado, comemorado no 11 de agosto, e prestar homenagem aos profissionais que desempenham um papel fundamental na busca pela justi\u00e7a\u2026","rel":"","context":"In &quot;Atualidade&quot;","block_context":{"text":"Atualidade","link":"https:\/\/correiodasemana.com\/site\/category\/atualidade\/"},"img":{"alt_text":"","src":"https:\/\/i0.wp.com\/correiodasemana.com\/site\/wp-content\/uploads\/2023\/08\/noticia_2c8460e0f4045af.jpeg?resize=350%2C200&ssl=1","width":350,"height":200,"srcset":"https:\/\/i0.wp.com\/correiodasemana.com\/site\/wp-content\/uploads\/2023\/08\/noticia_2c8460e0f4045af.jpeg?resize=350%2C200&ssl=1 1x, https:\/\/i0.wp.com\/correiodasemana.com\/site\/wp-content\/uploads\/2023\/08\/noticia_2c8460e0f4045af.jpeg?resize=525%2C300&ssl=1 1.5x"},"classes":[]},{"id":35583,"url":"https:\/\/correiodasemana.com\/site\/paulo-quezado-eternamente-advogado\/","url_meta":{"origin":12631,"position":5},"title":"Paulo Quezado,  eternamente advogado","author":"adminredacao","date":"Setembro 15, 2025","format":false,"excerpt":"Por Jos\u00e9 Lu\u00eds Lira Advogado, escritor e professor adjunto do Curso de Direito da UVA No dia 5 de setembro \u00faltimo, Paulo Napole\u00e3o Gon\u00e7alves Quezado, natural de Aurora, Cear\u00e1, completou 70 anos. Jurista, pol\u00edtico, professor e escritor, Paulo Quezado \u00e9 um dos mais renomados advogados do Estado, com atua\u00e7\u00e3o destacada\u2026","rel":"","context":"In &quot;Atualidade&quot;","block_context":{"text":"Atualidade","link":"https:\/\/correiodasemana.com\/site\/category\/atualidade\/"},"img":{"alt_text":"","src":"https:\/\/i0.wp.com\/correiodasemana.com\/site\/wp-content\/uploads\/2025\/09\/Jornal-Correio-da-Semana-No-1089-1.jpg?resize=350%2C200&ssl=1","width":350,"height":200},"classes":[]}],"jetpack_sharing_enabled":true,"_links":{"self":[{"href":"https:\/\/correiodasemana.com\/site\/wp-json\/wp\/v2\/posts\/12631","targetHints":{"allow":["GET"]}}],"collection":[{"href":"https:\/\/correiodasemana.com\/site\/wp-json\/wp\/v2\/posts"}],"about":[{"href":"https:\/\/correiodasemana.com\/site\/wp-json\/wp\/v2\/types\/post"}],"author":[{"embeddable":true,"href":"https:\/\/correiodasemana.com\/site\/wp-json\/wp\/v2\/users\/1"}],"replies":[{"embeddable":true,"href":"https:\/\/correiodasemana.com\/site\/wp-json\/wp\/v2\/comments?post=12631"}],"version-history":[{"count":1,"href":"https:\/\/correiodasemana.com\/site\/wp-json\/wp\/v2\/posts\/12631\/revisions"}],"predecessor-version":[{"id":12632,"href":"https:\/\/correiodasemana.com\/site\/wp-json\/wp\/v2\/posts\/12631\/revisions\/12632"}],"wp:featuredmedia":[{"embeddable":true,"href":"https:\/\/correiodasemana.com\/site\/wp-json\/wp\/v2\/media\/7874"}],"wp:attachment":[{"href":"https:\/\/correiodasemana.com\/site\/wp-json\/wp\/v2\/media?parent=12631"}],"wp:term":[{"taxonomy":"category","embeddable":true,"href":"https:\/\/correiodasemana.com\/site\/wp-json\/wp\/v2\/categories?post=12631"},{"taxonomy":"post_tag","embeddable":true,"href":"https:\/\/correiodasemana.com\/site\/wp-json\/wp\/v2\/tags?post=12631"}],"curies":[{"name":"wp","href":"https:\/\/api.w.org\/{rel}","templated":true}]}}