{"id":12633,"date":"2020-08-10T00:52:30","date_gmt":"2020-08-10T03:52:30","guid":{"rendered":"https:\/\/correiodasemana.com\/site\/?p=12633"},"modified":"2020-08-10T00:52:30","modified_gmt":"2020-08-10T03:52:30","slug":"sobral-conta-com-mais-uma-estacao-de-tratamento-de-agua","status":"publish","type":"post","link":"https:\/\/correiodasemana.com\/site\/sobral-conta-com-mais-uma-estacao-de-tratamento-de-agua\/","title":{"rendered":"Sobral conta com mais uma Esta\u00e7\u00e3o de Tratamento de \u00c1gua"},"content":{"rendered":"<p><strong>A previs\u00e3o de entrega \u00e9 ainda para agosto<\/strong><\/p>\n<p>Para garantir o abastecimento de \u00e1gua tratada e pot\u00e1vel para o consumo, as obras de amplia\u00e7\u00e3o da Esta\u00e7\u00e3o de Tratamento de \u00c1gua (ETA) continuam a todo vapor no bairro Dom Expedito. A unidade que tinha capacidade para tratar 360 litros de \u00e1gua por hora, passa a tratar 720 l\/h. A previs\u00e3o de entrega \u00e9 ainda para agosto.<br \/>\nDe acordo com o diretor do Servi\u00e7o Aut\u00f4nomo de \u00c1gua e Esgoto de Sobral (SAAE), Davi Sousa, a nova ETA tem capacidade de atender mais de um bairro. \u201cA amplia\u00e7ao que est\u00e1 sendo conclu\u00edda, dever\u00e1 dobrar a capacidade de tratamento de \u00e1gua da ETA atual, ou seja, ser\u00e3o mais 360 mil litros por hora de capacidade. Atualmente a ETA Dom Expedito \u00e9 responsavel pela \u00e1gua de toda a margem direita do rio acara\u00fa e a sede do distrito de Caioca\u201d, disse.<br \/>\nCom investimento de R$ 2,5 milh\u00f5es proveniente de recursos municipais e federais, a nova ETA oferece maior seguran\u00e7a h\u00eddrica nas regi\u00f5es citadas.<br \/>\nPara reduzir a concentra\u00e7\u00e3o de poluentes na \u00e1gua, a nova ETA funciona em meio das etapas de coagula\u00e7\u00e3o, flocula\u00e7\u00e3o, decanta\u00e7\u00e3o, filtra\u00e7\u00e3o, desinfec\u00e7\u00e3o e fluoreta\u00e7\u00e3o. Todo o processo leva em m\u00e9dia 12 minutos.<br \/>\nDe acordo com Davi Sousa, Sobral registra 59.963 de liga\u00e7\u00f5es de \u00e1guas ativas, reunindo 50.927 na sede. Al\u00e9m da nova unidade, Sobral possui mais tr\u00eas Esta\u00e7\u00f5es de Tratamento de \u00c1gua localizadas no bairro Sumar\u00e9 e Dom Expedito.<br \/>\nPor Priscila Duarte<\/p>\n<p>&nbsp;<\/p>\n","protected":false},"excerpt":{"rendered":"<p>A previs\u00e3o de entrega \u00e9 ainda para agosto Para garantir o abastecimento de \u00e1gua tratada&#8230;<\/p>\n","protected":false},"author":1,"featured_media":12634,"comment_status":"open","ping_status":"open","sticky":false,"template":"","format":"standard","meta":{"_jetpack_memberships_contains_paid_content":false,"footnotes":"","jetpack_publicize_message":"","jetpack_publicize_feature_enabled":true,"jetpack_social_post_already_shared":true,"jetpack_social_options":{"image_generator_settings":{"template":"highway","default_image_id":0,"font":"","enabled":false},"version":2}},"categories":[1],"tags":[],"class_list":["post-12633","post","type-post","status-publish","format-standard","has-post-thumbnail","hentry","category-atualidade"],"jetpack_publicize_connections":[],"jetpack_featured_media_url":"https:\/\/correiodasemana.com\/site\/wp-content\/uploads\/2020\/08\/WhatsApp-Image-2020-08-06-at-16.46.43.jpeg","jetpack-related-posts":[{"id":12318,"url":"https:\/\/correiodasemana.com\/site\/em-sobral-uma-nova-estacao-de-tratamento-de-agua-no-bairro-dom-expedito-esta-com-85-das-obras-concluidas\/","url_meta":{"origin":12633,"position":0},"title":"Em Sobral, uma nova Esta\u00e7\u00e3o de Tratamento de \u00c1gua no Bairro Dom Expedito est\u00e1 com 85% das obras conclu\u00eddas","author":"","date":"Julho 28, 2020","format":false,"excerpt":"Para oferecer \u00e1gua de qualidade \u00e0 popula\u00e7\u00e3o de Sobral, est\u00e1 sendo conclu\u00edda uma nova Esta\u00e7\u00e3o de Tratamento de \u00c1gua (ETA) no bairro Dom Expedito. Com 85% das obras conclu\u00eddas, a previs\u00e3o \u00e9 que o equipamento, que ter\u00e1 capacidade de tratar 720 mil litros de \u00e1gua por hora (l\/h), fique pronto\u2026","rel":"","context":"In &quot;Atualidade&quot;","block_context":{"text":"Atualidade","link":"https:\/\/correiodasemana.com\/site\/category\/atualidade\/"},"img":{"alt_text":"","src":"https:\/\/i0.wp.com\/correiodasemana.com\/site\/wp-content\/uploads\/2020\/07\/Nova_ETA_Dom_Expedito.jpeg?resize=350%2C200&ssl=1","width":350,"height":200,"srcset":"https:\/\/i0.wp.com\/correiodasemana.com\/site\/wp-content\/uploads\/2020\/07\/Nova_ETA_Dom_Expedito.jpeg?resize=350%2C200&ssl=1 1x, https:\/\/i0.wp.com\/correiodasemana.com\/site\/wp-content\/uploads\/2020\/07\/Nova_ETA_Dom_Expedito.jpeg?resize=525%2C300&ssl=1 1.5x, https:\/\/i0.wp.com\/correiodasemana.com\/site\/wp-content\/uploads\/2020\/07\/Nova_ETA_Dom_Expedito.jpeg?resize=700%2C400&ssl=1 2x, https:\/\/i0.wp.com\/correiodasemana.com\/site\/wp-content\/uploads\/2020\/07\/Nova_ETA_Dom_Expedito.jpeg?resize=1050%2C600&ssl=1 3x"},"classes":[]},{"id":8865,"url":"https:\/\/correiodasemana.com\/site\/duas-novas-estacoes-de-tratamento-de-agua-comecarao-a-funcionar-ate-o-final-do-ano-que-vem-em-sobral\/","url_meta":{"origin":12633,"position":1},"title":"Duas novas esta\u00e7\u00f5es de tratamento de \u00e1gua come\u00e7ar\u00e3o a funcionar at\u00e9 o final do ano que vem em Sobral","author":"","date":"Agosto 27, 2019","format":false,"excerpt":"Atualmente o munic\u00edpio conta com duas esta\u00e7\u00f5es, mas devido ao crescimento da cidade e a demanda pelo recurso, duas novas ETA\u2019s est\u00e3o sendo constru\u00eddas; uma no bairro Dom Expedito, outra no Sumar\u00e9 O munic\u00edpio de Sobral ganhar\u00e1 o apoio de mais duas ETA\u2019s (Esta\u00e7\u00f5es de Tratamento de \u00c1gua) at\u00e9 o\u2026","rel":"","context":"In &quot;Atualidade&quot;","block_context":{"text":"Atualidade","link":"https:\/\/correiodasemana.com\/site\/category\/atualidade\/"},"img":{"alt_text":"","src":"https:\/\/i0.wp.com\/correiodasemana.com\/site\/wp-content\/uploads\/2019\/08\/Edmunso-Rodrigues-presidente-do-SAAE-Sobral-1.jpg?resize=350%2C200&ssl=1","width":350,"height":200,"srcset":"https:\/\/i0.wp.com\/correiodasemana.com\/site\/wp-content\/uploads\/2019\/08\/Edmunso-Rodrigues-presidente-do-SAAE-Sobral-1.jpg?resize=350%2C200&ssl=1 1x, https:\/\/i0.wp.com\/correiodasemana.com\/site\/wp-content\/uploads\/2019\/08\/Edmunso-Rodrigues-presidente-do-SAAE-Sobral-1.jpg?resize=525%2C300&ssl=1 1.5x, https:\/\/i0.wp.com\/correiodasemana.com\/site\/wp-content\/uploads\/2019\/08\/Edmunso-Rodrigues-presidente-do-SAAE-Sobral-1.jpg?resize=700%2C400&ssl=1 2x, https:\/\/i0.wp.com\/correiodasemana.com\/site\/wp-content\/uploads\/2019\/08\/Edmunso-Rodrigues-presidente-do-SAAE-Sobral-1.jpg?resize=1050%2C600&ssl=1 3x, https:\/\/i0.wp.com\/correiodasemana.com\/site\/wp-content\/uploads\/2019\/08\/Edmunso-Rodrigues-presidente-do-SAAE-Sobral-1.jpg?resize=1400%2C800&ssl=1 4x"},"classes":[]},{"id":9630,"url":"https:\/\/correiodasemana.com\/site\/obra-da-adutora-da-serra-do-rosario-esta-em-plena-execucao-e-vai-beneficiar-2-300-habitantes\/","url_meta":{"origin":12633,"position":2},"title":"Obra da adutora da Serra do Ros\u00e1rio est\u00e1 em plena execu\u00e7\u00e3o e vai beneficiar 2.300 habitantes","author":"","date":"Outubro 28, 2019","format":false,"excerpt":"O programa, que ser\u00e1 executado em 5 anos, tem como principal meta a expans\u00e3o e melhoria dos sistemas de esgotamento sanit\u00e1rio e de \u00e1gua pot\u00e1vel. Assessoria de Imprensa da Prefeitura de Sobral O t\u00e3o desejado sistema de abastecimento de \u00e1gua da Serra do Ros\u00e1rio est\u00e1 em vias de ser conclu\u00eddo.\u2026","rel":"","context":"In &quot;Atualidade&quot;","block_context":{"text":"Atualidade","link":"https:\/\/correiodasemana.com\/site\/category\/atualidade\/"},"img":{"alt_text":"","src":"https:\/\/i0.wp.com\/correiodasemana.com\/site\/wp-content\/uploads\/2019\/10\/adutora.jpeg?resize=350%2C200&ssl=1","width":350,"height":200,"srcset":"https:\/\/i0.wp.com\/correiodasemana.com\/site\/wp-content\/uploads\/2019\/10\/adutora.jpeg?resize=350%2C200&ssl=1 1x, https:\/\/i0.wp.com\/correiodasemana.com\/site\/wp-content\/uploads\/2019\/10\/adutora.jpeg?resize=525%2C300&ssl=1 1.5x, https:\/\/i0.wp.com\/correiodasemana.com\/site\/wp-content\/uploads\/2019\/10\/adutora.jpeg?resize=700%2C400&ssl=1 2x, https:\/\/i0.wp.com\/correiodasemana.com\/site\/wp-content\/uploads\/2019\/10\/adutora.jpeg?resize=1050%2C600&ssl=1 3x"},"classes":[]},{"id":25147,"url":"https:\/\/correiodasemana.com\/site\/sistema-de-abastecimento-de-agua-de-taperuaba-recebera-melhorias\/","url_meta":{"origin":12633,"position":3},"title":"Sistema de abastecimento de \u00e1gua de Taperuaba receber\u00e1 melhorias","author":"adminredacao","date":"Junho 12, 2023","format":false,"excerpt":"Na pauta do encontro, a Presidente Socorrinha Brasileiro levou algumas demandas que t\u00eam chegado a ela na C\u00e2mara Municipal. Ela saiu do encontro bastante otimista. Na manh\u00e3 da \u00faltima quarta-feira (07\/06), a Presidente da C\u00e2mara Municipal de Sobral, Vereadora Socorrinha Brasileiro (PDT), esteve em audi\u00eancia com Prefeito Ivo Gomes, na\u2026","rel":"","context":"In &quot;Atualidade&quot;","block_context":{"text":"Atualidade","link":"https:\/\/correiodasemana.com\/site\/category\/atualidade\/"},"img":{"alt_text":"","src":"https:\/\/i0.wp.com\/correiodasemana.com\/site\/wp-content\/uploads\/2023\/06\/WhatsApp-Image-2023-06-08-at-10.43.46-1.jpeg?resize=350%2C200&ssl=1","width":350,"height":200,"srcset":"https:\/\/i0.wp.com\/correiodasemana.com\/site\/wp-content\/uploads\/2023\/06\/WhatsApp-Image-2023-06-08-at-10.43.46-1.jpeg?resize=350%2C200&ssl=1 1x, https:\/\/i0.wp.com\/correiodasemana.com\/site\/wp-content\/uploads\/2023\/06\/WhatsApp-Image-2023-06-08-at-10.43.46-1.jpeg?resize=525%2C300&ssl=1 1.5x, https:\/\/i0.wp.com\/correiodasemana.com\/site\/wp-content\/uploads\/2023\/06\/WhatsApp-Image-2023-06-08-at-10.43.46-1.jpeg?resize=700%2C400&ssl=1 2x, https:\/\/i0.wp.com\/correiodasemana.com\/site\/wp-content\/uploads\/2023\/06\/WhatsApp-Image-2023-06-08-at-10.43.46-1.jpeg?resize=1050%2C600&ssl=1 3x"},"classes":[]},{"id":8868,"url":"https:\/\/correiodasemana.com\/site\/saae-adquire-novos-equipamentos-para-laboratorios-de-analises-fisico-quimicas-de-agua-e-esgoto\/","url_meta":{"origin":12633,"position":4},"title":"SAAE adquire novos equipamentos para laborat\u00f3rios de an\u00e1lises f\u00edsico-qu\u00edmicas de \u00e1gua e esgoto","author":"","date":"Agosto 27, 2019","format":false,"excerpt":"Em Sobral, a \u00e1gua \u00e9 submetida a um rigoroso tratamento, segundo as normas de controle e vigil\u00e2ncia da qualidade O Servi\u00e7o Aut\u00f4nomo de \u00c1gua e Esgoto de Sobral (SAAE), autarquia municipal vinculada \u00e0 Secretaria da Infraestrutura (Seinf), realizou o investimento de R$ 43.357,66 na aquisi\u00e7\u00e3o de aparelhamento e moderniza\u00e7\u00e3o dos\u2026","rel":"","context":"In &quot;Atualidade&quot;","block_context":{"text":"Atualidade","link":"https:\/\/correiodasemana.com\/site\/category\/atualidade\/"},"img":{"alt_text":"","src":"https:\/\/i0.wp.com\/correiodasemana.com\/site\/wp-content\/uploads\/2019\/08\/Vidrarias.jpeg?resize=350%2C200&ssl=1","width":350,"height":200,"srcset":"https:\/\/i0.wp.com\/correiodasemana.com\/site\/wp-content\/uploads\/2019\/08\/Vidrarias.jpeg?resize=350%2C200&ssl=1 1x, https:\/\/i0.wp.com\/correiodasemana.com\/site\/wp-content\/uploads\/2019\/08\/Vidrarias.jpeg?resize=525%2C300&ssl=1 1.5x, https:\/\/i0.wp.com\/correiodasemana.com\/site\/wp-content\/uploads\/2019\/08\/Vidrarias.jpeg?resize=700%2C400&ssl=1 2x"},"classes":[]},{"id":9871,"url":"https:\/\/correiodasemana.com\/site\/saae-festeja-aniversario-de-seus-colaboradores-e-comemora-dia-do-servidor-publico\/","url_meta":{"origin":12633,"position":5},"title":"SAAE festeja anivers\u00e1rio de seus colaboradores e comemora Dia do Servidor P\u00fablico","author":"","date":"Novembro 18, 2019","format":false,"excerpt":"O Servi\u00e7o Aut\u00f4nomo de \u00c1gua e Esgoto de Sobral (SAAE) realizou, no dia 8 de novembro, um encontro para parabenizar os aniversariantes dos meses de setembro e outubro e comemorar o Dia do Servidor P\u00fablico (28 de outubro). Tamb\u00e9m houve a divulga\u00e7\u00e3o dos resultados da elei\u00e7\u00e3o do Servidor Destaque 2019.\u2026","rel":"","context":"In &quot;Atualidade&quot;","block_context":{"text":"Atualidade","link":"https:\/\/correiodasemana.com\/site\/category\/atualidade\/"},"img":{"alt_text":"","src":"https:\/\/i0.wp.com\/correiodasemana.com\/site\/wp-content\/uploads\/2019\/11\/02-WhatsApp-Image-2019-11-08-at-10.07.26.jpeg?resize=350%2C200&ssl=1","width":350,"height":200,"srcset":"https:\/\/i0.wp.com\/correiodasemana.com\/site\/wp-content\/uploads\/2019\/11\/02-WhatsApp-Image-2019-11-08-at-10.07.26.jpeg?resize=350%2C200&ssl=1 1x, https:\/\/i0.wp.com\/correiodasemana.com\/site\/wp-content\/uploads\/2019\/11\/02-WhatsApp-Image-2019-11-08-at-10.07.26.jpeg?resize=525%2C300&ssl=1 1.5x, https:\/\/i0.wp.com\/correiodasemana.com\/site\/wp-content\/uploads\/2019\/11\/02-WhatsApp-Image-2019-11-08-at-10.07.26.jpeg?resize=700%2C400&ssl=1 2x"},"classes":[]}],"jetpack_sharing_enabled":true,"_links":{"self":[{"href":"https:\/\/correiodasemana.com\/site\/wp-json\/wp\/v2\/posts\/12633","targetHints":{"allow":["GET"]}}],"collection":[{"href":"https:\/\/correiodasemana.com\/site\/wp-json\/wp\/v2\/posts"}],"about":[{"href":"https:\/\/correiodasemana.com\/site\/wp-json\/wp\/v2\/types\/post"}],"author":[{"embeddable":true,"href":"https:\/\/correiodasemana.com\/site\/wp-json\/wp\/v2\/users\/1"}],"replies":[{"embeddable":true,"href":"https:\/\/correiodasemana.com\/site\/wp-json\/wp\/v2\/comments?post=12633"}],"version-history":[{"count":1,"href":"https:\/\/correiodasemana.com\/site\/wp-json\/wp\/v2\/posts\/12633\/revisions"}],"predecessor-version":[{"id":12635,"href":"https:\/\/correiodasemana.com\/site\/wp-json\/wp\/v2\/posts\/12633\/revisions\/12635"}],"wp:featuredmedia":[{"embeddable":true,"href":"https:\/\/correiodasemana.com\/site\/wp-json\/wp\/v2\/media\/12634"}],"wp:attachment":[{"href":"https:\/\/correiodasemana.com\/site\/wp-json\/wp\/v2\/media?parent=12633"}],"wp:term":[{"taxonomy":"category","embeddable":true,"href":"https:\/\/correiodasemana.com\/site\/wp-json\/wp\/v2\/categories?post=12633"},{"taxonomy":"post_tag","embeddable":true,"href":"https:\/\/correiodasemana.com\/site\/wp-json\/wp\/v2\/tags?post=12633"}],"curies":[{"name":"wp","href":"https:\/\/api.w.org\/{rel}","templated":true}]}}