{"id":12641,"date":"2020-08-10T00:56:05","date_gmt":"2020-08-10T03:56:05","guid":{"rendered":"https:\/\/correiodasemana.com\/site\/?p=12641"},"modified":"2020-08-10T00:56:05","modified_gmt":"2020-08-10T03:56:05","slug":"rezar-pelas-vocacoes-em-familia","status":"publish","type":"post","link":"https:\/\/correiodasemana.com\/site\/rezar-pelas-vocacoes-em-familia\/","title":{"rendered":"Rezar pelas voca\u00e7\u00f5es em fam\u00edlia"},"content":{"rendered":"<p>Esse ano, devido \u00e0 pandemia do Covid-19, somos convidados a criar dentro de nossas casas uma cultura vocacional. Junto a toda fam\u00edlia, \u00e9 necess\u00e1rio rezar pelas voca\u00e7\u00f5es e valorizar o que Jesus pediu quando disse: Reze ao Senhor da Messe para que envie oper\u00e1rios!<br \/>\n\u00c9 fundamental que se redescubra a necessidade de rezar pelas voca\u00e7\u00f5es. \u00c9 ainda mais providencial quando se realiza essa pr\u00e1tica em casa, pois a Igreja nos ensina que a fam\u00edlia \u00e9 o \u201cber\u00e7o das voca\u00e7\u00f5es\u201d. Nesse sentido, os pais devem ser os primeiros promotores vocacionais dos filhos e, desde cedo, precisam ajud\u00e1-los a discernir o chamado de Deus \u00e0 vida sacerdotal, religiosa ou a constituir uma nova fam\u00edlia.<br \/>\nDeus quer contar com a nossa ajuda e quanto mais a cultura vocacional for difundida em nossas fam\u00edlias, mais Ele encontrar\u00e1 espa\u00e7o para continuar a repetir o convite a muitos de nossos jovens: Vem e segue-me! Da\u00ed a import\u00e2ncia de viver bem o m\u00eas vocacional, fomentando o chamado do Mestre Divino no seio de cada fam\u00edlia.<br \/>\nDomingo pr\u00f3ximo (09), celebrando o dia dos pais, a Igreja reza pela voca\u00e7\u00e3o \u00e0 fam\u00edlia. Nela, existe um chamado de Deus muito especial e uma voca\u00e7\u00e3o que precisa ser promovida e incentivada. Precisamos, sim, de santos sacerdotes e fervorosos religiosos, mas tamb\u00e9m necessitamos de vocacionados para a vida matrimonial.<br \/>\nNecessitamos de orar pela juventude, para que surjam bons pais e m\u00e3es de fam\u00edlia em nossa sociedade. Precisamos de fam\u00edlias santas, que sejam verdadeira e solidamente alicer\u00e7adas nos valores crist\u00e3os. Muitos falam acertadamente que a explica\u00e7\u00e3o para tantos desregramentos na sociedade seja o esfacelamento da institui\u00e7\u00e3o familiar. Seria v\u00e3o o trabalho de tentar construir uma sociedade pac\u00edfica sem uma sincera preocupa\u00e7\u00e3o com as fam\u00edlias.<br \/>\nA nossa sociedade ocidental, de um modo particular, tem sofrido com a crise da estrutura familiar, provocada por tantas ideologias, apologias e at\u00e9 mesmo leis que v\u00e3o de encontro ao projeto de Deus. Assim, a fam\u00edlia, tal como foi constitu\u00edda pelo Criador, tem sido amea\u00e7ada e atacada. \u00c9 ela a igreja dom\u00e9stica, a comunidade privilegiada, a primeira escola da f\u00e9. Precisamos de muitas e santas voca\u00e7\u00f5es para a vida familiar!<br \/>\nA Confer\u00eancia de Aparecida dedicou especial aten\u00e7\u00e3o \u00e0 fam\u00edlia, e afirma que ela \u00e9 \u201cum dos tesouros mais importantes dos povos latino-americanos e caribenhos e \u00e9 patrim\u00f4nio da humanidade inteira\u201d, propondo que \u201cse deva assumir a preocupa\u00e7\u00e3o por ela como um dos eixos transversais de toda a\u00e7\u00e3o evangelizadora da Igreja\u201d.<br \/>\n\u00c9 preciso mais do que nunca acreditar na fam\u00edlia, promov\u00ea-la e santific\u00e1-la fazendo a nossa prece: \u201cQue a fam\u00edlia comece e termine sabendo onde vai; e que os homens carreguem nos ombros a gra\u00e7a de um pai; que a mulher seja um c\u00e9u de ternura, aconchego e calor; e que os filhos conhe\u00e7am a for\u00e7a que brota do amor!\u201d<br \/>\nQue os nossos lares sejam santos! Que de l\u00e1 germinem as voca\u00e7\u00f5es para o engrandecimento do Reino de Deus, as sementes de um mundo melhor.<\/p>\n","protected":false},"excerpt":{"rendered":"<p>Esse ano, devido \u00e0 pandemia do Covid-19, somos convidados a criar dentro de nossas casas&#8230;<\/p>\n","protected":false},"author":1,"featured_media":7865,"comment_status":"open","ping_status":"open","sticky":false,"template":"","format":"standard","meta":{"_jetpack_memberships_contains_paid_content":false,"footnotes":"","jetpack_publicize_message":"","jetpack_publicize_feature_enabled":true,"jetpack_social_post_already_shared":true,"jetpack_social_options":{"image_generator_settings":{"template":"highway","default_image_id":0,"font":"","enabled":false},"version":2}},"categories":[11,20],"tags":[],"class_list":["post-12641","post","type-post","status-publish","format-standard","has-post-thumbnail","hentry","category-artigos","category-editorial"],"jetpack_publicize_connections":[],"jetpack_featured_media_url":"https:\/\/correiodasemana.com\/site\/wp-content\/uploads\/2018\/02\/editorial-cs.jpg","jetpack-related-posts":[{"id":30199,"url":"https:\/\/correiodasemana.com\/site\/mes-das-vocacoes-2024\/","url_meta":{"origin":12641,"position":0},"title":"M\u00eas das Voca\u00e7\u00f5es 2024\u00a0","author":"adminredacao","date":"Agosto 3, 2024","format":false,"excerpt":"\u201cPedi, pois ao Senhor da Messe\u201d (Mt 9,38) O m\u00eas de agosto \u00e9 especial para a Igreja, pois recordamos e rezamos por todas as voca\u00e7\u00f5es. Igreja: uma sinfonia vocacional \u00e9 o tema e o lema: \u201cPedi, pois, ao Senhor da Messe\u201d (Mt 9,38). Ao longo de todo o ano lit\u00fargico\u2026","rel":"","context":"In &quot;A voz do Pastor&quot;","block_context":{"text":"A voz do Pastor","link":"https:\/\/correiodasemana.com\/site\/category\/a-voz-do-pastor\/"},"img":{"alt_text":"","src":"https:\/\/i0.wp.com\/correiodasemana.com\/site\/wp-content\/uploads\/2018\/02\/Dom-Vasconcelos-posses.jpg?resize=350%2C200&ssl=1","width":350,"height":200,"srcset":"https:\/\/i0.wp.com\/correiodasemana.com\/site\/wp-content\/uploads\/2018\/02\/Dom-Vasconcelos-posses.jpg?resize=350%2C200&ssl=1 1x, https:\/\/i0.wp.com\/correiodasemana.com\/site\/wp-content\/uploads\/2018\/02\/Dom-Vasconcelos-posses.jpg?resize=525%2C300&ssl=1 1.5x, https:\/\/i0.wp.com\/correiodasemana.com\/site\/wp-content\/uploads\/2018\/02\/Dom-Vasconcelos-posses.jpg?resize=700%2C400&ssl=1 2x"},"classes":[]},{"id":20704,"url":"https:\/\/correiodasemana.com\/site\/diocese-de-sobral-realiza-abertura-oficial-do-mes-dedicado-as-vocacoes\/","url_meta":{"origin":12641,"position":1},"title":"Diocese de Sobral realiza abertura oficial do m\u00eas dedicado as voca\u00e7\u00f5es","author":"","date":"Agosto 14, 2022","format":false,"excerpt":"(Thais Helena \u2013 Reda\u00e7\u00e3o Correio da Semana) A Abertura Oficial do M\u00eas Vocacional na Diocese de Sobral aconteceu na noite do 19\u00ba Domingo do Tempo Comum, 07 de agosto, na Catedral da S\u00e9 em Sobral. Celebrar as voca\u00e7\u00f5es \u00e9 para a igreja um dos prop\u00f3sitos do m\u00eas de agosto, mais\u2026","rel":"","context":"In &quot;Atualidade&quot;","block_context":{"text":"Atualidade","link":"https:\/\/correiodasemana.com\/site\/category\/atualidade\/"},"img":{"alt_text":"","src":"https:\/\/i0.wp.com\/correiodasemana.com\/site\/wp-content\/uploads\/2022\/08\/diocese-de-sobral.jpg?resize=350%2C200&ssl=1","width":350,"height":200,"srcset":"https:\/\/i0.wp.com\/correiodasemana.com\/site\/wp-content\/uploads\/2022\/08\/diocese-de-sobral.jpg?resize=350%2C200&ssl=1 1x, https:\/\/i0.wp.com\/correiodasemana.com\/site\/wp-content\/uploads\/2022\/08\/diocese-de-sobral.jpg?resize=525%2C300&ssl=1 1.5x, https:\/\/i0.wp.com\/correiodasemana.com\/site\/wp-content\/uploads\/2022\/08\/diocese-de-sobral.jpg?resize=700%2C400&ssl=1 2x"},"classes":[]},{"id":34898,"url":"https:\/\/correiodasemana.com\/site\/as-vocacoes-e-a-caminhada-sinodal-4\/","url_meta":{"origin":12641,"position":2},"title":"As voca\u00e7\u00f5es e a caminhada sinodal","author":"adminredacao","date":"Agosto 4, 2025","format":false,"excerpt":"Iniciando mais um m\u00eas vocacional, a Igreja no Brasil, atrav\u00e9s da CNBB, deseja mais uma vez vivenciar um tempo especial de anima\u00e7\u00e3o vocacional, ora\u00e7\u00e3o mais intensa, chamados, convites e catequese vocacional. O m\u00eas de agosto \u00e9 um tempo oportuno para fazer ressoar nos ouvidos de cada crist\u00e3o aquele chamado antigo\u2026","rel":"","context":"In &quot;Artigos&quot;","block_context":{"text":"Artigos","link":"https:\/\/correiodasemana.com\/site\/category\/artigos\/"},"img":{"alt_text":"","src":"https:\/\/i0.wp.com\/correiodasemana.com\/site\/wp-content\/uploads\/2019\/07\/editorial-cs.jpg?resize=350%2C200&ssl=1","width":350,"height":200,"srcset":"https:\/\/i0.wp.com\/correiodasemana.com\/site\/wp-content\/uploads\/2019\/07\/editorial-cs.jpg?resize=350%2C200&ssl=1 1x, https:\/\/i0.wp.com\/correiodasemana.com\/site\/wp-content\/uploads\/2019\/07\/editorial-cs.jpg?resize=525%2C300&ssl=1 1.5x"},"classes":[]},{"id":20666,"url":"https:\/\/correiodasemana.com\/site\/as-vocacoes-e-a-caminhada-sinodal\/","url_meta":{"origin":12641,"position":3},"title":"As voca\u00e7\u00f5es e a caminhada sinodal","author":"","date":"Agosto 8, 2022","format":false,"excerpt":"Iniciando mais um m\u00eas vocacional, a Igreja no Brasil, atrav\u00e9s da CNBB, deseja mais uma vez vivenciar um tempo especial de anima\u00e7\u00e3o vocacional, ora\u00e7\u00e3o mais intensa, chamados, convites, catequese vocacional. O m\u00eas de agosto \u00e9 um tempo oportuno para fazer ressoar nos ouvidos de cada crist\u00e3o aquele chamado antigo e\u2026","rel":"","context":"In &quot;Artigos&quot;","block_context":{"text":"Artigos","link":"https:\/\/correiodasemana.com\/site\/category\/artigos\/"},"img":{"alt_text":"","src":"https:\/\/i0.wp.com\/correiodasemana.com\/site\/wp-content\/uploads\/2018\/02\/editorial-cs.jpg?resize=350%2C200&ssl=1","width":350,"height":200,"srcset":"https:\/\/i0.wp.com\/correiodasemana.com\/site\/wp-content\/uploads\/2018\/02\/editorial-cs.jpg?resize=350%2C200&ssl=1 1x, https:\/\/i0.wp.com\/correiodasemana.com\/site\/wp-content\/uploads\/2018\/02\/editorial-cs.jpg?resize=525%2C300&ssl=1 1.5x"},"classes":[]},{"id":25842,"url":"https:\/\/correiodasemana.com\/site\/as-vocacoes-e-a-caminhada-sinodal-2\/","url_meta":{"origin":12641,"position":4},"title":"As voca\u00e7\u00f5es e a caminhada sinodal","author":"adminredacao","date":"Julho 31, 2023","format":false,"excerpt":"Iniciando mais um m\u00eas vocacional, a Igreja no Brasil, atrav\u00e9s da CNBB, deseja mais uma vez vivenciar um tempo especial de anima\u00e7\u00e3o vocacional, ora\u00e7\u00e3o mais intensa, chamados, convites, catequese vocacional. O m\u00eas de agosto \u00e9 um tempo oportuno para fazer ressoar nos ouvidos de cada crist\u00e3o aquele chamado antigo e\u2026","rel":"","context":"In &quot;Atualidade&quot;","block_context":{"text":"Atualidade","link":"https:\/\/correiodasemana.com\/site\/category\/atualidade\/"},"img":{"alt_text":"","src":"https:\/\/i0.wp.com\/correiodasemana.com\/site\/wp-content\/uploads\/2019\/07\/editorial-cs.jpg?resize=350%2C200&ssl=1","width":350,"height":200,"srcset":"https:\/\/i0.wp.com\/correiodasemana.com\/site\/wp-content\/uploads\/2019\/07\/editorial-cs.jpg?resize=350%2C200&ssl=1 1x, https:\/\/i0.wp.com\/correiodasemana.com\/site\/wp-content\/uploads\/2019\/07\/editorial-cs.jpg?resize=525%2C300&ssl=1 1.5x"},"classes":[]},{"id":30197,"url":"https:\/\/correiodasemana.com\/site\/as-vocacoes-e-a-caminhada-sinodal-3\/","url_meta":{"origin":12641,"position":5},"title":"As voca\u00e7\u00f5es e a caminhada sinodal","author":"adminredacao","date":"Agosto 3, 2024","format":false,"excerpt":"Iniciando mais um m\u00eas vocacional, a Igreja no Brasil, atrav\u00e9s da CNBB, deseja mais uma vez vivenciar um tempo especial de anima\u00e7\u00e3o vocacional, ora\u00e7\u00e3o mais intensa, chamados, convites e catequese vocacional. O m\u00eas de agosto \u00e9 um tempo oportuno para fazer ressoar nos ouvidos de cada crist\u00e3o aquele chamado antigo\u2026","rel":"","context":"In &quot;Artigos&quot;","block_context":{"text":"Artigos","link":"https:\/\/correiodasemana.com\/site\/category\/artigos\/"},"img":{"alt_text":"","src":"https:\/\/i0.wp.com\/correiodasemana.com\/site\/wp-content\/uploads\/2018\/02\/editorial-cs.jpg?resize=350%2C200&ssl=1","width":350,"height":200,"srcset":"https:\/\/i0.wp.com\/correiodasemana.com\/site\/wp-content\/uploads\/2018\/02\/editorial-cs.jpg?resize=350%2C200&ssl=1 1x, https:\/\/i0.wp.com\/correiodasemana.com\/site\/wp-content\/uploads\/2018\/02\/editorial-cs.jpg?resize=525%2C300&ssl=1 1.5x"},"classes":[]}],"jetpack_sharing_enabled":true,"_links":{"self":[{"href":"https:\/\/correiodasemana.com\/site\/wp-json\/wp\/v2\/posts\/12641","targetHints":{"allow":["GET"]}}],"collection":[{"href":"https:\/\/correiodasemana.com\/site\/wp-json\/wp\/v2\/posts"}],"about":[{"href":"https:\/\/correiodasemana.com\/site\/wp-json\/wp\/v2\/types\/post"}],"author":[{"embeddable":true,"href":"https:\/\/correiodasemana.com\/site\/wp-json\/wp\/v2\/users\/1"}],"replies":[{"embeddable":true,"href":"https:\/\/correiodasemana.com\/site\/wp-json\/wp\/v2\/comments?post=12641"}],"version-history":[{"count":1,"href":"https:\/\/correiodasemana.com\/site\/wp-json\/wp\/v2\/posts\/12641\/revisions"}],"predecessor-version":[{"id":12642,"href":"https:\/\/correiodasemana.com\/site\/wp-json\/wp\/v2\/posts\/12641\/revisions\/12642"}],"wp:featuredmedia":[{"embeddable":true,"href":"https:\/\/correiodasemana.com\/site\/wp-json\/wp\/v2\/media\/7865"}],"wp:attachment":[{"href":"https:\/\/correiodasemana.com\/site\/wp-json\/wp\/v2\/media?parent=12641"}],"wp:term":[{"taxonomy":"category","embeddable":true,"href":"https:\/\/correiodasemana.com\/site\/wp-json\/wp\/v2\/categories?post=12641"},{"taxonomy":"post_tag","embeddable":true,"href":"https:\/\/correiodasemana.com\/site\/wp-json\/wp\/v2\/tags?post=12641"}],"curies":[{"name":"wp","href":"https:\/\/api.w.org\/{rel}","templated":true}]}}