{"id":12666,"date":"2020-08-10T14:40:11","date_gmt":"2020-08-10T17:40:11","guid":{"rendered":"https:\/\/correiodasemana.com\/site\/?p=12666"},"modified":"2020-08-10T14:40:11","modified_gmt":"2020-08-10T17:40:11","slug":"no-brasil-tres-em-cada-quatro-apoiam-restringir-numero-de-dias-que-criancas-vao-a-escola-por-semana","status":"publish","type":"post","link":"https:\/\/correiodasemana.com\/site\/no-brasil-tres-em-cada-quatro-apoiam-restringir-numero-de-dias-que-criancas-vao-a-escola-por-semana\/","title":{"rendered":"No Brasil, tr\u00eas em cada quatro apoiam restringir n\u00famero de dias que crian\u00e7as v\u00e3o \u00e0 escola por semana"},"content":{"rendered":"<p style=\"text-align: center; line-height: 14.25pt;\" align=\"center\"><i><span style=\"font-family: 'Arial','sans-serif'; color: #232121;\">Maioria dos entrevistados prefere esperar pelo menos quatro meses antes de mandar os filhos de volta \u00e0s aulas<\/span><\/i><\/p>\n<p style=\"text-align: justify; line-height: 14.25pt; box-sizing: border-box; text-rendering: optimizelegibility;\"><span style=\"font-size: 10.0pt; font-family: 'Arial','sans-serif'; color: #232121;\">Na opini\u00e3o dos brasileiros, no momento atual, as crian\u00e7as e adolescentes deveriam comparecer ao col\u00e9gio presencialmente com menos frequ\u00eancia do que o per\u00edodo tradicional semanal, de segunda \u00e0 sexta-feira. Este \u00e9 o resultado mais recente do estudo Ipsos Essentials, conduzido com entrevistados de 16 pa\u00edses. Dos 1000 respondentes no Brasil, 74% apoiam a medida de restringir o n\u00famero de dias que os estudantes devem ir \u00e0s aulas.<\/span><\/p>\n<p style=\"text-align: justify; line-height: 14.25pt; box-sizing: border-box; text-rendering: optimizelegibility;\"><span style=\"font-size: 10.0pt; font-family: 'Arial','sans-serif'; color: #232121;\">Coreia do Sul (83%), \u00cdndia (81%) e M\u00e9xico (80%) s\u00e3o as na\u00e7\u00f5es que mais endossam a ideia. Por outro lado, nos europeus Fran\u00e7a (42%), It\u00e1lia (44%) e Alemanha (46%) menos da metade concorda com a restri\u00e7\u00e3o da frequ\u00eancia em sala de aula.<\/span><\/p>\n<p style=\"text-align: justify; line-height: 14.25pt; box-sizing: border-box; text-rendering: optimizelegibility;\"><span style=\"font-size: 10.0pt; font-family: 'Arial','sans-serif'; color: #232121;\">O levantamento apontou tamb\u00e9m a expectativa do tempo que as popula\u00e7\u00f5es julgam adequado esperar para que suas crian\u00e7as voltem aos estudos em seguran\u00e7a. No Brasil, 24% dizem que se sentiriam confort\u00e1veis em mandar os filhos de volta \u00e0 escola apenas daqui 4 a 6 meses. Em segundo lugar, com 20%, est\u00e1 um per\u00edodo ainda mais longo: de 7 a 12 meses. Com 17%, o prazo entre 1 e 3 meses ficou no terceiro posto. 13% s\u00f3 estariam confort\u00e1veis ap\u00f3s um ano e, por \u00faltimo, somente 4% mandariam suas crian\u00e7as ao col\u00e9gio j\u00e1 no pr\u00f3ximo m\u00eas.<\/span><\/p>\n<p style=\"text-align: justify; line-height: 14.25pt; box-sizing: border-box; text-rendering: optimizelegibility;\"><span style=\"font-size: 10.0pt; font-family: 'Arial','sans-serif'; color: #232121;\">Um em cada cinco brasileiros (18%) n\u00e3o soube responder \u00e0 pergunta; e 1% disse que os filhos j\u00e1 est\u00e3o frequentando a escola presencialmente. Considerando os 16 pa\u00edses avaliados, o \u00fanico onde mais da metade disse que suas crian\u00e7as j\u00e1 voltaram \u00e0s aulas \u00e9 o Jap\u00e3o, com 60%. Em seguida v\u00eam a Fran\u00e7a (47%) e a Alemanha (45%).<\/span><\/p>\n<p style=\"text-align: justify; line-height: 14.25pt; box-sizing: border-box; text-rendering: optimizelegibility;\"><span style=\"font-size: 10.0pt; font-family: 'Arial','sans-serif'; color: #232121;\">A pesquisa on-line Ipsos Essentials foi realizada entre os dias 17 e 20 de julho com cerca de 14.500 adultos, de 16 a 74 anos, em 16 pa\u00edses. A margem de erro para o Brasil \u00e9 de 3,5 p.p..<\/span><\/p>\n<p style=\"text-align: justify; line-height: 14.25pt; box-sizing: border-box; text-rendering: optimizelegibility;\"><strong style=\"box-sizing: border-box; text-rendering: optimizelegibility;\"><span style=\"font-size: 10.0pt; font-family: 'Arial','sans-serif'; color: #232121;\">Sobre a Ipsos<\/span><\/strong><\/p>\n<p style=\"text-align: justify; line-height: 14.25pt; box-sizing: border-box; text-rendering: optimizelegibility;\"><span style=\"font-size: 10.0pt; font-family: 'Arial','sans-serif'; color: #232121;\">A Ipsos \u00e9 uma empresa de pesquisa de mercado independente, presente em 90 mercados. A companhia, que tem globalmente mais de 5.000 clientes e 18.130 colaboradores, entrega dados e an\u00e1lises sobre pessoas, mercados, marcas e sociedades para facilitar a tomada de decis\u00e3o das empresas e das organiza\u00e7\u00f5es. Maior empresa de pesquisa eleitoral do mundo, a Ipsos atua ainda nas \u00e1reas de marketing, comunica\u00e7\u00e3o, m\u00eddia, customer experience, engajamento de colaboradores e opini\u00e3o p\u00fablica. Os pesquisadores da Ipsos avaliam o potencial do mercado e interpretam as tend\u00eancias. Desenvolvem e constroem marcas, ajudam os clientes a constru\u00edrem relacionamento de longo prazo com seus parceiros, testam publicidade e medem a opini\u00e3o p\u00fablica ao redor do mundo. Para mais informa\u00e7\u00f5es, acesse:\u00a0<a style=\"box-sizing: border-box; text-rendering: optimizelegibility;\" href=\"http:\/\/www.ipsos.com\/pt-br\" target=\"_blank\" rel=\"noopener noreferrer\"><span style=\"color: darkorchid;\">www.ipsos.com\/pt-br<\/span><\/a><\/span><\/p>\n<p style=\"text-align: justify; line-height: 14.25pt; box-sizing: border-box; text-rendering: optimizelegibility;\"><strong style=\"box-sizing: border-box; text-rendering: optimizelegibility;\"><span style=\"font-size: 10.0pt; font-family: 'Arial','sans-serif'; color: #232121;\">Mais informa\u00e7\u00f5es para imprensa:<\/span><\/strong><b><span style=\"font-size: 10.0pt; font-family: 'Arial','sans-serif'; color: #232121;\"><br style=\"box-sizing: border-box; text-rendering: optimizelegibility;\" \/><\/span><\/b><span style=\"font-size: 10.0pt; font-family: 'Arial','sans-serif'; color: #232121;\">J\u00e9ssica D\u00edez Corr\u00eaa \u2013 (11) 5502-5415 \u2013\u00a0<a style=\"box-sizing: border-box; text-rendering: optimizelegibility;\" href=\"https:\/\/mailto:jessica@giusticom.com.br\/\" target=\"_blank\" rel=\"noopener noreferrer\"><span style=\"color: darkorchid;\">jessica@giusticom.com.br<\/span><\/a><u style=\"box-sizing: border-box; text-rendering: optimizelegibility;\"><br style=\"box-sizing: border-box; text-rendering: optimizelegibility;\" \/><\/u>Maria Rita Teixeira \u2013 (11) 5502-5466 \u2013\u00a0<a style=\"box-sizing: border-box; text-rendering: optimizelegibility;\" href=\"https:\/\/mailto:mariarita@giusticom.com.br\/\" target=\"_blank\" rel=\"noopener noreferrer\"><span style=\"color: darkorchid;\">mariarita@giusticom.com.br<\/span><\/a><\/span><\/p>\n<p>&nbsp;<\/p>\n","protected":false},"excerpt":{"rendered":"<p>Maioria dos entrevistados prefere esperar pelo menos quatro meses antes de mandar os filhos de&#8230;<\/p>\n","protected":false},"author":1,"featured_media":12667,"comment_status":"open","ping_status":"open","sticky":false,"template":"","format":"standard","meta":{"_jetpack_memberships_contains_paid_content":false,"footnotes":"","jetpack_publicize_message":"","jetpack_publicize_feature_enabled":true,"jetpack_social_post_already_shared":true,"jetpack_social_options":{"image_generator_settings":{"template":"highway","default_image_id":0,"font":"","enabled":false},"version":2}},"categories":[1],"tags":[],"class_list":["post-12666","post","type-post","status-publish","format-standard","has-post-thumbnail","hentry","category-atualidade"],"jetpack_publicize_connections":[],"jetpack_featured_media_url":"https:\/\/correiodasemana.com\/site\/wp-content\/uploads\/2020\/08\/sala-de-aula.jpg","jetpack-related-posts":[{"id":37446,"url":"https:\/\/correiodasemana.com\/site\/pesquisa-diz-que-73-dos-brasileiros-apoiam-fim-da-escala-6x1\/","url_meta":{"origin":12666,"position":0},"title":"Pesquisa diz que 73% dos brasileiros apoiam fim da escala 6&#215;1","author":"adminredacao","date":"Fevereiro 20, 2026","format":false,"excerpt":"Apoiadores ressaltam que a medida deve ser sem redu\u00e7\u00e3o de sal\u00e1rio POR Alana Gandra - Rep\u00f3rter da Ag\u00eancia Brasil Cerca de 84% dos brasileiros s\u00e3o favor\u00e1veis aos trabalhadores terem, no m\u00ednimo, dois dias de descanso por semana, segundo a pesquisa da Nexus - Pesquisa e Intelig\u00eancia de Dados, feita\u00a0nas 27\u2026","rel":"","context":"In &quot;Atualidade&quot;","block_context":{"text":"Atualidade","link":"https:\/\/correiodasemana.com\/site\/category\/atualidade\/"},"img":{"alt_text":"","src":"https:\/\/i0.wp.com\/correiodasemana.com\/site\/wp-content\/uploads\/2026\/02\/Jornal-Correio-da-Semana-No-1111.jpg?resize=350%2C200&ssl=1","width":350,"height":200,"srcset":"https:\/\/i0.wp.com\/correiodasemana.com\/site\/wp-content\/uploads\/2026\/02\/Jornal-Correio-da-Semana-No-1111.jpg?resize=350%2C200&ssl=1 1x, https:\/\/i0.wp.com\/correiodasemana.com\/site\/wp-content\/uploads\/2026\/02\/Jornal-Correio-da-Semana-No-1111.jpg?resize=525%2C300&ssl=1 1.5x"},"classes":[]},{"id":31866,"url":"https:\/\/correiodasemana.com\/site\/uma-a-cada-3-familias-diz-que-filhos-nao-aprendem-o-esperado-na-escola\/","url_meta":{"origin":12666,"position":1},"title":"Uma a cada 3 fam\u00edlias diz que filhos n\u00e3o aprendem o esperado na escola","author":"adminredacao","date":"Dezembro 24, 2024","format":false,"excerpt":"Mais de 90% acreditam que \u00e9 preciso fortalecer o ensino de matem\u00e1tica Por Mariana Tokarnia \u2013 Rep\u00f3rter da Ag\u00eancia Brasil Pais, m\u00e3es e respons\u00e1veis est\u00e3o preocupados com a perman\u00eancia e com o aprendizado dos filhos na escola. Pelo menos um a cada tr\u00eas respons\u00e1veis acredita que os filhos n\u00e3o est\u00e3o\u2026","rel":"","context":"In &quot;Atualidade&quot;","block_context":{"text":"Atualidade","link":"https:\/\/correiodasemana.com\/site\/category\/atualidade\/"},"img":{"alt_text":"","src":"https:\/\/i0.wp.com\/correiodasemana.com\/site\/wp-content\/uploads\/2024\/12\/sam-balye-w1fwdvirezu-unsplash.webp?resize=350%2C200&ssl=1","width":350,"height":200,"srcset":"https:\/\/i0.wp.com\/correiodasemana.com\/site\/wp-content\/uploads\/2024\/12\/sam-balye-w1fwdvirezu-unsplash.webp?resize=350%2C200&ssl=1 1x, https:\/\/i0.wp.com\/correiodasemana.com\/site\/wp-content\/uploads\/2024\/12\/sam-balye-w1fwdvirezu-unsplash.webp?resize=525%2C300&ssl=1 1.5x, https:\/\/i0.wp.com\/correiodasemana.com\/site\/wp-content\/uploads\/2024\/12\/sam-balye-w1fwdvirezu-unsplash.webp?resize=700%2C400&ssl=1 2x, https:\/\/i0.wp.com\/correiodasemana.com\/site\/wp-content\/uploads\/2024\/12\/sam-balye-w1fwdvirezu-unsplash.webp?resize=1050%2C600&ssl=1 3x"},"classes":[]},{"id":16527,"url":"https:\/\/correiodasemana.com\/site\/quatro-meninas-brasileiras-estupradas-por-hora-um-crime-generalizado-e-silenciado\/","url_meta":{"origin":12666,"position":2},"title":"Quatro meninas brasileiras estupradas por hora. Um crime generalizado e silenciado","author":"","date":"Maio 24, 2021","format":false,"excerpt":"Mais de 5.300 menores de 13 anos no Brasil denunciaram abusos sexuais em 2019. A ponta do iceberg, pois considera apenas o que chega aos ouvidos da pol\u00edcia Geralmente s\u00e3o not\u00edcias curtas na imprensa local. \u201cUm homem e uma mulher foram presos pelo estupro de uma menina de 13 anos.\u2026","rel":"","context":"In &quot;Atualidade&quot;","block_context":{"text":"Atualidade","link":"https:\/\/correiodasemana.com\/site\/category\/atualidade\/"},"img":{"alt_text":"","src":"https:\/\/i0.wp.com\/correiodasemana.com\/site\/wp-content\/uploads\/2021\/05\/VLA5AUVLVZHAPL4PHGV2D5HQBA.jpg?resize=350%2C200&ssl=1","width":350,"height":200,"srcset":"https:\/\/i0.wp.com\/correiodasemana.com\/site\/wp-content\/uploads\/2021\/05\/VLA5AUVLVZHAPL4PHGV2D5HQBA.jpg?resize=350%2C200&ssl=1 1x, https:\/\/i0.wp.com\/correiodasemana.com\/site\/wp-content\/uploads\/2021\/05\/VLA5AUVLVZHAPL4PHGV2D5HQBA.jpg?resize=525%2C300&ssl=1 1.5x, https:\/\/i0.wp.com\/correiodasemana.com\/site\/wp-content\/uploads\/2021\/05\/VLA5AUVLVZHAPL4PHGV2D5HQBA.jpg?resize=700%2C400&ssl=1 2x"},"classes":[]},{"id":31906,"url":"https:\/\/correiodasemana.com\/site\/cada-vez-menos-pessoas-tem-a-escola-como-referencia-em-leitura\/","url_meta":{"origin":12666,"position":3},"title":"Cada vez menos pessoas t\u00eam a escola como refer\u00eancia em leitura","author":"adminredacao","date":"Dezembro 24, 2024","format":false,"excerpt":"Pesquisa Retratos da Leitura no Brasil aponta uma queda no \u00edndice de leitores incentivados no ambiente escolar. Em 2019 era de 23% e, neste ano, caiu para 19% De acordo com a pedagoga especialista em leitura do Grupo Eureka, os dados evidenciam uma desconex\u00e3o entre os professores e o h\u00e1bito\u2026","rel":"","context":"In &quot;Atualidade&quot;","block_context":{"text":"Atualidade","link":"https:\/\/correiodasemana.com\/site\/category\/atualidade\/"},"img":{"alt_text":"","src":"https:\/\/i0.wp.com\/correiodasemana.com\/site\/wp-content\/uploads\/2024\/12\/fbba2d52-fa0e-4bcc-a73d-228dc99d4fae-800x445-1.jpeg?resize=350%2C200&ssl=1","width":350,"height":200,"srcset":"https:\/\/i0.wp.com\/correiodasemana.com\/site\/wp-content\/uploads\/2024\/12\/fbba2d52-fa0e-4bcc-a73d-228dc99d4fae-800x445-1.jpeg?resize=350%2C200&ssl=1 1x, https:\/\/i0.wp.com\/correiodasemana.com\/site\/wp-content\/uploads\/2024\/12\/fbba2d52-fa0e-4bcc-a73d-228dc99d4fae-800x445-1.jpeg?resize=525%2C300&ssl=1 1.5x, https:\/\/i0.wp.com\/correiodasemana.com\/site\/wp-content\/uploads\/2024\/12\/fbba2d52-fa0e-4bcc-a73d-228dc99d4fae-800x445-1.jpeg?resize=700%2C400&ssl=1 2x"},"classes":[]},{"id":14299,"url":"https:\/\/correiodasemana.com\/site\/86-das-maes-nao-concordam-com-o-retorno-das-aulas-presenciais-diz-estudo\/","url_meta":{"origin":12666,"position":4},"title":"86% das m\u00e3es n\u00e3o concordam com o retorno das aulas presenciais, diz estudo","author":"","date":"Outubro 27, 2020","format":false,"excerpt":"M\u00e3es e pais s\u00e3o a favor da prorroga\u00e7\u00e3o da suspens\u00e3o das aulas presenciais nas escolas. No dia 07 de outubro o Minist\u00e9rio da Educa\u00e7\u00e3o (MEC) divulgou o guia com o protocolo sanit\u00e1rio para a retomada das aulas presenciais da educa\u00e7\u00e3o b\u00e1sica, que vai at\u00e9 o ensino m\u00e9dio, no Brasil. Embora\u2026","rel":"","context":"In &quot;Atualidade&quot;","block_context":{"text":"Atualidade","link":"https:\/\/correiodasemana.com\/site\/category\/atualidade\/"},"img":{"alt_text":"","src":"https:\/\/i0.wp.com\/correiodasemana.com\/site\/wp-content\/uploads\/2020\/10\/systemuploadsnews79f8e9deb53be67ec28-700x460xfit-bd29b.jpg?resize=350%2C200&ssl=1","width":350,"height":200,"srcset":"https:\/\/i0.wp.com\/correiodasemana.com\/site\/wp-content\/uploads\/2020\/10\/systemuploadsnews79f8e9deb53be67ec28-700x460xfit-bd29b.jpg?resize=350%2C200&ssl=1 1x, https:\/\/i0.wp.com\/correiodasemana.com\/site\/wp-content\/uploads\/2020\/10\/systemuploadsnews79f8e9deb53be67ec28-700x460xfit-bd29b.jpg?resize=525%2C300&ssl=1 1.5x"},"classes":[]},{"id":12920,"url":"https:\/\/correiodasemana.com\/site\/datafolha-79-dos-brasileiros-dizem-que-reabertura-de-escolas-no-pais-agravara-a-pandemia\/","url_meta":{"origin":12666,"position":5},"title":"Datafolha: 79% dos brasileiros dizem que reabertura de escolas no pa\u00eds agravar\u00e1 a pandemia","author":"","date":"Agosto 18, 2020","format":false,"excerpt":"79% defendem que as escolas devem ficar fechadas nos pr\u00f3ximos dois meses; 19% disseram que escolas devem ser reabertas. Pesquisa Datafolha publicada no final da noite desta segunda-feira (17) no site do jornal \"Folha de S.Paulo\" apontou os seguintes percentuais para a volta ou n\u00e3o \u00e0s aulas e a reabertura\u2026","rel":"","context":"In &quot;Atualidade&quot;","block_context":{"text":"Atualidade","link":"https:\/\/correiodasemana.com\/site\/category\/atualidade\/"},"img":{"alt_text":"","src":"https:\/\/i0.wp.com\/correiodasemana.com\/site\/wp-content\/uploads\/2020\/08\/d4e47160-db02-11ea-977f-09774f9c346a.jpg?resize=350%2C200&ssl=1","width":350,"height":200,"srcset":"https:\/\/i0.wp.com\/correiodasemana.com\/site\/wp-content\/uploads\/2020\/08\/d4e47160-db02-11ea-977f-09774f9c346a.jpg?resize=350%2C200&ssl=1 1x, https:\/\/i0.wp.com\/correiodasemana.com\/site\/wp-content\/uploads\/2020\/08\/d4e47160-db02-11ea-977f-09774f9c346a.jpg?resize=525%2C300&ssl=1 1.5x, https:\/\/i0.wp.com\/correiodasemana.com\/site\/wp-content\/uploads\/2020\/08\/d4e47160-db02-11ea-977f-09774f9c346a.jpg?resize=700%2C400&ssl=1 2x"},"classes":[]}],"jetpack_sharing_enabled":true,"_links":{"self":[{"href":"https:\/\/correiodasemana.com\/site\/wp-json\/wp\/v2\/posts\/12666","targetHints":{"allow":["GET"]}}],"collection":[{"href":"https:\/\/correiodasemana.com\/site\/wp-json\/wp\/v2\/posts"}],"about":[{"href":"https:\/\/correiodasemana.com\/site\/wp-json\/wp\/v2\/types\/post"}],"author":[{"embeddable":true,"href":"https:\/\/correiodasemana.com\/site\/wp-json\/wp\/v2\/users\/1"}],"replies":[{"embeddable":true,"href":"https:\/\/correiodasemana.com\/site\/wp-json\/wp\/v2\/comments?post=12666"}],"version-history":[{"count":2,"href":"https:\/\/correiodasemana.com\/site\/wp-json\/wp\/v2\/posts\/12666\/revisions"}],"predecessor-version":[{"id":12669,"href":"https:\/\/correiodasemana.com\/site\/wp-json\/wp\/v2\/posts\/12666\/revisions\/12669"}],"wp:featuredmedia":[{"embeddable":true,"href":"https:\/\/correiodasemana.com\/site\/wp-json\/wp\/v2\/media\/12667"}],"wp:attachment":[{"href":"https:\/\/correiodasemana.com\/site\/wp-json\/wp\/v2\/media?parent=12666"}],"wp:term":[{"taxonomy":"category","embeddable":true,"href":"https:\/\/correiodasemana.com\/site\/wp-json\/wp\/v2\/categories?post=12666"},{"taxonomy":"post_tag","embeddable":true,"href":"https:\/\/correiodasemana.com\/site\/wp-json\/wp\/v2\/tags?post=12666"}],"curies":[{"name":"wp","href":"https:\/\/api.w.org\/{rel}","templated":true}]}}