{"id":12670,"date":"2020-08-10T15:00:42","date_gmt":"2020-08-10T18:00:42","guid":{"rendered":"https:\/\/correiodasemana.com\/site\/?p=12670"},"modified":"2020-08-10T15:00:42","modified_gmt":"2020-08-10T18:00:42","slug":"internados-na-mesma-uti-da-santa-casa-de-misericordia-de-sobral-pai-e-filho-vencem-a-covid-19-e-recebem-alta-hospitalar-no-mesmo-dia","status":"publish","type":"post","link":"https:\/\/correiodasemana.com\/site\/internados-na-mesma-uti-da-santa-casa-de-misericordia-de-sobral-pai-e-filho-vencem-a-covid-19-e-recebem-alta-hospitalar-no-mesmo-dia\/","title":{"rendered":"Internados na mesma UTI da Santa Casa de Miseric\u00f3rdia de Sobral, pai e filho vencem a Covid-19 e recebem alta hospitalar no mesmo dia"},"content":{"rendered":"<p>Recuperados da Covid-19, Francisco Pereira dos Santos, 83, e Adriano Silva dos Santos, 48, receberam alta hospitalar na ter\u00e7a-feira (04\/08). Os dois s\u00e3o pai e filho e estavam internados na mesma Unidade de Terapia Intensiva (UTI) da Santa Casa de Miseric\u00f3rdia de Sobral (SCMS).<\/p>\n<p>Naturais de Vi\u00e7osa do Cear\u00e1, um dos 54 munic\u00edpios da regi\u00e3o norte do estado do Cear\u00e1 assistidos pela Santa Casa, filho e pai ficaram internados no hospital durante 25 e seis dias, respectivamente.<\/p>\n<p>Adriano deu entrada no hospital com sintomas de Covid-19 no dia 10 de julho. Internado na Enfermaria Covid, passou por complica\u00e7\u00f5es durante o tratamento e foi transferido para UTI, e com a assist\u00eancia humanizada ofertada pelos profissionais, conseguiu melhorar seu estado de sa\u00fade. No dia 29 de julho, seu pai tamb\u00e9m deu entrada na institui\u00e7\u00e3o com desconforto respirat\u00f3rio, sintoma presente h\u00e1 mais de sete dias, ficando internado na mesma UTI que o filho estava.<\/p>\n<p>Os dois receberam alta no mesmo dia, e antes de sair, Adriano agradeceu o carinho e a assist\u00eancia prestada por todos os profissionais da unidade:\u00a0<em>\u201cA Santa Casa tem uma estrutura incr\u00edvel, n\u00e3o somente f\u00edsica, mas tamb\u00e9m de profissionais. Agrade\u00e7o a todos que cuidaram de mim e de meu pai com todo esfor\u00e7o e dedica\u00e7\u00e3o poss\u00edvel. Foram dias dif\u00edceis para todos n\u00f3s, mas juntos vencemos\u201d<\/em>, enfatizou emocionado.<\/p>\n<p><strong>Fam\u00edlia Vitoriosa<\/strong><\/p>\n<p><img fetchpriority=\"high\" decoding=\"async\" class=\"alignleft size-full wp-image-12672\" src=\"https:\/\/correiodasemana.com\/site\/wp-content\/uploads\/2020\/08\/Alta-pai-e-filho-2.jpeg\" alt=\"\" width=\"1024\" height=\"682\" srcset=\"https:\/\/correiodasemana.com\/site\/wp-content\/uploads\/2020\/08\/Alta-pai-e-filho-2.jpeg 1024w, https:\/\/correiodasemana.com\/site\/wp-content\/uploads\/2020\/08\/Alta-pai-e-filho-2-300x200.jpeg 300w, https:\/\/correiodasemana.com\/site\/wp-content\/uploads\/2020\/08\/Alta-pai-e-filho-2-768x512.jpeg 768w, https:\/\/correiodasemana.com\/site\/wp-content\/uploads\/2020\/08\/Alta-pai-e-filho-2-675x450.jpeg 675w\" sizes=\"(max-width: 1024px) 100vw, 1024px\" \/><\/p>\n<p>Antes da alta dos dois, a m\u00e3e de Adriano e esposa de Sr. Francisco, Maria Cilene Silva dos Santos, 69, tamb\u00e9m esteve internada na UTI da institui\u00e7\u00e3o, recebendo alta hospitalar na ter\u00e7a-feira (21\/07).<\/p>\n<p>Santa Casa de Miseric\u00f3rdia de Sobral<\/p>\n<p>Assessoria de Comunica\u00e7\u00e3o<\/p>\n<p><strong>Thais Menezes\/ Henrique Brito\/ Domingos Jr.<\/strong><\/p>\n","protected":false},"excerpt":{"rendered":"<p>Recuperados da Covid-19, Francisco Pereira dos Santos, 83, e Adriano Silva dos Santos, 48, receberam&#8230;<\/p>\n","protected":false},"author":1,"featured_media":12671,"comment_status":"open","ping_status":"open","sticky":false,"template":"","format":"standard","meta":{"_jetpack_memberships_contains_paid_content":false,"footnotes":"","jetpack_publicize_message":"","jetpack_publicize_feature_enabled":true,"jetpack_social_post_already_shared":true,"jetpack_social_options":{"image_generator_settings":{"template":"highway","default_image_id":0,"font":"","enabled":false},"version":2}},"categories":[1],"tags":[],"class_list":["post-12670","post","type-post","status-publish","format-standard","has-post-thumbnail","hentry","category-atualidade"],"jetpack_publicize_connections":[],"jetpack_featured_media_url":"https:\/\/correiodasemana.com\/site\/wp-content\/uploads\/2020\/08\/Alta-pai-e-filho-1.jpeg","jetpack-related-posts":[{"id":16764,"url":"https:\/\/correiodasemana.com\/site\/radialista-chico-santana-internado-por-covid-19-na-santa-casa-de-sobral-recebe-homenagem-da-familia-durante-alta\/","url_meta":{"origin":12670,"position":0},"title":"Radialista Chico Santana, internado por Covid-19 na Santa Casa de Sobral recebe homenagem da fam\u00edlia durante alta","author":"","date":"Junho 20, 2021","format":false,"excerpt":"Acometido com Covid-19, o sobralense Francisco Firmino Filho, 56, ficou 10 dias internado na Santa Casa de Miseric\u00f3rdia de Sobral (SCMS), sendo seis deles na Unidade de Terapia Intensiva (UTI). Recuperado, Francisco Firmino recebeu alta hospitalar na ter\u00e7a-feira (15\/06), e foi surpreendido com uma homenagem dos filhos e da nora\u2026","rel":"","context":"In &quot;Atualidade&quot;","block_context":{"text":"Atualidade","link":"https:\/\/correiodasemana.com\/site\/category\/atualidade\/"},"img":{"alt_text":"","src":"https:\/\/i0.wp.com\/correiodasemana.com\/site\/wp-content\/uploads\/2021\/06\/Chico-Santana-se-recupera-da-Covid-2.jpg?resize=350%2C200&ssl=1","width":350,"height":200,"srcset":"https:\/\/i0.wp.com\/correiodasemana.com\/site\/wp-content\/uploads\/2021\/06\/Chico-Santana-se-recupera-da-Covid-2.jpg?resize=350%2C200&ssl=1 1x, https:\/\/i0.wp.com\/correiodasemana.com\/site\/wp-content\/uploads\/2021\/06\/Chico-Santana-se-recupera-da-Covid-2.jpg?resize=525%2C300&ssl=1 1.5x"},"classes":[]},{"id":12526,"url":"https:\/\/correiodasemana.com\/site\/apos-se-recuperar-da-covid-19-e-deixar-a-uti-da-santa-casa-de-misericordia-de-sobral-paciente-distribui-cartas-para-profissionais-da-saude\/","url_meta":{"origin":12670,"position":1},"title":"Ap\u00f3s se recuperar da Covid-19 e deixar a UTI da Santa Casa de Miseric\u00f3rdia de Sobral, paciente distribui cartas para profissionais da sa\u00fade","author":"","date":"Agosto 5, 2020","format":false,"excerpt":"Ap\u00f3s se recuperar da Covid-19 e deixar a UTI da Santa Casa de Miseric\u00f3rdia de Sobral, paciente distribui cartas para profissionais da sa\u00fade \"Anjos com asas invis\u00edveis\",\u00a0foi dessa forma que a paciente Renata Alves Lima, 36 anos, do munic\u00edpio de Gra\u00e7a, classificou os profissionais da sa\u00fade que comp\u00f5em a Unidade\u2026","rel":"","context":"In &quot;Atualidade&quot;","block_context":{"text":"Atualidade","link":"https:\/\/correiodasemana.com\/site\/category\/atualidade\/"},"img":{"alt_text":"","src":"https:\/\/i0.wp.com\/correiodasemana.com\/site\/wp-content\/uploads\/2020\/08\/Renata-Recuperada-1-scaled.jpg?resize=350%2C200&ssl=1","width":350,"height":200,"srcset":"https:\/\/i0.wp.com\/correiodasemana.com\/site\/wp-content\/uploads\/2020\/08\/Renata-Recuperada-1-scaled.jpg?resize=350%2C200&ssl=1 1x, https:\/\/i0.wp.com\/correiodasemana.com\/site\/wp-content\/uploads\/2020\/08\/Renata-Recuperada-1-scaled.jpg?resize=525%2C300&ssl=1 1.5x, https:\/\/i0.wp.com\/correiodasemana.com\/site\/wp-content\/uploads\/2020\/08\/Renata-Recuperada-1-scaled.jpg?resize=700%2C400&ssl=1 2x, https:\/\/i0.wp.com\/correiodasemana.com\/site\/wp-content\/uploads\/2020\/08\/Renata-Recuperada-1-scaled.jpg?resize=1050%2C600&ssl=1 3x, https:\/\/i0.wp.com\/correiodasemana.com\/site\/wp-content\/uploads\/2020\/08\/Renata-Recuperada-1-scaled.jpg?resize=1400%2C800&ssl=1 4x"},"classes":[]},{"id":12611,"url":"https:\/\/correiodasemana.com\/site\/apos-se-recuperar-da-covid-19-e-deixar-a-uti-da-santa-casa-de-misericordia-de-sobral-paciente-distribui-cartas-para-profissionais-da-saude-2\/","url_meta":{"origin":12670,"position":2},"title":"Ap\u00f3s se recuperar da Covid-19 e deixar a UTI da Santa Casa de Miseric\u00f3rdia de Sobral, paciente distribui cartas para profissionais da sa\u00fade","author":"","date":"Agosto 10, 2020","format":false,"excerpt":"Durante a sua sa\u00edda, Renata foi aplaudida pelos profissionais de sa\u00fade e tamb\u00e9m recebeu o carinho do esposo. \u00a0 Assessoria de Comunica\u00e7\u00e3o Complexo SCMS \u201cAnjos com asas invis\u00edveis\u201d,\u00a0foi dessa forma que a paciente Renata Alves Lima, 36 anos, do munic\u00edpio de Gra\u00e7a, classificou os profissionais da sa\u00fade que comp\u00f5em a\u2026","rel":"","context":"In &quot;Atualidade&quot;","block_context":{"text":"Atualidade","link":"https:\/\/correiodasemana.com\/site\/category\/atualidade\/"},"img":{"alt_text":"","src":"","width":0,"height":0},"classes":[]},{"id":12613,"url":"https:\/\/correiodasemana.com\/site\/apos-se-recuperar-da-covid-19-e-deixar-a-uti-da-santa-casa-de-misericordia-de-sobral-paciente-distribui-cartas-para-profissionais-da-saude-3\/","url_meta":{"origin":12670,"position":3},"title":"Ap\u00f3s se recuperar da Covid-19 e deixar a UTI da Santa Casa de Miseric\u00f3rdia de Sobral, paciente distribui cartas para profissionais da sa\u00fade","author":"","date":"Agosto 10, 2020","format":false,"excerpt":"Durante a sua sa\u00edda, Renata foi aplaudida pelos profissionais de sa\u00fade e tamb\u00e9m recebeu o carinho do esposo. \u00a0 Assessoria de Comunica\u00e7\u00e3o Complexo SCMS \u201cAnjos com asas invis\u00edveis\u201d,\u00a0foi dessa forma que a paciente Renata Alves Lima, 36 anos, do munic\u00edpio de Gra\u00e7a, classificou os profissionais da sa\u00fade que comp\u00f5em a\u2026","rel":"","context":"In &quot;Atualidade&quot;","block_context":{"text":"Atualidade","link":"https:\/\/correiodasemana.com\/site\/category\/atualidade\/"},"img":{"alt_text":"","src":"https:\/\/i0.wp.com\/correiodasemana.com\/site\/wp-content\/uploads\/2020\/08\/Renata-Recuperada-1-1.jpg?resize=350%2C200&ssl=1","width":350,"height":200,"srcset":"https:\/\/i0.wp.com\/correiodasemana.com\/site\/wp-content\/uploads\/2020\/08\/Renata-Recuperada-1-1.jpg?resize=350%2C200&ssl=1 1x, https:\/\/i0.wp.com\/correiodasemana.com\/site\/wp-content\/uploads\/2020\/08\/Renata-Recuperada-1-1.jpg?resize=525%2C300&ssl=1 1.5x, https:\/\/i0.wp.com\/correiodasemana.com\/site\/wp-content\/uploads\/2020\/08\/Renata-Recuperada-1-1.jpg?resize=700%2C400&ssl=1 2x"},"classes":[]},{"id":11602,"url":"https:\/\/correiodasemana.com\/site\/pacientes-internados-com-covid-19-e-profissionais-da-saude-do-complexo-santa-casa-de-misericordia-de-sobral-recebem-flores-durante-plantao-noturno\/","url_meta":{"origin":12670,"position":4},"title":"Pacientes internados com Covid-19 e profissionais da sa\u00fade do Complexo Santa Casa de Miseric\u00f3rdia de Sobral recebem flores durante plant\u00e3o noturno","author":"","date":"Julho 2, 2020","format":false,"excerpt":"Durante o plant\u00e3o noturno desta quinta-feira (25\/06), pacientes internados para tratamento da Covid-19 e profissionais da sa\u00fade do Complexo Santa Casa de Miseric\u00f3rdia de Sobral receberam flores da empresa Auto Requintes Floricultura, do propriet\u00e1rio Edson Brioso. A iniciativa foi um gesto de carinho e for\u00e7a aos pacientes e reconhecimento e\u2026","rel":"","context":"In &quot;Atualidade&quot;","block_context":{"text":"Atualidade","link":"https:\/\/correiodasemana.com\/site\/category\/atualidade\/"},"img":{"alt_text":"","src":"https:\/\/i0.wp.com\/correiodasemana.com\/site\/wp-content\/uploads\/2020\/07\/Entrega-de-Flores-4-1200x800-1.jpg?resize=350%2C200&ssl=1","width":350,"height":200,"srcset":"https:\/\/i0.wp.com\/correiodasemana.com\/site\/wp-content\/uploads\/2020\/07\/Entrega-de-Flores-4-1200x800-1.jpg?resize=350%2C200&ssl=1 1x, https:\/\/i0.wp.com\/correiodasemana.com\/site\/wp-content\/uploads\/2020\/07\/Entrega-de-Flores-4-1200x800-1.jpg?resize=525%2C300&ssl=1 1.5x, https:\/\/i0.wp.com\/correiodasemana.com\/site\/wp-content\/uploads\/2020\/07\/Entrega-de-Flores-4-1200x800-1.jpg?resize=700%2C400&ssl=1 2x, https:\/\/i0.wp.com\/correiodasemana.com\/site\/wp-content\/uploads\/2020\/07\/Entrega-de-Flores-4-1200x800-1.jpg?resize=1050%2C600&ssl=1 3x"},"classes":[]},{"id":11605,"url":"https:\/\/correiodasemana.com\/site\/santa-casa-de-misericordia-de-sobral-abre-nova-uti-com-10-leitos-para-covid-19\/","url_meta":{"origin":12670,"position":5},"title":"Santa Casa de Miseric\u00f3rdia de Sobral abre nova UTI com 10 leitos para Covid-19","author":"","date":"Julho 2, 2020","format":false,"excerpt":"A Santa Casa de Miseric\u00f3rdia de Sobral abriu, nesta sexta-feira (26\/06), a segunda Unidade de Terapia Intensiva (UTI) com 10 leitos destinados \u00e0 pacientes com Covid-19. O hospital, que passou a ser uma das refer\u00eancias na Regi\u00e3o Norte do Estado do Cear\u00e1 para atendimento e tratamento da doen\u00e7a, reestruturou alguns\u2026","rel":"","context":"In &quot;Atualidade&quot;","block_context":{"text":"Atualidade","link":"https:\/\/correiodasemana.com\/site\/category\/atualidade\/"},"img":{"alt_text":"","src":"https:\/\/i0.wp.com\/correiodasemana.com\/site\/wp-content\/uploads\/2020\/07\/Entrega-de-Flores-2-scaled.jpg?resize=350%2C200&ssl=1","width":350,"height":200,"srcset":"https:\/\/i0.wp.com\/correiodasemana.com\/site\/wp-content\/uploads\/2020\/07\/Entrega-de-Flores-2-scaled.jpg?resize=350%2C200&ssl=1 1x, https:\/\/i0.wp.com\/correiodasemana.com\/site\/wp-content\/uploads\/2020\/07\/Entrega-de-Flores-2-scaled.jpg?resize=525%2C300&ssl=1 1.5x, https:\/\/i0.wp.com\/correiodasemana.com\/site\/wp-content\/uploads\/2020\/07\/Entrega-de-Flores-2-scaled.jpg?resize=700%2C400&ssl=1 2x, https:\/\/i0.wp.com\/correiodasemana.com\/site\/wp-content\/uploads\/2020\/07\/Entrega-de-Flores-2-scaled.jpg?resize=1050%2C600&ssl=1 3x, https:\/\/i0.wp.com\/correiodasemana.com\/site\/wp-content\/uploads\/2020\/07\/Entrega-de-Flores-2-scaled.jpg?resize=1400%2C800&ssl=1 4x"},"classes":[]}],"jetpack_sharing_enabled":true,"_links":{"self":[{"href":"https:\/\/correiodasemana.com\/site\/wp-json\/wp\/v2\/posts\/12670","targetHints":{"allow":["GET"]}}],"collection":[{"href":"https:\/\/correiodasemana.com\/site\/wp-json\/wp\/v2\/posts"}],"about":[{"href":"https:\/\/correiodasemana.com\/site\/wp-json\/wp\/v2\/types\/post"}],"author":[{"embeddable":true,"href":"https:\/\/correiodasemana.com\/site\/wp-json\/wp\/v2\/users\/1"}],"replies":[{"embeddable":true,"href":"https:\/\/correiodasemana.com\/site\/wp-json\/wp\/v2\/comments?post=12670"}],"version-history":[{"count":2,"href":"https:\/\/correiodasemana.com\/site\/wp-json\/wp\/v2\/posts\/12670\/revisions"}],"predecessor-version":[{"id":12674,"href":"https:\/\/correiodasemana.com\/site\/wp-json\/wp\/v2\/posts\/12670\/revisions\/12674"}],"wp:featuredmedia":[{"embeddable":true,"href":"https:\/\/correiodasemana.com\/site\/wp-json\/wp\/v2\/media\/12671"}],"wp:attachment":[{"href":"https:\/\/correiodasemana.com\/site\/wp-json\/wp\/v2\/media?parent=12670"}],"wp:term":[{"taxonomy":"category","embeddable":true,"href":"https:\/\/correiodasemana.com\/site\/wp-json\/wp\/v2\/categories?post=12670"},{"taxonomy":"post_tag","embeddable":true,"href":"https:\/\/correiodasemana.com\/site\/wp-json\/wp\/v2\/tags?post=12670"}],"curies":[{"name":"wp","href":"https:\/\/api.w.org\/{rel}","templated":true}]}}