{"id":12676,"date":"2020-08-10T15:15:29","date_gmt":"2020-08-10T18:15:29","guid":{"rendered":"https:\/\/correiodasemana.com\/site\/?p=12676"},"modified":"2020-08-10T15:15:29","modified_gmt":"2020-08-10T18:15:29","slug":"pedestres-somam-mais-de-46-mil-indenizacoes-pagas-pelo-seguro-dpvat-em-2020","status":"publish","type":"post","link":"https:\/\/correiodasemana.com\/site\/pedestres-somam-mais-de-46-mil-indenizacoes-pagas-pelo-seguro-dpvat-em-2020\/","title":{"rendered":"Pedestres somam mais de 46 mil indeniza\u00e7\u00f5es pagas pelo Seguro DPVAT em 2020"},"content":{"rendered":"<p><em>A maioria das v\u00edtimas ficou com algum tipo de sequela permanente e em acidentes envolvendo motocicletas<\/em><\/p>\n<p>No dia 8 de agosto \u00e9 comemorado o Dia Internacional do Pedestre, uma oportunidade para lembrar que o respeito \u00e0s leis de tr\u00e2nsito tamb\u00e9m protege quem circula a p\u00e9 pelas ruas. De janeiro a junho deste ano, 46.343 indeniza\u00e7\u00f5es do Seguro DPVAT foram pagas a pedestres. O n\u00famero representa 29% do total de benef\u00edcios concedidos no pa\u00eds.<\/p>\n<p>De acordo com os dados da Seguradora L\u00edder, administradora do Seguro DPVAT, entre os casos, 79% dos pagamentos (36.472) foram para v\u00edtimas que ficaram com algum tipo de invalidez permanente. Outros 4,6 mil foram por morte. Os pedestres s\u00e3o o segundo tipo de v\u00edtima que mais recebe o benef\u00edcio por acidentes de tr\u00e2nsito, ficando atr\u00e1s dos motoristas.<\/p>\n<p>Al\u00e9m disso, a motocicleta foi respons\u00e1vel pela maioria das ocorr\u00eancias que tiveram pedestres como v\u00edtimas (29.574). J\u00e1 os autom\u00f3veis correspondem a 28% (12.792). Quanto \u00e0 faixa et\u00e1ria, o grupo mais atingido \u00e9 o que tem entre 25 e 44 anos, com 42% do total de indeniza\u00e7\u00f5es.<\/p>\n<p>Entre os estados, a maior incid\u00eancia de indeniza\u00e7\u00f5es no primeiro semestre do ano est\u00e1 em Minas Gerais (5.045). Em seguida aparecem S\u00e3o Paulo (4.836), Mato Grosso (4.160) e Santa Catarina (2.980).<\/p>\n<p>Vale ressaltar que os dados de pagamento das indeniza\u00e7\u00f5es do Seguro DPVAT retratam a realidade de acidentes em 2020 e em anos anteriores, j\u00e1 que levam em considera\u00e7\u00e3o o prazo de tr\u00eas anos para que o benefici\u00e1rio fa\u00e7a o pedido.<\/p>\n<p><strong>Confira na tabela abaixo o ranking por estados:<\/strong><\/p>\n<p><img fetchpriority=\"high\" decoding=\"async\" class=\"alignleft size-full wp-image-12677\" src=\"https:\/\/correiodasemana.com\/site\/wp-content\/uploads\/2020\/08\/Grafico-DPVAT.png\" alt=\"\" width=\"173\" height=\"476\" srcset=\"https:\/\/correiodasemana.com\/site\/wp-content\/uploads\/2020\/08\/Grafico-DPVAT.png 173w, https:\/\/correiodasemana.com\/site\/wp-content\/uploads\/2020\/08\/Grafico-DPVAT-109x300.png 109w\" sizes=\"(max-width: 173px) 100vw, 173px\" \/><\/p>\n<p><strong>Mais rapidez na libera\u00e7\u00e3o de indeniza\u00e7\u00f5es<\/strong><\/p>\n<p>Os \u00faltimos dados do Seguro DPVAT do m\u00eas de julho mostram que 56% do total de indeniza\u00e7\u00f5es solicitadas do Seguro DPVAT foram pagas em at\u00e9 dez dias. O tempo, contado a partir do momento de entrega da documenta\u00e7\u00e3o at\u00e9 a efetiva\u00e7\u00e3o do pagamento, apresenta um cen\u00e1rio de celeridade bem inferior aos 30 dias determinados por lei.<\/p>\n<p>A melhoria \u00e9 resultado das a\u00e7\u00f5es da Seguradora L\u00edder, administradora do cons\u00f3rcio que gere o Seguro. Com foco no aperfei\u00e7oamento da jornada do cliente, a companhia simplificou documentos e processos para dar entrada no benef\u00edcio; lan\u00e7ou, em dezembro de 2019, o projeto de an\u00e1lise m\u00e9dica domiciliar para atender pessoas que precisem passar por an\u00e1lises presenciais, mas n\u00e3o tenham condi\u00e7\u00f5es de se deslocar por conta do acidente; e disponibilizou um site para envio de documentos pendentes.<\/p>\n<p>Neste per\u00edodo de distanciamento social, a Seguradora L\u00edder disponibiliza canais para que as v\u00edtimas deem entrada no Seguro DPVAT sem sair de casa, como a central de atendimento telef\u00f4nica &#8211; por meio dos telefones 4020-1596, para capitais e regi\u00f5es metropolitanas, e 0800 022 12 04, para outras regi\u00f5es -, al\u00e9m do aplicativo &#8220;Seguro DPVAT&#8221; dispon\u00edvel para download na Apple Store ou Google Play. O aplicativo j\u00e1 apresentou um crescimento de 22% no volume de solicita\u00e7\u00f5es desde o in\u00edcio da pandemia da Covid-19 e, at\u00e9 a primeira quinzena de julho, registrou mais de 156 mil downloads e mais de 11 mil pedidos de indeniza\u00e7\u00e3o.<\/p>\n<p><strong>Sobre o Seguro DPVAT<\/strong><\/p>\n<p>O DPVAT \u00e9 um seguro obrigat\u00f3rio de car\u00e1ter social que protege os mais de 210 milh\u00f5es de brasileiros em casos de acidentes de tr\u00e2nsito, sem apura\u00e7\u00e3o da culpa. Ele pode ser destinado a qualquer cidad\u00e3o acidentado em territ\u00f3rio nacional, seja motorista, passageiro ou pedestre, e oferece tr\u00eas tipos de coberturas: morte (valor de R$13.500), invalidez permanente (de R$135 a R$13.500) e reembolso de despesas m\u00e9dicas e suplementares (at\u00e9 R$2.700). A prote\u00e7\u00e3o \u00e9 assegurada por um per\u00edodo de at\u00e9 tr\u00eas anos.<\/p>\n<p>Fonte: CDN Comunica\u00e7\u00e3o<\/p>\n","protected":false},"excerpt":{"rendered":"<p>A maioria das v\u00edtimas ficou com algum tipo de sequela permanente e em acidentes envolvendo&#8230;<\/p>\n","protected":false},"author":1,"featured_media":12678,"comment_status":"open","ping_status":"open","sticky":false,"template":"","format":"standard","meta":{"_jetpack_memberships_contains_paid_content":false,"footnotes":"","jetpack_publicize_message":"","jetpack_publicize_feature_enabled":true,"jetpack_social_post_already_shared":true,"jetpack_social_options":{"image_generator_settings":{"template":"highway","default_image_id":0,"font":"","enabled":false},"version":2}},"categories":[1],"tags":[],"class_list":["post-12676","post","type-post","status-publish","format-standard","has-post-thumbnail","hentry","category-atualidade"],"jetpack_publicize_connections":[],"jetpack_featured_media_url":"https:\/\/correiodasemana.com\/site\/wp-content\/uploads\/2020\/08\/PEDESTRE-PASSA-PELA-FAIXA.jpg","jetpack-related-posts":[{"id":10215,"url":"https:\/\/correiodasemana.com\/site\/mais-de-300-mil-vitimas-ficarao-sem-seguro-dpvat-no-ano-que-vem\/","url_meta":{"origin":12676,"position":0},"title":"Mais de 300 mil v\u00edtimas ficar\u00e3o sem Seguro DPVAT no ano que vem","author":"","date":"Dezembro 16, 2019","format":false,"excerpt":"Nos \u00faltimos 10 anos, cerca de 4 milh\u00f5es de v\u00edtimas de acidentes de tr\u00e2nsito foram indenizadas pelo Seguro DPVAT em todo o pa\u00eds. A partir do hist\u00f3rico de dados da Seguradora L\u00edder, \u00e9 poss\u00edvel projetar um cen\u00e1rio de como ser\u00e1 o pr\u00f3ximo ano sem a exist\u00eancia do seguro de acidente\u2026","rel":"","context":"In &quot;Atualidade&quot;","block_context":{"text":"Atualidade","link":"https:\/\/correiodasemana.com\/site\/category\/atualidade\/"},"img":{"alt_text":"","src":"https:\/\/i0.wp.com\/correiodasemana.com\/site\/wp-content\/uploads\/2019\/12\/seguro-dpvat.jpg?resize=350%2C200&ssl=1","width":350,"height":200,"srcset":"https:\/\/i0.wp.com\/correiodasemana.com\/site\/wp-content\/uploads\/2019\/12\/seguro-dpvat.jpg?resize=350%2C200&ssl=1 1x, https:\/\/i0.wp.com\/correiodasemana.com\/site\/wp-content\/uploads\/2019\/12\/seguro-dpvat.jpg?resize=525%2C300&ssl=1 1.5x, https:\/\/i0.wp.com\/correiodasemana.com\/site\/wp-content\/uploads\/2019\/12\/seguro-dpvat.jpg?resize=700%2C400&ssl=1 2x"},"classes":[]},{"id":13285,"url":"https:\/\/correiodasemana.com\/site\/motociclistas-lideram-indenizacoes-pagas-pelo-dpvat-por-acidentes\/","url_meta":{"origin":12676,"position":1},"title":"Motociclistas lideram indeniza\u00e7\u00f5es pagas pelo Dpvat por acidentes","author":"","date":"Agosto 31, 2020","format":false,"excerpt":"Categoria recebeu 79% dos benef\u00edcios pagos no primeiro semestre Motociclistas lideraram as indeniza\u00e7\u00f5es pagas no primeiro semestre deste ano pelo seguro Dpvat, que cobre danos pessoais em acidentes por ve\u00edculos automotores em vias terrestres. Segundo a Seguradora L\u00edder, que administra o Dpvat, de janeiro a junho, foram pagas 125.395 indeniza\u00e7\u00f5es\u2026","rel":"","context":"In &quot;Atualidade&quot;","block_context":{"text":"Atualidade","link":"https:\/\/correiodasemana.com\/site\/category\/atualidade\/"},"img":{"alt_text":"","src":"https:\/\/i0.wp.com\/correiodasemana.com\/site\/wp-content\/uploads\/2020\/08\/27_07_2012_motociclistas_motos1305200324.jpg?resize=350%2C200&ssl=1","width":350,"height":200,"srcset":"https:\/\/i0.wp.com\/correiodasemana.com\/site\/wp-content\/uploads\/2020\/08\/27_07_2012_motociclistas_motos1305200324.jpg?resize=350%2C200&ssl=1 1x, https:\/\/i0.wp.com\/correiodasemana.com\/site\/wp-content\/uploads\/2020\/08\/27_07_2012_motociclistas_motos1305200324.jpg?resize=525%2C300&ssl=1 1.5x, https:\/\/i0.wp.com\/correiodasemana.com\/site\/wp-content\/uploads\/2020\/08\/27_07_2012_motociclistas_motos1305200324.jpg?resize=700%2C400&ssl=1 2x, https:\/\/i0.wp.com\/correiodasemana.com\/site\/wp-content\/uploads\/2020\/08\/27_07_2012_motociclistas_motos1305200324.jpg?resize=1050%2C600&ssl=1 3x"},"classes":[]},{"id":11202,"url":"https:\/\/correiodasemana.com\/site\/ceara-e-o-terceiro-estado-brasileiro-com-o-maior-numero-de-acidentes-envolvendo-motocicletas\/","url_meta":{"origin":12676,"position":2},"title":"Cear\u00e1\u00a0\u00e9 o\u00a0terceiro\u00a0estado brasileiro com o maior n\u00famero\u00a0de\u00a0acidentes envolvendo motocicletas","author":"","date":"Mar\u00e7o 18, 2020","format":false,"excerpt":"Dados do Seguro DPVAT apontam que o estado do\u00a0Cear\u00e1\u00a0\u00e9 o\u00a0terceiro\u00a0colocado em indeniza\u00e7\u00f5es\u00a0envolvendo acidentes com motocicletas. Em 2019, foram\u00a022.499\u00a0indeniza\u00e7\u00f5es pagas para acidentes com esse tipo de ve\u00edculo. Destas,\u00a0mais de 60% (13.618) foram para os condutores das motos. O levantamento realizado pela Seguradora L\u00edder indica, ainda, que\u00a022% (5.083) das indeniza\u00e7\u00f5es foram destinadas\u2026","rel":"","context":"In &quot;Atualidade&quot;","block_context":{"text":"Atualidade","link":"https:\/\/correiodasemana.com\/site\/category\/atualidade\/"},"img":{"alt_text":"","src":"https:\/\/i0.wp.com\/correiodasemana.com\/site\/wp-content\/uploads\/2020\/03\/moto-acidente.jpg?resize=350%2C200&ssl=1","width":350,"height":200,"srcset":"https:\/\/i0.wp.com\/correiodasemana.com\/site\/wp-content\/uploads\/2020\/03\/moto-acidente.jpg?resize=350%2C200&ssl=1 1x, https:\/\/i0.wp.com\/correiodasemana.com\/site\/wp-content\/uploads\/2020\/03\/moto-acidente.jpg?resize=525%2C300&ssl=1 1.5x, https:\/\/i0.wp.com\/correiodasemana.com\/site\/wp-content\/uploads\/2020\/03\/moto-acidente.jpg?resize=700%2C400&ssl=1 2x"},"classes":[]},{"id":28943,"url":"https:\/\/correiodasemana.com\/site\/camara-aprova-novas-regras-para-seguro-obrigatorio-de-veiculos\/","url_meta":{"origin":12676,"position":3},"title":"C\u00e2mara aprova novas regras para seguro obrigat\u00f3rio de ve\u00edculos","author":"adminredacao","date":"Abril 15, 2024","format":false,"excerpt":"Texto agora segue para aprecia\u00e7\u00e3o do Senado Por Ag\u00eancia Brasil* - Bras\u00edlia A C\u00e2mara dos Deputados aprovou projeto que reformata o seguro obrigat\u00f3rio de ve\u00edculos terrestres, mantendo com a Caixa a gest\u00e3o do fundo para pagar as indeniza\u00e7\u00f5es. O Projeto de Lei Complementar (PLP) 233\/23, do Poder Executivo, ser\u00e1 enviado\u2026","rel":"","context":"In &quot;Atualidade&quot;","block_context":{"text":"Atualidade","link":"https:\/\/correiodasemana.com\/site\/category\/atualidade\/"},"img":{"alt_text":"","src":"https:\/\/i0.wp.com\/correiodasemana.com\/site\/wp-content\/uploads\/2024\/04\/Camara-federal-do-Brasil.webp?resize=350%2C200&ssl=1","width":350,"height":200,"srcset":"https:\/\/i0.wp.com\/correiodasemana.com\/site\/wp-content\/uploads\/2024\/04\/Camara-federal-do-Brasil.webp?resize=350%2C200&ssl=1 1x, https:\/\/i0.wp.com\/correiodasemana.com\/site\/wp-content\/uploads\/2024\/04\/Camara-federal-do-Brasil.webp?resize=525%2C300&ssl=1 1.5x, https:\/\/i0.wp.com\/correiodasemana.com\/site\/wp-content\/uploads\/2024\/04\/Camara-federal-do-Brasil.webp?resize=700%2C400&ssl=1 2x, https:\/\/i0.wp.com\/correiodasemana.com\/site\/wp-content\/uploads\/2024\/04\/Camara-federal-do-Brasil.webp?resize=1050%2C600&ssl=1 3x"},"classes":[]},{"id":15013,"url":"https:\/\/correiodasemana.com\/site\/susep-sugere-que-motorista-tenha-dpvat-gratuito-em-2021\/","url_meta":{"origin":12676,"position":4},"title":"Susep sugere que motorista tenha DPVAT gratuito em 2021","author":"","date":"Dezembro 15, 2020","format":false,"excerpt":"Decis\u00e3o ainda precisa ser aprovada por conselho; Caixa deve gerir seguro A diretoria da Susep (Superintend\u00eancia de Seguros Privados) aprovou, no \u00faltimo dia 9 de dezembro, a indica\u00e7\u00e3o de pr\u00eamio zero para o DPVAT em 2021. A proposta vai ser encaminhada ao CNSP (Conselho Nacional de Seguros Privados), que deve\u2026","rel":"","context":"In &quot;Atualidade&quot;","block_context":{"text":"Atualidade","link":"https:\/\/correiodasemana.com\/site\/category\/atualidade\/"},"img":{"alt_text":"","src":"https:\/\/i0.wp.com\/correiodasemana.com\/site\/wp-content\/uploads\/2020\/12\/18-800x445-1.jpg?resize=350%2C200&ssl=1","width":350,"height":200,"srcset":"https:\/\/i0.wp.com\/correiodasemana.com\/site\/wp-content\/uploads\/2020\/12\/18-800x445-1.jpg?resize=350%2C200&ssl=1 1x, https:\/\/i0.wp.com\/correiodasemana.com\/site\/wp-content\/uploads\/2020\/12\/18-800x445-1.jpg?resize=525%2C300&ssl=1 1.5x, https:\/\/i0.wp.com\/correiodasemana.com\/site\/wp-content\/uploads\/2020\/12\/18-800x445-1.jpg?resize=700%2C400&ssl=1 2x"},"classes":[]},{"id":15003,"url":"https:\/\/correiodasemana.com\/site\/acidentes-de-transito-causam-prejuizo-de-r-220-bi-por-ano\/","url_meta":{"origin":12676,"position":5},"title":"Acidentes de tr\u00e2nsito causam preju\u00edzo de R$ 220 bi por ano","author":"","date":"Dezembro 15, 2020","format":false,"excerpt":"Todos os anos, o Brasil desperdi\u00e7a 3% do Produto Interno Bruto (PIB), cerca de R$ 220 bilh\u00f5es, para pagar os custos decorrentes dos acidentes de tr\u00e2nsito. \u00c9 o que aponta um estudo feito pela Organiza\u00e7\u00e3o das Na\u00e7\u00f5es Unidas (ONU). \u201cEsse c\u00e1lculo engloba o gasto com socorro, tratamentos m\u00e9dicos, investiga\u00e7\u00e3o e\u2026","rel":"","context":"In &quot;Atualidade&quot;","block_context":{"text":"Atualidade","link":"https:\/\/correiodasemana.com\/site\/category\/atualidade\/"},"img":{"alt_text":"","src":"https:\/\/i0.wp.com\/correiodasemana.com\/site\/wp-content\/uploads\/2020\/12\/14ded2bab5141147c45f4f8d119f46c3.png?resize=350%2C200&ssl=1","width":350,"height":200,"srcset":"https:\/\/i0.wp.com\/correiodasemana.com\/site\/wp-content\/uploads\/2020\/12\/14ded2bab5141147c45f4f8d119f46c3.png?resize=350%2C200&ssl=1 1x, https:\/\/i0.wp.com\/correiodasemana.com\/site\/wp-content\/uploads\/2020\/12\/14ded2bab5141147c45f4f8d119f46c3.png?resize=525%2C300&ssl=1 1.5x, https:\/\/i0.wp.com\/correiodasemana.com\/site\/wp-content\/uploads\/2020\/12\/14ded2bab5141147c45f4f8d119f46c3.png?resize=700%2C400&ssl=1 2x"},"classes":[]}],"jetpack_sharing_enabled":true,"_links":{"self":[{"href":"https:\/\/correiodasemana.com\/site\/wp-json\/wp\/v2\/posts\/12676","targetHints":{"allow":["GET"]}}],"collection":[{"href":"https:\/\/correiodasemana.com\/site\/wp-json\/wp\/v2\/posts"}],"about":[{"href":"https:\/\/correiodasemana.com\/site\/wp-json\/wp\/v2\/types\/post"}],"author":[{"embeddable":true,"href":"https:\/\/correiodasemana.com\/site\/wp-json\/wp\/v2\/users\/1"}],"replies":[{"embeddable":true,"href":"https:\/\/correiodasemana.com\/site\/wp-json\/wp\/v2\/comments?post=12676"}],"version-history":[{"count":2,"href":"https:\/\/correiodasemana.com\/site\/wp-json\/wp\/v2\/posts\/12676\/revisions"}],"predecessor-version":[{"id":12680,"href":"https:\/\/correiodasemana.com\/site\/wp-json\/wp\/v2\/posts\/12676\/revisions\/12680"}],"wp:featuredmedia":[{"embeddable":true,"href":"https:\/\/correiodasemana.com\/site\/wp-json\/wp\/v2\/media\/12678"}],"wp:attachment":[{"href":"https:\/\/correiodasemana.com\/site\/wp-json\/wp\/v2\/media?parent=12676"}],"wp:term":[{"taxonomy":"category","embeddable":true,"href":"https:\/\/correiodasemana.com\/site\/wp-json\/wp\/v2\/categories?post=12676"},{"taxonomy":"post_tag","embeddable":true,"href":"https:\/\/correiodasemana.com\/site\/wp-json\/wp\/v2\/tags?post=12676"}],"curies":[{"name":"wp","href":"https:\/\/api.w.org\/{rel}","templated":true}]}}