{"id":12682,"date":"2020-08-10T16:24:50","date_gmt":"2020-08-10T19:24:50","guid":{"rendered":"https:\/\/correiodasemana.com\/site\/?p=12682"},"modified":"2020-08-10T16:24:50","modified_gmt":"2020-08-10T19:24:50","slug":"pais-deve-registrar-625-mil-novos-casos-de-cancer-ate-2022","status":"publish","type":"post","link":"https:\/\/correiodasemana.com\/site\/pais-deve-registrar-625-mil-novos-casos-de-cancer-ate-2022\/","title":{"rendered":"Pa\u00eds deve registrar 625 mil novos casos de c\u00e2ncer at\u00e9 2022"},"content":{"rendered":"<p><em>O oncologista Ramon Andrade de Mello relaciona alta com adiamento do tratamento durante a pandemia<\/em><\/p>\n<p>A pandemia do novo coronav\u00edrus alterou a rotina das pessoas e uma parcela significativa dos pacientes deixou de procurar um especialista para diagn\u00f3sticos e outros adiaram o tratamento. Em Portugal, um estudo recente do Sistema Nacional de Vigil\u00e2ncia de Mortalidade do pa\u00eds indica que morreram em julho 10.390 pessoas, \u00e9 o n\u00famero mais alto num m\u00eas nos \u00faltimos 12 anos. A pesquisa revela que, comparado com julho de 2019, trata-se de um aumento de 26%, sendo que apenas 159, ou 1,5%, est\u00e3o relacionados com a Covid-19.<\/p>\n<p>&#8220;Ainda n\u00e3o temos muitos dados oficiais no Brasil, mas alguns indicadores j\u00e1 mostram que teremos um aumento significativo de mortes de pacientes oncol\u00f3gicos n\u00e3o-Covid&#8221;, explica Ramon Andrade de Mello, m\u00e9dico oncologista, professor da disciplina de oncologia cl\u00ednica da Unifesp (Universidade Federal de S\u00e3o Paulo), da Uninove e da Escola de Medicina da Universidade do Algarve (Portugal).<\/p>\n<p>&#8220;Inicialmente, tivemos um p\u00e2nico coletivo que fez as pessoas adiarem seus tratamentos cr\u00f4nicos, que v\u00e3o ter repercuss\u00f5es em todo o sistema de sa\u00fade&#8221;, analisa o professor da Unifesp. No Brasil, um levantamento realizado pelas Sociedades Brasileiras de Patologia e de Cirurgia Oncol\u00f3gica mostra que, desde o in\u00edcio do isolamento social, aproximadamente 50 mil brasileiros deixaram de ser diagnosticado com c\u00e2ncer e cerca de 70% das cirurgias desse grupo de pacientes foram adiadas apenas no m\u00eas de abril.<\/p>\n<p>&#8220;O tratamento contra o c\u00e2ncer deve ser encarado como emerg\u00eancia m\u00e9dica, o adiamento do diagn\u00f3stico e do tratamento reduzem significativamente as chances de resultados positivos no futuro&#8221;, ressalta Ramon Andrade de Mello. Um outro levantamento, realizado pelo Instituto do C\u00e2ncer do Estado de S\u00e3o Paulo (Icesp), mostrou queda de 30% no n\u00famero de pacientes novos que procuram a institui\u00e7\u00e3o.<\/p>\n<p>O oncologista pontua que a quanto mais cedo o in\u00edcio do tratamento, melhores as chances: &#8220;Para algumas faixas et\u00e1rias, principalmente entre os pacientes acima de 65 anos de idade, os riscos de morte por c\u00e2ncer podem ser maiores do que pela Covid-19&#8221;.<\/p>\n<p>Sobre Ramon Andrade de Mello<br \/>\nOncologista cl\u00ednico e professor adjunto de Cancerologia Cl\u00ednica da Escola Paulista de Medicina, Universidade Federal de S\u00e3o Paulo (Unifesp), Ramon Andrade de Mello tem p\u00f3s-doutorado em Pesquisa Cl\u00ednica no C\u00e2ncer de Pulm\u00e3o no Royal Marsden NHS Foundation Trust (Inglaterra) e doutorado (PhD) em Oncologia Molecular pela Faculdade de Medicina da Universidade do Porto (Portugal).<br \/>\nO m\u00e9dico tem t\u00edtulo de especialista em Oncologia Cl\u00ednica, Minist\u00e9rio da Sa\u00fade de Portugal e Sociedade Europeia de Oncologia M\u00e9dica (ESMO). Al\u00e9m disso, Ramon tem t\u00edtulo de Fellow of the American College of Physician (EUA) e \u00e9 membro do Comit\u00ea Educacional de Tumores Gastrointestinal (ESMO GI Faculty) da Sociedade Europeia de Oncologia M\u00e9dica (European Society for Medical Oncology &#8211; ESMO), Membro do Conselho Consultivo (Advisory Board Member) da Escola Europeia de Oncologia (European School of Oncology &#8211; ESO) e ex-membro do Comit\u00ea Educacional de Tumores do Gastrointestinal Alto (mandato 2016-2019) da Sociedade Americana de Oncologia Cl\u00ednica (American Society of Clinical Oncology &#8211; ASCO).<br \/>\nO oncologista \u00e9 do corpo cl\u00ednico do Hospital Israelita Albert Einstein e Hospital 9 de Julho, em S\u00e3o Paulo, SP, e do Centro de Diagn\u00f3stico da Unimed (CDU), em Bauru (SP).<\/p>\n","protected":false},"excerpt":{"rendered":"<p>O oncologista Ramon Andrade de Mello relaciona alta com adiamento do tratamento durante a pandemia&#8230;<\/p>\n","protected":false},"author":1,"featured_media":12683,"comment_status":"open","ping_status":"open","sticky":false,"template":"","format":"standard","meta":{"_jetpack_memberships_contains_paid_content":false,"footnotes":"","jetpack_publicize_message":"","jetpack_publicize_feature_enabled":true,"jetpack_social_post_already_shared":true,"jetpack_social_options":{"image_generator_settings":{"template":"highway","default_image_id":0,"font":"","enabled":false},"version":2}},"categories":[1],"tags":[],"class_list":["post-12682","post","type-post","status-publish","format-standard","has-post-thumbnail","hentry","category-atualidade"],"jetpack_publicize_connections":[],"jetpack_featured_media_url":"https:\/\/correiodasemana.com\/site\/wp-content\/uploads\/2020\/08\/cancer.jpg","jetpack-related-posts":[{"id":16936,"url":"https:\/\/correiodasemana.com\/site\/isolamento-imposto-pela-covid-19-agrava-saude-ocular-da-populacao\/","url_meta":{"origin":12682,"position":0},"title":"Isolamento imposto pela Covid-19 agrava sa\u00fade ocular da popula\u00e7\u00e3o","author":"","date":"Julho 12, 2021","format":false,"excerpt":"Pandemia trouxe mudan\u00e7as significativas no comportamento das pessoas em rela\u00e7\u00e3o ao tempo de exposi\u00e7\u00e3o \u00e0s luzes dos aparelhos eletr\u00f4nicos Com o trabalho remoto e os estudos online impostos pela pandemia de Covid-19, a exposi\u00e7\u00e3o excessiva \u00e0s luzes geradas pelos aparelhos eletr\u00f4nicos contribui para o surgimento e aumento da fadiga ocular.\u2026","rel":"","context":"In &quot;Atualidade&quot;","block_context":{"text":"Atualidade","link":"https:\/\/correiodasemana.com\/site\/category\/atualidade\/"},"img":{"alt_text":"","src":"https:\/\/i0.wp.com\/correiodasemana.com\/site\/wp-content\/uploads\/2021\/07\/isolamento-da-covid-agrava-problemas-de-visao.jpg?resize=350%2C200&ssl=1","width":350,"height":200,"srcset":"https:\/\/i0.wp.com\/correiodasemana.com\/site\/wp-content\/uploads\/2021\/07\/isolamento-da-covid-agrava-problemas-de-visao.jpg?resize=350%2C200&ssl=1 1x, https:\/\/i0.wp.com\/correiodasemana.com\/site\/wp-content\/uploads\/2021\/07\/isolamento-da-covid-agrava-problemas-de-visao.jpg?resize=525%2C300&ssl=1 1.5x, https:\/\/i0.wp.com\/correiodasemana.com\/site\/wp-content\/uploads\/2021\/07\/isolamento-da-covid-agrava-problemas-de-visao.jpg?resize=700%2C400&ssl=1 2x, https:\/\/i0.wp.com\/correiodasemana.com\/site\/wp-content\/uploads\/2021\/07\/isolamento-da-covid-agrava-problemas-de-visao.jpg?resize=1050%2C600&ssl=1 3x, https:\/\/i0.wp.com\/correiodasemana.com\/site\/wp-content\/uploads\/2021\/07\/isolamento-da-covid-agrava-problemas-de-visao.jpg?resize=1400%2C800&ssl=1 4x"},"classes":[]},{"id":9159,"url":"https:\/\/correiodasemana.com\/site\/santa-casa-de-misericordia-de-sobral-oferece-assistencia-especializada-no-tratamento-de-pacientes-com-cancer\/","url_meta":{"origin":12682,"position":1},"title":"Santa Casa de Miseric\u00f3rdia de Sobral oferece assist\u00eancia especializada no tratamento de pacientes com c\u00e2ncer","author":"","date":"Setembro 23, 2019","format":false,"excerpt":"O hospital \u00e9 credenciado como Centro de Assist\u00eancia de Alta Complexidade em Oncologia (CACON) e todos os servi\u00e7os prestados pelo setor de Oncologia da SCMS s\u00e3o pagos pelo SUS.\u00a0 Assessoria de Comunica\u00e7\u00e3o da Santa Casa de Miseric\u00f3rdia de Sobral A Santa Casa de Miseric\u00f3rdia de Sobral (SCMS) atende pacientes de\u2026","rel":"","context":"In &quot;Santa Casa&quot;","block_context":{"text":"Santa Casa","link":"https:\/\/correiodasemana.com\/site\/category\/santa-casa\/"},"img":{"alt_text":"","src":"https:\/\/i0.wp.com\/correiodasemana.com\/site\/wp-content\/uploads\/2019\/09\/Foto-1-1-1.jpg?resize=350%2C200&ssl=1","width":350,"height":200,"srcset":"https:\/\/i0.wp.com\/correiodasemana.com\/site\/wp-content\/uploads\/2019\/09\/Foto-1-1-1.jpg?resize=350%2C200&ssl=1 1x, https:\/\/i0.wp.com\/correiodasemana.com\/site\/wp-content\/uploads\/2019\/09\/Foto-1-1-1.jpg?resize=525%2C300&ssl=1 1.5x, https:\/\/i0.wp.com\/correiodasemana.com\/site\/wp-content\/uploads\/2019\/09\/Foto-1-1-1.jpg?resize=700%2C400&ssl=1 2x, https:\/\/i0.wp.com\/correiodasemana.com\/site\/wp-content\/uploads\/2019\/09\/Foto-1-1-1.jpg?resize=1050%2C600&ssl=1 3x, https:\/\/i0.wp.com\/correiodasemana.com\/site\/wp-content\/uploads\/2019\/09\/Foto-1-1-1.jpg?resize=1400%2C800&ssl=1 4x"},"classes":[]},{"id":20699,"url":"https:\/\/correiodasemana.com\/site\/casa-viva-a-vida-celebra-22-anos-de-acolhimento-e-solidariedade-a-pacientes-oncologicos-da-santa-casa-de-sobral\/","url_meta":{"origin":12682,"position":2},"title":"Casa Viva a Vida celebra 22 anos de acolhimento e solidariedade a pacientes oncol\u00f3gicos da Santa Casa de Sobral","author":"","date":"Agosto 14, 2022","format":false,"excerpt":"Al\u00e9m de alimentos, materiais de higiene e limpeza, roupas tamb\u00e9m podem ser doadas para o projeto. A Casa Viva a Vida \u2013 servi\u00e7o social do Complexo Santa Casa de Miseric\u00f3rdia de Sobral - celebra nesta sexta-feira (12\/08) seus 22 anos de exist\u00eancia. O projeto nasceu do desejo de proporcionar estadia\u2026","rel":"","context":"In &quot;Atualidade&quot;","block_context":{"text":"Atualidade","link":"https:\/\/correiodasemana.com\/site\/category\/atualidade\/"},"img":{"alt_text":"","src":"https:\/\/i0.wp.com\/correiodasemana.com\/site\/wp-content\/uploads\/2022\/08\/santa-casa-2-1.jpg?resize=350%2C200&ssl=1","width":350,"height":200,"srcset":"https:\/\/i0.wp.com\/correiodasemana.com\/site\/wp-content\/uploads\/2022\/08\/santa-casa-2-1.jpg?resize=350%2C200&ssl=1 1x, https:\/\/i0.wp.com\/correiodasemana.com\/site\/wp-content\/uploads\/2022\/08\/santa-casa-2-1.jpg?resize=525%2C300&ssl=1 1.5x"},"classes":[]},{"id":16480,"url":"https:\/\/correiodasemana.com\/site\/programa-onco-do-bem-da-santa-casa-de-sobral-arrecada-duas-toneladas-de-alimentos-e-realiza-doacao-a-pacientes-oncologicos\/","url_meta":{"origin":12682,"position":3},"title":"Programa Onco do Bem da Santa Casa de Sobral arrecada duas toneladas de alimentos e realiza doa\u00e7\u00e3o a pacientes oncol\u00f3gicos","author":"","date":"Maio 17, 2021","format":false,"excerpt":"O Programa\u00a0pretende desenvolver e fortalecer uma s\u00e9rie de a\u00e7\u00f5es de humaniza\u00e7\u00e3o dentro do ambiente hospitalar Com o objetivo de arrecadar cestas b\u00e1sicas e beneficiar pacientes oncol\u00f3gicos em situa\u00e7\u00e3o socioecon\u00f4mica desfavor\u00e1vel e que n\u00e3o est\u00e3o recebendo nenhum benef\u00edcio social, a Santa Casa de Miseric\u00f3rdia de Sobral por meio do Programa Onco\u2026","rel":"","context":"In &quot;Atualidade&quot;","block_context":{"text":"Atualidade","link":"https:\/\/correiodasemana.com\/site\/category\/atualidade\/"},"img":{"alt_text":"","src":"https:\/\/i0.wp.com\/correiodasemana.com\/site\/wp-content\/uploads\/2021\/05\/Foto-1.jpg?resize=350%2C200&ssl=1","width":350,"height":200,"srcset":"https:\/\/i0.wp.com\/correiodasemana.com\/site\/wp-content\/uploads\/2021\/05\/Foto-1.jpg?resize=350%2C200&ssl=1 1x, https:\/\/i0.wp.com\/correiodasemana.com\/site\/wp-content\/uploads\/2021\/05\/Foto-1.jpg?resize=525%2C300&ssl=1 1.5x, https:\/\/i0.wp.com\/correiodasemana.com\/site\/wp-content\/uploads\/2021\/05\/Foto-1.jpg?resize=700%2C400&ssl=1 2x"},"classes":[]},{"id":21859,"url":"https:\/\/correiodasemana.com\/site\/covid-19-sbra-faz-alerta-apos-aumento-de-casos-decorrentes-de-nova-variante\/","url_meta":{"origin":12682,"position":4},"title":"Covid-19: SBRA faz alerta ap\u00f3s aumento de casos decorrentes de nova variante","author":"","date":"Novembro 28, 2022","format":false,"excerpt":"A nova variante, a BQ1, \u00e9 uma sublinhagem da \u00d4micon e dados indicam grande potencial de prolifera\u00e7\u00e3o do v\u00edrus. O presidente da Associa\u00e7\u00e3o Brasileira de Reprodu\u00e7\u00e3o Assistida (SBRA), o especialista em reprodu\u00e7\u00e3o humana Alvaro Pigatto Ceschin, orienta aos m\u00e9dicos da \u00e1rea que ampliem os cuidados em suas rotinas de atendimento\u2026","rel":"","context":"In &quot;Atualidade&quot;","block_context":{"text":"Atualidade","link":"https:\/\/correiodasemana.com\/site\/category\/atualidade\/"},"img":{"alt_text":"","src":"https:\/\/i0.wp.com\/correiodasemana.com\/site\/wp-content\/uploads\/2022\/11\/covid-19.jpg?resize=350%2C200&ssl=1","width":350,"height":200,"srcset":"https:\/\/i0.wp.com\/correiodasemana.com\/site\/wp-content\/uploads\/2022\/11\/covid-19.jpg?resize=350%2C200&ssl=1 1x, https:\/\/i0.wp.com\/correiodasemana.com\/site\/wp-content\/uploads\/2022\/11\/covid-19.jpg?resize=525%2C300&ssl=1 1.5x, https:\/\/i0.wp.com\/correiodasemana.com\/site\/wp-content\/uploads\/2022\/11\/covid-19.jpg?resize=700%2C400&ssl=1 2x, https:\/\/i0.wp.com\/correiodasemana.com\/site\/wp-content\/uploads\/2022\/11\/covid-19.jpg?resize=1050%2C600&ssl=1 3x"},"classes":[]},{"id":16963,"url":"https:\/\/correiodasemana.com\/site\/diretor-da-santa-casa-de-misericordia-de-sobral-participa-de-reuniao-com-ministro-da-saude\/","url_meta":{"origin":12682,"position":5},"title":"Diretor da Santa Casa de Miseric\u00f3rdia de Sobral participa de reuni\u00e3o com Ministro da Sa\u00fade","author":"","date":"Julho 12, 2021","format":false,"excerpt":"O balan\u00e7o dos servi\u00e7os prestados pela Institui\u00e7\u00e3o filantr\u00f3pica aos 55 munic\u00edpios da Regi\u00e3o Norte do estado do Cear\u00e1 foi apresentado ao Ministro. O diretor-geral da Santa Casa de Miseric\u00f3rdia de Sobral Dr. Klebson Carvalho, participou de uma reuni\u00e3o com o Ministro da Sa\u00fade Marcelo Queiroga, nesta quarta-feira (30\/06) em Bras\u00edlia.\u2026","rel":"","context":"In &quot;Atualidade&quot;","block_context":{"text":"Atualidade","link":"https:\/\/correiodasemana.com\/site\/category\/atualidade\/"},"img":{"alt_text":"","src":"https:\/\/i0.wp.com\/correiodasemana.com\/site\/wp-content\/uploads\/2021\/07\/Reuniao-MS.jpeg?resize=350%2C200&ssl=1","width":350,"height":200,"srcset":"https:\/\/i0.wp.com\/correiodasemana.com\/site\/wp-content\/uploads\/2021\/07\/Reuniao-MS.jpeg?resize=350%2C200&ssl=1 1x, https:\/\/i0.wp.com\/correiodasemana.com\/site\/wp-content\/uploads\/2021\/07\/Reuniao-MS.jpeg?resize=525%2C300&ssl=1 1.5x, https:\/\/i0.wp.com\/correiodasemana.com\/site\/wp-content\/uploads\/2021\/07\/Reuniao-MS.jpeg?resize=700%2C400&ssl=1 2x, https:\/\/i0.wp.com\/correiodasemana.com\/site\/wp-content\/uploads\/2021\/07\/Reuniao-MS.jpeg?resize=1050%2C600&ssl=1 3x"},"classes":[]}],"jetpack_sharing_enabled":true,"_links":{"self":[{"href":"https:\/\/correiodasemana.com\/site\/wp-json\/wp\/v2\/posts\/12682","targetHints":{"allow":["GET"]}}],"collection":[{"href":"https:\/\/correiodasemana.com\/site\/wp-json\/wp\/v2\/posts"}],"about":[{"href":"https:\/\/correiodasemana.com\/site\/wp-json\/wp\/v2\/types\/post"}],"author":[{"embeddable":true,"href":"https:\/\/correiodasemana.com\/site\/wp-json\/wp\/v2\/users\/1"}],"replies":[{"embeddable":true,"href":"https:\/\/correiodasemana.com\/site\/wp-json\/wp\/v2\/comments?post=12682"}],"version-history":[{"count":2,"href":"https:\/\/correiodasemana.com\/site\/wp-json\/wp\/v2\/posts\/12682\/revisions"}],"predecessor-version":[{"id":12685,"href":"https:\/\/correiodasemana.com\/site\/wp-json\/wp\/v2\/posts\/12682\/revisions\/12685"}],"wp:featuredmedia":[{"embeddable":true,"href":"https:\/\/correiodasemana.com\/site\/wp-json\/wp\/v2\/media\/12683"}],"wp:attachment":[{"href":"https:\/\/correiodasemana.com\/site\/wp-json\/wp\/v2\/media?parent=12682"}],"wp:term":[{"taxonomy":"category","embeddable":true,"href":"https:\/\/correiodasemana.com\/site\/wp-json\/wp\/v2\/categories?post=12682"},{"taxonomy":"post_tag","embeddable":true,"href":"https:\/\/correiodasemana.com\/site\/wp-json\/wp\/v2\/tags?post=12682"}],"curies":[{"name":"wp","href":"https:\/\/api.w.org\/{rel}","templated":true}]}}