{"id":12687,"date":"2020-08-11T08:00:05","date_gmt":"2020-08-11T11:00:05","guid":{"rendered":"https:\/\/correiodasemana.com\/site\/?p=12687"},"modified":"2020-08-11T08:00:05","modified_gmt":"2020-08-11T11:00:05","slug":"governo-parlamentares-e-trabalhadores-discutem-o-futuro-do-fgts","status":"publish","type":"post","link":"https:\/\/correiodasemana.com\/site\/governo-parlamentares-e-trabalhadores-discutem-o-futuro-do-fgts\/","title":{"rendered":"Governo, parlamentares e trabalhadores discutem o futuro do FGTS"},"content":{"rendered":"<p>Na pr\u00f3xima quinta-feira (13), \u00e0s 17h, a C\u00e2mara Brasileira da Ind\u00fastria da Constru\u00e7\u00e3o (CBIC) reunir\u00e1 governo, deputados e representantes dos trabalhadores e do Conselho Curador do Fundo de Garantia do Tempo de Servi\u00e7o (FGTS) para uma discuss\u00e3o sobre o futuro do Fundo. A conversa ser\u00e1 mediada pela jornalista Adriana Fernandes, do Estad\u00e3o, durante o \u2018Quintas da CBIC\u2019.<\/p>\n<p>Na \u00faltima semana, a C\u00e2mara dos Deputados retirou de pauta a Medida Provis\u00f3ria 946\/2020, que trata do saque extraordin\u00e1rio do FGTS. A CBIC liderou um trabalho ao lado de seus associados para sensibilizar os parlamentares sobre a import\u00e2ncia da manuten\u00e7\u00e3o do Fundo como instrumento de poupan\u00e7a.<\/p>\n<p>Na avalia\u00e7\u00e3o do presidente da CBIC, Jos\u00e9 Carlos Martins, as modifica\u00e7\u00f5es no texto traziam grande preocupa\u00e7\u00e3o, pois poderiam levar o FGTS \u00e0 beira da insolv\u00eancia, como j\u00e1 ocorreu nos traum\u00e1ticos anos 90, quando uma gest\u00e3o desastrosa realizou compromissos superiores \u00e0 sua capacidade de liquidez. O erro manteve o Fundo durante muitos anos sem conseguir financiar.<\/p>\n<p>\u201cO Congresso teve a sensibilidade de evitar uma decis\u00e3o que iria prejudicar imensamente os trabalhadores do Brasil\u201d, afirma Martins.<\/p>\n<p>Diferentemente do objetivo inicial da MP, o texto alterado pelo Senado permitia que, durante o per\u00edodo de pandemia, em alguns casos pudesse ser realizada a movimenta\u00e7\u00e3o da totalidade dos recursos da conta vinculada ao FGTS, o que prejudicaria o financiamento de moradias.<\/p>\n<p>Uma das propostas da CBIC \u00e9 que seja formado, dentro do Congresso Nacional, um grupo de trabalho para estudar o futuro do Fundo e qual sua fun\u00e7\u00e3o social e econ\u00f4mica.<\/p>\n<p>A iniciativa tem interface com o projeto\u00a0<strong>\u2018Melhorias do Mercado Imobili\u00e1rio\u2019<\/strong>\u00a0realizado pela CBIC, por meio das Comiss\u00f5es da Ind\u00fastria Imobili\u00e1ria (CII) e de Habita\u00e7\u00e3o de Interesse Social (CHIS), com a correaliza\u00e7\u00e3o do Servi\u00e7o Nacional da Ind\u00fastria (Senai).<\/p>\n<p>Fonte: AGENCIA CBIC<\/p>\n","protected":false},"excerpt":{"rendered":"<p>Na pr\u00f3xima quinta-feira (13), \u00e0s 17h, a C\u00e2mara Brasileira da Ind\u00fastria da Constru\u00e7\u00e3o (CBIC) reunir\u00e1&#8230;<\/p>\n","protected":false},"author":1,"featured_media":12688,"comment_status":"open","ping_status":"open","sticky":false,"template":"","format":"standard","meta":{"_jetpack_memberships_contains_paid_content":false,"footnotes":"","jetpack_publicize_message":"","jetpack_publicize_feature_enabled":true,"jetpack_social_post_already_shared":true,"jetpack_social_options":{"image_generator_settings":{"template":"highway","default_image_id":0,"font":"","enabled":false},"version":2}},"categories":[1],"tags":[],"class_list":["post-12687","post","type-post","status-publish","format-standard","has-post-thumbnail","hentry","category-atualidade"],"jetpack_publicize_connections":[],"jetpack_featured_media_url":"https:\/\/correiodasemana.com\/site\/wp-content\/uploads\/2020\/08\/n_40702_9c7eae0c470302045fc7e20c147b1929.jpg","jetpack-related-posts":[{"id":8410,"url":"https:\/\/correiodasemana.com\/site\/anuncio-sobre-saques-do-fgts-fica-para-a-proxima-semana-diz-onyx\/","url_meta":{"origin":12687,"position":0},"title":"An\u00fancio sobre saques do FGTS fica para a pr\u00f3xima semana, diz Onyx","author":"","date":"Julho 22, 2019","format":false,"excerpt":"A ideia de liberar as contas ativas do FGTS para saque vem sendo estudada h\u00e1 alguns meses pelo governo Por\u00a0Marcelo Brand\u00e3o - Rep\u00f3rter da Ag\u00eancia Brasil O ministro-chefe da Casa Civil, Onyx Lorenzoni, afirmou que o an\u00fancio da libera\u00e7\u00e3o de saques das contas ativas do Fundo de Garantia do Tempo\u2026","rel":"","context":"In &quot;Atualidade&quot;","block_context":{"text":"Atualidade","link":"https:\/\/correiodasemana.com\/site\/category\/atualidade\/"},"img":{"alt_text":"","src":"https:\/\/i0.wp.com\/correiodasemana.com\/site\/wp-content\/uploads\/2019\/07\/FGTS.jpg?resize=350%2C200&ssl=1","width":350,"height":200,"srcset":"https:\/\/i0.wp.com\/correiodasemana.com\/site\/wp-content\/uploads\/2019\/07\/FGTS.jpg?resize=350%2C200&ssl=1 1x, https:\/\/i0.wp.com\/correiodasemana.com\/site\/wp-content\/uploads\/2019\/07\/FGTS.jpg?resize=525%2C300&ssl=1 1.5x, https:\/\/i0.wp.com\/correiodasemana.com\/site\/wp-content\/uploads\/2019\/07\/FGTS.jpg?resize=700%2C400&ssl=1 2x, https:\/\/i0.wp.com\/correiodasemana.com\/site\/wp-content\/uploads\/2019\/07\/FGTS.jpg?resize=1050%2C600&ssl=1 3x, https:\/\/i0.wp.com\/correiodasemana.com\/site\/wp-content\/uploads\/2019\/07\/FGTS.jpg?resize=1400%2C800&ssl=1 4x"},"classes":[]},{"id":13010,"url":"https:\/\/correiodasemana.com\/site\/guedes-diz-que-senado-deu-pessimo-sinal-ao-derrubar-veto-a-reajustes\/","url_meta":{"origin":12687,"position":1},"title":"Guedes diz que Senado deu \u201cp\u00e9ssimo sinal\u201d ao derrubar veto a reajustes","author":"","date":"Agosto 20, 2020","format":false,"excerpt":"Queda na remunera\u00e7\u00e3o do FGTS financiar\u00e1 novo programa habitacional A\u00a0derrubada, pelo Senado,\u00a0do veto do presidente Jair Bolsonaro ao reajuste de sal\u00e1rios de servidores da sa\u00fade e da educa\u00e7\u00e3o \u00a0representou \u201cum p\u00e9ssimo sinal\u201d, disse hoje (19) \u00e0 noite o ministro da Economia, Paulo Guedes. Segundo ele, os senadores cometeram \u201cum crime\u2026","rel":"","context":"In &quot;Atualidade&quot;","block_context":{"text":"Atualidade","link":"https:\/\/correiodasemana.com\/site\/category\/atualidade\/"},"img":{"alt_text":"","src":"https:\/\/i0.wp.com\/correiodasemana.com\/site\/wp-content\/uploads\/2020\/08\/19082020-solenidade-de-sano-de-medidas-provisrias-de-facilitao-de-acesso-ao-crdito_50245947791_o.jpg?resize=350%2C200&ssl=1","width":350,"height":200,"srcset":"https:\/\/i0.wp.com\/correiodasemana.com\/site\/wp-content\/uploads\/2020\/08\/19082020-solenidade-de-sano-de-medidas-provisrias-de-facilitao-de-acesso-ao-crdito_50245947791_o.jpg?resize=350%2C200&ssl=1 1x, https:\/\/i0.wp.com\/correiodasemana.com\/site\/wp-content\/uploads\/2020\/08\/19082020-solenidade-de-sano-de-medidas-provisrias-de-facilitao-de-acesso-ao-crdito_50245947791_o.jpg?resize=525%2C300&ssl=1 1.5x, https:\/\/i0.wp.com\/correiodasemana.com\/site\/wp-content\/uploads\/2020\/08\/19082020-solenidade-de-sano-de-medidas-provisrias-de-facilitao-de-acesso-ao-crdito_50245947791_o.jpg?resize=700%2C400&ssl=1 2x, https:\/\/i0.wp.com\/correiodasemana.com\/site\/wp-content\/uploads\/2020\/08\/19082020-solenidade-de-sano-de-medidas-provisrias-de-facilitao-de-acesso-ao-crdito_50245947791_o.jpg?resize=1050%2C600&ssl=1 3x"},"classes":[]},{"id":16490,"url":"https:\/\/correiodasemana.com\/site\/regras-para-fgts-na-aquisicao-da-casa-propria-sao-alteradas-pelo-governo\/","url_meta":{"origin":12687,"position":2},"title":"Regras para FGTS na aquisi\u00e7\u00e3o da casa pr\u00f3pria s\u00e3o alteradas pelo Governo","author":"","date":"Maio 17, 2021","format":false,"excerpt":"Por Samuel Carvalho - Reda\u00e7\u00e3o Correio da Semana Foram publicadas no Di\u00e1rio Oficial da Uni\u00e3o desta quinta-feira (13) novas regras para utiliza\u00e7\u00e3o dos recursos do Fundo de Garantia do Tempo de Servi\u00e7o (FGTS) na aquisi\u00e7\u00e3o de casa pr\u00f3pria. Entra as novas medidas aprovadas pelo Conselho Curador do FGTS est\u00e1 a\u2026","rel":"","context":"In &quot;Atualidade&quot;","block_context":{"text":"Atualidade","link":"https:\/\/correiodasemana.com\/site\/category\/atualidade\/"},"img":{"alt_text":"","src":"https:\/\/i0.wp.com\/correiodasemana.com\/site\/wp-content\/uploads\/2019\/07\/FGTS.jpg?resize=350%2C200&ssl=1","width":350,"height":200,"srcset":"https:\/\/i0.wp.com\/correiodasemana.com\/site\/wp-content\/uploads\/2019\/07\/FGTS.jpg?resize=350%2C200&ssl=1 1x, https:\/\/i0.wp.com\/correiodasemana.com\/site\/wp-content\/uploads\/2019\/07\/FGTS.jpg?resize=525%2C300&ssl=1 1.5x, https:\/\/i0.wp.com\/correiodasemana.com\/site\/wp-content\/uploads\/2019\/07\/FGTS.jpg?resize=700%2C400&ssl=1 2x, https:\/\/i0.wp.com\/correiodasemana.com\/site\/wp-content\/uploads\/2019\/07\/FGTS.jpg?resize=1050%2C600&ssl=1 3x, https:\/\/i0.wp.com\/correiodasemana.com\/site\/wp-content\/uploads\/2019\/07\/FGTS.jpg?resize=1400%2C800&ssl=1 4x"},"classes":[]},{"id":8481,"url":"https:\/\/correiodasemana.com\/site\/liberacao-do-fgts-devera-criar-29-milhoes-de-empregos-em-dez-anos\/","url_meta":{"origin":12687,"position":3},"title":"Libera\u00e7\u00e3o do FGTS dever\u00e1 criar 2,9 milh\u00f5es de empregos em dez anos","author":"","date":"Julho 30, 2019","format":false,"excerpt":"Por\u00a0Wellton M\u00e1ximo e Pedro Rafael Vilela \u2013 Rep\u00f3rteres da Ag\u00eancia Brasil A libera\u00e7\u00e3o de parte dos recursos do Fundo de Garantia do Tempo de Servi\u00e7o (FGTS), do Programa de Integra\u00e7\u00e3o Social (PIS) e do Programa de Forma\u00e7\u00e3o do Patrim\u00f4nio do Servidor P\u00fablico (Pasep) permitir\u00e3o \u00e0 economia crescer 0,35 ponto percentual\u2026","rel":"","context":"In &quot;Atualidade&quot;","block_context":{"text":"Atualidade","link":"https:\/\/correiodasemana.com\/site\/category\/atualidade\/"},"img":{"alt_text":"","src":"https:\/\/i0.wp.com\/correiodasemana.com\/site\/wp-content\/uploads\/2019\/07\/FGTS.jpg?resize=350%2C200&ssl=1","width":350,"height":200,"srcset":"https:\/\/i0.wp.com\/correiodasemana.com\/site\/wp-content\/uploads\/2019\/07\/FGTS.jpg?resize=350%2C200&ssl=1 1x, https:\/\/i0.wp.com\/correiodasemana.com\/site\/wp-content\/uploads\/2019\/07\/FGTS.jpg?resize=525%2C300&ssl=1 1.5x, https:\/\/i0.wp.com\/correiodasemana.com\/site\/wp-content\/uploads\/2019\/07\/FGTS.jpg?resize=700%2C400&ssl=1 2x, https:\/\/i0.wp.com\/correiodasemana.com\/site\/wp-content\/uploads\/2019\/07\/FGTS.jpg?resize=1050%2C600&ssl=1 3x, https:\/\/i0.wp.com\/correiodasemana.com\/site\/wp-content\/uploads\/2019\/07\/FGTS.jpg?resize=1400%2C800&ssl=1 4x"},"classes":[]},{"id":24266,"url":"https:\/\/correiodasemana.com\/site\/supremo-pode-julgar-na-quinta-feira-revisao-do-fgts-pela-inflacao\/","url_meta":{"origin":12687,"position":4},"title":"Supremo pode julgar na quinta-feira revis\u00e3o do FGTS pela infla\u00e7\u00e3o","author":"adminredacao","date":"Abril 24, 2023","format":false,"excerpt":"Potencial de ganhos para quem tem carteira assinada \u00e9 significativo O Supremo Tribunal Federal (STF) marcou para a pr\u00f3xima quinta-feira (20) o julgamento que deve definir a taxa de corre\u00e7\u00e3o monet\u00e1ria do Fundo de Garantia do Tempo de Servi\u00e7o (FGTS), com potencial de ganhos significativos para os trabalhadores com carteira\u2026","rel":"","context":"In &quot;Atualidade&quot;","block_context":{"text":"Atualidade","link":"https:\/\/correiodasemana.com\/site\/category\/atualidade\/"},"img":{"alt_text":"","src":"","width":0,"height":0},"classes":[]},{"id":19455,"url":"https:\/\/correiodasemana.com\/site\/trabalhadores-poderao-sacar-ate-r-1-mil-de-contas-do-fgts\/","url_meta":{"origin":12687,"position":5},"title":"Trabalhadores poder\u00e3o sacar at\u00e9 R$ 1 mil de contas do FGTS","author":"","date":"Abril 10, 2022","format":false,"excerpt":"Por Ag\u00eancia Brasil - Bras\u00edlia At\u00e9 15 de dezembro, cada trabalhador poder\u00e1 sacar at\u00e9 R$ 1 mil de suas contas do Fundo de Garantia do Tempo de Servi\u00e7o (FGTS). A medida beneficiar\u00e1 42 milh\u00f5es de pessoas e dever\u00e1 injetar R$ 30 bilh\u00f5es na economia caso todos os trabalhadores retirem o\u2026","rel":"","context":"In &quot;Atualidade&quot;","block_context":{"text":"Atualidade","link":"https:\/\/correiodasemana.com\/site\/category\/atualidade\/"},"img":{"alt_text":"","src":"https:\/\/i0.wp.com\/correiodasemana.com\/site\/wp-content\/uploads\/2022\/04\/carteira-de-trabalho.jpg?resize=350%2C200&ssl=1","width":350,"height":200,"srcset":"https:\/\/i0.wp.com\/correiodasemana.com\/site\/wp-content\/uploads\/2022\/04\/carteira-de-trabalho.jpg?resize=350%2C200&ssl=1 1x, https:\/\/i0.wp.com\/correiodasemana.com\/site\/wp-content\/uploads\/2022\/04\/carteira-de-trabalho.jpg?resize=525%2C300&ssl=1 1.5x"},"classes":[]}],"jetpack_sharing_enabled":true,"_links":{"self":[{"href":"https:\/\/correiodasemana.com\/site\/wp-json\/wp\/v2\/posts\/12687","targetHints":{"allow":["GET"]}}],"collection":[{"href":"https:\/\/correiodasemana.com\/site\/wp-json\/wp\/v2\/posts"}],"about":[{"href":"https:\/\/correiodasemana.com\/site\/wp-json\/wp\/v2\/types\/post"}],"author":[{"embeddable":true,"href":"https:\/\/correiodasemana.com\/site\/wp-json\/wp\/v2\/users\/1"}],"replies":[{"embeddable":true,"href":"https:\/\/correiodasemana.com\/site\/wp-json\/wp\/v2\/comments?post=12687"}],"version-history":[{"count":2,"href":"https:\/\/correiodasemana.com\/site\/wp-json\/wp\/v2\/posts\/12687\/revisions"}],"predecessor-version":[{"id":12690,"href":"https:\/\/correiodasemana.com\/site\/wp-json\/wp\/v2\/posts\/12687\/revisions\/12690"}],"wp:featuredmedia":[{"embeddable":true,"href":"https:\/\/correiodasemana.com\/site\/wp-json\/wp\/v2\/media\/12688"}],"wp:attachment":[{"href":"https:\/\/correiodasemana.com\/site\/wp-json\/wp\/v2\/media?parent=12687"}],"wp:term":[{"taxonomy":"category","embeddable":true,"href":"https:\/\/correiodasemana.com\/site\/wp-json\/wp\/v2\/categories?post=12687"},{"taxonomy":"post_tag","embeddable":true,"href":"https:\/\/correiodasemana.com\/site\/wp-json\/wp\/v2\/tags?post=12687"}],"curies":[{"name":"wp","href":"https:\/\/api.w.org\/{rel}","templated":true}]}}