{"id":12691,"date":"2020-08-11T08:09:12","date_gmt":"2020-08-11T11:09:12","guid":{"rendered":"https:\/\/correiodasemana.com\/site\/?p=12691"},"modified":"2020-08-11T08:09:12","modified_gmt":"2020-08-11T11:09:12","slug":"apos-mais-de-25-anos-no-ar-programa-policial-cearense-barra-pesada-chega-ao-fim","status":"publish","type":"post","link":"https:\/\/correiodasemana.com\/site\/apos-mais-de-25-anos-no-ar-programa-policial-cearense-barra-pesada-chega-ao-fim\/","title":{"rendered":"Ap\u00f3s mais de 25 anos no ar, programa policial cearense Barra Pesada chega ao fim"},"content":{"rendered":"<p>No ar por mais de 25 anos, o Barra Pesada, notici\u00e1rio policial cearense, chegou ao fim e saiu da grade de programa\u00e7\u00e3o da TV Jangadeiro. A informa\u00e7\u00e3o foi confirmada pelo \u00e2ncora Nonato Albuquerque em v\u00eddeo publicado nas redes sociais do Jornal Jangadeiro nesta segunda-feira, 10.\u2800<br \/>\n\u2800<br \/>\nDe acordo com o apresentador, o programa se transformar\u00e1 em um quadro, dentro do Jornal Jangadeiro, chamado de &#8220;Chame o Barra&#8221;. &#8220;Sempre que estiver em apuros, chame o barra atrav\u00e9s dos nosso telefones, WhatsApp, tamb\u00e9m pelas redes sociais, porque essa \u00e9 uma outra novidade. Agora estamos em todas as redes&#8221;, declara Nonato Albuquerque. (Foto: Divulga\u00e7\u00e3o)<\/p>\n","protected":false},"excerpt":{"rendered":"<p>No ar por mais de 25 anos, o Barra Pesada, notici\u00e1rio policial cearense, chegou ao&#8230;<\/p>\n","protected":false},"author":1,"featured_media":12692,"comment_status":"open","ping_status":"open","sticky":false,"template":"","format":"standard","meta":{"_jetpack_memberships_contains_paid_content":false,"footnotes":"","jetpack_publicize_message":"","jetpack_publicize_feature_enabled":true,"jetpack_social_post_already_shared":true,"jetpack_social_options":{"image_generator_settings":{"template":"highway","default_image_id":0,"font":"","enabled":false},"version":2}},"categories":[1],"tags":[],"class_list":["post-12691","post","type-post","status-publish","format-standard","has-post-thumbnail","hentry","category-atualidade"],"jetpack_publicize_connections":[],"jetpack_featured_media_url":"https:\/\/correiodasemana.com\/site\/wp-content\/uploads\/2020\/08\/osobralense_117310311_3419224338167395_2296148700937466988_n.jpg","jetpack-related-posts":[{"id":19506,"url":"https:\/\/correiodasemana.com\/site\/becco-ponto-com-81\/","url_meta":{"origin":12691,"position":0},"title":"Becco ponto Com","author":"","date":"Abril 17, 2022","format":false,"excerpt":"Livrai-nos, senhor! Do papo furado dos pol\u00edticos de plant\u00e3o. Dos novos doutores criados em fakes. Do lixo cultural das m\u00fasicas modernas. Do Centro perdendo poder do com\u00e9rcio. Dos bacanas paus-mandados dos l\u00edderes. Das multas covardes nas ruas da cidade. Dos fg\u2019s fugindo dos capit\u00e3es dos votos. Das brigas luladr\u00f5es x\u2026","rel":"","context":"In &quot;Artigos&quot;","block_context":{"text":"Artigos","link":"https:\/\/correiodasemana.com\/site\/category\/artigos\/"},"img":{"alt_text":"","src":"https:\/\/i0.wp.com\/correiodasemana.com\/site\/wp-content\/uploads\/2021\/09\/Dr-Chico-Prado-Trofeu-Dom-Jose-1-1.jpg?resize=350%2C200&ssl=1","width":350,"height":200,"srcset":"https:\/\/i0.wp.com\/correiodasemana.com\/site\/wp-content\/uploads\/2021\/09\/Dr-Chico-Prado-Trofeu-Dom-Jose-1-1.jpg?resize=350%2C200&ssl=1 1x, https:\/\/i0.wp.com\/correiodasemana.com\/site\/wp-content\/uploads\/2021\/09\/Dr-Chico-Prado-Trofeu-Dom-Jose-1-1.jpg?resize=525%2C300&ssl=1 1.5x, https:\/\/i0.wp.com\/correiodasemana.com\/site\/wp-content\/uploads\/2021\/09\/Dr-Chico-Prado-Trofeu-Dom-Jose-1-1.jpg?resize=700%2C400&ssl=1 2x"},"classes":[]},{"id":27124,"url":"https:\/\/correiodasemana.com\/site\/prefeitura-de-sobral-vai-cobrar-taxa-do-lixo\/","url_meta":{"origin":12691,"position":1},"title":"Prefeitura de Sobral vai cobrar taxa do lixo","author":"adminredacao","date":"Novembro 6, 2023","format":false,"excerpt":"Prefeito justificou que \u201cn\u00e3o tem escolha\u201d A Prefeitura de Sobral, na regi\u00e3o Norte do Cear\u00e1, tamb\u00e9m passar\u00e1 a fazer a cobran\u00e7a da taxa do lixo. A informa\u00e7\u00e3o foi confirmada pelo prefeito Ivo Gomes (PDT), na segunda-feira (30 de outubro de 2023). \u201cN\u00e3o temos escolha. Se n\u00e3o cobrarmos, n\u00e3o receberemos mais\u2026","rel":"","context":"In &quot;Atualidade&quot;","block_context":{"text":"Atualidade","link":"https:\/\/correiodasemana.com\/site\/category\/atualidade\/"},"img":{"alt_text":"","src":"https:\/\/i0.wp.com\/correiodasemana.com\/site\/wp-content\/uploads\/2023\/11\/DSC_8991-scaled.jpg?resize=350%2C200&ssl=1","width":350,"height":200,"srcset":"https:\/\/i0.wp.com\/correiodasemana.com\/site\/wp-content\/uploads\/2023\/11\/DSC_8991-scaled.jpg?resize=350%2C200&ssl=1 1x, https:\/\/i0.wp.com\/correiodasemana.com\/site\/wp-content\/uploads\/2023\/11\/DSC_8991-scaled.jpg?resize=525%2C300&ssl=1 1.5x, https:\/\/i0.wp.com\/correiodasemana.com\/site\/wp-content\/uploads\/2023\/11\/DSC_8991-scaled.jpg?resize=700%2C400&ssl=1 2x, https:\/\/i0.wp.com\/correiodasemana.com\/site\/wp-content\/uploads\/2023\/11\/DSC_8991-scaled.jpg?resize=1050%2C600&ssl=1 3x, https:\/\/i0.wp.com\/correiodasemana.com\/site\/wp-content\/uploads\/2023\/11\/DSC_8991-scaled.jpg?resize=1400%2C800&ssl=1 4x"},"classes":[]},{"id":17478,"url":"https:\/\/correiodasemana.com\/site\/radialista-beth-salsa-morre-aos-76-anos-em-sobral\/","url_meta":{"origin":12691,"position":2},"title":"Radialista Beth Salsa morre aos 76 anos, em Sobral","author":"","date":"Setembro 12, 2021","format":false,"excerpt":"Por Samuel Carvalho - Reda\u00e7\u00e3o Correio da Semana A radialista pernambucana Maria Elizabeth da Silva Salsa, conhecida na regi\u00e3o como Bethy Salsa faleceu na \u00faltima ter\u00e7a-feira (07) no Hospital Regional Norte em Sobral por complica\u00e7\u00f5es decorrentes de uma Dengue. Beth Salva estava internada quando \u00e0s 7h da manh\u00e3 sofreu uma\u2026","rel":"","context":"In &quot;Atualidade&quot;","block_context":{"text":"Atualidade","link":"https:\/\/correiodasemana.com\/site\/category\/atualidade\/"},"img":{"alt_text":"","src":"https:\/\/i0.wp.com\/correiodasemana.com\/site\/wp-content\/uploads\/2021\/09\/Maria-Elizabeth-da-Silva-Salsa-2.jpg?resize=350%2C200&ssl=1","width":350,"height":200,"srcset":"https:\/\/i0.wp.com\/correiodasemana.com\/site\/wp-content\/uploads\/2021\/09\/Maria-Elizabeth-da-Silva-Salsa-2.jpg?resize=350%2C200&ssl=1 1x, https:\/\/i0.wp.com\/correiodasemana.com\/site\/wp-content\/uploads\/2021\/09\/Maria-Elizabeth-da-Silva-Salsa-2.jpg?resize=525%2C300&ssl=1 1.5x, https:\/\/i0.wp.com\/correiodasemana.com\/site\/wp-content\/uploads\/2021\/09\/Maria-Elizabeth-da-Silva-Salsa-2.jpg?resize=700%2C400&ssl=1 2x"},"classes":[]},{"id":11176,"url":"https:\/\/correiodasemana.com\/site\/agenda-uninta-nova-geracao\/","url_meta":{"origin":12691,"position":3},"title":"Agenda Uninta &#8211; Nova gera\u00e7\u00e3o","author":"","date":"Mar\u00e7o 18, 2020","format":false,"excerpt":"Nova gera\u00e7\u00e3o O r\u00e1dio sobralense e da regi\u00e3o possui uma nova gera\u00e7\u00e3o de vozes e locutores. Estudantes do curso de Jornalismo do UNINTA ocupam os microfones e elevam a qualidade das programa\u00e7\u00f5es. Dentre as mulheres, Rayla Kallyne (Jangadeiro), Tayra Taboza (Plus FM) e K\u00e1tia Janaina (Itapaj\u00e9). Pelo time dos homens,\u2026","rel":"","context":"In &quot;Agenda Uninta&quot;","block_context":{"text":"Agenda Uninta","link":"https:\/\/correiodasemana.com\/site\/category\/agenda-uninta\/"},"img":{"alt_text":"","src":"https:\/\/i0.wp.com\/correiodasemana.com\/site\/wp-content\/uploads\/2020\/03\/UNINTA-ITAPIPOCA-scaled.jpg?resize=350%2C200&ssl=1","width":350,"height":200,"srcset":"https:\/\/i0.wp.com\/correiodasemana.com\/site\/wp-content\/uploads\/2020\/03\/UNINTA-ITAPIPOCA-scaled.jpg?resize=350%2C200&ssl=1 1x, https:\/\/i0.wp.com\/correiodasemana.com\/site\/wp-content\/uploads\/2020\/03\/UNINTA-ITAPIPOCA-scaled.jpg?resize=525%2C300&ssl=1 1.5x, https:\/\/i0.wp.com\/correiodasemana.com\/site\/wp-content\/uploads\/2020\/03\/UNINTA-ITAPIPOCA-scaled.jpg?resize=700%2C400&ssl=1 2x, https:\/\/i0.wp.com\/correiodasemana.com\/site\/wp-content\/uploads\/2020\/03\/UNINTA-ITAPIPOCA-scaled.jpg?resize=1050%2C600&ssl=1 3x, https:\/\/i0.wp.com\/correiodasemana.com\/site\/wp-content\/uploads\/2020\/03\/UNINTA-ITAPIPOCA-scaled.jpg?resize=1400%2C800&ssl=1 4x"},"classes":[]},{"id":34214,"url":"https:\/\/correiodasemana.com\/site\/superdotado-mais-jovem-do-brasil-e-de-sobral\/","url_meta":{"origin":12691,"position":4},"title":"Superdotado mais jovem do Brasil \u00e9 de Sobral","author":"adminredacao","date":"Junho 16, 2025","format":false,"excerpt":"Menino de 2 anos sabe o alfabeto russo e contar at\u00e9 100 em portugu\u00eas e ingl\u00eas O superdotado mais jovem do Brasil tem 2 anos e mora em Sobral, Regi\u00e3o Norte do Cear\u00e1. Com incr\u00edveis 132 pontos de Quociente de Intelig\u00eancia (QI), Paulo Alex de Morais Melo ingressou na Mensa,\u2026","rel":"","context":"In &quot;Atualidade&quot;","block_context":{"text":"Atualidade","link":"https:\/\/correiodasemana.com\/site\/category\/atualidade\/"},"img":{"alt_text":"","src":"https:\/\/i0.wp.com\/correiodasemana.com\/site\/wp-content\/uploads\/2025\/06\/QI-DE-132-PONTOSO-superdotado-mais-jovem-do-Brasil-tem-2-anos-e-mora-em-Sobral-Regiao-Norte-do-Ceara.-Com-incriveis-132-pontos-de-Quociente-d.jpg?resize=350%2C200&ssl=1","width":350,"height":200,"srcset":"https:\/\/i0.wp.com\/correiodasemana.com\/site\/wp-content\/uploads\/2025\/06\/QI-DE-132-PONTOSO-superdotado-mais-jovem-do-Brasil-tem-2-anos-e-mora-em-Sobral-Regiao-Norte-do-Ceara.-Com-incriveis-132-pontos-de-Quociente-d.jpg?resize=350%2C200&ssl=1 1x, https:\/\/i0.wp.com\/correiodasemana.com\/site\/wp-content\/uploads\/2025\/06\/QI-DE-132-PONTOSO-superdotado-mais-jovem-do-Brasil-tem-2-anos-e-mora-em-Sobral-Regiao-Norte-do-Ceara.-Com-incriveis-132-pontos-de-Quociente-d.jpg?resize=525%2C300&ssl=1 1.5x, https:\/\/i0.wp.com\/correiodasemana.com\/site\/wp-content\/uploads\/2025\/06\/QI-DE-132-PONTOSO-superdotado-mais-jovem-do-Brasil-tem-2-anos-e-mora-em-Sobral-Regiao-Norte-do-Ceara.-Com-incriveis-132-pontos-de-Quociente-d.jpg?resize=700%2C400&ssl=1 2x, https:\/\/i0.wp.com\/correiodasemana.com\/site\/wp-content\/uploads\/2025\/06\/QI-DE-132-PONTOSO-superdotado-mais-jovem-do-Brasil-tem-2-anos-e-mora-em-Sobral-Regiao-Norte-do-Ceara.-Com-incriveis-132-pontos-de-Quociente-d.jpg?resize=1050%2C600&ssl=1 3x"},"classes":[]},{"id":16424,"url":"https:\/\/correiodasemana.com\/site\/duas-doses-de-vacina-contra-covid-evitaram-que-993-de-idosos-morressem-no-ceara\/","url_meta":{"origin":12691,"position":5},"title":"Duas doses de vacina contra covid evitaram que 99,3% de idosos morressem no Cear\u00e1","author":"","date":"Maio 10, 2021","format":false,"excerpt":"Fonte: Jornal Jangadeiro Um estudo da Universidade Federal do Cear\u00e1 (UFC), em parceria com a Secretaria da Sa\u00fade do Estado (Sesa), mostra que a aplica\u00e7\u00e3o de duas doses de vacinas contra covid-19 evitou que 99,3% dos idosos \u2013 acima de 75 anos \u2013 j\u00e1 vacinados morressem pela doen\u00e7a no Cear\u00e1.\u2026","rel":"","context":"In &quot;Atualidade&quot;","block_context":{"text":"Atualidade","link":"https:\/\/correiodasemana.com\/site\/category\/atualidade\/"},"img":{"alt_text":"","src":"https:\/\/i0.wp.com\/correiodasemana.com\/site\/wp-content\/uploads\/2021\/04\/cresce-vacinacao-contra-a-covid-no-ceara.jpeg?resize=350%2C200&ssl=1","width":350,"height":200,"srcset":"https:\/\/i0.wp.com\/correiodasemana.com\/site\/wp-content\/uploads\/2021\/04\/cresce-vacinacao-contra-a-covid-no-ceara.jpeg?resize=350%2C200&ssl=1 1x, https:\/\/i0.wp.com\/correiodasemana.com\/site\/wp-content\/uploads\/2021\/04\/cresce-vacinacao-contra-a-covid-no-ceara.jpeg?resize=525%2C300&ssl=1 1.5x, https:\/\/i0.wp.com\/correiodasemana.com\/site\/wp-content\/uploads\/2021\/04\/cresce-vacinacao-contra-a-covid-no-ceara.jpeg?resize=700%2C400&ssl=1 2x, https:\/\/i0.wp.com\/correiodasemana.com\/site\/wp-content\/uploads\/2021\/04\/cresce-vacinacao-contra-a-covid-no-ceara.jpeg?resize=1050%2C600&ssl=1 3x"},"classes":[]}],"jetpack_sharing_enabled":true,"_links":{"self":[{"href":"https:\/\/correiodasemana.com\/site\/wp-json\/wp\/v2\/posts\/12691","targetHints":{"allow":["GET"]}}],"collection":[{"href":"https:\/\/correiodasemana.com\/site\/wp-json\/wp\/v2\/posts"}],"about":[{"href":"https:\/\/correiodasemana.com\/site\/wp-json\/wp\/v2\/types\/post"}],"author":[{"embeddable":true,"href":"https:\/\/correiodasemana.com\/site\/wp-json\/wp\/v2\/users\/1"}],"replies":[{"embeddable":true,"href":"https:\/\/correiodasemana.com\/site\/wp-json\/wp\/v2\/comments?post=12691"}],"version-history":[{"count":2,"href":"https:\/\/correiodasemana.com\/site\/wp-json\/wp\/v2\/posts\/12691\/revisions"}],"predecessor-version":[{"id":12694,"href":"https:\/\/correiodasemana.com\/site\/wp-json\/wp\/v2\/posts\/12691\/revisions\/12694"}],"wp:featuredmedia":[{"embeddable":true,"href":"https:\/\/correiodasemana.com\/site\/wp-json\/wp\/v2\/media\/12692"}],"wp:attachment":[{"href":"https:\/\/correiodasemana.com\/site\/wp-json\/wp\/v2\/media?parent=12691"}],"wp:term":[{"taxonomy":"category","embeddable":true,"href":"https:\/\/correiodasemana.com\/site\/wp-json\/wp\/v2\/categories?post=12691"},{"taxonomy":"post_tag","embeddable":true,"href":"https:\/\/correiodasemana.com\/site\/wp-json\/wp\/v2\/tags?post=12691"}],"curies":[{"name":"wp","href":"https:\/\/api.w.org\/{rel}","templated":true}]}}