{"id":12695,"date":"2020-08-11T08:25:32","date_gmt":"2020-08-11T11:25:32","guid":{"rendered":"https:\/\/correiodasemana.com\/site\/?p=12695"},"modified":"2020-08-11T08:25:32","modified_gmt":"2020-08-11T11:25:32","slug":"brasil-e-o-7o-pais-que-mais-gasta-com-servidor-valor-e-35-vezes-as-despesas-com-saude-diz-instituto","status":"publish","type":"post","link":"https:\/\/correiodasemana.com\/site\/brasil-e-o-7o-pais-que-mais-gasta-com-servidor-valor-e-35-vezes-as-despesas-com-saude-diz-instituto\/","title":{"rendered":"Brasil \u00e9 o 7\u00ba pa\u00eds que mais gasta com servidor; valor \u00e9 3,5 vezes as despesas com sa\u00fade, diz instituto"},"content":{"rendered":"<h4>O Instituto Millenium, que tem Paulo Guedes entre fundadores, lan\u00e7ou campanha &#8216;Destrava! Por uma Reforma Administrativa do bem&#8217;. Governo ainda n\u00e3o enviou proposta ao Congresso.<\/h4>\n<p>O Instituto Millenium divulgou nesta segunda-feira (10) um estudo segundo o qual o Brasil gastou 13,7% do Produto Interno Bruto (PIB) em 2019, cerca de R$ 930 bilh\u00f5es, com servidores p\u00fablicos federais, estaduais a municipais.<\/p>\n<p data-track-category=\"Link no Texto\" data-track-links=\"\">Conforme o estudo, o gasto do pa\u00eds com servidores \u00e9 o dobro das despesas com educa\u00e7\u00e3o e 3,5 vezes as despesas com sa\u00fade (3,9% do PIB).<\/p>\n<p>Com base em dados do Fundo Monet\u00e1rio Nacional (FMI), o instituto informou que o Brasil foi, em 2018, o s\u00e9timo pa\u00eds que mais gastou com pessoal, entre 64 pesquisados.<\/p>\n<p data-track-category=\"Link no Texto\" data-track-links=\"\">&#8220;O pa\u00eds est\u00e1 pr\u00f3ximo \u00e0 Noruega e Isl\u00e2ndia e est\u00e1 \u00e0 frente da Su\u00e9cia, ambos com PIB per capita \u2014 entre 5 e 7,5 vezes mais\u2014 e n\u00edveis de desenvolvimento muito superiores. Col\u00f4mbia, Chile e Peru, com realidades mais pr\u00f3ximas \u00e0 do Brasil, t\u00eam seus gastos com pessoal mantidos no entorno de 6 pontos do PIB. Nem mesmo Fran\u00e7a e Alemanha possuem um gasto com pessoal no mesmo patamar que o Brasil esse tipo de encargo&#8221;, informou o estudo<\/p>\n<p data-track-category=\"Link no Texto\" data-track-links=\"\">&#8220;O funcionalismo federal, que \u00e9 o mais oneroso, custa para o Brasil 4,26% do PIB. Vale destacar tamb\u00e9m que o pa\u00eds investe apenas 0,20% do PIB em saneamento, de modo que o pa\u00eds tem mais de 100 milh\u00f5es de habitantes sem acesso a Saneamento B\u00e1sico, com cerca de 35 milh\u00f5es deles sem \u00e1gua pot\u00e1vel&#8221;, acrescenta o documento.<\/p>\n<p data-track-category=\"Link no Texto\" data-track-links=\"\">No come\u00e7o do ano, o presidente Jair Bolsonaro informou que\u00a0<a style=\"font-style: inherit;\" href=\"https:\/\/g1.globo.com\/politica\/blog\/valdo-cruz\/noticia\/2020\/02\/06\/reforma-administrativa-deve-ser-enviada-semana-que-vem-diz-bolsonaro-a-maia-e-alcolumbre.ghtml\"><strong>enviaria a proposta de reforma administrativa ainda em fevereiro<\/strong><\/a>, mas o texto n\u00e3o foi enviado ao Congresso (<em style=\"font-weight: inherit;\">leia detalhes mais abaixo<\/em>).<\/p>\n<p data-track-category=\"Link no Texto\" data-track-links=\"\">Em nota ao\u00a0<strong style=\"font-style: inherit;\">G1<\/strong>, o Minist\u00e9rio da Economia afirmou que a reforma administrativa \u00e9 &#8220;parte fundamental do conjunto de reformas estruturantes a ser encaminhada ao Congresso Nacional, observando o calend\u00e1rio pol\u00edtico e as articula\u00e7\u00f5es com o Congresso Nacional.&#8221;<\/p>\n<p data-track-category=\"Link no Texto\" data-track-links=\"\">De acordo com o estudo, o percentual de participa\u00e7\u00e3o dos empregos p\u00fablicos em rela\u00e7\u00e3o ao mercado de empregos formais \u00e9 de 21%.<\/p>\n<p data-track-category=\"Link no Texto\" data-track-links=\"\">Conforme o instituo, esse n\u00edvel coloca o Brasil entre os cinco primeiros pa\u00edses, &#8220;praticamente empatado&#8221; com a Fran\u00e7a, perdendo apenas para Litu\u00e2nia, Finl\u00e2ndia, Dinamarca, Su\u00e9cia e Noruega.<\/p>\n<p data-track-category=\"Link no Texto\" data-track-links=\"\">&#8220;Ademais, o Brasil vem crescendo abaixo da m\u00e9dia dos emergentes desde os anos 90. O Chile, apesar de seus problemas recentes, ainda apresenta renda per capita duas vezes maior que a brasileira. As informa\u00e7\u00f5es at\u00e9 aqui expostas indicam que os problemas administrativos do setor p\u00fablico t\u00eam alguma rela\u00e7\u00e3o com o desenvolvimento e com a situa\u00e7\u00e3o fiscal do Brasil [piora da contas p\u00fablicas]&#8221;, acrescentou.<\/p>\n<h2>Or\u00e7amento &#8216;cada vez mais engessado&#8217;<\/h2>\n<p>No documento, o Instituto Millenium tamb\u00e9m observa que o Brasil tem um or\u00e7amento p\u00fablico &#8220;cada vez mais engessado&#8221;, com 93% das despesas obrigat\u00f3rias(65% destinados ao gasto com sal\u00e1rios e aposentarias).<\/p>\n<p data-track-category=\"Link no Texto\" data-track-links=\"\">&#8220;E isso certamente impacta na manuten\u00e7\u00e3o do investimento p\u00fablico baixo, que tende a zero, assim como no descumprimento da regra de ouro \u2013 utiliza\u00e7\u00e3o de endividamento para custeio ou despesa&#8221;, acrescenta.<\/p>\n<p data-track-category=\"Link no Texto\" data-track-links=\"\">O estudo lembra que, segundo o Tesouro Nacional,\u00a0<a style=\"font-style: inherit;\" href=\"https:\/\/g1.globo.com\/economia\/noticia\/2018\/11\/13\/14-estados-superam-limite-da-lrf-para-gastos-com-pessoal-em-2017-diz-tesouro-nacional.ghtml\"><strong>14 estados brasileiros superaram em 2017 o limite da Lei de Responsabilidade Fiscal (LRF)<\/strong><\/a>\u00a0de 60% da receita corrente l\u00edquida em gastos com pessoal, incluindo ativos a aposentados.<\/p>\n<p data-track-category=\"Link no Texto\" data-track-links=\"\">Por conta disso, o \u00f3rg\u00e3o avaliou, em 2018, que essa tend\u00eancia de crescimento tende a\u00a0<a style=\"font-style: inherit;\" href=\"https:\/\/g1.globo.com\/economia\/noticia\/2018\/11\/06\/alta-de-gastos-com-pessoal-nos-estados-tende-a-prejudicar-servicos-basicos-diz-tesouro.ghtml\"><strong>&#8220;prejudicar o funcionamento dos servi\u00e7os b\u00e1sicos dos governos estaduais&#8221;.<\/strong><\/a><\/p>\n<h2>Campanha pela reforma administrativa<\/h2>\n<p>Os gastos com servidores p\u00fablicos s\u00e3o obrigat\u00f3rios, ou seja, n\u00e3o podem ser alterados sem mudan\u00e7as nas leis. O Instituto Millenium, que teve entre os seus fundadores o ministro da Economia, Paulo Gudes, lan\u00e7ou nesta segunda-feira (10) a campanha &#8220;Destrava! Por uma Reforma Administrativa do bem&#8221;.<\/p>\n<p data-track-category=\"Link no Texto\" data-track-links=\"\">&#8220;A pandemia do Coronav\u00edrus impulsionou o agravamento nas contas p\u00fablicas. Tal cen\u00e1rio coloca o Brasil em um momento crucial para tomar decis\u00f5es com consequ\u00eancias claras para o seu futuro. No cerne desta quest\u00e3o, encontra-se a urgente reforma administrativa&#8221;, diz o Instituto.<\/p>\n<p data-track-category=\"Link no Texto\" data-track-links=\"\">Explicou que o objetivo da campanha \u00e9 estimular a discuss\u00e3o em torno de um &#8220;modelo com mais igualdade, inova\u00e7\u00e3o e transpar\u00eancia, al\u00e9m de um ambiente melhor para todos os servidores&#8221;.<\/p>\n<p data-track-category=\"Link no Texto\" data-track-links=\"\">O secret\u00e1rio-especial de Desburocratiza\u00e7\u00e3o, Gest\u00e3o e Governo Digital do Minist\u00e9rio da Economia, Paulo Uebel, informou, no come\u00e7o deste ano, que a \u00e1rea econ\u00f4mica iria\u00a0<a style=\"font-style: inherit;\" href=\"https:\/\/g1.globo.com\/politica\/noticia\/2020\/01\/16\/governo-quer-apresentar-reforma-administrativa-em-fases-a-partir-de-fevereiro-e-aprova-la-ate-2022.ghtml\"><strong>apresentar em fevereiro a primeira fase da proposta de reforma administrativa<\/strong><\/a>.<\/p>\n<p data-track-category=\"Link no Texto\" data-track-links=\"\">As propostas completas, disse ele na ocasi\u00e3o, seriam encaminhadas em fases e a expectativa era ter tudo aprovado at\u00e9 o final de 2020. Mas o documento ainda n\u00e3o foi enviado ao Legislativo.<\/p>\n<p data-track-category=\"Link no Texto\" data-track-links=\"\">Na nota ao\u00a0<strong style=\"font-style: inherit;\">G1\u00a0<\/strong>em que defendeu a import\u00e2ncia da reforma, o Minist\u00e9rio da Economia ressaltou o impacto das mudan\u00e7as nas contas p\u00fablicas de todas as esferas de governo, mas n\u00e3o informou data para o envio de uma proposta.<\/p>\n<p data-track-category=\"Link no Texto\" data-track-links=\"\">&#8220;Assim como as reformas previdenci\u00e1ria e tribut\u00e1ria, a Reforma Administrativa tem alto impacto social na medida em que promove um Estado mais eficiente, otimiza recursos, valoriza o servidor comprometido em servir a sociedade, e, principalmente, melhora a qualidade dos servi\u00e7os p\u00fablicos. Os efeitos da reforma administrativa beneficiar\u00e3o todos os Poderes e todos os entes da Federa\u00e7\u00e3o, tanto no \u00e2mbito do Governo Federal quanto nos estados e munic\u00edpios&#8221;, diz a pasta.<\/p>\n<p data-track-category=\"Link no Texto\" data-track-links=\"\">O presidente da C\u00e2mara dos Deputados, Rodrigo Maia (DEM-RJ), defende a reforma e\u00a0<a style=\"font-style: inherit;\" href=\"https:\/\/g1.globo.com\/politica\/noticia\/2020\/06\/25\/maia-nao-descarta-rever-teto-de-gasto-mas-diz-que-ideal-seria-apos-reforma-administrativa.ghtml\"><strong>tem cobrado a proposta do governo reiteradamente\u00a0<\/strong><\/a>nos \u00faltimos meses<a style=\"font-style: inherit;\" href=\"https:\/\/g1.globo.com\/politica\/noticia\/2020\/06\/25\/maia-nao-descarta-rever-teto-de-gasto-mas-diz-que-ideal-seria-apos-reforma-administrativa.ghtml\"><strong>.<\/strong><\/a><\/p>\n<p data-track-category=\"Link no Texto\" data-track-links=\"\">No ano passado, o Minist\u00e9rio da Economia informou que, entre avaliava flexibilizar as regras de contrata\u00e7\u00e3o de novos servidores p\u00fablicos,\u00a0<a style=\"font-style: inherit;\" href=\"https:\/\/g1.globo.com\/economia\/noticia\/2019\/08\/30\/governo-federal-avalia-contratar-celetistas-e-temporarios-via-concurso-diz-secretario.ghtml\"><strong>por meio da contrata\u00e7\u00e3o de celetistas e de funcion\u00e1rios tempor\u00e1rios via concurso<\/strong><\/a>, al\u00e9m de um propor um sal\u00e1rio mais baixo para novos servidores, uma progress\u00e3o maior e redu\u00e7\u00e3o do n\u00famero de carreiras no servi\u00e7o p\u00fablico federal.<\/p>\n<p><strong>Por Alexandro Martello, G1\u00a0<\/strong><span style=\"font-style: inherit;\">\u2014 Bras\u00edlia<\/span><\/p>\n","protected":false},"excerpt":{"rendered":"<p>O Instituto Millenium, que tem Paulo Guedes entre fundadores, lan\u00e7ou campanha &#8216;Destrava! Por uma Reforma&#8230;<\/p>\n","protected":false},"author":1,"featured_media":12696,"comment_status":"open","ping_status":"open","sticky":false,"template":"","format":"standard","meta":{"_jetpack_memberships_contains_paid_content":false,"footnotes":"","jetpack_publicize_message":"","jetpack_publicize_feature_enabled":true,"jetpack_social_post_already_shared":true,"jetpack_social_options":{"image_generator_settings":{"template":"highway","default_image_id":0,"font":"","enabled":false},"version":2}},"categories":[1],"tags":[],"class_list":["post-12695","post","type-post","status-publish","format-standard","has-post-thumbnail","hentry","category-atualidade"],"jetpack_publicize_connections":[],"jetpack_featured_media_url":"https:\/\/correiodasemana.com\/site\/wp-content\/uploads\/2020\/08\/DINHEIRO.jpg","jetpack-related-posts":[{"id":12811,"url":"https:\/\/correiodasemana.com\/site\/brasil-e-o-7o-pais-que-mais-gasta-com-servidor-valor-e-35-vezes-as-despesas-com-saude-diz-instituto-2\/","url_meta":{"origin":12695,"position":0},"title":"Brasil \u00e9 o 7\u00ba pa\u00eds que mais gasta com servidor; valor \u00e9 3,5 vezes as despesas com sa\u00fade, diz instituto","author":"","date":"Agosto 17, 2020","format":false,"excerpt":"O Instituto Millenium, que tem Paulo Guedes entre fundadores, lan\u00e7ou campanha \u2018Destrava! Por uma Reforma Administrativa do bem\u2019. Governo ainda n\u00e3o enviou proposta ao Congresso. O Instituto Millenium divulgou nesta segunda-feira (10) um estudo segundo o qual o Brasil gastou 13,7% do Produto Interno Bruto (PIB) em 2019, cerca de\u2026","rel":"","context":"In &quot;Atualidade&quot;","block_context":{"text":"Atualidade","link":"https:\/\/correiodasemana.com\/site\/category\/atualidade\/"},"img":{"alt_text":"","src":"https:\/\/i0.wp.com\/correiodasemana.com\/site\/wp-content\/uploads\/2020\/08\/Brasil-e-o-7o-pais-que-mais-gasta-com-servidor.jpg?resize=350%2C200&ssl=1","width":350,"height":200,"srcset":"https:\/\/i0.wp.com\/correiodasemana.com\/site\/wp-content\/uploads\/2020\/08\/Brasil-e-o-7o-pais-que-mais-gasta-com-servidor.jpg?resize=350%2C200&ssl=1 1x, https:\/\/i0.wp.com\/correiodasemana.com\/site\/wp-content\/uploads\/2020\/08\/Brasil-e-o-7o-pais-que-mais-gasta-com-servidor.jpg?resize=525%2C300&ssl=1 1.5x, https:\/\/i0.wp.com\/correiodasemana.com\/site\/wp-content\/uploads\/2020\/08\/Brasil-e-o-7o-pais-que-mais-gasta-com-servidor.jpg?resize=700%2C400&ssl=1 2x"},"classes":[]},{"id":19521,"url":"https:\/\/correiodasemana.com\/site\/ibge-despesas-com-saude-chegaram-a-r-7114-bilhoes-em-2019\/","url_meta":{"origin":12695,"position":1},"title":"IBGE: despesas com sa\u00fade chegaram a\u00a0R$ 711,4 bilh\u00f5es\u00a0em 2019","author":"","date":"Abril 17, 2022","format":false,"excerpt":"A maior despesa do governo foi identificada na sa\u00fade p\u00fablica Por Alana Gandra - Rep\u00f3rter da Ag\u00eancia Brasil - Rio de Janeiro As despesas com consumo final de bens e servi\u00e7os de sa\u00fade no Brasil corresponderam a 9,6% do Produto Interno Bruto (PIB, a soma dos bens e produtos fabricados\u2026","rel":"","context":"In &quot;Atualidade&quot;","block_context":{"text":"Atualidade","link":"https:\/\/correiodasemana.com\/site\/category\/atualidade\/"},"img":{"alt_text":"","src":"https:\/\/i0.wp.com\/correiodasemana.com\/site\/wp-content\/uploads\/2022\/04\/hospital_de_campanha_covid-19_complexo_esportivo_do_ibirapuera2904200184_0.jpg?resize=350%2C200&ssl=1","width":350,"height":200,"srcset":"https:\/\/i0.wp.com\/correiodasemana.com\/site\/wp-content\/uploads\/2022\/04\/hospital_de_campanha_covid-19_complexo_esportivo_do_ibirapuera2904200184_0.jpg?resize=350%2C200&ssl=1 1x, https:\/\/i0.wp.com\/correiodasemana.com\/site\/wp-content\/uploads\/2022\/04\/hospital_de_campanha_covid-19_complexo_esportivo_do_ibirapuera2904200184_0.jpg?resize=525%2C300&ssl=1 1.5x, https:\/\/i0.wp.com\/correiodasemana.com\/site\/wp-content\/uploads\/2022\/04\/hospital_de_campanha_covid-19_complexo_esportivo_do_ibirapuera2904200184_0.jpg?resize=700%2C400&ssl=1 2x, https:\/\/i0.wp.com\/correiodasemana.com\/site\/wp-content\/uploads\/2022\/04\/hospital_de_campanha_covid-19_complexo_esportivo_do_ibirapuera2904200184_0.jpg?resize=1050%2C600&ssl=1 3x"},"classes":[]},{"id":14465,"url":"https:\/\/correiodasemana.com\/site\/14465\/","url_meta":{"origin":12695,"position":2},"title":"Reforma Administrativa e os riscos institucionais ao Estado","author":"","date":"Novembro 9, 2020","format":false,"excerpt":"Desde 2015, com o aprofundamento das pol\u00edticas de austeridade fiscal, mas sobretudo desde a destitui\u00e7\u00e3o de\u00a0Dilma Rousseff\u00a0da presid\u00eancia da Rep\u00fablica em 2016, e mais ainda, desde o in\u00edcio do governo\u00a0Bolsonaro em 2019, o Brasil vem passando por transforma\u00e7\u00f5es sem precedentes na sua hist\u00f3ria recente. Ap\u00f3s trinta anos (1988 a 2018)\u2026","rel":"","context":"In &quot;Atualidade&quot;","block_context":{"text":"Atualidade","link":"https:\/\/correiodasemana.com\/site\/category\/atualidade\/"},"img":{"alt_text":"","src":"https:\/\/i0.wp.com\/correiodasemana.com\/site\/wp-content\/uploads\/2020\/11\/WhatsApp-Image-2020-10-19-at-15.17.59-750x430-1.jpeg?resize=350%2C200&ssl=1","width":350,"height":200,"srcset":"https:\/\/i0.wp.com\/correiodasemana.com\/site\/wp-content\/uploads\/2020\/11\/WhatsApp-Image-2020-10-19-at-15.17.59-750x430-1.jpeg?resize=350%2C200&ssl=1 1x, https:\/\/i0.wp.com\/correiodasemana.com\/site\/wp-content\/uploads\/2020\/11\/WhatsApp-Image-2020-10-19-at-15.17.59-750x430-1.jpeg?resize=525%2C300&ssl=1 1.5x, https:\/\/i0.wp.com\/correiodasemana.com\/site\/wp-content\/uploads\/2020\/11\/WhatsApp-Image-2020-10-19-at-15.17.59-750x430-1.jpeg?resize=700%2C400&ssl=1 2x"},"classes":[]},{"id":29008,"url":"https:\/\/correiodasemana.com\/site\/governo-propoe-salario-minimo-de-r-1-502-em-2025\/","url_meta":{"origin":12695,"position":3},"title":"Governo prop\u00f5e sal\u00e1rio m\u00ednimo de R$ 1.502 em 2025","author":"adminredacao","date":"Abril 22, 2024","format":false,"excerpt":"Reajuste segue previs\u00e3o de 3,25% do INPC mais alta de 2,9% do PIB Por Wellton M\u00e1ximo \u2013 Rep\u00f3rter da Ag\u00eancia Brasil - Bras\u00edlia O sal\u00e1rio m\u00ednimo em 2025 ser\u00e1 de R$ 1.502, com aumento nominal de 6,39%. O reajuste consta do projeto da Lei de Diretrizes Or\u00e7ament\u00e1rias (PLDO) de 2025,\u2026","rel":"","context":"In &quot;Atualidade&quot;","block_context":{"text":"Atualidade","link":"https:\/\/correiodasemana.com\/site\/category\/atualidade\/"},"img":{"alt_text":"","src":"https:\/\/i0.wp.com\/correiodasemana.com\/site\/wp-content\/uploads\/2024\/04\/SalarioMinimo_Divulgacao.jpeg?resize=350%2C200&ssl=1","width":350,"height":200,"srcset":"https:\/\/i0.wp.com\/correiodasemana.com\/site\/wp-content\/uploads\/2024\/04\/SalarioMinimo_Divulgacao.jpeg?resize=350%2C200&ssl=1 1x, https:\/\/i0.wp.com\/correiodasemana.com\/site\/wp-content\/uploads\/2024\/04\/SalarioMinimo_Divulgacao.jpeg?resize=525%2C300&ssl=1 1.5x, https:\/\/i0.wp.com\/correiodasemana.com\/site\/wp-content\/uploads\/2024\/04\/SalarioMinimo_Divulgacao.jpeg?resize=700%2C400&ssl=1 2x, https:\/\/i0.wp.com\/correiodasemana.com\/site\/wp-content\/uploads\/2024\/04\/SalarioMinimo_Divulgacao.jpeg?resize=1050%2C600&ssl=1 3x"},"classes":[]},{"id":22576,"url":"https:\/\/correiodasemana.com\/site\/inflacao-oficial-fecha-2022-em-579\/","url_meta":{"origin":12695,"position":4},"title":"Infla\u00e7\u00e3o oficial fecha 2022 em 5,79%","author":"","date":"Janeiro 10, 2023","format":false,"excerpt":"O \u00cdndice Nacional de Pre\u00e7os ao Consumidor Amplo (IPCA), que mede a infla\u00e7\u00e3o oficial, fechou 2022 com uma taxa de 5,79% acumulada no ano. O \u00edndice ficou abaixo dos 10,06% acumulados em 2021, segundo dados divulgados hoje (10) pelo Instituto Brasileiro de Geografia e Estat\u00edstica (IBGE). A infla\u00e7\u00e3o acumulada de\u2026","rel":"","context":"In &quot;Atualidade&quot;","block_context":{"text":"Atualidade","link":"https:\/\/correiodasemana.com\/site\/category\/atualidade\/"},"img":{"alt_text":"","src":"https:\/\/i0.wp.com\/correiodasemana.com\/site\/wp-content\/uploads\/2023\/01\/20230110094446829938o.jpg?resize=350%2C200&ssl=1","width":350,"height":200,"srcset":"https:\/\/i0.wp.com\/correiodasemana.com\/site\/wp-content\/uploads\/2023\/01\/20230110094446829938o.jpg?resize=350%2C200&ssl=1 1x, https:\/\/i0.wp.com\/correiodasemana.com\/site\/wp-content\/uploads\/2023\/01\/20230110094446829938o.jpg?resize=525%2C300&ssl=1 1.5x"},"classes":[]},{"id":36660,"url":"https:\/\/correiodasemana.com\/site\/congresso-aprova-ldo-com-superavit-de-r-34-bilhoes-em-2026\/","url_meta":{"origin":12695,"position":5},"title":"Congresso aprova LDO com super\u00e1vit de R$ 34 bilh\u00f5es em 2026","author":"adminredacao","date":"Dezembro 11, 2025","format":false,"excerpt":"Limite de despesas foi calculado em R$ 2,43 trilh\u00f5es POR Luciano Nascimento - Rep\u00f3rter da Ag\u00eancia Brasil O Congresso Nacional aprovou nesta quinta-feira (4) o Projeto de Lei de Diretrizes Or\u00e7ament\u00e1rias (LDO) de 2026. A LDO estabelece diretrizes para a elabora\u00e7\u00e3o e a execu\u00e7\u00e3o da Lei Or\u00e7ament\u00e1ria de 2026. O\u2026","rel":"","context":"In &quot;Atualidade&quot;","block_context":{"text":"Atualidade","link":"https:\/\/correiodasemana.com\/site\/category\/atualidade\/"},"img":{"alt_text":"","src":"https:\/\/i0.wp.com\/correiodasemana.com\/site\/wp-content\/uploads\/2025\/12\/0d9a3473.webp?resize=350%2C200&ssl=1","width":350,"height":200,"srcset":"https:\/\/i0.wp.com\/correiodasemana.com\/site\/wp-content\/uploads\/2025\/12\/0d9a3473.webp?resize=350%2C200&ssl=1 1x, https:\/\/i0.wp.com\/correiodasemana.com\/site\/wp-content\/uploads\/2025\/12\/0d9a3473.webp?resize=525%2C300&ssl=1 1.5x, https:\/\/i0.wp.com\/correiodasemana.com\/site\/wp-content\/uploads\/2025\/12\/0d9a3473.webp?resize=700%2C400&ssl=1 2x, https:\/\/i0.wp.com\/correiodasemana.com\/site\/wp-content\/uploads\/2025\/12\/0d9a3473.webp?resize=1050%2C600&ssl=1 3x"},"classes":[]}],"jetpack_sharing_enabled":true,"_links":{"self":[{"href":"https:\/\/correiodasemana.com\/site\/wp-json\/wp\/v2\/posts\/12695","targetHints":{"allow":["GET"]}}],"collection":[{"href":"https:\/\/correiodasemana.com\/site\/wp-json\/wp\/v2\/posts"}],"about":[{"href":"https:\/\/correiodasemana.com\/site\/wp-json\/wp\/v2\/types\/post"}],"author":[{"embeddable":true,"href":"https:\/\/correiodasemana.com\/site\/wp-json\/wp\/v2\/users\/1"}],"replies":[{"embeddable":true,"href":"https:\/\/correiodasemana.com\/site\/wp-json\/wp\/v2\/comments?post=12695"}],"version-history":[{"count":2,"href":"https:\/\/correiodasemana.com\/site\/wp-json\/wp\/v2\/posts\/12695\/revisions"}],"predecessor-version":[{"id":12698,"href":"https:\/\/correiodasemana.com\/site\/wp-json\/wp\/v2\/posts\/12695\/revisions\/12698"}],"wp:featuredmedia":[{"embeddable":true,"href":"https:\/\/correiodasemana.com\/site\/wp-json\/wp\/v2\/media\/12696"}],"wp:attachment":[{"href":"https:\/\/correiodasemana.com\/site\/wp-json\/wp\/v2\/media?parent=12695"}],"wp:term":[{"taxonomy":"category","embeddable":true,"href":"https:\/\/correiodasemana.com\/site\/wp-json\/wp\/v2\/categories?post=12695"},{"taxonomy":"post_tag","embeddable":true,"href":"https:\/\/correiodasemana.com\/site\/wp-json\/wp\/v2\/tags?post=12695"}],"curies":[{"name":"wp","href":"https:\/\/api.w.org\/{rel}","templated":true}]}}