{"id":12703,"date":"2020-08-11T15:05:28","date_gmt":"2020-08-11T18:05:28","guid":{"rendered":"https:\/\/correiodasemana.com\/site\/?p=12703"},"modified":"2020-08-11T15:05:28","modified_gmt":"2020-08-11T18:05:28","slug":"pos-pandemia-divida-dos-mais-pobres-fara-desigualdade-explodir-em-5-anos","status":"publish","type":"post","link":"https:\/\/correiodasemana.com\/site\/pos-pandemia-divida-dos-mais-pobres-fara-desigualdade-explodir-em-5-anos\/","title":{"rendered":"P\u00f3s-pandemia: d\u00edvida dos mais pobres far\u00e1 desigualdade explodir em 5 anos"},"content":{"rendered":"<p>A tend\u00eancia que governos e Bancos Centrais tentam amenizar mundo afora desde o come\u00e7o da crise do\u00a0<strong>coronav\u00edrus<\/strong>\u00a0pode ter sido enfraquecida por ora, mas as chances desse cen\u00e1rio piorar depois do fim dos aux\u00edlios emergenciais a empresas e vulner\u00e1veis s\u00e3o grandes.<\/p>\n<p>O alerta \u00e9 feito em relat\u00f3rio da Oxford Economics, que v\u00ea o risco de forte deteriora\u00e7\u00e3o do cen\u00e1rio de desigualdade global nos pr\u00f3ximos cinco anos em fun\u00e7\u00e3o da pandemia. Desigualdade de renda ap\u00f3s pandemias: Avan\u00e7o no \u00edndice de Gini (%) (mais alto indica mais desigualdade)<\/p>\n<p>Esse movimento \u00e9 alimentado desde a d\u00e9cada de 1980, de um lado, pela forte migra\u00e7\u00e3o de receitas \u00e0 parte mais rica da popula\u00e7\u00e3o, e, de outro, pelo endividamento crescente das fam\u00edlias mais pobres (veja gr\u00e1fico mais abaixo):<\/p>\n<p>\u201cAs fam\u00edlias mais pobres gastam mais de sua renda em bens essenciais, como moradia e alimenta\u00e7\u00e3o b\u00e1sica. Quando sua renda cai, eles ainda precisam gastar com o necess\u00e1rio e, portanto, s\u00e3o frequentemente for\u00e7ados a se endividar\u201d, diz.<\/p>\n<p>Os ricos, por outro lado, geralmente consomem quase a capacidade m\u00e1xima de seu desejo de consumo, portanto, qualquer receita adicional vai para a poupan\u00e7a para apoio futuro.<\/p>\n<p>Al\u00e9m disso, \u201cevid\u00eancias de pandemias anteriores apontam para um aumento na desigualdade de renda, uma vez que a carga do ajuste econ\u00f4mico recai desproporcionalmente sobre os trabalhadores pouco qualificados\u201d, diz o documento.<\/p>\n<p>Em contextos de pandemia, o trabalho de baixa qualifica\u00e7\u00e3o tamb\u00e9m \u00e9 mais frequentemente prejudicado, em fun\u00e7\u00e3o das pol\u00edticas de isolamento, que prejudicam a confian\u00e7a no uso de servi\u00e7os presenciais:<\/p>\n<p>\u201cUma caracter\u00edstica \u00fanica desta pandemia \u00e9 que a capacidade de trabalhar em casa est\u00e1 se revelando um fator chave na determina\u00e7\u00e3o das perdas de empregos\u201d, diz a Oxford Economics.<\/p>\n<p>Em outras palavras, os postos mais amea\u00e7ados s\u00e3o aqueles que n\u00e3o podem ser feitos facilmente em casa (por exemplo, restaurantes), e que tamb\u00e9m s\u00e3o tipicamente mal pagos.<\/p>\n<p>As perdas entre os mais pobres tamb\u00e9m foram maiores durante a crise financeira global de 2008.<\/p>\n<p>Efeito vai se perpetuando<\/p>\n<p>H\u00e1 tr\u00eas formas de descrever a desigualdade numa sociedade, explica a consultoria:<\/p>\n<ul>\n<li>De\u00a0<strong>renda<\/strong>, que tem profundas implica\u00e7\u00f5es de curto prazo;<\/li>\n<li>De\u00a0<strong>riqueza<\/strong>, que resulta no aprofundamento da divis\u00e3o ao longo do tempo: a renda \u00e9 gerada e frequentemente consumida durante a vida de uma fam\u00edlia. A riqueza, no entanto, pode ser herdada e passada de gera\u00e7\u00e3o em gera\u00e7\u00e3o.<\/li>\n<li>De\u00a0<strong>consumo<\/strong>, que mostra como\u00a0o consumo de bens e servi\u00e7os est\u00e1 espalhado por toda a economia: A queda nos gastos do consumidor nos \u00faltimos meses foi muito maior para os grupos de renda mais alta, pois mais gastos podem ser adiados.<\/li>\n<\/ul>\n<p>Essa \u00faltima forma de medir desigualdade \u00e9 importante, pois os gastos s\u00e3o frequentemente suavizados ao longo da vida dos indiv\u00edduos por meio de empr\u00e9stimos, poupan\u00e7as e aux\u00edlios emergenciais e, por isso, podem diferir da renda em alguns momentos.<\/p>\n<p>Fam\u00edlias de alta renda ainda est\u00e3o gastando 11% abaixo das tend\u00eancias pr\u00e9-coronav\u00edrus, em compara\u00e7\u00e3o com uma alta de 2% entre as mais pobres.<\/p>\n<p>Hist\u00f3rico<\/p>\n<p>A desigualdade de renda cresceu substancialmente desde a d\u00e9cada de 1980 nas economias avan\u00e7adas, especialmente no Reino Unido e nos Estados Unidos, depois das mudan\u00e7as tecnol\u00f3gicas no mercado de trabalho e com a fragilidade dos sindicatos, diz a consultoria:<\/p>\n<p>Entre 2017 e o in\u00edcio dos anos 1980, a parcela da renda detida pelo 1% do topo dobrou de 11% nos EUA e 6% no Reino Unido para 21% e 13%, respectivamente.<\/p>\n<p>Nas \u00faltimas tr\u00eas d\u00e9cadas, a distribui\u00e7\u00e3o de riqueza na Fran\u00e7a, no Reino Unido e nos EUA tamb\u00e9m se tornou ainda mais inclinada para o topo da pir\u00e2mide social. Em m\u00e9dia, os 50% mais pobres tinham apenas 6% da riqueza total em meados dos anos 80; em 2014, isso caiu pela metade para apenas 3%.<\/p>\n<p>Nesse per\u00edodo, a riqueza dos 10% mais abastados cresceu rapidamente de 53% para 71%.<\/p>\n<p>O gr\u00e1fico abaixo mostra um aumento acentuado nas receitas (linha vermelha) para o 1% mais rico desde a d\u00e9cada de 1980, o que contribuiu para que a d\u00edvida (linha azul) atingissem n\u00edveis que n\u00e3o eram vistos desde Segunda Guerra Mundial: Gr\u00e1fico mostra um aumento acentuado nas receitas para o 1% mais rico desde a d\u00e9cada de 1980, o que contribuiu para que a d\u00edvida atingisse n\u00edveis que n\u00e3o eram vistos desde Segunda Guerra Mundial<\/p>\n<p>Fonte:\u00a0<a href=\"https:\/\/exame.com\/economia\/pos-pandemia-divida-dos-mais-pobres-fara-desigualdade-explodir-em-5-anos\/\">Exame<\/a><\/p>\n","protected":false},"excerpt":{"rendered":"<p>A tend\u00eancia que governos e Bancos Centrais tentam amenizar mundo afora desde o come\u00e7o da&#8230;<\/p>\n","protected":false},"author":1,"featured_media":12704,"comment_status":"open","ping_status":"open","sticky":false,"template":"","format":"standard","meta":{"_jetpack_memberships_contains_paid_content":false,"footnotes":"","jetpack_publicize_message":"","jetpack_publicize_feature_enabled":true,"jetpack_social_post_already_shared":true,"jetpack_social_options":{"image_generator_settings":{"template":"highway","default_image_id":0,"font":"","enabled":false},"version":2}},"categories":[1],"tags":[],"class_list":["post-12703","post","type-post","status-publish","format-standard","has-post-thumbnail","hentry","category-atualidade"],"jetpack_publicize_connections":[],"jetpack_featured_media_url":"https:\/\/correiodasemana.com\/site\/wp-content\/uploads\/2020\/08\/pobres-e-ricos.jpg","jetpack-related-posts":[{"id":16942,"url":"https:\/\/correiodasemana.com\/site\/com-pandemia-ricos-ganham-42-vezes-mais-que-pobres-nas-regioes-metropolitanas\/","url_meta":{"origin":12703,"position":0},"title":"Com pandemia, ricos ganham 42 vezes mais que pobres nas regi\u00f5es metropolitanas","author":"","date":"Julho 12, 2021","format":false,"excerpt":"O percentual de pessoas vivendo em domic\u00edlios com renda per capita menor que um quarto do sal\u00e1rio m\u00ednimo chegou a 29,4%, mais de 24 milh\u00f5es de pessoas Por Matheus Prado, do CNN Brasil Business, em S\u00e3o Paulo A pandemia do novo coronav\u00edrus ajudou a corroer indicadores econ\u00f4micos e, consequentemente, exacerbar\u2026","rel":"","context":"In &quot;Atualidade&quot;","block_context":{"text":"Atualidade","link":"https:\/\/correiodasemana.com\/site\/category\/atualidade\/"},"img":{"alt_text":"","src":"https:\/\/i0.wp.com\/correiodasemana.com\/site\/wp-content\/uploads\/2021\/07\/image_processing20200201-29235-1kg6s5t.jpg?resize=350%2C200&ssl=1","width":350,"height":200,"srcset":"https:\/\/i0.wp.com\/correiodasemana.com\/site\/wp-content\/uploads\/2021\/07\/image_processing20200201-29235-1kg6s5t.jpg?resize=350%2C200&ssl=1 1x, https:\/\/i0.wp.com\/correiodasemana.com\/site\/wp-content\/uploads\/2021\/07\/image_processing20200201-29235-1kg6s5t.jpg?resize=525%2C300&ssl=1 1.5x, https:\/\/i0.wp.com\/correiodasemana.com\/site\/wp-content\/uploads\/2021\/07\/image_processing20200201-29235-1kg6s5t.jpg?resize=700%2C400&ssl=1 2x"},"classes":[]},{"id":18797,"url":"https:\/\/correiodasemana.com\/site\/riquezas-e-pobrezas\/","url_meta":{"origin":12703,"position":1},"title":"Riquezas e Pobrezas","author":"","date":"Fevereiro 7, 2022","format":false,"excerpt":"Quando falamos em riqueza o que nos vem logo \u00e0 mente s\u00e3o pessoas que possuem patrim\u00f4nios materiais como casas suntuosas, apartamentos de luxo, carros importados, fazendas, ind\u00fastrias. J\u00e1 quando ouvimos a palavra pobreza nos vem o pensamento a pessoas sem moradia ou que moram embaixo de pontes, em casas de\u2026","rel":"","context":"In &quot;Artigos&quot;","block_context":{"text":"Artigos","link":"https:\/\/correiodasemana.com\/site\/category\/artigos\/"},"img":{"alt_text":"","src":"https:\/\/i0.wp.com\/correiodasemana.com\/site\/wp-content\/uploads\/2021\/08\/Salmito-Campos.jpg?resize=350%2C200&ssl=1","width":350,"height":200,"srcset":"https:\/\/i0.wp.com\/correiodasemana.com\/site\/wp-content\/uploads\/2021\/08\/Salmito-Campos.jpg?resize=350%2C200&ssl=1 1x, https:\/\/i0.wp.com\/correiodasemana.com\/site\/wp-content\/uploads\/2021\/08\/Salmito-Campos.jpg?resize=525%2C300&ssl=1 1.5x, https:\/\/i0.wp.com\/correiodasemana.com\/site\/wp-content\/uploads\/2021\/08\/Salmito-Campos.jpg?resize=700%2C400&ssl=1 2x, https:\/\/i0.wp.com\/correiodasemana.com\/site\/wp-content\/uploads\/2021\/08\/Salmito-Campos.jpg?resize=1050%2C600&ssl=1 3x, https:\/\/i0.wp.com\/correiodasemana.com\/site\/wp-content\/uploads\/2021\/08\/Salmito-Campos.jpg?resize=1400%2C800&ssl=1 4x"},"classes":[]},{"id":31743,"url":"https:\/\/correiodasemana.com\/site\/ibge-pobreza-e-extrema-pobreza-atingem-menor-nivel-no-pais-desde-2012\/","url_meta":{"origin":12703,"position":2},"title":"IBGE: pobreza e extrema pobreza atingem menor n\u00edvel no pa\u00eds desde 2012","author":"adminredacao","date":"Dezembro 10, 2024","format":false,"excerpt":"Mercado de trabalho e benef\u00edcios do governo explicam queda Bruno de Freitas Moura - Rep\u00f3rter da Ag\u00eancia Brasil O Brasil terminou 2023 com os menores n\u00edveis de pobreza e de extrema pobreza j\u00e1 registrados pela S\u00edntese de Indicadores Sociais, pesquisa feita pelo\u00a0Instituto Brasileiro de Geografia e Estat\u00edstica (IBGE) desde 2012.\u2026","rel":"","context":"In &quot;Atualidade&quot;","block_context":{"text":"Atualidade","link":"https:\/\/correiodasemana.com\/site\/category\/atualidade\/"},"img":{"alt_text":"","src":"https:\/\/i0.wp.com\/correiodasemana.com\/site\/wp-content\/uploads\/2024\/12\/Pobreza.webp?resize=350%2C200&ssl=1","width":350,"height":200,"srcset":"https:\/\/i0.wp.com\/correiodasemana.com\/site\/wp-content\/uploads\/2024\/12\/Pobreza.webp?resize=350%2C200&ssl=1 1x, https:\/\/i0.wp.com\/correiodasemana.com\/site\/wp-content\/uploads\/2024\/12\/Pobreza.webp?resize=525%2C300&ssl=1 1.5x, https:\/\/i0.wp.com\/correiodasemana.com\/site\/wp-content\/uploads\/2024\/12\/Pobreza.webp?resize=700%2C400&ssl=1 2x, https:\/\/i0.wp.com\/correiodasemana.com\/site\/wp-content\/uploads\/2024\/12\/Pobreza.webp?resize=1050%2C600&ssl=1 3x"},"classes":[]},{"id":15540,"url":"https:\/\/correiodasemana.com\/site\/super-ricos-vao-recuperar-perdas-em-tempo-recorde-diz-relatorio\/","url_meta":{"origin":12703,"position":3},"title":"Super-ricos v\u00e3o recuperar perdas em tempo recorde, diz relat\u00f3rio","author":"","date":"Janeiro 25, 2021","format":false,"excerpt":"Pesquisa da Oxfam ser\u00e1 lan\u00e7ada hoje no F\u00f3rum Econ\u00f4mico Mundial As mil pessoas mais ricas do mundo levar\u00e3o apenas nove meses para ver suas fortunas retornarem aos n\u00edveis pr\u00e9-pandemia, enquanto os mais pobres v\u00e3o levar 14 vezes mais, ou seja, mais\u00a0de dez\u00a0anos, para conseguir repor as perdas devido ao impacto\u2026","rel":"","context":"In &quot;Atualidade&quot;","block_context":{"text":"Atualidade","link":"https:\/\/correiodasemana.com\/site\/category\/atualidade\/"},"img":{"alt_text":"","src":"https:\/\/i0.wp.com\/correiodasemana.com\/site\/wp-content\/uploads\/2021\/01\/dinheiro2.jpg?resize=350%2C200&ssl=1","width":350,"height":200,"srcset":"https:\/\/i0.wp.com\/correiodasemana.com\/site\/wp-content\/uploads\/2021\/01\/dinheiro2.jpg?resize=350%2C200&ssl=1 1x, https:\/\/i0.wp.com\/correiodasemana.com\/site\/wp-content\/uploads\/2021\/01\/dinheiro2.jpg?resize=525%2C300&ssl=1 1.5x, https:\/\/i0.wp.com\/correiodasemana.com\/site\/wp-content\/uploads\/2021\/01\/dinheiro2.jpg?resize=700%2C400&ssl=1 2x"},"classes":[]},{"id":26327,"url":"https:\/\/correiodasemana.com\/site\/melhoria-na-qualidade-de-vida-no-brasil-entre-2008-e-2018-aponta-ibge\/","url_meta":{"origin":12703,"position":4},"title":"Melhoria na qualidade de vida no Brasil entre 2008 e 2018, aponta IBGE","author":"adminredacao","date":"Agosto 27, 2023","format":false,"excerpt":"Aperfei\u00e7oamento no acesso a servi\u00e7os financeiros e educa\u00e7\u00e3o s\u00e3o fatores-chave na melhoria da qualidade de vida dos brasileiros, revela estudo do IBGE Por T\u00e2nia R\u00eago\/Ag\u00eancia Brasil De acordo com uma pesquisa recente do Instituto Brasileiro de Geografia e Estat\u00edstica (IBGE), a qualidade de vida no Brasil viu um crescimento not\u00e1vel\u2026","rel":"","context":"In &quot;Atualidade&quot;","block_context":{"text":"Atualidade","link":"https:\/\/correiodasemana.com\/site\/category\/atualidade\/"},"img":{"alt_text":"","src":"https:\/\/i0.wp.com\/correiodasemana.com\/site\/wp-content\/uploads\/2023\/08\/celular-ibge_1_1114868.webp?resize=350%2C200&ssl=1","width":350,"height":200,"srcset":"https:\/\/i0.wp.com\/correiodasemana.com\/site\/wp-content\/uploads\/2023\/08\/celular-ibge_1_1114868.webp?resize=350%2C200&ssl=1 1x, https:\/\/i0.wp.com\/correiodasemana.com\/site\/wp-content\/uploads\/2023\/08\/celular-ibge_1_1114868.webp?resize=525%2C300&ssl=1 1.5x, https:\/\/i0.wp.com\/correiodasemana.com\/site\/wp-content\/uploads\/2023\/08\/celular-ibge_1_1114868.webp?resize=700%2C400&ssl=1 2x"},"classes":[]},{"id":9463,"url":"https:\/\/correiodasemana.com\/site\/familias-brasileiras-ficaram-mais-pobres-nos-ultimos-anos-aponta-ibge\/","url_meta":{"origin":12703,"position":5},"title":"Fam\u00edlias brasileiras ficaram mais pobres nos \u00faltimos anos, aponta IBGE","author":"","date":"Outubro 14, 2019","format":false,"excerpt":"A maior parte das fam\u00edlias brasileiras ficaram\u00a0mais pobres nos \u00faltimos anos. Ao menos isso \u00e9 o que demonstra o estudo realizado pelo Instituto Brasileiro de Geografia e Estat\u00edstica (IBGE), divulgado na \u00faltima sexta-feira (4). A Pesquisa de\u00a0Or\u00e7amento\u00a0Familiar (POF) mostra que nos \u00faltimos nove anos, caiu o n\u00famero de fam\u00edlias que\u2026","rel":"","context":"In &quot;Atualidade&quot;","block_context":{"text":"Atualidade","link":"https:\/\/correiodasemana.com\/site\/category\/atualidade\/"},"img":{"alt_text":"","src":"https:\/\/i0.wp.com\/correiodasemana.com\/site\/wp-content\/uploads\/2019\/10\/alx_mundo-pobreza-honduras-20120717-001_original1.jpeg?resize=350%2C200&ssl=1","width":350,"height":200,"srcset":"https:\/\/i0.wp.com\/correiodasemana.com\/site\/wp-content\/uploads\/2019\/10\/alx_mundo-pobreza-honduras-20120717-001_original1.jpeg?resize=350%2C200&ssl=1 1x, https:\/\/i0.wp.com\/correiodasemana.com\/site\/wp-content\/uploads\/2019\/10\/alx_mundo-pobreza-honduras-20120717-001_original1.jpeg?resize=525%2C300&ssl=1 1.5x, https:\/\/i0.wp.com\/correiodasemana.com\/site\/wp-content\/uploads\/2019\/10\/alx_mundo-pobreza-honduras-20120717-001_original1.jpeg?resize=700%2C400&ssl=1 2x, https:\/\/i0.wp.com\/correiodasemana.com\/site\/wp-content\/uploads\/2019\/10\/alx_mundo-pobreza-honduras-20120717-001_original1.jpeg?resize=1050%2C600&ssl=1 3x, https:\/\/i0.wp.com\/correiodasemana.com\/site\/wp-content\/uploads\/2019\/10\/alx_mundo-pobreza-honduras-20120717-001_original1.jpeg?resize=1400%2C800&ssl=1 4x"},"classes":[]}],"jetpack_sharing_enabled":true,"_links":{"self":[{"href":"https:\/\/correiodasemana.com\/site\/wp-json\/wp\/v2\/posts\/12703","targetHints":{"allow":["GET"]}}],"collection":[{"href":"https:\/\/correiodasemana.com\/site\/wp-json\/wp\/v2\/posts"}],"about":[{"href":"https:\/\/correiodasemana.com\/site\/wp-json\/wp\/v2\/types\/post"}],"author":[{"embeddable":true,"href":"https:\/\/correiodasemana.com\/site\/wp-json\/wp\/v2\/users\/1"}],"replies":[{"embeddable":true,"href":"https:\/\/correiodasemana.com\/site\/wp-json\/wp\/v2\/comments?post=12703"}],"version-history":[{"count":2,"href":"https:\/\/correiodasemana.com\/site\/wp-json\/wp\/v2\/posts\/12703\/revisions"}],"predecessor-version":[{"id":12706,"href":"https:\/\/correiodasemana.com\/site\/wp-json\/wp\/v2\/posts\/12703\/revisions\/12706"}],"wp:featuredmedia":[{"embeddable":true,"href":"https:\/\/correiodasemana.com\/site\/wp-json\/wp\/v2\/media\/12704"}],"wp:attachment":[{"href":"https:\/\/correiodasemana.com\/site\/wp-json\/wp\/v2\/media?parent=12703"}],"wp:term":[{"taxonomy":"category","embeddable":true,"href":"https:\/\/correiodasemana.com\/site\/wp-json\/wp\/v2\/categories?post=12703"},{"taxonomy":"post_tag","embeddable":true,"href":"https:\/\/correiodasemana.com\/site\/wp-json\/wp\/v2\/tags?post=12703"}],"curies":[{"name":"wp","href":"https:\/\/api.w.org\/{rel}","templated":true}]}}