{"id":12707,"date":"2020-08-11T15:16:14","date_gmt":"2020-08-11T18:16:14","guid":{"rendered":"https:\/\/correiodasemana.com\/site\/?p=12707"},"modified":"2020-08-11T15:16:14","modified_gmt":"2020-08-11T18:16:14","slug":"ricardo-eletro-demite-3-500-fecha-todas-as-lojas-e-pede-recuperacao-judicial","status":"publish","type":"post","link":"https:\/\/correiodasemana.com\/site\/ricardo-eletro-demite-3-500-fecha-todas-as-lojas-e-pede-recuperacao-judicial\/","title":{"rendered":"Ricardo Eletro demite 3.500, fecha todas as lojas e pede recupera\u00e7\u00e3o judicial"},"content":{"rendered":"<p>A M\u00e1quina de Vendas, controladora das varejistas Ricardo Eletro, Insinuante, City Lar, Salfer e EletroShopping, entrou com pedido de recupera\u00e7\u00e3o judicial na \u00faltima sexta-feira (7), na 1\u00aa Vara de Fal\u00eancias e Recupera\u00e7\u00f5es Judiciais de S\u00e3o Paulo (SP).<\/p>\n<p>A empresa, que estava em recupera\u00e7\u00e3o extrajudicial desde 2019, tamb\u00e9m decidiu fechar todas as suas lojas f\u00edsicas e focar no com\u00e9rcio eletr\u00f4nico. No processo, cerca de 3.500 funcion\u00e1rios ligados \u00e0 opera\u00e7\u00e3o f\u00edsica foram demitidos. Sobram mil, sendo 850 de suporte, ligados \u00e0 log\u00edstica e entrega, e 150 no escrit\u00f3rio.<\/p>\n<p>Segundo a varejista, a pandemia de Covid-19 interrompeu o seu processo de retomada com a reestrutura\u00e7\u00e3o da rede, ap\u00f3s troca na administra\u00e7\u00e3o no segundo semestre de 2019.<\/p>\n<p>\u201cA Ricardo Eletro, assim como grande parte do setor varejista, vem enfrentando os impactos da pandemia de forma avassaladora\u201d, diz nota \u00e0 imprensa, que cita \u201cum estrangulamento de caixa provocado pelas necess\u00e1rias medidas de distanciamento social\u201d.<\/p>\n<p>A companhia tamb\u00e9m relata dificuldades no recebimento de produtos chineses para renova\u00e7\u00e3o de estoque desde janeiro, com a paralisa\u00e7\u00e3o de fornecedores.<\/p>\n<p>\u201cNesse contexto, a recupera\u00e7\u00e3o judicial mostra-se como o caminho mais vi\u00e1vel para que a empresa siga com suas opera\u00e7\u00f5es e promova a reorganiza\u00e7\u00e3o administrativa e financeira necess\u00e1ria para superar a situa\u00e7\u00e3o moment\u00e2nea de crise e ajustar-se estruturalmente para a nova realidade com varejo, no p\u00f3s-pandemia.\u201d<\/p>\n<p>A M\u00e1quina de Vendas cita necessidade de adequar o tamanho da companhia e os custos fixos considerando dificuldades a m\u00e9dio prazo.<\/p>\n<p>Com o crescimento do ecommerce na pandemia, o n\u00famero de visitantes di\u00e1rios no site da Ricardo Eletro foi de 50 mil em mar\u00e7o para 350 mil em agosto. A empresa tamb\u00e9m expandiu seu marketplace e passou a ofertar produtos m\u00e9dicos e aliment\u00edcios.<\/p>\n<p>Outra aposta \u00e9 a implementa\u00e7\u00e3o de revendedores, semelhante ao modelo da Natura.<\/p>\n<p>\u201cUm ponto forte da marca \u00e9 o regionalismo, atendendo fora dos grandes centros, algo que vamos expandir com nossos revendedores, que v\u00e3o poder auxiliar o cliente com a venda assistida\u201d, diz Ana Garini, respons\u00e1vel pela transforma\u00e7\u00e3o digital da Ricardo Eletro.<\/p>\n<p>Os revendedores, que podem ser pessoa f\u00edsica ou jur\u00eddica, ganham, em m\u00e9dia, 12 e 15% de comiss\u00e3o dos servi\u00e7os financeiros e produtos vendidos, todos dispon\u00edveis no site da varejista.<\/p>\n<p>J\u00e1 s\u00e3o 1.500 revendedores cadastrados. Destes, 100 s\u00e3o ex-funcion\u00e1rios das lojas f\u00edsicas da Ricardo Eletro. \u201cQueremos chegar a 15 mil parceiros at\u00e9 o fim de ano\u201d, diz Ana.<\/p>\n<p>As 320 lojas f\u00edsicas da rede estavam temporariamente fechadas ao p\u00fablico devido \u00e0 pandemia. Destas, 30% chegaram a reabrir, mas tiveram que fechar por determina\u00e7\u00f5es de governos estaduais ou municipais.<\/p>\n<p>No momento, 313 j\u00e1 foram fechadas definitivamente e sete encerram as atividades nos pr\u00f3ximos dez dias.<\/p>\n<p>A empresa afirma ainda que todas as compras e entregas ser\u00e3o atendidas nos prazos.<\/p>\n<p>Fundador da Ricardo Eletro<\/p>\n<p>A Ricardo Eletro foi fundada por Ricardo Nunes no interior de Minas Gerais, em 1989. Ela chegou a ter mais de 1.100 lojas pelo Brasil, com mais de 12 mil colaboradores diretos, sendo a 5\u00aa maior varejista do pa\u00eds em 2011, segundo o ranking elaborado pelo Ibevar (Instituto Brasileiro de Executivos de Varejo e Mercado).<\/p>\n<p>Em 2019, ela foi para o 22\u00ba lugar no mesmo ranking, com receita anual estimada em R$ 5,5 bilh\u00f5es.<\/p>\n<p>Hoje, a empresa \u00e9 controlada pela MV Participa\u00e7\u00f5es, que teve Nunes como diretor at\u00e9 9 de outubro de 2019. Na mesma data, Pedro Henrique Torres Bianchi foi escolhido diretor da MV Participa\u00e7\u00f5es e, em janeiro, o executivo assumiu a presid\u00eancia da M\u00e1quina de Vendas.<\/p>\n<p>Em julho, Nunes foi preso na opera\u00e7\u00e3o Direto com o Dono, que investiga susposta sonega\u00e7\u00e3o fiscal de R$ 387 milh\u00f5es de\u00a0<u>ICMS (Imposto sobre Circula\u00e7\u00e3o de Mercadorias e Servi\u00e7os)<\/u>\u00a0e lavagem de dinheiro em empresas controladas pelo empres\u00e1rio.<\/p>\n<p>A investiga\u00e7\u00e3o da for\u00e7a-tarefa composta pela Promotoria de Minas Gerais, Pol\u00edcia Civil e Secretaria da Fazenda aponta\u00a0<u>que houve sonega\u00e7\u00e3o de impostos\u00a0<\/u>ao longo de cinco anos, entre 2014 e 2019.<\/p>\n<p>Para o Minist\u00e9rio P\u00fablico de Minas, o empres\u00e1rio seguiu \u00e0 frente da M\u00e1quina de Vendas at\u00e9 depois de sua sa\u00edda como executivo da companhia, o que a defesa de Nunes e a empresa negam.<\/p>\n<p>Nunes ficou detido por um dia, em Contagem, regi\u00e3o metropolitana Belo Horizonte, sendo liberado ap\u00f3s prestar depoimento.<\/p>\n<p>Pedro Magalh\u00e3es, diretor financeiro da M\u00e1quina de Vendas, tamb\u00e9m foi ouvido pelo Minist\u00e9rio.<\/p>\n<p>Fonte:\u00a0<a href=\"https:\/\/www1.folha.uol.com.br\/mercado\/2020\/08\/ricardo-eletro-fecha-todas-as-lojas-e-pede-recuperacao-judicial.shtml\">Folha<\/a><\/p>\n<p>&nbsp;<\/p>\n","protected":false},"excerpt":{"rendered":"<p>A M\u00e1quina de Vendas, controladora das varejistas Ricardo Eletro, Insinuante, City Lar, Salfer e EletroShopping,&#8230;<\/p>\n","protected":false},"author":1,"featured_media":12708,"comment_status":"open","ping_status":"open","sticky":false,"template":"","format":"standard","meta":{"_jetpack_memberships_contains_paid_content":false,"footnotes":"","jetpack_publicize_message":"","jetpack_publicize_feature_enabled":true,"jetpack_social_post_already_shared":true,"jetpack_social_options":{"image_generator_settings":{"template":"highway","default_image_id":0,"font":"","enabled":false},"version":2}},"categories":[1],"tags":[],"class_list":["post-12707","post","type-post","status-publish","format-standard","has-post-thumbnail","hentry","category-atualidade"],"jetpack_publicize_connections":[],"jetpack_featured_media_url":"https:\/\/correiodasemana.com\/site\/wp-content\/uploads\/2020\/08\/ricardo-eletro.jpg","jetpack-related-posts":[{"id":23698,"url":"https:\/\/correiodasemana.com\/site\/americanas-encerra-atividades-de-loja-em-fortaleza\/","url_meta":{"origin":12707,"position":0},"title":"Americanas encerra atividades de loja em Fortaleza","author":"","date":"Abril 3, 2023","format":false,"excerpt":"Em recupera\u00e7\u00e3o judicial, a Americanas fecharam a primeira loja f\u00edsica no Cear\u00e1. Se trata do empreendimento localizado na esquina da avenida Senador Virg\u00edlio T\u00e1vora com a rua Ana Bilhar, no bairro Meireles. Um informe foi colocado na frente do estabelecimento notificando os clientes para se dirigirem a outras unidades pr\u00f3ximas\u2026","rel":"","context":"In &quot;Atualidade&quot;","block_context":{"text":"Atualidade","link":"https:\/\/correiodasemana.com\/site\/category\/atualidade\/"},"img":{"alt_text":"","src":"https:\/\/i0.wp.com\/correiodasemana.com\/site\/wp-content\/uploads\/2023\/04\/Webpage-Screenshot_Easy-Resize.com_.jpg?resize=350%2C200&ssl=1","width":350,"height":200,"srcset":"https:\/\/i0.wp.com\/correiodasemana.com\/site\/wp-content\/uploads\/2023\/04\/Webpage-Screenshot_Easy-Resize.com_.jpg?resize=350%2C200&ssl=1 1x, https:\/\/i0.wp.com\/correiodasemana.com\/site\/wp-content\/uploads\/2023\/04\/Webpage-Screenshot_Easy-Resize.com_.jpg?resize=525%2C300&ssl=1 1.5x, https:\/\/i0.wp.com\/correiodasemana.com\/site\/wp-content\/uploads\/2023\/04\/Webpage-Screenshot_Easy-Resize.com_.jpg?resize=700%2C400&ssl=1 2x, https:\/\/i0.wp.com\/correiodasemana.com\/site\/wp-content\/uploads\/2023\/04\/Webpage-Screenshot_Easy-Resize.com_.jpg?resize=1050%2C600&ssl=1 3x"},"classes":[]},{"id":22846,"url":"https:\/\/correiodasemana.com\/site\/ministerio-da-justica-notifica-lojas-americanas\/","url_meta":{"origin":12707,"position":1},"title":"Minist\u00e9rio da Justi\u00e7a notifica Lojas Americanas","author":"","date":"Janeiro 18, 2023","format":false,"excerpt":"Varejista deve prestar esclarecimentos sobre os impactos aos consumidores das d\u00edvidas com bancos reveladas eem balan\u00e7o. Em meio \u00e0 revela\u00e7\u00e3o de um rombo bilion\u00e1rio na contabilidade, as Lojas Americanas ter\u00e3o at\u00e9 5 dias \u00fateis para dar respostas ao Minist\u00e9rio da Justi\u00e7a. A Secretaria Nacional do Consumidor (Senacon) notificou, nesta ter\u00e7a-feira,\u2026","rel":"","context":"In &quot;Atualidade&quot;","block_context":{"text":"Atualidade","link":"https:\/\/correiodasemana.com\/site\/category\/atualidade\/"},"img":{"alt_text":"","src":"https:\/\/i0.wp.com\/correiodasemana.com\/site\/wp-content\/uploads\/2023\/01\/1_fachada_americanas-27693290.webp?resize=350%2C200&ssl=1","width":350,"height":200,"srcset":"https:\/\/i0.wp.com\/correiodasemana.com\/site\/wp-content\/uploads\/2023\/01\/1_fachada_americanas-27693290.webp?resize=350%2C200&ssl=1 1x, https:\/\/i0.wp.com\/correiodasemana.com\/site\/wp-content\/uploads\/2023\/01\/1_fachada_americanas-27693290.webp?resize=525%2C300&ssl=1 1.5x, https:\/\/i0.wp.com\/correiodasemana.com\/site\/wp-content\/uploads\/2023\/01\/1_fachada_americanas-27693290.webp?resize=700%2C400&ssl=1 2x, https:\/\/i0.wp.com\/correiodasemana.com\/site\/wp-content\/uploads\/2023\/01\/1_fachada_americanas-27693290.webp?resize=1050%2C600&ssl=1 3x"},"classes":[]},{"id":24285,"url":"https:\/\/correiodasemana.com\/site\/mais-uma-empresa-brasileira-em-crise\/","url_meta":{"origin":12707,"position":2},"title":"Mais uma empresa brasileira em crise","author":"","date":"Abril 25, 2023","format":false,"excerpt":"A tradicional empresa de higiene e limpeza, Bombril, est\u00e1 passando por dificuldades financeiras e precisou buscar ajuda externa para manter suas atividades em andamento. A empresa recorreu a um empr\u00e9stimo de R$ 300 milh\u00f5es para tentar superar a crise. Os problemas financeiros da Bombril remontam ao in\u00edcio dos anos 2000,\u2026","rel":"","context":"In &quot;Atualidade&quot;","block_context":{"text":"Atualidade","link":"https:\/\/correiodasemana.com\/site\/category\/atualidade\/"},"img":{"alt_text":"","src":"https:\/\/i0.wp.com\/correiodasemana.com\/site\/wp-content\/uploads\/2023\/04\/crise-bombril-recorre-a-emprestimo-milionario-para-pagar-dividas-deaf7.jpg?resize=350%2C200&ssl=1","width":350,"height":200,"srcset":"https:\/\/i0.wp.com\/correiodasemana.com\/site\/wp-content\/uploads\/2023\/04\/crise-bombril-recorre-a-emprestimo-milionario-para-pagar-dividas-deaf7.jpg?resize=350%2C200&ssl=1 1x, https:\/\/i0.wp.com\/correiodasemana.com\/site\/wp-content\/uploads\/2023\/04\/crise-bombril-recorre-a-emprestimo-milionario-para-pagar-dividas-deaf7.jpg?resize=525%2C300&ssl=1 1.5x, https:\/\/i0.wp.com\/correiodasemana.com\/site\/wp-content\/uploads\/2023\/04\/crise-bombril-recorre-a-emprestimo-milionario-para-pagar-dividas-deaf7.jpg?resize=700%2C400&ssl=1 2x"},"classes":[]},{"id":23754,"url":"https:\/\/correiodasemana.com\/site\/marisa-vai-fechar-30-das-lojas-fisicas\/","url_meta":{"origin":12707,"position":3},"title":"Marisa vai fechar 30% das lojas f\u00edsicas","author":"","date":"Abril 4, 2023","format":false,"excerpt":"A rede de lojas Marisa anunciou um plano de reestrutura\u00e7\u00e3o para reduzir o endividamento, ante o preju\u00edzo de R$ 188,6 milh\u00f5es no quarto trimestre de 2022 e o de R$ 24,5 milh\u00f5es j\u00e1 registrado em 2023. Por isso, a Marisa resolveu fechar 90 lojas, de um total de 334. A\u2026","rel":"","context":"In &quot;Atualidade&quot;","block_context":{"text":"Atualidade","link":"https:\/\/correiodasemana.com\/site\/category\/atualidade\/"},"img":{"alt_text":"","src":"https:\/\/i0.wp.com\/correiodasemana.com\/site\/wp-content\/uploads\/2023\/04\/lojasmarisa_fechamento.jpg?resize=350%2C200&ssl=1","width":350,"height":200,"srcset":"https:\/\/i0.wp.com\/correiodasemana.com\/site\/wp-content\/uploads\/2023\/04\/lojasmarisa_fechamento.jpg?resize=350%2C200&ssl=1 1x, https:\/\/i0.wp.com\/correiodasemana.com\/site\/wp-content\/uploads\/2023\/04\/lojasmarisa_fechamento.jpg?resize=525%2C300&ssl=1 1.5x, https:\/\/i0.wp.com\/correiodasemana.com\/site\/wp-content\/uploads\/2023\/04\/lojasmarisa_fechamento.jpg?resize=700%2C400&ssl=1 2x"},"classes":[]},{"id":14278,"url":"https:\/\/correiodasemana.com\/site\/30-dos-estabelecimentos-nao-vao-abrir-as-portas-diz-diretor-da-abrasel\/","url_meta":{"origin":12707,"position":4},"title":"\u201c30% dos estabelecimentos n\u00e3o v\u00e3o abrir as portas\u201d, diz diretor da Abrasel","author":"","date":"Outubro 26, 2020","format":false,"excerpt":"Faturamento do setor de bares e restaurantes caiu quase a metade o que fez com que parte dos empres\u00e1rios fechassem os estabelecimentos definitivamente Ap\u00f3s sete meses de quarentena em raz\u00e3o da pandemia do novo\u00a0coronav\u00edrus, os setores econ\u00f4micos de todo mundo precisaram se reinventar. Mesmo com todas as solu\u00e7\u00f5es encontradas para\u2026","rel":"","context":"In &quot;Atualidade&quot;","block_context":{"text":"Atualidade","link":"https:\/\/correiodasemana.com\/site\/category\/atualidade\/"},"img":{"alt_text":"","src":"https:\/\/i0.wp.com\/correiodasemana.com\/site\/wp-content\/uploads\/2020\/10\/b6ddb1640e40bdd68db56d48e7164c4813c0819bad11420b1fe7db253f4a5ce3-3.jpg?resize=350%2C200&ssl=1","width":350,"height":200},"classes":[]},{"id":19669,"url":"https:\/\/correiodasemana.com\/site\/grendene-amplia-receita-de-exportacao-no-primeiro-trimestre-de-2022\/","url_meta":{"origin":12707,"position":5},"title":"Grendene amplia receita de exporta\u00e7\u00e3o no primeiro trimestre de 2022","author":"","date":"Maio 1, 2022","format":false,"excerpt":"Por Caio Biasi Resultado no mercado internacional foi 16,4% superior ao do mesmo per\u00edodo no ano passado; e-commerce da Melissa nos EUA, que passou a ser gerido pela Grendene Global Brands a partir da segunda quinzena de janeiro, apresentou crescimento de 100% nas vendas, ante o 1T21 Sobral, 28 de\u2026","rel":"","context":"In &quot;Atualidade&quot;","block_context":{"text":"Atualidade","link":"https:\/\/correiodasemana.com\/site\/category\/atualidade\/"},"img":{"alt_text":"","src":"https:\/\/i0.wp.com\/correiodasemana.com\/site\/wp-content\/uploads\/2020\/11\/Doacoes-Grendene-1.jpg?resize=350%2C200&ssl=1","width":350,"height":200,"srcset":"https:\/\/i0.wp.com\/correiodasemana.com\/site\/wp-content\/uploads\/2020\/11\/Doacoes-Grendene-1.jpg?resize=350%2C200&ssl=1 1x, https:\/\/i0.wp.com\/correiodasemana.com\/site\/wp-content\/uploads\/2020\/11\/Doacoes-Grendene-1.jpg?resize=525%2C300&ssl=1 1.5x, https:\/\/i0.wp.com\/correiodasemana.com\/site\/wp-content\/uploads\/2020\/11\/Doacoes-Grendene-1.jpg?resize=700%2C400&ssl=1 2x"},"classes":[]}],"jetpack_sharing_enabled":true,"_links":{"self":[{"href":"https:\/\/correiodasemana.com\/site\/wp-json\/wp\/v2\/posts\/12707","targetHints":{"allow":["GET"]}}],"collection":[{"href":"https:\/\/correiodasemana.com\/site\/wp-json\/wp\/v2\/posts"}],"about":[{"href":"https:\/\/correiodasemana.com\/site\/wp-json\/wp\/v2\/types\/post"}],"author":[{"embeddable":true,"href":"https:\/\/correiodasemana.com\/site\/wp-json\/wp\/v2\/users\/1"}],"replies":[{"embeddable":true,"href":"https:\/\/correiodasemana.com\/site\/wp-json\/wp\/v2\/comments?post=12707"}],"version-history":[{"count":2,"href":"https:\/\/correiodasemana.com\/site\/wp-json\/wp\/v2\/posts\/12707\/revisions"}],"predecessor-version":[{"id":12710,"href":"https:\/\/correiodasemana.com\/site\/wp-json\/wp\/v2\/posts\/12707\/revisions\/12710"}],"wp:featuredmedia":[{"embeddable":true,"href":"https:\/\/correiodasemana.com\/site\/wp-json\/wp\/v2\/media\/12708"}],"wp:attachment":[{"href":"https:\/\/correiodasemana.com\/site\/wp-json\/wp\/v2\/media?parent=12707"}],"wp:term":[{"taxonomy":"category","embeddable":true,"href":"https:\/\/correiodasemana.com\/site\/wp-json\/wp\/v2\/categories?post=12707"},{"taxonomy":"post_tag","embeddable":true,"href":"https:\/\/correiodasemana.com\/site\/wp-json\/wp\/v2\/tags?post=12707"}],"curies":[{"name":"wp","href":"https:\/\/api.w.org\/{rel}","templated":true}]}}