{"id":12715,"date":"2020-08-11T15:33:50","date_gmt":"2020-08-11T18:33:50","guid":{"rendered":"https:\/\/correiodasemana.com\/site\/?p=12715"},"modified":"2020-08-15T20:56:58","modified_gmt":"2020-08-15T23:56:58","slug":"no-late-zap-com-mabel-4","status":"publish","type":"post","link":"https:\/\/correiodasemana.com\/site\/no-late-zap-com-mabel-4\/","title":{"rendered":"NO LATE ZAP COM MABEL"},"content":{"rendered":"<p>Bom dia Mabel. Onde voc\u00ea est\u00e1? Tentando chegar ao centro da cidade? Quer dizer que voc\u00ea j\u00e1 est\u00e1 se soltando, \u00e9? Ao menos n\u00e3o deixe de usar sua m\u00e1scara e de se manter distante das pessoas.<br \/>\nVoc\u00ea j\u00e1 andou de VLT, depois que ele voltou a funcionar? \u00c9 verdade que ele anda lotado sempre? Poxa! E por que ser\u00e1 que o povo n\u00e3o est\u00e1 usando? Ser\u00e1 porque os micro-\u00f4nibus ainda n\u00e3o chegaram? Mas o Veveu naquele tempo j\u00e1 dizia que eles estavam chegando. Ave, Mabel, pelo visto Sobral ter\u00e1 espa\u00e7onaves antes que transporte coletivo.<br \/>\nAmiga, c\u00e1 pra n\u00f3s, voc\u00ea vive com medo em Sobral? Por acaso tem alguma on\u00e7a solta? Verdade amiga, aqui muita gente tem medo de criticas erros. \u00c9 tudo caladinho, que parece que perderam foi a l\u00edngua.<br \/>\nPode sossegar o facho, que este ano n\u00e3o teremos campanhas de ruas. Pelo visto ser\u00e1 tudo na internet. E voc\u00ea j\u00e1 tem candidato? N\u00e3o precisa me dizer se n\u00e3o quiser. S\u00f3 lhe pe\u00e7o que n\u00e3o vote em comunista e que n\u00e3o venda seu voto, pois vender o voto \u00e9 mais feio do que vender a m\u00e3e. Vote consciente de que est\u00e1 escolhendo o melhor para a sua cidade. Se eu souber que voc\u00ea se vendeu, voc\u00ea passar\u00e1 a comprar sua ra\u00e7\u00e3o pelo resto de sua vida.<br \/>\nDepois eu volto e ai entraremos naquele outro assunto. Grande abra\u00e7o, amiga.<\/p>\n<p><strong>Massa virtual<\/strong><br \/>\nO sanfoneiro e cantor aviador Waldonys brilhou, na noite de ontem, 10, com uma live em homenagem aos 21 anos do Uninta, a institui\u00e7\u00e3o de ensino que mais cresce no interior do Cear\u00e1.<\/p>\n<p><strong>S\u00eamen valioso<\/strong><br \/>\nUm pol\u00edtico malando do Cear\u00e1 chegou a dizer entre os amigos, que vende s\u00eamen de seu c\u00e3o por at\u00e9 R$ at\u00e9 100 mil. Imagine o valor do c\u00e3o.<\/p>\n<p><strong>Infantilidade<\/strong><br \/>\nO secret\u00e1rio Paulo Vasconcelos culpa o povo de Sobral pela sujeira sistem\u00e1tica da cidade. Fica estranho chamar de mal educado o povo que tem a melhor educa\u00e7\u00e3o do Brasil.<\/p>\n<p><strong>O jaeroporto<\/strong><br \/>\nE ai, os avi\u00f5es j\u00e1 podem estacionar no novo aeroporto de Sobral, ou a not\u00edcia era fake? Veveu chegou a afirmar que tinha R$ 50 milh\u00f5es para a obra j\u00e1 escutando a est\u00f3ria. Escutando talvez; enxergando jamais.<\/p>\n","protected":false},"excerpt":{"rendered":"<p>Bom dia Mabel. Onde voc\u00ea est\u00e1? Tentando chegar ao centro da cidade? Quer dizer que&#8230;<\/p>\n","protected":false},"author":1,"featured_media":12542,"comment_status":"open","ping_status":"open","sticky":false,"template":"","format":"standard","meta":{"_jetpack_memberships_contains_paid_content":false,"footnotes":"","jetpack_publicize_message":"","jetpack_publicize_feature_enabled":true,"jetpack_social_post_already_shared":true,"jetpack_social_options":{"image_generator_settings":{"template":"highway","default_image_id":0,"font":"","enabled":false},"version":2}},"categories":[11,53],"tags":[],"class_list":["post-12715","post","type-post","status-publish","format-standard","has-post-thumbnail","hentry","category-artigos","category-silveira-rocha"],"jetpack_publicize_connections":[],"jetpack_featured_media_url":"https:\/\/correiodasemana.com\/site\/wp-content\/uploads\/2020\/08\/117163962_290238355633639_4284614535297516281_n-3.jpg","jetpack-related-posts":[{"id":13444,"url":"https:\/\/correiodasemana.com\/site\/no-late-zap-com-mabel-20\/","url_meta":{"origin":12715,"position":0},"title":"NO LATE-ZAP COM MABEL","author":"","date":"Setembro 9, 2020","format":false,"excerpt":"Ol\u00e1 Mabel! Como est\u00e1 essa p\u00e9rola pet? Pelo visto muito bem, pois n\u00e3o me ligou pedindo dinheiro. Fez bem n\u00e3o ter pedido mesmo, pois sua conta j\u00e1 est\u00e1 alta e o aux\u00edlio diminuiu. Que pouco que nada. Voc\u00ea s\u00f3 ganhava 70 do Lula e nem reclamava. Pare de ser oportunista.\u2026","rel":"","context":"In &quot;Artigos&quot;","block_context":{"text":"Artigos","link":"https:\/\/correiodasemana.com\/site\/category\/artigos\/"},"img":{"alt_text":"","src":"https:\/\/i0.wp.com\/correiodasemana.com\/site\/wp-content\/uploads\/2020\/09\/Logo-Silveira-Rocha-2-1.jpg?resize=350%2C200&ssl=1","width":350,"height":200,"srcset":"https:\/\/i0.wp.com\/correiodasemana.com\/site\/wp-content\/uploads\/2020\/09\/Logo-Silveira-Rocha-2-1.jpg?resize=350%2C200&ssl=1 1x, https:\/\/i0.wp.com\/correiodasemana.com\/site\/wp-content\/uploads\/2020\/09\/Logo-Silveira-Rocha-2-1.jpg?resize=525%2C300&ssl=1 1.5x, https:\/\/i0.wp.com\/correiodasemana.com\/site\/wp-content\/uploads\/2020\/09\/Logo-Silveira-Rocha-2-1.jpg?resize=700%2C400&ssl=1 2x"},"classes":[]},{"id":12894,"url":"https:\/\/correiodasemana.com\/site\/no-late-zap-com-mabel-7\/","url_meta":{"origin":12715,"position":1},"title":"NO LATE-ZAP COM MABEL","author":"","date":"Agosto 17, 2020","format":false,"excerpt":"Ol\u00e1 Mabel. Me fale da sua vida, porque da minha eu j\u00e1 sei tudo. Amiga eu descobri o porqu\u00ea de voc\u00ea estar sempre ocupada e n\u00e3o ver minhas mensagens. S\u00e3o as lives dos cantores. Acertei? Ora se acertei. Eu sabia que voc\u00ea iria se empolgar, j\u00e1 que \u00e9 doida por\u2026","rel":"","context":"In &quot;Artigos&quot;","block_context":{"text":"Artigos","link":"https:\/\/correiodasemana.com\/site\/category\/artigos\/"},"img":{"alt_text":"","src":"https:\/\/i0.wp.com\/correiodasemana.com\/site\/wp-content\/uploads\/2020\/08\/117163962_290238355633639_4284614535297516281_n.jpg?resize=350%2C200&ssl=1","width":350,"height":200,"srcset":"https:\/\/i0.wp.com\/correiodasemana.com\/site\/wp-content\/uploads\/2020\/08\/117163962_290238355633639_4284614535297516281_n.jpg?resize=350%2C200&ssl=1 1x, https:\/\/i0.wp.com\/correiodasemana.com\/site\/wp-content\/uploads\/2020\/08\/117163962_290238355633639_4284614535297516281_n.jpg?resize=525%2C300&ssl=1 1.5x, https:\/\/i0.wp.com\/correiodasemana.com\/site\/wp-content\/uploads\/2020\/08\/117163962_290238355633639_4284614535297516281_n.jpg?resize=700%2C400&ssl=1 2x"},"classes":[]},{"id":13125,"url":"https:\/\/correiodasemana.com\/site\/no-late-zap-com-mabel-11\/","url_meta":{"origin":12715,"position":2},"title":"NO LATE-ZAP COM MABEL","author":"","date":"Agosto 24, 2020","format":false,"excerpt":"Ol\u00e1 amiga Mabel. Como vai essa personalidade canina? Voc\u00ea sempre est\u00e1 bem, claro. Era de admirar se n\u00e3o estivesse, pois passa o dia todo deixada e com a cara virada para o celular. Por causa disso nem consegue mais passar informa\u00e7\u00f5es da cidade, para n\u00e3o dize fofocas. N\u00e3o, amiga, n\u00e3o\u2026","rel":"","context":"In &quot;Artigos&quot;","block_context":{"text":"Artigos","link":"https:\/\/correiodasemana.com\/site\/category\/artigos\/"},"img":{"alt_text":"","src":"https:\/\/i0.wp.com\/correiodasemana.com\/site\/wp-content\/uploads\/2020\/08\/Logo-Silveira-Rocha-2-2.jpg?resize=350%2C200&ssl=1","width":350,"height":200,"srcset":"https:\/\/i0.wp.com\/correiodasemana.com\/site\/wp-content\/uploads\/2020\/08\/Logo-Silveira-Rocha-2-2.jpg?resize=350%2C200&ssl=1 1x, https:\/\/i0.wp.com\/correiodasemana.com\/site\/wp-content\/uploads\/2020\/08\/Logo-Silveira-Rocha-2-2.jpg?resize=525%2C300&ssl=1 1.5x, https:\/\/i0.wp.com\/correiodasemana.com\/site\/wp-content\/uploads\/2020\/08\/Logo-Silveira-Rocha-2-2.jpg?resize=700%2C400&ssl=1 2x"},"classes":[]},{"id":13344,"url":"https:\/\/correiodasemana.com\/site\/no-late-zap-com-mabel-17\/","url_meta":{"origin":12715,"position":3},"title":"NO LATE-ZAP COM MABEL","author":"","date":"Setembro 2, 2020","format":false,"excerpt":"Bom dia Mabel. Como est\u00e1 essa figura pet ador\u00e1vel? Verdade, a gente briga, mas se ama. A vida tem dessas coisas. A gente n\u00e3o \u00e9 perfeita. Voc\u00ea \u00e9 um ser inteligente, que me acorda com latidos e lambidas carinhosos. Se n\u00e3o fosse t\u00e3o fuxiqueira seria uma Brastemp canina. O que\u2026","rel":"","context":"In &quot;Artigos&quot;","block_context":{"text":"Artigos","link":"https:\/\/correiodasemana.com\/site\/category\/artigos\/"},"img":{"alt_text":"","src":"https:\/\/i0.wp.com\/correiodasemana.com\/site\/wp-content\/uploads\/2020\/09\/Logo-Silveira-Rocha-2-1.jpg?resize=350%2C200&ssl=1","width":350,"height":200,"srcset":"https:\/\/i0.wp.com\/correiodasemana.com\/site\/wp-content\/uploads\/2020\/09\/Logo-Silveira-Rocha-2-1.jpg?resize=350%2C200&ssl=1 1x, https:\/\/i0.wp.com\/correiodasemana.com\/site\/wp-content\/uploads\/2020\/09\/Logo-Silveira-Rocha-2-1.jpg?resize=525%2C300&ssl=1 1.5x, https:\/\/i0.wp.com\/correiodasemana.com\/site\/wp-content\/uploads\/2020\/09\/Logo-Silveira-Rocha-2-1.jpg?resize=700%2C400&ssl=1 2x"},"classes":[]},{"id":12829,"url":"https:\/\/correiodasemana.com\/site\/no-late-zap-com-mabel-6\/","url_meta":{"origin":12715,"position":4},"title":"NO LATE-ZAP COM MABEL","author":"","date":"Agosto 17, 2020","format":false,"excerpt":"Oi Mabel. Como est\u00e1 minha amiga? Que bom que voc\u00ea tomou banho. Foi no petshop? O que, voc\u00ea est\u00e1 maluca? De onde voc\u00ea tirou essa ideia de tomar banho no rio? Por acaso voc\u00ea n\u00e3o sabe que j\u00e1 n\u00e3o temos rio e sim um riacho de esgotos? Mabel se conscientize.\u2026","rel":"","context":"In &quot;Artigos&quot;","block_context":{"text":"Artigos","link":"https:\/\/correiodasemana.com\/site\/category\/artigos\/"},"img":{"alt_text":"","src":"https:\/\/i0.wp.com\/correiodasemana.com\/site\/wp-content\/uploads\/2020\/08\/117163962_290238355633639_4284614535297516281_n-3.jpg?resize=350%2C200&ssl=1","width":350,"height":200,"srcset":"https:\/\/i0.wp.com\/correiodasemana.com\/site\/wp-content\/uploads\/2020\/08\/117163962_290238355633639_4284614535297516281_n-3.jpg?resize=350%2C200&ssl=1 1x, https:\/\/i0.wp.com\/correiodasemana.com\/site\/wp-content\/uploads\/2020\/08\/117163962_290238355633639_4284614535297516281_n-3.jpg?resize=525%2C300&ssl=1 1.5x, https:\/\/i0.wp.com\/correiodasemana.com\/site\/wp-content\/uploads\/2020\/08\/117163962_290238355633639_4284614535297516281_n-3.jpg?resize=700%2C400&ssl=1 2x"},"classes":[]},{"id":13186,"url":"https:\/\/correiodasemana.com\/site\/no-late-zap-com-mabel-13\/","url_meta":{"origin":12715,"position":5},"title":"NO LATE-ZAP COM MABEL","author":"","date":"Agosto 27, 2020","format":false,"excerpt":"Ol\u00e1 Mabel, como est\u00e1 essa din\u00e2mica cadelinha, que eu tanto estimo? Legal saber. Poxa, mal eu entro aqui e voc\u00ea j\u00e1 vai logo me ferrando. J\u00e1 acabou aquele absurdo de cr\u00e9ditos que coloquei em seu celular? Por acaso est\u00e1 namorando? Falando em namoro, quem foi que passou aqui oferecendo emprego?\u2026","rel":"","context":"In &quot;Artigos&quot;","block_context":{"text":"Artigos","link":"https:\/\/correiodasemana.com\/site\/category\/artigos\/"},"img":{"alt_text":"","src":"https:\/\/i0.wp.com\/correiodasemana.com\/site\/wp-content\/uploads\/2020\/08\/Logo-Silveira-Rocha-2-4.jpg?resize=350%2C200&ssl=1","width":350,"height":200,"srcset":"https:\/\/i0.wp.com\/correiodasemana.com\/site\/wp-content\/uploads\/2020\/08\/Logo-Silveira-Rocha-2-4.jpg?resize=350%2C200&ssl=1 1x, https:\/\/i0.wp.com\/correiodasemana.com\/site\/wp-content\/uploads\/2020\/08\/Logo-Silveira-Rocha-2-4.jpg?resize=525%2C300&ssl=1 1.5x, https:\/\/i0.wp.com\/correiodasemana.com\/site\/wp-content\/uploads\/2020\/08\/Logo-Silveira-Rocha-2-4.jpg?resize=700%2C400&ssl=1 2x"},"classes":[]}],"jetpack_sharing_enabled":true,"_links":{"self":[{"href":"https:\/\/correiodasemana.com\/site\/wp-json\/wp\/v2\/posts\/12715","targetHints":{"allow":["GET"]}}],"collection":[{"href":"https:\/\/correiodasemana.com\/site\/wp-json\/wp\/v2\/posts"}],"about":[{"href":"https:\/\/correiodasemana.com\/site\/wp-json\/wp\/v2\/types\/post"}],"author":[{"embeddable":true,"href":"https:\/\/correiodasemana.com\/site\/wp-json\/wp\/v2\/users\/1"}],"replies":[{"embeddable":true,"href":"https:\/\/correiodasemana.com\/site\/wp-json\/wp\/v2\/comments?post=12715"}],"version-history":[{"count":1,"href":"https:\/\/correiodasemana.com\/site\/wp-json\/wp\/v2\/posts\/12715\/revisions"}],"predecessor-version":[{"id":12716,"href":"https:\/\/correiodasemana.com\/site\/wp-json\/wp\/v2\/posts\/12715\/revisions\/12716"}],"wp:featuredmedia":[{"embeddable":true,"href":"https:\/\/correiodasemana.com\/site\/wp-json\/wp\/v2\/media\/12542"}],"wp:attachment":[{"href":"https:\/\/correiodasemana.com\/site\/wp-json\/wp\/v2\/media?parent=12715"}],"wp:term":[{"taxonomy":"category","embeddable":true,"href":"https:\/\/correiodasemana.com\/site\/wp-json\/wp\/v2\/categories?post=12715"},{"taxonomy":"post_tag","embeddable":true,"href":"https:\/\/correiodasemana.com\/site\/wp-json\/wp\/v2\/tags?post=12715"}],"curies":[{"name":"wp","href":"https:\/\/api.w.org\/{rel}","templated":true}]}}