{"id":12718,"date":"2020-08-12T08:27:09","date_gmt":"2020-08-12T11:27:09","guid":{"rendered":"https:\/\/correiodasemana.com\/site\/?p=12718"},"modified":"2020-08-12T08:27:09","modified_gmt":"2020-08-12T11:27:09","slug":"conselho-do-fgts-aprova-distribuicao-de-r-75-bi-para-trabalhadores","status":"publish","type":"post","link":"https:\/\/correiodasemana.com\/site\/conselho-do-fgts-aprova-distribuicao-de-r-75-bi-para-trabalhadores\/","title":{"rendered":"Conselho do FGTS aprova distribui\u00e7\u00e3o de R$ 7,5 bi para trabalhadores"},"content":{"rendered":"<p>Dinheiro ser\u00e1 depositado at\u00e9 31 de agosto nas contas vinculadas<\/p>\n<p>O Conselho Curador do Fundo de Garantia por Tempo de Servi\u00e7o (FGTS) aprovou hoje (11) a distribui\u00e7\u00e3o de parte dos lucros para os trabalhadores. Ser\u00e3o creditados nas contas vinculadas ao fundo R$ 7,5 bilh\u00f5es, equivalentes a 66% do resultado positivo de 2019. O resultado total do ano passado foi de R$ 11,32 bilh\u00f5es.<\/p>\n<p>Conforme a delibera\u00e7\u00e3o, os cr\u00e9ditos devem ser pagos at\u00e9 31 de agosto. A distribui\u00e7\u00e3o ser\u00e1 feita proporcionalmente ao saldo de 31 de dezembro de 2019.<\/p>\n<p>Segundo informa\u00e7\u00f5es apresentadas durante a reuni\u00e3o do conselho, a distribui\u00e7\u00e3o dos recursos permitir\u00e1 que o FGTS tenha rendimento de 4,90%, somados juros e corre\u00e7\u00f5es obrigat\u00f3rias. Dessa forma, o fundo passa a render mais que a poupan\u00e7a, que fechou 2019 com rentabilidade de 4,26%, e a infla\u00e7\u00e3o medida pelo \u00cdndice Nacional de Pre\u00e7os ao Consumidor Amplo (IPCA), que terminou o ano passado em 4,31%.<\/p>\n<p>A decis\u00e3o do conselho n\u00e3o altera as hip\u00f3teses em que o trabalhador pode sacar o FGTS. No\u00a0<a href=\"http:\/\/www.caixa.gov.br\/beneficios-trabalhador\/fgts\/Paginas\/default.as\"><strong>site da Caixa<\/strong><\/a>\u00a0\u00e9 poss\u00edvel obter mais informa\u00e7\u00f5es, inclusive sobre os saques emergenciais do fundo devido aos efeitos da pandemia da covid-19 na renda dos brasileiros.<\/p>\n<p>Por Andr\u00e9 Richter &#8211; Rep\u00f3rter da Ag\u00eancia Brasil &#8211; Bras\u00edlia.<\/p>\n<p>&nbsp;<\/p>\n","protected":false},"excerpt":{"rendered":"<p>Dinheiro ser\u00e1 depositado at\u00e9 31 de agosto nas contas vinculadas O Conselho Curador do Fundo&#8230;<\/p>\n","protected":false},"author":1,"featured_media":12719,"comment_status":"open","ping_status":"open","sticky":false,"template":"","format":"standard","meta":{"_jetpack_memberships_contains_paid_content":false,"footnotes":"","jetpack_publicize_message":"","jetpack_publicize_feature_enabled":true,"jetpack_social_post_already_shared":true,"jetpack_social_options":{"image_generator_settings":{"template":"highway","default_image_id":0,"font":"","enabled":false},"version":2}},"categories":[1],"tags":[],"class_list":["post-12718","post","type-post","status-publish","format-standard","has-post-thumbnail","hentry","category-atualidade"],"jetpack_publicize_connections":[],"jetpack_featured_media_url":"https:\/\/correiodasemana.com\/site\/wp-content\/uploads\/2020\/08\/2020-05-14t120838z_1_lynxmpeg4d12p_rtroptp_4_saude-coronavirus-caixa-pausa.jpg","jetpack-related-posts":[{"id":12993,"url":"https:\/\/correiodasemana.com\/site\/credito-com-resultado-do-fgts-de-2019-pode-ser-verificado-em-extrato\/","url_meta":{"origin":12718,"position":0},"title":"Cr\u00e9dito com resultado do FGTS de 2019 pode ser verificado em extrato","author":"","date":"Agosto 19, 2020","format":false,"excerpt":"O montante do dep\u00f3sito \u00e9 de R$ 7,5 bilh\u00f5es A Caixa concluiu nesta ter\u00e7a-feira (18), com duas semanas de anteced\u00eancia, o dep\u00f3sito do resultado do Fundo de Garantia do Tempo de Servi\u00e7o (FGTS) do ano de 2019, no montante de R$ 7,5 bilh\u00f5es. Cerca de 167 milh\u00f5es de contas do\u2026","rel":"","context":"In &quot;Atualidade&quot;","block_context":{"text":"Atualidade","link":"https:\/\/correiodasemana.com\/site\/category\/atualidade\/"},"img":{"alt_text":"","src":"https:\/\/i0.wp.com\/correiodasemana.com\/site\/wp-content\/uploads\/2020\/08\/saque-do-fgts.jpg?resize=350%2C200&ssl=1","width":350,"height":200,"srcset":"https:\/\/i0.wp.com\/correiodasemana.com\/site\/wp-content\/uploads\/2020\/08\/saque-do-fgts.jpg?resize=350%2C200&ssl=1 1x, https:\/\/i0.wp.com\/correiodasemana.com\/site\/wp-content\/uploads\/2020\/08\/saque-do-fgts.jpg?resize=525%2C300&ssl=1 1.5x, https:\/\/i0.wp.com\/correiodasemana.com\/site\/wp-content\/uploads\/2020\/08\/saque-do-fgts.jpg?resize=700%2C400&ssl=1 2x, https:\/\/i0.wp.com\/correiodasemana.com\/site\/wp-content\/uploads\/2020\/08\/saque-do-fgts.jpg?resize=1050%2C600&ssl=1 3x"},"classes":[]},{"id":12434,"url":"https:\/\/correiodasemana.com\/site\/caixa-credita-hoje-saque-emergencial-do-fgts-para-nascidos-em-junho\/","url_meta":{"origin":12718,"position":1},"title":"Caixa credita hoje saque emergencial do FGTS para nascidos em junho","author":"","date":"Agosto 3, 2020","format":false,"excerpt":"Cerca de 5 milh\u00f5es de trabalhadores receber\u00e3o R$ 3,2 bilh\u00f5es Cerca de 5 milh\u00f5es de trabalhadores nascidos em junho come\u00e7am a receber\u00a0hoje\u00a0(3) o cr\u00e9dito do saque emergencial do Fundo de Garantia do Tempo de Servi\u00e7o (FGTS) de at\u00e9 R$ 1.045. Ser\u00e3o liberados R$ 3,2 bilh\u00f5es nas contas poupan\u00e7a digitais abertas\u2026","rel":"","context":"In &quot;Atualidade&quot;","block_context":{"text":"Atualidade","link":"https:\/\/correiodasemana.com\/site\/category\/atualidade\/"},"img":{"alt_text":"","src":"https:\/\/i0.wp.com\/correiodasemana.com\/site\/wp-content\/uploads\/2020\/08\/280520_aplicativo_caixa_tem3274.jpg?resize=350%2C200&ssl=1","width":350,"height":200,"srcset":"https:\/\/i0.wp.com\/correiodasemana.com\/site\/wp-content\/uploads\/2020\/08\/280520_aplicativo_caixa_tem3274.jpg?resize=350%2C200&ssl=1 1x, https:\/\/i0.wp.com\/correiodasemana.com\/site\/wp-content\/uploads\/2020\/08\/280520_aplicativo_caixa_tem3274.jpg?resize=525%2C300&ssl=1 1.5x, https:\/\/i0.wp.com\/correiodasemana.com\/site\/wp-content\/uploads\/2020\/08\/280520_aplicativo_caixa_tem3274.jpg?resize=700%2C400&ssl=1 2x, https:\/\/i0.wp.com\/correiodasemana.com\/site\/wp-content\/uploads\/2020\/08\/280520_aplicativo_caixa_tem3274.jpg?resize=1050%2C600&ssl=1 3x"},"classes":[]},{"id":12006,"url":"https:\/\/correiodasemana.com\/site\/caixa-credita-saque-emergencial-do-fgts-para-nascidos-em-abril\/","url_meta":{"origin":12718,"position":2},"title":"Caixa credita saque emergencial do FGTS para nascidos em abril","author":"","date":"Julho 20, 2020","format":false,"excerpt":"Trabalhadores receber\u00e3o, no total, mais de R$ 37,8 bilh\u00f5es A Caixa credita\u00a0hoje\u00a0(20)\u00a0o saque emergencial do Fundo de Garantia do Tempo de Servi\u00e7o (FGTS) para trabalhadores nascidos em abril. O novo saque tem como objetivo enfrentar o estado de calamidade p\u00fablica em raz\u00e3o da pandemia de\u00a0covid-19. No total, ser\u00e3o liberados, de\u2026","rel":"","context":"In &quot;Atualidade&quot;","block_context":{"text":"Atualidade","link":"https:\/\/correiodasemana.com\/site\/category\/atualidade\/"},"img":{"alt_text":"","src":"https:\/\/i0.wp.com\/correiodasemana.com\/site\/wp-content\/uploads\/2020\/07\/aplicativo_fgtsabr_170820195558.jpg?resize=350%2C200&ssl=1","width":350,"height":200,"srcset":"https:\/\/i0.wp.com\/correiodasemana.com\/site\/wp-content\/uploads\/2020\/07\/aplicativo_fgtsabr_170820195558.jpg?resize=350%2C200&ssl=1 1x, https:\/\/i0.wp.com\/correiodasemana.com\/site\/wp-content\/uploads\/2020\/07\/aplicativo_fgtsabr_170820195558.jpg?resize=525%2C300&ssl=1 1.5x, https:\/\/i0.wp.com\/correiodasemana.com\/site\/wp-content\/uploads\/2020\/07\/aplicativo_fgtsabr_170820195558.jpg?resize=700%2C400&ssl=1 2x, https:\/\/i0.wp.com\/correiodasemana.com\/site\/wp-content\/uploads\/2020\/07\/aplicativo_fgtsabr_170820195558.jpg?resize=1050%2C600&ssl=1 3x"},"classes":[]},{"id":11770,"url":"https:\/\/correiodasemana.com\/site\/caixa-credita-saque-emergencial-do-fgts-para-nascidos-em-marco\/","url_meta":{"origin":12718,"position":3},"title":"Caixa credita saque emergencial do FGTS para nascidos em mar\u00e7o","author":"","date":"Julho 13, 2020","format":false,"excerpt":"ECONOMIA Quem quiser sacar, ter\u00e1 de esperar at\u00e9\u00a022 de agosto A Caixa credita hoje (13) saque emergencial do Fundo de Garantia do Tempo de Servi\u00e7o (FGTS) para trabalhadores nascidos em mar\u00e7o. O novo saque tem como objetivo enfrentar o estado de calamidade p\u00fablica em raz\u00e3o da pandemia de covid-19. No\u2026","rel":"","context":"In &quot;Atualidade&quot;","block_context":{"text":"Atualidade","link":"https:\/\/correiodasemana.com\/site\/category\/atualidade\/"},"img":{"alt_text":"","src":"https:\/\/i0.wp.com\/correiodasemana.com\/site\/wp-content\/uploads\/2020\/07\/280520_aplicativo_caixa_tem3276.jpg?resize=350%2C200&ssl=1","width":350,"height":200,"srcset":"https:\/\/i0.wp.com\/correiodasemana.com\/site\/wp-content\/uploads\/2020\/07\/280520_aplicativo_caixa_tem3276.jpg?resize=350%2C200&ssl=1 1x, https:\/\/i0.wp.com\/correiodasemana.com\/site\/wp-content\/uploads\/2020\/07\/280520_aplicativo_caixa_tem3276.jpg?resize=525%2C300&ssl=1 1.5x, https:\/\/i0.wp.com\/correiodasemana.com\/site\/wp-content\/uploads\/2020\/07\/280520_aplicativo_caixa_tem3276.jpg?resize=700%2C400&ssl=1 2x, https:\/\/i0.wp.com\/correiodasemana.com\/site\/wp-content\/uploads\/2020\/07\/280520_aplicativo_caixa_tem3276.jpg?resize=1050%2C600&ssl=1 3x"},"classes":[]},{"id":8481,"url":"https:\/\/correiodasemana.com\/site\/liberacao-do-fgts-devera-criar-29-milhoes-de-empregos-em-dez-anos\/","url_meta":{"origin":12718,"position":4},"title":"Libera\u00e7\u00e3o do FGTS dever\u00e1 criar 2,9 milh\u00f5es de empregos em dez anos","author":"","date":"Julho 30, 2019","format":false,"excerpt":"Por\u00a0Wellton M\u00e1ximo e Pedro Rafael Vilela \u2013 Rep\u00f3rteres da Ag\u00eancia Brasil A libera\u00e7\u00e3o de parte dos recursos do Fundo de Garantia do Tempo de Servi\u00e7o (FGTS), do Programa de Integra\u00e7\u00e3o Social (PIS) e do Programa de Forma\u00e7\u00e3o do Patrim\u00f4nio do Servidor P\u00fablico (Pasep) permitir\u00e3o \u00e0 economia crescer 0,35 ponto percentual\u2026","rel":"","context":"In &quot;Atualidade&quot;","block_context":{"text":"Atualidade","link":"https:\/\/correiodasemana.com\/site\/category\/atualidade\/"},"img":{"alt_text":"","src":"https:\/\/i0.wp.com\/correiodasemana.com\/site\/wp-content\/uploads\/2019\/07\/FGTS.jpg?resize=350%2C200&ssl=1","width":350,"height":200,"srcset":"https:\/\/i0.wp.com\/correiodasemana.com\/site\/wp-content\/uploads\/2019\/07\/FGTS.jpg?resize=350%2C200&ssl=1 1x, https:\/\/i0.wp.com\/correiodasemana.com\/site\/wp-content\/uploads\/2019\/07\/FGTS.jpg?resize=525%2C300&ssl=1 1.5x, https:\/\/i0.wp.com\/correiodasemana.com\/site\/wp-content\/uploads\/2019\/07\/FGTS.jpg?resize=700%2C400&ssl=1 2x, https:\/\/i0.wp.com\/correiodasemana.com\/site\/wp-content\/uploads\/2019\/07\/FGTS.jpg?resize=1050%2C600&ssl=1 3x, https:\/\/i0.wp.com\/correiodasemana.com\/site\/wp-content\/uploads\/2019\/07\/FGTS.jpg?resize=1400%2C800&ssl=1 4x"},"classes":[]},{"id":8681,"url":"https:\/\/correiodasemana.com\/site\/trabalhador-ja-pode-cancelar-credito-automatico-do-fgts-na-caixa\/","url_meta":{"origin":12718,"position":5},"title":"Trabalhador j\u00e1 pode cancelar cr\u00e9dito autom\u00e1tico do FGTS na Caixa","author":"","date":"Agosto 17, 2019","format":false,"excerpt":"Por\u00a0Kelly Oliveira \u2013 Rep\u00f3rter da Ag\u00eancia Brasil Os trabalhadores com conta poupan\u00e7a na Caixa Econ\u00f4mica Federal que n\u00e3o quiserem o cr\u00e9dito autom\u00e1tico do Fundo de Garantia do Tempo de Servi\u00e7o (FGTS) j\u00e1 podem solicitar o cancelamento pela internet. O prazo para pedir o cancelamento vai at\u00e9\u00a030 de abril\u00a0de 2020. A\u2026","rel":"","context":"In &quot;Atualidade&quot;","block_context":{"text":"Atualidade","link":"https:\/\/correiodasemana.com\/site\/category\/atualidade\/"},"img":{"alt_text":"","src":"https:\/\/i0.wp.com\/correiodasemana.com\/site\/wp-content\/uploads\/2019\/07\/FGTS.jpg?resize=350%2C200&ssl=1","width":350,"height":200,"srcset":"https:\/\/i0.wp.com\/correiodasemana.com\/site\/wp-content\/uploads\/2019\/07\/FGTS.jpg?resize=350%2C200&ssl=1 1x, https:\/\/i0.wp.com\/correiodasemana.com\/site\/wp-content\/uploads\/2019\/07\/FGTS.jpg?resize=525%2C300&ssl=1 1.5x, https:\/\/i0.wp.com\/correiodasemana.com\/site\/wp-content\/uploads\/2019\/07\/FGTS.jpg?resize=700%2C400&ssl=1 2x, https:\/\/i0.wp.com\/correiodasemana.com\/site\/wp-content\/uploads\/2019\/07\/FGTS.jpg?resize=1050%2C600&ssl=1 3x, https:\/\/i0.wp.com\/correiodasemana.com\/site\/wp-content\/uploads\/2019\/07\/FGTS.jpg?resize=1400%2C800&ssl=1 4x"},"classes":[]}],"jetpack_sharing_enabled":true,"_links":{"self":[{"href":"https:\/\/correiodasemana.com\/site\/wp-json\/wp\/v2\/posts\/12718","targetHints":{"allow":["GET"]}}],"collection":[{"href":"https:\/\/correiodasemana.com\/site\/wp-json\/wp\/v2\/posts"}],"about":[{"href":"https:\/\/correiodasemana.com\/site\/wp-json\/wp\/v2\/types\/post"}],"author":[{"embeddable":true,"href":"https:\/\/correiodasemana.com\/site\/wp-json\/wp\/v2\/users\/1"}],"replies":[{"embeddable":true,"href":"https:\/\/correiodasemana.com\/site\/wp-json\/wp\/v2\/comments?post=12718"}],"version-history":[{"count":2,"href":"https:\/\/correiodasemana.com\/site\/wp-json\/wp\/v2\/posts\/12718\/revisions"}],"predecessor-version":[{"id":12721,"href":"https:\/\/correiodasemana.com\/site\/wp-json\/wp\/v2\/posts\/12718\/revisions\/12721"}],"wp:featuredmedia":[{"embeddable":true,"href":"https:\/\/correiodasemana.com\/site\/wp-json\/wp\/v2\/media\/12719"}],"wp:attachment":[{"href":"https:\/\/correiodasemana.com\/site\/wp-json\/wp\/v2\/media?parent=12718"}],"wp:term":[{"taxonomy":"category","embeddable":true,"href":"https:\/\/correiodasemana.com\/site\/wp-json\/wp\/v2\/categories?post=12718"},{"taxonomy":"post_tag","embeddable":true,"href":"https:\/\/correiodasemana.com\/site\/wp-json\/wp\/v2\/tags?post=12718"}],"curies":[{"name":"wp","href":"https:\/\/api.w.org\/{rel}","templated":true}]}}