{"id":12722,"date":"2020-08-12T08:39:50","date_gmt":"2020-08-12T11:39:50","guid":{"rendered":"https:\/\/correiodasemana.com\/site\/?p=12722"},"modified":"2020-08-12T08:39:50","modified_gmt":"2020-08-12T11:39:50","slug":"camara-aprova-mp-amplia-uso-de-assinatura-eletronica","status":"publish","type":"post","link":"https:\/\/correiodasemana.com\/site\/camara-aprova-mp-amplia-uso-de-assinatura-eletronica\/","title":{"rendered":"C\u00e2mara aprova MP amplia uso de assinatura eletr\u00f4nica"},"content":{"rendered":"<p>Texto segue para o Senado<\/p>\n<p>A C\u00e2mara dos Deputados aprovou nesta ter\u00e7a-feira a Medida Provis\u00f3ria 983\/20, que cria dois novos tipos de assinatura eletr\u00f4nica para documentos p\u00fablicos com o objetivo de facilitar o uso de documento assinados digitalmente para ampliar o acesso a servi\u00e7os p\u00fablicos digitais. O texto segue para an\u00e1lise do Senado.<\/p>\n<p>Segundo o projeto de lei de convers\u00e3o, no qual a MP foi transformado, pessoas f\u00edsicas e microempreendedores individuais (MEI) poder\u00e3o acessar suas respectivas informa\u00e7\u00f5es junto a \u00f3rg\u00e3os p\u00fablicos com assinaturas eletr\u00f4nicas simples ou avan\u00e7adas, exceto nos casos previstos em regulamento.<\/p>\n<p>Todos os sistemas que utilizam assinatura eletr\u00f4nica precisar\u00e3o se adaptar \u00e0s novas regras da MP at\u00e9 o dia 1\u00ba de julho de 2021.<\/p>\n<p>Pelo texto, a assinatura simples se destina a transa\u00e7\u00f5es de baixo risco e que n\u00e3o envolvam informa\u00e7\u00f5es protegidas por sigilo, permitindo a confer\u00eancia de dados pessoais b\u00e1sicos, como nome, endere\u00e7o e filia\u00e7\u00e3o. A estimativa do governo federal \u00e9 que 48% dos servi\u00e7os p\u00fablicos atualmente dispon\u00edveis poder\u00e3o ser acessados por meio de uma assinatura eletr\u00f4nica simples.<\/p>\n<p>J\u00e1 a assinatura avan\u00e7ada \u00e9 usada em processos e informa\u00e7\u00f5es com informa\u00e7\u00f5es sigilosas e assegura que o documento \u00e9 de uso exclusivo do titular, permitindo o rastreamento de eventuais altera\u00e7\u00f5es feitas no documento assinado.<\/p>\n<p>As assinaturas eletr\u00f4nicas tratadas pela MP n\u00e3o se aplicam a processos judiciais, aos sistemas de ouvidoria de entes p\u00fablicos, aos programas de assist\u00eancia a v\u00edtimas e a testemunhas amea\u00e7adas e a outros casos em que a preserva\u00e7\u00e3o do sigilo seja necess\u00e1ria.<\/p>\n<p><em>* Com informa\u00e7\u00f5es da Ag\u00eancia C\u00e2mara \/ <\/em>Por Ag\u00eancia Brasil* &#8211; Bras\u00edlia<\/p>\n<p>&nbsp;<\/p>\n","protected":false},"excerpt":{"rendered":"<p>Texto segue para o Senado A C\u00e2mara dos Deputados aprovou nesta ter\u00e7a-feira a Medida Provis\u00f3ria&#8230;<\/p>\n","protected":false},"author":1,"featured_media":12723,"comment_status":"open","ping_status":"open","sticky":false,"template":"","format":"standard","meta":{"_jetpack_memberships_contains_paid_content":false,"footnotes":"","jetpack_publicize_message":"","jetpack_publicize_feature_enabled":true,"jetpack_social_post_already_shared":true,"jetpack_social_options":{"image_generator_settings":{"template":"highway","default_image_id":0,"font":"","enabled":false},"version":2}},"categories":[1],"tags":[],"class_list":["post-12722","post","type-post","status-publish","format-standard","has-post-thumbnail","hentry","category-atualidade"],"jetpack_publicize_connections":[],"jetpack_featured_media_url":"https:\/\/correiodasemana.com\/site\/wp-content\/uploads\/2020\/08\/monumentos_brasilia_cupula_plenario_da_camara_dos_deputados3103201340.jpg","jetpack-related-posts":[{"id":14895,"url":"https:\/\/correiodasemana.com\/site\/camara-aprova-mp-que-destina-r-1995-bi-para-compra-de-vacina\/","url_meta":{"origin":12722,"position":0},"title":"C\u00e2mara aprova MP que destina R$ 1,995 bi para compra de vacina","author":"","date":"Dezembro 3, 2020","format":false,"excerpt":"Texto segue para vota\u00e7\u00e3o no Senado O plen\u00e1rio da C\u00e2mara dos Deputados aprovou nesta quarta-feira (2) a\u00a0Medida Provis\u00f3ria 994\/20, que abre cr\u00e9dito extraordin\u00e1rio de R$ 1,995 bilh\u00e3o para compra de tecnologia e a produ\u00e7\u00e3o de uma vacina contra a covid-19. Os recursos ser\u00e3o destinados para custear contrato entre a Funda\u00e7\u00e3o\u2026","rel":"","context":"In &quot;Atualidade&quot;","block_context":{"text":"Atualidade","link":"https:\/\/correiodasemana.com\/site\/category\/atualidade\/"},"img":{"alt_text":"","src":"https:\/\/i0.wp.com\/correiodasemana.com\/site\/wp-content\/uploads\/2020\/12\/2020-11-04t192156z_1_lynxmpega31lb_rtroptp_4_health-coronavirus-britain-vaccine.jpg?resize=350%2C200&ssl=1","width":350,"height":200,"srcset":"https:\/\/i0.wp.com\/correiodasemana.com\/site\/wp-content\/uploads\/2020\/12\/2020-11-04t192156z_1_lynxmpega31lb_rtroptp_4_health-coronavirus-britain-vaccine.jpg?resize=350%2C200&ssl=1 1x, https:\/\/i0.wp.com\/correiodasemana.com\/site\/wp-content\/uploads\/2020\/12\/2020-11-04t192156z_1_lynxmpega31lb_rtroptp_4_health-coronavirus-britain-vaccine.jpg?resize=525%2C300&ssl=1 1.5x, https:\/\/i0.wp.com\/correiodasemana.com\/site\/wp-content\/uploads\/2020\/12\/2020-11-04t192156z_1_lynxmpega31lb_rtroptp_4_health-coronavirus-britain-vaccine.jpg?resize=700%2C400&ssl=1 2x, https:\/\/i0.wp.com\/correiodasemana.com\/site\/wp-content\/uploads\/2020\/12\/2020-11-04t192156z_1_lynxmpega31lb_rtroptp_4_health-coronavirus-britain-vaccine.jpg?resize=1050%2C600&ssl=1 3x"},"classes":[]},{"id":8889,"url":"https:\/\/correiodasemana.com\/site\/entenda-as-principais-mudancas-da-mp-da-liberdade-economica-2\/","url_meta":{"origin":12722,"position":1},"title":"Entenda as principais mudan\u00e7as da MP da Liberdade Econ\u00f4mica","author":"","date":"Agosto 27, 2019","format":false,"excerpt":"Trabalho aos domingos ser\u00e1 discutido em projeto de lei Por\u00a0Wellton M\u00e1ximo \u2013 Rep\u00f3rter da Ag\u00eancia Brasil\u00a0\u00a0Bras\u00edlia Aprovada quarta-feira (21) \u00e0 noite\u00a0pelo Senado, a Medida Provis\u00f3ria (MP) da Liberdade Econ\u00f4mica pretende, segundo o governo, diminuir a burocracia e facilitar a abertura de empresas, principalmente de micro e pequeno porte. Na vota\u00e7\u00e3o\u2026","rel":"","context":"In &quot;Atualidade&quot;","block_context":{"text":"Atualidade","link":"https:\/\/correiodasemana.com\/site\/category\/atualidade\/"},"img":{"alt_text":"","src":"https:\/\/i0.wp.com\/correiodasemana.com\/site\/wp-content\/uploads\/2019\/07\/desemprego2-2.jpg?resize=350%2C200&ssl=1","width":350,"height":200,"srcset":"https:\/\/i0.wp.com\/correiodasemana.com\/site\/wp-content\/uploads\/2019\/07\/desemprego2-2.jpg?resize=350%2C200&ssl=1 1x, https:\/\/i0.wp.com\/correiodasemana.com\/site\/wp-content\/uploads\/2019\/07\/desemprego2-2.jpg?resize=525%2C300&ssl=1 1.5x, https:\/\/i0.wp.com\/correiodasemana.com\/site\/wp-content\/uploads\/2019\/07\/desemprego2-2.jpg?resize=700%2C400&ssl=1 2x"},"classes":[]},{"id":8755,"url":"https:\/\/correiodasemana.com\/site\/entenda-as-principais-mudancas-da-mp-da-liberdade-economica\/","url_meta":{"origin":12722,"position":2},"title":"Entenda as principais mudan\u00e7as da MP da Liberdade Econ\u00f4mica","author":"","date":"Agosto 17, 2019","format":false,"excerpt":"Por\u00a0Wellton M\u00e1ximo \u2013 Rep\u00f3rter da Ag\u00eancia Brasil Com a vota\u00e7\u00e3o conclu\u00edda na quarta-feira (14) \u00e0 noite pela\u00a0C\u00e2mara dos Deputados, a Medida Provis\u00f3ria (MP) da Liberdade Econ\u00f4mica pretende, segundo o governo, diminuir a burocracia e facilitar a abertura de empresas, principalmente de micro e pequeno porte. Entre as principais mudan\u00e7as, a\u2026","rel":"","context":"In &quot;Atualidade&quot;","block_context":{"text":"Atualidade","link":"https:\/\/correiodasemana.com\/site\/category\/atualidade\/"},"img":{"alt_text":"","src":"","width":0,"height":0},"classes":[]},{"id":12377,"url":"https:\/\/correiodasemana.com\/site\/senado-aprova-mp-que-facilita-credito-a-pequenas-e-medias-empresas\/","url_meta":{"origin":12722,"position":3},"title":"Senado aprova MP que facilita cr\u00e9dito a pequenas e m\u00e9dias empresas","author":"","date":"Julho 30, 2020","format":false,"excerpt":"Os senadores chancelaram as mudan\u00e7as feitas pela C\u00e2mara na\u00a0MP 975\/2020, que cria o Programa Emergencial de Acesso a Cr\u00e9dito (Peac),\u00a0aux\u00edlio destinado a pequenas e m\u00e9dias empresas a fim de complementar o rec\u00e9m-criado Programa Nacional de Apoio \u00e0s Microempresas e Empresas de Pequeno Porte (Pronampe).\u00a0J\u00e1 analisado pela C\u00e2mara, o texto foi\u2026","rel":"","context":"In &quot;Atualidade&quot;","block_context":{"text":"Atualidade","link":"https:\/\/correiodasemana.com\/site\/category\/atualidade\/"},"img":{"alt_text":"","src":"https:\/\/i0.wp.com\/correiodasemana.com\/site\/wp-content\/uploads\/2020\/07\/industrias_wd2219_1-750x430-1.jpg?resize=350%2C200&ssl=1","width":350,"height":200,"srcset":"https:\/\/i0.wp.com\/correiodasemana.com\/site\/wp-content\/uploads\/2020\/07\/industrias_wd2219_1-750x430-1.jpg?resize=350%2C200&ssl=1 1x, https:\/\/i0.wp.com\/correiodasemana.com\/site\/wp-content\/uploads\/2020\/07\/industrias_wd2219_1-750x430-1.jpg?resize=525%2C300&ssl=1 1.5x, https:\/\/i0.wp.com\/correiodasemana.com\/site\/wp-content\/uploads\/2020\/07\/industrias_wd2219_1-750x430-1.jpg?resize=700%2C400&ssl=1 2x"},"classes":[]},{"id":37309,"url":"https:\/\/correiodasemana.com\/site\/senado-aprova-mp-que-cria-programa-gas-do-povo-texto-vai-a-sancao\/","url_meta":{"origin":12722,"position":4},"title":"Senado aprova MP que cria programa G\u00e1s do Povo; texto vai \u00e0 san\u00e7\u00e3o","author":"adminredacao","date":"Fevereiro 11, 2026","format":false,"excerpt":"Recarga gratuita de botij\u00e3o deve alcan\u00e7ar 15 milh\u00f5es de fam\u00edlias \u00a0 Por Carlos Moura\/Ag\u00eancia Senado O plen\u00e1rio do Senado Federal aprovou nesta ter\u00e7a-feira (3) a medida provis\u00f3ria (MP) que instituiu o programa G\u00e1s do Povo.\u00a0O texto assegura gratuidade no botij\u00e3o de g\u00e1s de cozinha (GLP) de 13 quilos (kg) a\u2026","rel":"","context":"In &quot;Atualidade&quot;","block_context":{"text":"Atualidade","link":"https:\/\/correiodasemana.com\/site\/category\/atualidade\/"},"img":{"alt_text":"","src":"https:\/\/i0.wp.com\/correiodasemana.com\/site\/wp-content\/uploads\/2026\/02\/Gas-butano.webp?resize=350%2C200&ssl=1","width":350,"height":200,"srcset":"https:\/\/i0.wp.com\/correiodasemana.com\/site\/wp-content\/uploads\/2026\/02\/Gas-butano.webp?resize=350%2C200&ssl=1 1x, https:\/\/i0.wp.com\/correiodasemana.com\/site\/wp-content\/uploads\/2026\/02\/Gas-butano.webp?resize=525%2C300&ssl=1 1.5x, https:\/\/i0.wp.com\/correiodasemana.com\/site\/wp-content\/uploads\/2026\/02\/Gas-butano.webp?resize=700%2C400&ssl=1 2x, https:\/\/i0.wp.com\/correiodasemana.com\/site\/wp-content\/uploads\/2026\/02\/Gas-butano.webp?resize=1050%2C600&ssl=1 3x"},"classes":[]},{"id":14829,"url":"https:\/\/correiodasemana.com\/site\/cartorios-ja-podem-autenticar-documentos-por-meio-digital\/","url_meta":{"origin":12722,"position":5},"title":"Cart\u00f3rios j\u00e1 podem autenticar documentos por meio digital","author":"","date":"Novembro 30, 2020","format":false,"excerpt":"Certifica\u00e7\u00e3o de c\u00f3pias passa a ser de forma online Os cart\u00f3rios brasileiros j\u00e1 podem autenticar documentos por meio eletr\u00f4nico. O novo servi\u00e7o possibilitar\u00e1 a certifica\u00e7\u00e3o de c\u00f3pias de forma online pelo\u00a0site.\u00a0 A novidade vem para complementar a digitaliza\u00e7\u00e3o de outros servi\u00e7os que j\u00e1 estavam sendo prestados na plataforma de atos\u2026","rel":"","context":"In &quot;Atualidade&quot;","block_context":{"text":"Atualidade","link":"https:\/\/correiodasemana.com\/site\/category\/atualidade\/"},"img":{"alt_text":"","src":"https:\/\/i0.wp.com\/correiodasemana.com\/site\/wp-content\/uploads\/2020\/11\/cartorio.jpg?resize=350%2C200&ssl=1","width":350,"height":200,"srcset":"https:\/\/i0.wp.com\/correiodasemana.com\/site\/wp-content\/uploads\/2020\/11\/cartorio.jpg?resize=350%2C200&ssl=1 1x, https:\/\/i0.wp.com\/correiodasemana.com\/site\/wp-content\/uploads\/2020\/11\/cartorio.jpg?resize=525%2C300&ssl=1 1.5x, https:\/\/i0.wp.com\/correiodasemana.com\/site\/wp-content\/uploads\/2020\/11\/cartorio.jpg?resize=700%2C400&ssl=1 2x, https:\/\/i0.wp.com\/correiodasemana.com\/site\/wp-content\/uploads\/2020\/11\/cartorio.jpg?resize=1050%2C600&ssl=1 3x"},"classes":[]}],"jetpack_sharing_enabled":true,"_links":{"self":[{"href":"https:\/\/correiodasemana.com\/site\/wp-json\/wp\/v2\/posts\/12722","targetHints":{"allow":["GET"]}}],"collection":[{"href":"https:\/\/correiodasemana.com\/site\/wp-json\/wp\/v2\/posts"}],"about":[{"href":"https:\/\/correiodasemana.com\/site\/wp-json\/wp\/v2\/types\/post"}],"author":[{"embeddable":true,"href":"https:\/\/correiodasemana.com\/site\/wp-json\/wp\/v2\/users\/1"}],"replies":[{"embeddable":true,"href":"https:\/\/correiodasemana.com\/site\/wp-json\/wp\/v2\/comments?post=12722"}],"version-history":[{"count":2,"href":"https:\/\/correiodasemana.com\/site\/wp-json\/wp\/v2\/posts\/12722\/revisions"}],"predecessor-version":[{"id":12725,"href":"https:\/\/correiodasemana.com\/site\/wp-json\/wp\/v2\/posts\/12722\/revisions\/12725"}],"wp:featuredmedia":[{"embeddable":true,"href":"https:\/\/correiodasemana.com\/site\/wp-json\/wp\/v2\/media\/12723"}],"wp:attachment":[{"href":"https:\/\/correiodasemana.com\/site\/wp-json\/wp\/v2\/media?parent=12722"}],"wp:term":[{"taxonomy":"category","embeddable":true,"href":"https:\/\/correiodasemana.com\/site\/wp-json\/wp\/v2\/categories?post=12722"},{"taxonomy":"post_tag","embeddable":true,"href":"https:\/\/correiodasemana.com\/site\/wp-json\/wp\/v2\/tags?post=12722"}],"curies":[{"name":"wp","href":"https:\/\/api.w.org\/{rel}","templated":true}]}}