{"id":12833,"date":"2020-08-17T01:21:38","date_gmt":"2020-08-17T04:21:38","guid":{"rendered":"https:\/\/correiodasemana.com\/site\/?p=12833"},"modified":"2020-08-17T01:21:38","modified_gmt":"2020-08-17T04:21:38","slug":"cartorios-no-ceara-passam-a-realizar-atos-do-cpf","status":"publish","type":"post","link":"https:\/\/correiodasemana.com\/site\/cartorios-no-ceara-passam-a-realizar-atos-do-cpf\/","title":{"rendered":"Cart\u00f3rios no Cear\u00e1 passam a realizar atos do CPF"},"content":{"rendered":"<p><strong>Servi\u00e7o teve in\u00edcio no dia 01\/07 nas 836 unidades de Registro Civil do Estado de S\u00e3o Paulo e agora est\u00e1 sendo expandido para todo o Brasil.<\/strong><\/p>\n<p>A Receita Federal do Brasil e a Associa\u00e7\u00e3o Nacional dos Registradores de Pessoas Naturais (Arpen-Brasil) implementam no m\u00eas de agosto, a exemplo de outros estados da federa\u00e7\u00e3o, o conv\u00eanio firmado com base na Lei Federal n\u00ba 13.484\/2017. A lei transformou os munic\u00edpios e distritos do pa\u00eds, em Of\u00edcios da Cidadania que podem fazer parcerias com \u00f3rg\u00e3os p\u00fablicos para a solicita\u00e7\u00e3o e entrega de documentos de identifica\u00e7\u00e3o.<br \/>\nOs Cart\u00f3rios, mediante ades\u00e3o pr\u00e9via ao conv\u00eanio citado, poder\u00e3o realizar atos de inscri\u00e7\u00f5es, altera\u00e7\u00f5es, consultas e emiss\u00e3o de segunda via de CPFs (Cadastro de Pessoas F\u00edsicas).<br \/>\nNo Estado do Cear\u00e1, o Cart\u00f3rio de Registro Civil disponibiliza 475 unidades espalhadas em todo territ\u00f3rio cearense. O cidad\u00e3o sair\u00e1 do cart\u00f3rio com o documento de cadastro da pessoa f\u00edsica (CPF) regularizado e, nos casos em que o sistema interligado com a Receita Federal apontar a necessidade de complementa\u00e7\u00e3o do atendimento, o acompanhamento da situa\u00e7\u00e3o poder\u00e1 ser feito de forma online pela internet, mediante entrega de login\/senha ao demandante.<br \/>\nDessa forma, a Receita Federal amplia significativamente sua rede de atendimento para a realiza\u00e7\u00e3o desse servi\u00e7o b\u00e1sico de cidadania, trazendo mais comodidade aos cidad\u00e3os que n\u00e3o precisar\u00e3o mais se deslocar at\u00e9 uma Unidade da Receita Federal, podendo solucionar sua demanda no Cart\u00f3rio mais pr\u00f3ximo \u00e0 sua resid\u00eancia.<br \/>\nPara fins de sustentabilidade dos servi\u00e7os, os Cart\u00f3rios de Registro Civil poder\u00e3o cobrar do solicitante uma tarifa de conveni\u00eancia no valor de R$ 7,00. J\u00e1 os principais servi\u00e7os feitos em Cart\u00f3rios permanecem gratuitos: inscri\u00e7\u00e3o no CPF realizada no ato do registro de nascimento e cancelamento no caso de \u00f3bito.<\/p>\n","protected":false},"excerpt":{"rendered":"<p>Servi\u00e7o teve in\u00edcio no dia 01\/07 nas 836 unidades de Registro Civil do Estado de&#8230;<\/p>\n","protected":false},"author":1,"featured_media":12834,"comment_status":"open","ping_status":"open","sticky":false,"template":"","format":"standard","meta":{"_jetpack_memberships_contains_paid_content":false,"footnotes":"","jetpack_publicize_message":"","jetpack_publicize_feature_enabled":true,"jetpack_social_post_already_shared":true,"jetpack_social_options":{"image_generator_settings":{"template":"highway","default_image_id":0,"font":"","enabled":false},"version":2}},"categories":[1],"tags":[],"class_list":["post-12833","post","type-post","status-publish","format-standard","has-post-thumbnail","hentry","category-atualidade"],"jetpack_publicize_connections":[],"jetpack_featured_media_url":"https:\/\/correiodasemana.com\/site\/wp-content\/uploads\/2020\/08\/total-de-cpf-na-certidao-de-nascimento-supera-um-milhao.jpg","jetpack-related-posts":[{"id":19444,"url":"https:\/\/correiodasemana.com\/site\/cartorio-da-santa-casa-de-sobral-retoma-atividades-e-bebes-podem-deixar-o-hospital-com-registro-de-nascimento\/","url_meta":{"origin":12833,"position":0},"title":"Cart\u00f3rio da Santa Casa de Sobral retoma atividades e beb\u00eas podem deixar o hospital com registro de nascimento","author":"","date":"Abril 10, 2022","format":false,"excerpt":"Ascom Complexo SCMS O cart\u00f3rio da Santa Casa de Miseric\u00f3rdia de Sobral (SCMS) retomou suas atividades na quarta-feira (06\/04), e assim, os beb\u00eas nascidos na Maternidade, ao receberem alta, poder\u00e3o deixar a unidade com o registro de nascimento. A iniciativa, que teve que ser suspensa devido \u00e0 pandemia de Covid-19,\u2026","rel":"","context":"In &quot;Atualidade&quot;","block_context":{"text":"Atualidade","link":"https:\/\/correiodasemana.com\/site\/category\/atualidade\/"},"img":{"alt_text":"","src":"https:\/\/i0.wp.com\/correiodasemana.com\/site\/wp-content\/uploads\/2022\/04\/foto-santacasa-2-300x200.jpg?resize=350%2C200&ssl=1","width":350,"height":200},"classes":[]},{"id":14962,"url":"https:\/\/correiodasemana.com\/site\/em-tempo-60\/","url_meta":{"origin":12833,"position":1},"title":"Em Tempo","author":"","date":"Dezembro 7, 2020","format":false,"excerpt":"Cart\u00f3rios autenticam documentos online No\u00a0Cear\u00e1\u00a0e em todos os outros estados brasileiros, os\u00a0cart\u00f3rios\u00a0j\u00e1 podem autenticar documentos por meio digital. O novo servi\u00e7o ser\u00e1 respons\u00e1vel por tornar poss\u00edvel a certifica\u00e7\u00e3o de c\u00f3pias pelo\u00a0site do Col\u00e9gio Notarial do Brasil, o Cenad, e pelo e-Notariado. O e-Notariado \u00e9 plataforma de atos notariais que disponibiliza\u2026","rel":"","context":"In &quot;Artigos&quot;","block_context":{"text":"Artigos","link":"https:\/\/correiodasemana.com\/site\/category\/artigos\/"},"img":{"alt_text":"","src":"https:\/\/i0.wp.com\/correiodasemana.com\/site\/wp-content\/uploads\/2019\/12\/FOTO-EDILSON-SILVA-2.jpg?resize=350%2C200&ssl=1","width":350,"height":200,"srcset":"https:\/\/i0.wp.com\/correiodasemana.com\/site\/wp-content\/uploads\/2019\/12\/FOTO-EDILSON-SILVA-2.jpg?resize=350%2C200&ssl=1 1x, https:\/\/i0.wp.com\/correiodasemana.com\/site\/wp-content\/uploads\/2019\/12\/FOTO-EDILSON-SILVA-2.jpg?resize=525%2C300&ssl=1 1.5x, https:\/\/i0.wp.com\/correiodasemana.com\/site\/wp-content\/uploads\/2019\/12\/FOTO-EDILSON-SILVA-2.jpg?resize=700%2C400&ssl=1 2x"},"classes":[]},{"id":30694,"url":"https:\/\/correiodasemana.com\/site\/ceara-realiza-944-transplantes-no-primeiro-semestre-de-2024\/","url_meta":{"origin":12833,"position":2},"title":"Cear\u00e1 realiza 944 transplantes no primeiro semestre de 2024","author":"adminredacao","date":"Setembro 16, 2024","format":false,"excerpt":"C\u00f3rnea, f\u00edgado, rins e medula \u00f3ssea s\u00e3o os principais destaques dos procedimentos realizados no estado Para conscientizar a popula\u00e7\u00e3o sobre a import\u00e2ncia da doa\u00e7\u00e3o de \u00f3rg\u00e3os, o Minist\u00e9rio da Sa\u00fade lan\u00e7a a campanha \u201cSetembro Verde\u201d. Entre janeiro e junho deste ano, foram realizados 14.352 transplantes pelo\u00a0Sistema \u00danico de Sa\u00fade (SUS)\u00a0em\u2026","rel":"","context":"In &quot;Atualidade&quot;","block_context":{"text":"Atualidade","link":"https:\/\/correiodasemana.com\/site\/category\/atualidade\/"},"img":{"alt_text":"","src":"https:\/\/i0.wp.com\/correiodasemana.com\/site\/wp-content\/uploads\/2024\/09\/5ce6de4f-1419-4750-8606-6f18ac39d5c4.jpeg?resize=350%2C200&ssl=1","width":350,"height":200,"srcset":"https:\/\/i0.wp.com\/correiodasemana.com\/site\/wp-content\/uploads\/2024\/09\/5ce6de4f-1419-4750-8606-6f18ac39d5c4.jpeg?resize=350%2C200&ssl=1 1x, https:\/\/i0.wp.com\/correiodasemana.com\/site\/wp-content\/uploads\/2024\/09\/5ce6de4f-1419-4750-8606-6f18ac39d5c4.jpeg?resize=525%2C300&ssl=1 1.5x, https:\/\/i0.wp.com\/correiodasemana.com\/site\/wp-content\/uploads\/2024\/09\/5ce6de4f-1419-4750-8606-6f18ac39d5c4.jpeg?resize=700%2C400&ssl=1 2x"},"classes":[]},{"id":36779,"url":"https:\/\/correiodasemana.com\/site\/estatisticas-do-registro-civil-2024\/","url_meta":{"origin":12833,"position":3},"title":"Estat\u00edsticas do Registro Civil 2024","author":"adminredacao","date":"Dezembro 15, 2025","format":false,"excerpt":"No Cear\u00e1, div\u00f3rcios alcan\u00e7am maior patamar desde 2020 e nascimentos caem pelo sexto ano consecutivo Houve uma queda de 5,3% no n\u00famero de nascimentos ocorridos e registrados no ano de 2024 no Cear\u00e1, em compara\u00e7\u00e3o com 2023. A retra\u00e7\u00e3o no n\u00famero de registros de nascimentos foi observada pelo sexto ano\u2026","rel":"","context":"In &quot;Atualidade&quot;","block_context":{"text":"Atualidade","link":"https:\/\/correiodasemana.com\/site\/category\/atualidade\/"},"img":{"alt_text":"","src":"https:\/\/i0.wp.com\/correiodasemana.com\/site\/wp-content\/uploads\/2025\/12\/image_750x500_69397a2f97872.jpg?resize=350%2C200&ssl=1","width":350,"height":200,"srcset":"https:\/\/i0.wp.com\/correiodasemana.com\/site\/wp-content\/uploads\/2025\/12\/image_750x500_69397a2f97872.jpg?resize=350%2C200&ssl=1 1x, https:\/\/i0.wp.com\/correiodasemana.com\/site\/wp-content\/uploads\/2025\/12\/image_750x500_69397a2f97872.jpg?resize=525%2C300&ssl=1 1.5x, https:\/\/i0.wp.com\/correiodasemana.com\/site\/wp-content\/uploads\/2025\/12\/image_750x500_69397a2f97872.jpg?resize=700%2C400&ssl=1 2x"},"classes":[]},{"id":16235,"url":"https:\/\/correiodasemana.com\/site\/quase-metade-dos-obitos-registrados-em-marco-foi-causada-por-covid-19\/","url_meta":{"origin":12833,"position":4},"title":"Quase metade dos \u00f3bitos registrados em Mar\u00e7o foi causada por covid-19","author":"","date":"Abril 18, 2021","format":false,"excerpt":"Por Samuel Carvalho - Reda\u00e7\u00e3o Correio da Semana Segundo a notifica\u00e7\u00e3o dos Cart\u00f3rios de Registro Civil cearenses no \u00faltimo m\u00eas, 6.930 \u00f3bitos por causas naturais (doen\u00e7as respirat\u00f3rias e card\u00edacas), dos quais 3.202 decorreram da infec\u00e7\u00e3o causada pelo novo coronav\u00edrus. Esse n\u00famero \u00e9 equivalente a 46% do total do n\u00famero de\u2026","rel":"","context":"In &quot;Atualidade&quot;","block_context":{"text":"Atualidade","link":"https:\/\/correiodasemana.com\/site\/category\/atualidade\/"},"img":{"alt_text":"","src":"https:\/\/i0.wp.com\/correiodasemana.com\/site\/wp-content\/uploads\/2021\/04\/internac-o.jpg?resize=350%2C200&ssl=1","width":350,"height":200,"srcset":"https:\/\/i0.wp.com\/correiodasemana.com\/site\/wp-content\/uploads\/2021\/04\/internac-o.jpg?resize=350%2C200&ssl=1 1x, https:\/\/i0.wp.com\/correiodasemana.com\/site\/wp-content\/uploads\/2021\/04\/internac-o.jpg?resize=525%2C300&ssl=1 1.5x, https:\/\/i0.wp.com\/correiodasemana.com\/site\/wp-content\/uploads\/2021\/04\/internac-o.jpg?resize=700%2C400&ssl=1 2x, https:\/\/i0.wp.com\/correiodasemana.com\/site\/wp-content\/uploads\/2021\/04\/internac-o.jpg?resize=1050%2C600&ssl=1 3x"},"classes":[]},{"id":19799,"url":"https:\/\/correiodasemana.com\/site\/quase-57-mil-recem-nascidos-foram-registrados-sem-o-nome-do-pai\/","url_meta":{"origin":12833,"position":5},"title":"Quase 57 mil rec\u00e9m-nascidos foram registrados sem o nome do pai","author":"","date":"Maio 16, 2022","format":false,"excerpt":"N\u00famero \u00e9 o maior j\u00e1 identificado para o acumulado do ano Por Ag\u00eancia Brasil\u00a0 - Bras\u00edlia Os cart\u00f3rios brasileiros registraram, no in\u00edcio deste ano, o maior n\u00famero de rec\u00e9m-nascidos identificados somente com o nome da m\u00e3e. De janeiro a abril, foram registrados 56,9 mil beb\u00eas por m\u00e3es solo, o maior\u2026","rel":"","context":"In &quot;Atualidade&quot;","block_context":{"text":"Atualidade","link":"https:\/\/correiodasemana.com\/site\/category\/atualidade\/"},"img":{"alt_text":"","src":"https:\/\/i0.wp.com\/correiodasemana.com\/site\/wp-content\/uploads\/2022\/05\/certidao_de_nascimento_registro_civil_mcajr_abr_0403221131.jpg?resize=350%2C200&ssl=1","width":350,"height":200,"srcset":"https:\/\/i0.wp.com\/correiodasemana.com\/site\/wp-content\/uploads\/2022\/05\/certidao_de_nascimento_registro_civil_mcajr_abr_0403221131.jpg?resize=350%2C200&ssl=1 1x, https:\/\/i0.wp.com\/correiodasemana.com\/site\/wp-content\/uploads\/2022\/05\/certidao_de_nascimento_registro_civil_mcajr_abr_0403221131.jpg?resize=525%2C300&ssl=1 1.5x, https:\/\/i0.wp.com\/correiodasemana.com\/site\/wp-content\/uploads\/2022\/05\/certidao_de_nascimento_registro_civil_mcajr_abr_0403221131.jpg?resize=700%2C400&ssl=1 2x, https:\/\/i0.wp.com\/correiodasemana.com\/site\/wp-content\/uploads\/2022\/05\/certidao_de_nascimento_registro_civil_mcajr_abr_0403221131.jpg?resize=1050%2C600&ssl=1 3x"},"classes":[]}],"jetpack_sharing_enabled":true,"_links":{"self":[{"href":"https:\/\/correiodasemana.com\/site\/wp-json\/wp\/v2\/posts\/12833","targetHints":{"allow":["GET"]}}],"collection":[{"href":"https:\/\/correiodasemana.com\/site\/wp-json\/wp\/v2\/posts"}],"about":[{"href":"https:\/\/correiodasemana.com\/site\/wp-json\/wp\/v2\/types\/post"}],"author":[{"embeddable":true,"href":"https:\/\/correiodasemana.com\/site\/wp-json\/wp\/v2\/users\/1"}],"replies":[{"embeddable":true,"href":"https:\/\/correiodasemana.com\/site\/wp-json\/wp\/v2\/comments?post=12833"}],"version-history":[{"count":1,"href":"https:\/\/correiodasemana.com\/site\/wp-json\/wp\/v2\/posts\/12833\/revisions"}],"predecessor-version":[{"id":12835,"href":"https:\/\/correiodasemana.com\/site\/wp-json\/wp\/v2\/posts\/12833\/revisions\/12835"}],"wp:featuredmedia":[{"embeddable":true,"href":"https:\/\/correiodasemana.com\/site\/wp-json\/wp\/v2\/media\/12834"}],"wp:attachment":[{"href":"https:\/\/correiodasemana.com\/site\/wp-json\/wp\/v2\/media?parent=12833"}],"wp:term":[{"taxonomy":"category","embeddable":true,"href":"https:\/\/correiodasemana.com\/site\/wp-json\/wp\/v2\/categories?post=12833"},{"taxonomy":"post_tag","embeddable":true,"href":"https:\/\/correiodasemana.com\/site\/wp-json\/wp\/v2\/tags?post=12833"}],"curies":[{"name":"wp","href":"https:\/\/api.w.org\/{rel}","templated":true}]}}