{"id":12836,"date":"2020-08-17T01:22:55","date_gmt":"2020-08-17T04:22:55","guid":{"rendered":"https:\/\/correiodasemana.com\/site\/?p=12836"},"modified":"2020-08-17T01:22:55","modified_gmt":"2020-08-17T04:22:55","slug":"apos-quatro-meses-de-queda-servicos-crescem-64-em-junho-no-estado","status":"publish","type":"post","link":"https:\/\/correiodasemana.com\/site\/apos-quatro-meses-de-queda-servicos-crescem-64-em-junho-no-estado\/","title":{"rendered":"Ap\u00f3s quatro meses de queda, servi\u00e7os crescem 6,4% em junho, no estado"},"content":{"rendered":"<p>O setor de servi\u00e7os avan\u00e7ou 6,4% na passagem de maio para junho e interrompeu uma sequ\u00eancia de taxas negativas dos quatro meses anteriores, quando havia acumulado perdas. Mesmo com o resultado positivo de junho, o volume de servi\u00e7os ficou 21,0% abaixo do patamar registrado em fevereiro, \u00faltimo m\u00eas antes da implementa\u00e7\u00e3o das medidas de isolamento social para controle da pandemia de Covid-19. Na compara\u00e7\u00e3o com junho de 2019, a queda \u00e9 de 21,3%. Os dados s\u00e3o da Pesquisa Mensal de Servi\u00e7os (PMS), divulgada na quinta-feira (13) pelo IBGE.<br \/>\nEntre os 166 servi\u00e7os investigados pela pesquisa, o segmento de restaurantes foi um dos que mais influenciaram o \u00edndice. \u201cCom as medidas de isolamento, muitos restaurantes estavam fechados, ainda que alguns estivessem funcionando por delivery. Com a flexibiliza\u00e7\u00e3o, ou seja, com o aumento do fluxo de pessoas nas cidades brasileiras, eles come\u00e7aram a abrir e a receita do segmento voltou a crescer, impactando o volume de servi\u00e7os de junho\u201d, explica o gerente da pesquisa, Rodrigo Lobo.<br \/>\nA retra\u00e7\u00e3o sentida pelo setor em fevereiro (-1,5%) foi conjuntural e refletia uma acomoda\u00e7\u00e3o frente ao comportamento apresentado no fim de 2019. Os efeitos do isolamento social come\u00e7aram a ser sentidos nos \u00faltimos 10 dias de mar\u00e7o, quando come\u00e7aram as paralisa\u00e7\u00f5es. Entre mar\u00e7o e maio, o setor teve uma retra\u00e7\u00e3o de 25,4% em nosso estado.<br \/>\nAnalisando com o m\u00eas de junho de 2019, houve resultados que apontam a recupera\u00e7\u00e3o, com destaque para transportes, servi\u00e7os auxiliares aos transportes e correio, que reduziu a varia\u00e7\u00e3o negativa na passagem de maio para junho, nesta base de compara\u00e7\u00e3o, (de -51,1 para -37,7%) e servi\u00e7os de informa\u00e7\u00e3o e comunica\u00e7\u00e3o, com crescimento de 5,8%, nessa mesma base.<\/p>\n","protected":false},"excerpt":{"rendered":"<p>O setor de servi\u00e7os avan\u00e7ou 6,4% na passagem de maio para junho e interrompeu uma&#8230;<\/p>\n","protected":false},"author":1,"featured_media":12837,"comment_status":"open","ping_status":"open","sticky":false,"template":"","format":"standard","meta":{"_jetpack_memberships_contains_paid_content":false,"footnotes":"","jetpack_publicize_message":"","jetpack_publicize_feature_enabled":true,"jetpack_social_post_already_shared":true,"jetpack_social_options":{"image_generator_settings":{"template":"highway","default_image_id":0,"font":"","enabled":false},"version":2}},"categories":[1],"tags":[],"class_list":["post-12836","post","type-post","status-publish","format-standard","has-post-thumbnail","hentry","category-atualidade"],"jetpack_publicize_connections":[],"jetpack_featured_media_url":"https:\/\/correiodasemana.com\/site\/wp-content\/uploads\/2020\/08\/bares-restaurantes-sp.jpg","jetpack-related-posts":[{"id":13493,"url":"https:\/\/correiodasemana.com\/site\/no-ceara-atividades-turisticas-decrescem-23-em-julho-maior-queda-do-pais\/","url_meta":{"origin":12836,"position":0},"title":"No Cear\u00e1, atividades tur\u00edsticas decrescem 23% em julho, maior queda do Pa\u00eds","author":"","date":"Setembro 14, 2020","format":false,"excerpt":"Em\u00a0julho de 2020, o \u00edndice de atividades tur\u00edsticas\u00a0no Cear\u00e1\u00a0caiu -23%,\u00a0ap\u00f3s registrar crescimento de 16,6% em junho.\u00a0Essa foi a queda mais intensa entre as\u00a012\u00a0unidades\u00a0da federa\u00e7\u00e3o\u00a0que pesquisadas na PMS. Os dados s\u00e3o da Pesquisa Mensal de Servi\u00e7os (PMS), divulgada hoje (11) pelo IBGE. No ano o indicador acumula\u00a0perda de -43,5%, ap\u00f3s queda\u2026","rel":"","context":"In &quot;Atualidade&quot;","block_context":{"text":"Atualidade","link":"https:\/\/correiodasemana.com\/site\/category\/atualidade\/"},"img":{"alt_text":"","src":"https:\/\/i0.wp.com\/correiodasemana.com\/site\/wp-content\/uploads\/2020\/09\/Turismo.jpg?resize=350%2C200&ssl=1","width":350,"height":200,"srcset":"https:\/\/i0.wp.com\/correiodasemana.com\/site\/wp-content\/uploads\/2020\/09\/Turismo.jpg?resize=350%2C200&ssl=1 1x, https:\/\/i0.wp.com\/correiodasemana.com\/site\/wp-content\/uploads\/2020\/09\/Turismo.jpg?resize=525%2C300&ssl=1 1.5x, https:\/\/i0.wp.com\/correiodasemana.com\/site\/wp-content\/uploads\/2020\/09\/Turismo.jpg?resize=700%2C400&ssl=1 2x, https:\/\/i0.wp.com\/correiodasemana.com\/site\/wp-content\/uploads\/2020\/09\/Turismo.jpg?resize=1050%2C600&ssl=1 3x"},"classes":[]},{"id":12309,"url":"https:\/\/correiodasemana.com\/site\/endividamento-aumenta-entre-familias-mais-pobres-em-julho\/","url_meta":{"origin":12836,"position":1},"title":"Endividamento aumenta entre fam\u00edlias mais pobres em julho","author":"","date":"Julho 28, 2020","format":false,"excerpt":"Pesquisa aponta queda no endividamento entre os mais ricos O percentual de fam\u00edlias com d\u00edvidas atingiu 67,4% em julho, o maior n\u00edvel da s\u00e9rie hist\u00f3rica da Pesquisa de Endividamento e Inadimpl\u00eancia do Consumidor (Peic), divulgou\u00a0hoje\u00a0(28) a Confedera\u00e7\u00e3o Nacional do Com\u00e9rcio de Bens, Servi\u00e7os e Turismo (CNC). O crescimento se deve\u2026","rel":"","context":"In &quot;Atualidade&quot;","block_context":{"text":"Atualidade","link":"https:\/\/correiodasemana.com\/site\/category\/atualidade\/"},"img":{"alt_text":"","src":"https:\/\/i0.wp.com\/correiodasemana.com\/site\/wp-content\/uploads\/2020\/07\/dinheiro-em-real.jpg?resize=350%2C200&ssl=1","width":350,"height":200,"srcset":"https:\/\/i0.wp.com\/correiodasemana.com\/site\/wp-content\/uploads\/2020\/07\/dinheiro-em-real.jpg?resize=350%2C200&ssl=1 1x, https:\/\/i0.wp.com\/correiodasemana.com\/site\/wp-content\/uploads\/2020\/07\/dinheiro-em-real.jpg?resize=525%2C300&ssl=1 1.5x, https:\/\/i0.wp.com\/correiodasemana.com\/site\/wp-content\/uploads\/2020\/07\/dinheiro-em-real.jpg?resize=700%2C400&ssl=1 2x, https:\/\/i0.wp.com\/correiodasemana.com\/site\/wp-content\/uploads\/2020\/07\/dinheiro-em-real.jpg?resize=1050%2C600&ssl=1 3x"},"classes":[]},{"id":22149,"url":"https:\/\/correiodasemana.com\/site\/numero-de-exames-oftalmologicos-no-sus-dobra-em-relacao-a-2020\/","url_meta":{"origin":12836,"position":2},"title":"N\u00famero de exames oftalmol\u00f3gicos no SUS dobra em rela\u00e7\u00e3o a 2020","author":"","date":"Dezembro 11, 2022","format":false,"excerpt":"Servi\u00e7o \u00e9 importante para prevenir doen\u00e7as que afetam a vis\u00e3o Por Paula Laboissi\u00e8re \u2013 Rep\u00f3rter da Ag\u00eancia Brasil - Bras\u00edlia Dados analisados pelo Conselho Brasileiro de Oftalmologia (CBO), a partir de registros do Minist\u00e9rio da Sa\u00fade, revelam um crescimento de 95% na realiza\u00e7\u00e3o de exames para diagn\u00f3stico de retinopatia diab\u00e9tica\u2026","rel":"","context":"In &quot;Atualidade&quot;","block_context":{"text":"Atualidade","link":"https:\/\/correiodasemana.com\/site\/category\/atualidade\/"},"img":{"alt_text":"","src":"https:\/\/i0.wp.com\/correiodasemana.com\/site\/wp-content\/uploads\/2022\/12\/exame-em-oculistas.jpg?resize=350%2C200&ssl=1","width":350,"height":200},"classes":[]},{"id":11986,"url":"https:\/\/correiodasemana.com\/site\/maioria-dos-estados-avanca-nos-planos-de-retomada-economica\/","url_meta":{"origin":12836,"position":3},"title":"Maioria dos estados avan\u00e7a nos planos de retomada econ\u00f4mica","author":"","date":"Julho 20, 2020","format":false,"excerpt":"Restri\u00e7\u00e3o varia conforme casos da doen\u00e7a e leitos de UTI dispon\u00edveis H\u00e1 cerca de quatro meses, desde que a pandemia do novo coronav\u00edrus imp\u00f4s o isolamento social, para tentar conter o avan\u00e7o do n\u00famero de\u00a0casos e mortes por covid-19, os governos dos 26 estados brasileiros e do Distrito Federal criaram\u2026","rel":"","context":"In &quot;Atualidade&quot;","block_context":{"text":"Atualidade","link":"https:\/\/correiodasemana.com\/site\/category\/atualidade\/"},"img":{"alt_text":"","src":"https:\/\/i0.wp.com\/correiodasemana.com\/site\/wp-content\/uploads\/2020\/07\/16_07_2020_movimentacao_sp-3.jpg?resize=350%2C200&ssl=1","width":350,"height":200,"srcset":"https:\/\/i0.wp.com\/correiodasemana.com\/site\/wp-content\/uploads\/2020\/07\/16_07_2020_movimentacao_sp-3.jpg?resize=350%2C200&ssl=1 1x, https:\/\/i0.wp.com\/correiodasemana.com\/site\/wp-content\/uploads\/2020\/07\/16_07_2020_movimentacao_sp-3.jpg?resize=525%2C300&ssl=1 1.5x, https:\/\/i0.wp.com\/correiodasemana.com\/site\/wp-content\/uploads\/2020\/07\/16_07_2020_movimentacao_sp-3.jpg?resize=700%2C400&ssl=1 2x, https:\/\/i0.wp.com\/correiodasemana.com\/site\/wp-content\/uploads\/2020\/07\/16_07_2020_movimentacao_sp-3.jpg?resize=1050%2C600&ssl=1 3x"},"classes":[]},{"id":12248,"url":"https:\/\/correiodasemana.com\/site\/sem-desoneracao-da-folha-ate-2021-servicos-de-transporte-publico-podem-ser-paralisados\/","url_meta":{"origin":12836,"position":4},"title":"Sem desonera\u00e7\u00e3o da folha at\u00e9 2021, servi\u00e7os de transporte p\u00fablico podem ser paralisados","author":"","date":"Julho 27, 2020","format":false,"excerpt":"Associa\u00e7\u00e3o que representa empresas de \u00f4nibus alerta que fim do incentivo em dezembro coloca em risco 405 mil empregos e pode levar sistema ao colapso Se a desonera\u00e7\u00e3o da folha de pagamento n\u00e3o for prorrogada at\u00e9 2021, o servi\u00e7o de transporte p\u00fablico no pa\u00eds pode ser totalmente paralisado. Esse risco\u2026","rel":"","context":"In &quot;Atualidade&quot;","block_context":{"text":"Atualidade","link":"https:\/\/correiodasemana.com\/site\/category\/atualidade\/"},"img":{"alt_text":"","src":"https:\/\/i0.wp.com\/correiodasemana.com\/site\/wp-content\/uploads\/2020\/07\/TRansporte-p%C3%BAblico-696x392-1.jpg?resize=350%2C200&ssl=1","width":350,"height":200,"srcset":"https:\/\/i0.wp.com\/correiodasemana.com\/site\/wp-content\/uploads\/2020\/07\/TRansporte-p%C3%BAblico-696x392-1.jpg?resize=350%2C200&ssl=1 1x, https:\/\/i0.wp.com\/correiodasemana.com\/site\/wp-content\/uploads\/2020\/07\/TRansporte-p%C3%BAblico-696x392-1.jpg?resize=525%2C300&ssl=1 1.5x"},"classes":[]},{"id":19455,"url":"https:\/\/correiodasemana.com\/site\/trabalhadores-poderao-sacar-ate-r-1-mil-de-contas-do-fgts\/","url_meta":{"origin":12836,"position":5},"title":"Trabalhadores poder\u00e3o sacar at\u00e9 R$ 1 mil de contas do FGTS","author":"","date":"Abril 10, 2022","format":false,"excerpt":"Por Ag\u00eancia Brasil - Bras\u00edlia At\u00e9 15 de dezembro, cada trabalhador poder\u00e1 sacar at\u00e9 R$ 1 mil de suas contas do Fundo de Garantia do Tempo de Servi\u00e7o (FGTS). A medida beneficiar\u00e1 42 milh\u00f5es de pessoas e dever\u00e1 injetar R$ 30 bilh\u00f5es na economia caso todos os trabalhadores retirem o\u2026","rel":"","context":"In &quot;Atualidade&quot;","block_context":{"text":"Atualidade","link":"https:\/\/correiodasemana.com\/site\/category\/atualidade\/"},"img":{"alt_text":"","src":"https:\/\/i0.wp.com\/correiodasemana.com\/site\/wp-content\/uploads\/2022\/04\/carteira-de-trabalho.jpg?resize=350%2C200&ssl=1","width":350,"height":200,"srcset":"https:\/\/i0.wp.com\/correiodasemana.com\/site\/wp-content\/uploads\/2022\/04\/carteira-de-trabalho.jpg?resize=350%2C200&ssl=1 1x, https:\/\/i0.wp.com\/correiodasemana.com\/site\/wp-content\/uploads\/2022\/04\/carteira-de-trabalho.jpg?resize=525%2C300&ssl=1 1.5x"},"classes":[]}],"jetpack_sharing_enabled":true,"_links":{"self":[{"href":"https:\/\/correiodasemana.com\/site\/wp-json\/wp\/v2\/posts\/12836","targetHints":{"allow":["GET"]}}],"collection":[{"href":"https:\/\/correiodasemana.com\/site\/wp-json\/wp\/v2\/posts"}],"about":[{"href":"https:\/\/correiodasemana.com\/site\/wp-json\/wp\/v2\/types\/post"}],"author":[{"embeddable":true,"href":"https:\/\/correiodasemana.com\/site\/wp-json\/wp\/v2\/users\/1"}],"replies":[{"embeddable":true,"href":"https:\/\/correiodasemana.com\/site\/wp-json\/wp\/v2\/comments?post=12836"}],"version-history":[{"count":1,"href":"https:\/\/correiodasemana.com\/site\/wp-json\/wp\/v2\/posts\/12836\/revisions"}],"predecessor-version":[{"id":12838,"href":"https:\/\/correiodasemana.com\/site\/wp-json\/wp\/v2\/posts\/12836\/revisions\/12838"}],"wp:featuredmedia":[{"embeddable":true,"href":"https:\/\/correiodasemana.com\/site\/wp-json\/wp\/v2\/media\/12837"}],"wp:attachment":[{"href":"https:\/\/correiodasemana.com\/site\/wp-json\/wp\/v2\/media?parent=12836"}],"wp:term":[{"taxonomy":"category","embeddable":true,"href":"https:\/\/correiodasemana.com\/site\/wp-json\/wp\/v2\/categories?post=12836"},{"taxonomy":"post_tag","embeddable":true,"href":"https:\/\/correiodasemana.com\/site\/wp-json\/wp\/v2\/tags?post=12836"}],"curies":[{"name":"wp","href":"https:\/\/api.w.org\/{rel}","templated":true}]}}