{"id":12839,"date":"2020-08-17T01:24:16","date_gmt":"2020-08-17T04:24:16","guid":{"rendered":"https:\/\/correiodasemana.com\/site\/?p=12839"},"modified":"2020-08-17T01:24:16","modified_gmt":"2020-08-17T04:24:16","slug":"saae-de-sobral-completa-59-anos-de-fundacao","status":"publish","type":"post","link":"https:\/\/correiodasemana.com\/site\/saae-de-sobral-completa-59-anos-de-fundacao\/","title":{"rendered":"SAAE de Sobral completa 59 anos de funda\u00e7\u00e3o"},"content":{"rendered":"<p>O Servi\u00e7o Aut\u00f4nomo de \u00c1gua e Esgoto (SAAE) completou, no dia 08 de agosto, 59 anos de contribui\u00e7\u00e3o ao desenvolvimento de Sobral. Foi criado em 8 de agosto de 1961, atrav\u00e9s da lei n\u00b0 88, sancionada pelo prefeito padre Jos\u00e9 Palhano de Sab\u00f3ia. O primeiro presidente foi o engenheiro Carlos Ernesto Sab\u00f3ia de Albuquerque. O atual presidente \u00e9 o engenheiro civil Edmundo Rodrigues J\u00fanior. A autarquia municipal \u00e9 vinculada \u00e0 Secretaria da Infraestrutura da Prefeitura de Sobral.<br \/>\nO anivers\u00e1rio do SAAE \u00e9 uma data que deve ser lembrada como forma de valorizar a importante fun\u00e7\u00e3o exercida pelos colaboradores que atendem com zelo e dedica\u00e7\u00e3o, compromisso e responsabilidade, a sede do munic\u00edpio, distritos e diversas localidades, com a oferta de \u00e1gua de qualidade, coleta e tratamento de esgoto, garantindo melhoria da qualidade de vida da popula\u00e7\u00e3o sobralense.<br \/>\nCompete ao SAAE estudar, projetar e executar, diretamente ou mediante contrato com organiza\u00e7\u00f5es especializadas em engenharia sanit\u00e1ria, ou ainda em parceria com outros \u00f3rg\u00e3os estatais, as obras relativas \u00e0 constru\u00e7\u00e3o, amplia\u00e7\u00e3o ou remodela\u00e7\u00e3o dos sistemas p\u00fablicos de abastecimento de \u00e1gua pot\u00e1vel e de esgotos sanit\u00e1rios.<\/p>\n<p>Diretoria<br \/>\nO SAAE tem como diretor-presidente Edmundo Rodrigues J\u00fanior; diretor administrativo, Erisson Ara\u00fajo de Morais; e diretor operacional, Davi Sousa Vasconcelos.<br \/>\nSobral (CE), 13 de agosto de 2020 &#8211; Assessoria de Comunica\u00e7\u00e3o do SAAE Sobral<\/p>\n","protected":false},"excerpt":{"rendered":"<p>O Servi\u00e7o Aut\u00f4nomo de \u00c1gua e Esgoto (SAAE) completou, no dia 08 de agosto, 59&#8230;<\/p>\n","protected":false},"author":1,"featured_media":12840,"comment_status":"open","ping_status":"open","sticky":false,"template":"","format":"standard","meta":{"_jetpack_memberships_contains_paid_content":false,"footnotes":"","jetpack_publicize_message":"","jetpack_publicize_feature_enabled":true,"jetpack_social_post_already_shared":true,"jetpack_social_options":{"image_generator_settings":{"template":"highway","default_image_id":0,"font":"","enabled":false},"version":2}},"categories":[1],"tags":[],"class_list":["post-12839","post","type-post","status-publish","format-standard","has-post-thumbnail","hentry","category-atualidade"],"jetpack_publicize_connections":[],"jetpack_featured_media_url":"https:\/\/correiodasemana.com\/site\/wp-content\/uploads\/2020\/08\/ok-SAAE-Sede-administrativa.jpg","jetpack-related-posts":[{"id":8678,"url":"https:\/\/correiodasemana.com\/site\/servico-autonomo-de-agua-e-esgoto-de-sobral-completa-58-anos\/","url_meta":{"origin":12839,"position":0},"title":"Servi\u00e7o Aut\u00f4nomo de \u00c1gua e Esgoto de Sobral completa 58 anos","author":"","date":"Agosto 17, 2019","format":false,"excerpt":"O Servi\u00e7o Aut\u00f4nomo de \u00c1gua e Esgoto (SAAE) completa, nesta quinta-feira (08\/08), 58 anos de contribui\u00e7\u00e3o ao desenvolvimento de Sobral. Foi criado em 8 de agosto de 1961, atrav\u00e9s da lei n\u00b0 88, sancionada pelo prefeito padre Jos\u00e9 Palhano de Sab\u00f3ia. O primeiro presidente foi o engenheiro Carlos Ernesto Sab\u00f3ia\u2026","rel":"","context":"In &quot;Atualidade&quot;","block_context":{"text":"Atualidade","link":"https:\/\/correiodasemana.com\/site\/category\/atualidade\/"},"img":{"alt_text":"","src":"https:\/\/i0.wp.com\/correiodasemana.com\/site\/wp-content\/uploads\/2019\/08\/sl-3_960_400.jpg?resize=350%2C200&ssl=1","width":350,"height":200,"srcset":"https:\/\/i0.wp.com\/correiodasemana.com\/site\/wp-content\/uploads\/2019\/08\/sl-3_960_400.jpg?resize=350%2C200&ssl=1 1x, https:\/\/i0.wp.com\/correiodasemana.com\/site\/wp-content\/uploads\/2019\/08\/sl-3_960_400.jpg?resize=525%2C300&ssl=1 1.5x, https:\/\/i0.wp.com\/correiodasemana.com\/site\/wp-content\/uploads\/2019\/08\/sl-3_960_400.jpg?resize=700%2C400&ssl=1 2x"},"classes":[]},{"id":8865,"url":"https:\/\/correiodasemana.com\/site\/duas-novas-estacoes-de-tratamento-de-agua-comecarao-a-funcionar-ate-o-final-do-ano-que-vem-em-sobral\/","url_meta":{"origin":12839,"position":1},"title":"Duas novas esta\u00e7\u00f5es de tratamento de \u00e1gua come\u00e7ar\u00e3o a funcionar at\u00e9 o final do ano que vem em Sobral","author":"","date":"Agosto 27, 2019","format":false,"excerpt":"Atualmente o munic\u00edpio conta com duas esta\u00e7\u00f5es, mas devido ao crescimento da cidade e a demanda pelo recurso, duas novas ETA\u2019s est\u00e3o sendo constru\u00eddas; uma no bairro Dom Expedito, outra no Sumar\u00e9 O munic\u00edpio de Sobral ganhar\u00e1 o apoio de mais duas ETA\u2019s (Esta\u00e7\u00f5es de Tratamento de \u00c1gua) at\u00e9 o\u2026","rel":"","context":"In &quot;Atualidade&quot;","block_context":{"text":"Atualidade","link":"https:\/\/correiodasemana.com\/site\/category\/atualidade\/"},"img":{"alt_text":"","src":"https:\/\/i0.wp.com\/correiodasemana.com\/site\/wp-content\/uploads\/2019\/08\/Edmunso-Rodrigues-presidente-do-SAAE-Sobral-1.jpg?resize=350%2C200&ssl=1","width":350,"height":200,"srcset":"https:\/\/i0.wp.com\/correiodasemana.com\/site\/wp-content\/uploads\/2019\/08\/Edmunso-Rodrigues-presidente-do-SAAE-Sobral-1.jpg?resize=350%2C200&ssl=1 1x, https:\/\/i0.wp.com\/correiodasemana.com\/site\/wp-content\/uploads\/2019\/08\/Edmunso-Rodrigues-presidente-do-SAAE-Sobral-1.jpg?resize=525%2C300&ssl=1 1.5x, https:\/\/i0.wp.com\/correiodasemana.com\/site\/wp-content\/uploads\/2019\/08\/Edmunso-Rodrigues-presidente-do-SAAE-Sobral-1.jpg?resize=700%2C400&ssl=1 2x, https:\/\/i0.wp.com\/correiodasemana.com\/site\/wp-content\/uploads\/2019\/08\/Edmunso-Rodrigues-presidente-do-SAAE-Sobral-1.jpg?resize=1050%2C600&ssl=1 3x, https:\/\/i0.wp.com\/correiodasemana.com\/site\/wp-content\/uploads\/2019\/08\/Edmunso-Rodrigues-presidente-do-SAAE-Sobral-1.jpg?resize=1400%2C800&ssl=1 4x"},"classes":[]},{"id":8868,"url":"https:\/\/correiodasemana.com\/site\/saae-adquire-novos-equipamentos-para-laboratorios-de-analises-fisico-quimicas-de-agua-e-esgoto\/","url_meta":{"origin":12839,"position":2},"title":"SAAE adquire novos equipamentos para laborat\u00f3rios de an\u00e1lises f\u00edsico-qu\u00edmicas de \u00e1gua e esgoto","author":"","date":"Agosto 27, 2019","format":false,"excerpt":"Em Sobral, a \u00e1gua \u00e9 submetida a um rigoroso tratamento, segundo as normas de controle e vigil\u00e2ncia da qualidade O Servi\u00e7o Aut\u00f4nomo de \u00c1gua e Esgoto de Sobral (SAAE), autarquia municipal vinculada \u00e0 Secretaria da Infraestrutura (Seinf), realizou o investimento de R$ 43.357,66 na aquisi\u00e7\u00e3o de aparelhamento e moderniza\u00e7\u00e3o dos\u2026","rel":"","context":"In &quot;Atualidade&quot;","block_context":{"text":"Atualidade","link":"https:\/\/correiodasemana.com\/site\/category\/atualidade\/"},"img":{"alt_text":"","src":"https:\/\/i0.wp.com\/correiodasemana.com\/site\/wp-content\/uploads\/2019\/08\/Vidrarias.jpeg?resize=350%2C200&ssl=1","width":350,"height":200,"srcset":"https:\/\/i0.wp.com\/correiodasemana.com\/site\/wp-content\/uploads\/2019\/08\/Vidrarias.jpeg?resize=350%2C200&ssl=1 1x, https:\/\/i0.wp.com\/correiodasemana.com\/site\/wp-content\/uploads\/2019\/08\/Vidrarias.jpeg?resize=525%2C300&ssl=1 1.5x, https:\/\/i0.wp.com\/correiodasemana.com\/site\/wp-content\/uploads\/2019\/08\/Vidrarias.jpeg?resize=700%2C400&ssl=1 2x"},"classes":[]},{"id":16100,"url":"https:\/\/correiodasemana.com\/site\/saae-de-sobral-garante-zerar-tarifas-de-agua-e-esgoto-durante-os-meses-de-marco-e-abril\/","url_meta":{"origin":12839,"position":3},"title":"SAAE de Sobral garante zerar tarifas de \u00e1gua e esgoto durante os meses de mar\u00e7o e abril","author":"","date":"Abril 5, 2021","format":false,"excerpt":"Fonte: Setor de comunica\u00e7\u00e3o do SAAE O Servi\u00e7o Aut\u00f4nomo de \u00c1gua e Esgoto (SAAE) de Sobral informa que estabelecimentos do setor de alimenta\u00e7\u00e3o fora do lar (bares e restaurantes) e prestadores dos servi\u00e7os de atividade f\u00edsica podem ter isen\u00e7\u00e3o nas faturas de \u00e1gua e esgoto referentes aos consumos durante os\u2026","rel":"","context":"In &quot;Atualidade&quot;","block_context":{"text":"Atualidade","link":"https:\/\/correiodasemana.com\/site\/category\/atualidade\/"},"img":{"alt_text":"","src":"","width":0,"height":0},"classes":[]},{"id":16353,"url":"https:\/\/correiodasemana.com\/site\/saae-lanca-nota-explicativa-sobre-a-coloracao-da-agua-distribuida-no-municipio-de-sobral\/","url_meta":{"origin":12839,"position":4},"title":"SAAE lan\u00e7a nota explicativa sobre a colora\u00e7\u00e3o da \u00e1gua distribu\u00edda no munic\u00edpio de Sobral","author":"","date":"Maio 3, 2021","format":false,"excerpt":"Por Samuel Carvalho - Reda\u00e7\u00e3o Correio da Semana A popula\u00e7\u00e3o sobralense tem notado que a distribui\u00e7\u00e3o de \u00e1gua fornecida pelo Servi\u00e7o Aut\u00f4nomo de \u00c0gua e Esgoto (SAAE) tem apresentado turbidez. Devido a estes acontecimentos, o SAAE divulgou nota sobre a qualidade do servi\u00e7o prestado bem como os motivos pela colora\u00e7\u00e3o\u2026","rel":"","context":"In &quot;Atualidade&quot;","block_context":{"text":"Atualidade","link":"https:\/\/correiodasemana.com\/site\/category\/atualidade\/"},"img":{"alt_text":"","src":"https:\/\/i0.wp.com\/correiodasemana.com\/site\/wp-content\/uploads\/2021\/05\/ETA-SAAE-de-Sobral-1.jpg?resize=350%2C200&ssl=1","width":350,"height":200,"srcset":"https:\/\/i0.wp.com\/correiodasemana.com\/site\/wp-content\/uploads\/2021\/05\/ETA-SAAE-de-Sobral-1.jpg?resize=350%2C200&ssl=1 1x, https:\/\/i0.wp.com\/correiodasemana.com\/site\/wp-content\/uploads\/2021\/05\/ETA-SAAE-de-Sobral-1.jpg?resize=525%2C300&ssl=1 1.5x, https:\/\/i0.wp.com\/correiodasemana.com\/site\/wp-content\/uploads\/2021\/05\/ETA-SAAE-de-Sobral-1.jpg?resize=700%2C400&ssl=1 2x"},"classes":[]},{"id":12625,"url":"https:\/\/correiodasemana.com\/site\/saae-inicia-retomada-de-atendimento-presencial-no-dia-10-de-agosto\/","url_meta":{"origin":12839,"position":5},"title":"SAAE inicia retomada de atendimento presencial no dia 10 de agosto","author":"","date":"Agosto 10, 2020","format":false,"excerpt":"Para evitar aglomera\u00e7\u00f5es e conter a prolifera\u00e7\u00e3o do coronav\u00edrus, os atendimentos acontecer\u00e3o com o agendamento pr\u00e9vio O Servi\u00e7o Aut\u00f4nomo de \u00c1gua e Esgoto de Sobral (SAAE) retoma, a partir de segunda-feira (10\/08), o atendimento presencial aos usu\u00e1rios, no hor\u00e1rio de 8h \u00e0s 12h e de 14h \u00e0s 18h, com o\u2026","rel":"","context":"In &quot;Atualidade&quot;","block_context":{"text":"Atualidade","link":"https:\/\/correiodasemana.com\/site\/category\/atualidade\/"},"img":{"alt_text":"","src":"https:\/\/i0.wp.com\/correiodasemana.com\/site\/wp-content\/uploads\/2020\/03\/okSAAE-fachada_n.jpg?resize=350%2C200&ssl=1","width":350,"height":200,"srcset":"https:\/\/i0.wp.com\/correiodasemana.com\/site\/wp-content\/uploads\/2020\/03\/okSAAE-fachada_n.jpg?resize=350%2C200&ssl=1 1x, https:\/\/i0.wp.com\/correiodasemana.com\/site\/wp-content\/uploads\/2020\/03\/okSAAE-fachada_n.jpg?resize=525%2C300&ssl=1 1.5x, https:\/\/i0.wp.com\/correiodasemana.com\/site\/wp-content\/uploads\/2020\/03\/okSAAE-fachada_n.jpg?resize=700%2C400&ssl=1 2x"},"classes":[]}],"jetpack_sharing_enabled":true,"_links":{"self":[{"href":"https:\/\/correiodasemana.com\/site\/wp-json\/wp\/v2\/posts\/12839","targetHints":{"allow":["GET"]}}],"collection":[{"href":"https:\/\/correiodasemana.com\/site\/wp-json\/wp\/v2\/posts"}],"about":[{"href":"https:\/\/correiodasemana.com\/site\/wp-json\/wp\/v2\/types\/post"}],"author":[{"embeddable":true,"href":"https:\/\/correiodasemana.com\/site\/wp-json\/wp\/v2\/users\/1"}],"replies":[{"embeddable":true,"href":"https:\/\/correiodasemana.com\/site\/wp-json\/wp\/v2\/comments?post=12839"}],"version-history":[{"count":1,"href":"https:\/\/correiodasemana.com\/site\/wp-json\/wp\/v2\/posts\/12839\/revisions"}],"predecessor-version":[{"id":12841,"href":"https:\/\/correiodasemana.com\/site\/wp-json\/wp\/v2\/posts\/12839\/revisions\/12841"}],"wp:featuredmedia":[{"embeddable":true,"href":"https:\/\/correiodasemana.com\/site\/wp-json\/wp\/v2\/media\/12840"}],"wp:attachment":[{"href":"https:\/\/correiodasemana.com\/site\/wp-json\/wp\/v2\/media?parent=12839"}],"wp:term":[{"taxonomy":"category","embeddable":true,"href":"https:\/\/correiodasemana.com\/site\/wp-json\/wp\/v2\/categories?post=12839"},{"taxonomy":"post_tag","embeddable":true,"href":"https:\/\/correiodasemana.com\/site\/wp-json\/wp\/v2\/tags?post=12839"}],"curies":[{"name":"wp","href":"https:\/\/api.w.org\/{rel}","templated":true}]}}