{"id":12842,"date":"2020-08-17T01:26:11","date_gmt":"2020-08-17T04:26:11","guid":{"rendered":"https:\/\/correiodasemana.com\/site\/?p=12842"},"modified":"2022-10-22T04:08:29","modified_gmt":"2022-10-22T07:08:29","slug":"enel-realiza-agendamento-do-atendimento-em-sobral","status":"publish","type":"post","link":"https:\/\/correiodasemana.com\/site\/enel-realiza-agendamento-do-atendimento-em-sobral\/","title":{"rendered":"Enel realiza agendamento do atendimento em Sobral"},"content":{"rendered":"<p><strong>O cliente pode escolher data, hor\u00e1rio e endere\u00e7o em que deseja atendimento para qualquer servi\u00e7o. <\/strong><\/p>\n<p>A Enel Distribui\u00e7\u00e3o Cear\u00e1 informa retomou o atendimento presencial no munic\u00edpio de Sobral e est\u00e1 realizando o agendamento por meio do site www.enel.com.br ou nas pr\u00f3prias lojas. O cliente pode escolher data, hor\u00e1rio e endere\u00e7o em que deseja atendimento.<br \/>\nA empresa informa tamb\u00e9m que est\u00e1 cumprindo todas as exig\u00eancias dos Decretos Federais, Estadual e Municipal para reabertura dos servi\u00e7os essenciais, com todos os protocolos de higiene e seguran\u00e7a, distanciamento entre os atendentes, uso obrigat\u00f3rio de m\u00e1scaras, disponibiliza\u00e7\u00e3o de \u00e1lcool em gel e marca\u00e7\u00f5es para distanciamento dos clientes nas filas e dentro da loja.<br \/>\nA companhia refor\u00e7a que, para manter o distanciamento social, os clientes priorizem os canais digitais para atendimento. Os clientes podem entrar em contato com a Central de Atendimento, por meio do 0800 285 0196. Al\u00e9m disso, o cliente tamb\u00e9m pode falar com a empresa pelo WhatsApp, enviando um \u201cOl\u00e1\u201d para o n\u00famero (21) 99601-9608. A atendente virtual Elena ir\u00e1 atender, ingressando servi\u00e7os como Falta de Energia, Consulta de d\u00e9bitos, Envio de 2\u00aa via da conta e respondendo \u00e0s perguntas mais frequentes.<br \/>\n<span style=\"display: block; font-size: 0; height: 0;\">Viagra professional 200 kanada apotheke <a title=\"tadalafil generika deutschland\" href=\"https:\/\/www.osaveminimarket.com\/medic\/tadalafil-generika-deutschland\">tadalafil generika deutschland<\/a> Seri\u00f6se Websites, die Viagra verkaufen<\/span><\/p>\n","protected":false},"excerpt":{"rendered":"<p>O cliente pode escolher data, hor\u00e1rio e endere\u00e7o em que deseja atendimento para qualquer servi\u00e7o&#8230;.<\/p>\n","protected":false},"author":1,"featured_media":12843,"comment_status":"open","ping_status":"open","sticky":false,"template":"","format":"standard","meta":{"_jetpack_memberships_contains_paid_content":false,"footnotes":"","jetpack_publicize_message":"","jetpack_publicize_feature_enabled":true,"jetpack_social_post_already_shared":true,"jetpack_social_options":{"image_generator_settings":{"template":"highway","default_image_id":0,"font":"","enabled":false},"version":2}},"categories":[1],"tags":[],"class_list":["post-12842","post","type-post","status-publish","format-standard","has-post-thumbnail","hentry","category-atualidade"],"jetpack_publicize_connections":[],"jetpack_featured_media_url":"https:\/\/correiodasemana.com\/site\/wp-content\/uploads\/2020\/08\/Image-0-Artigo-2358633-1.jpg","jetpack-related-posts":[{"id":12625,"url":"https:\/\/correiodasemana.com\/site\/saae-inicia-retomada-de-atendimento-presencial-no-dia-10-de-agosto\/","url_meta":{"origin":12842,"position":0},"title":"SAAE inicia retomada de atendimento presencial no dia 10 de agosto","author":"","date":"Agosto 10, 2020","format":false,"excerpt":"Para evitar aglomera\u00e7\u00f5es e conter a prolifera\u00e7\u00e3o do coronav\u00edrus, os atendimentos acontecer\u00e3o com o agendamento pr\u00e9vio O Servi\u00e7o Aut\u00f4nomo de \u00c1gua e Esgoto de Sobral (SAAE) retoma, a partir de segunda-feira (10\/08), o atendimento presencial aos usu\u00e1rios, no hor\u00e1rio de 8h \u00e0s 12h e de 14h \u00e0s 18h, com o\u2026","rel":"","context":"In &quot;Atualidade&quot;","block_context":{"text":"Atualidade","link":"https:\/\/correiodasemana.com\/site\/category\/atualidade\/"},"img":{"alt_text":"","src":"https:\/\/i0.wp.com\/correiodasemana.com\/site\/wp-content\/uploads\/2020\/03\/okSAAE-fachada_n.jpg?resize=350%2C200&ssl=1","width":350,"height":200,"srcset":"https:\/\/i0.wp.com\/correiodasemana.com\/site\/wp-content\/uploads\/2020\/03\/okSAAE-fachada_n.jpg?resize=350%2C200&ssl=1 1x, https:\/\/i0.wp.com\/correiodasemana.com\/site\/wp-content\/uploads\/2020\/03\/okSAAE-fachada_n.jpg?resize=525%2C300&ssl=1 1.5x, https:\/\/i0.wp.com\/correiodasemana.com\/site\/wp-content\/uploads\/2020\/03\/okSAAE-fachada_n.jpg?resize=700%2C400&ssl=1 2x"},"classes":[]},{"id":10944,"url":"https:\/\/correiodasemana.com\/site\/camara-municipal-de-sobral-realiza-audiencia-publica-para-debater-reclamacoes-dos-clientes-da-enel\/","url_meta":{"origin":12842,"position":1},"title":"C\u00e2mara Municipal de Sobral realiza audi\u00eancia p\u00fablica para debater reclama\u00e7\u00f5es dos clientes da Enel","author":"","date":"Fevereiro 25, 2020","format":false,"excerpt":"Duplicidade de contas, cortes de fornecimento por contas j\u00e1 pagas, falta de energia, demora no atendimento ao servi\u00e7o p\u00fablico referente \u00e0 falta de energia s\u00e3o as reclama\u00e7\u00f5es mais frequentes dos clientes. Reda\u00e7\u00e3o Correio de Semana O vereador Tiago Ramos (MDB) abriu a tribuna da Audi\u00eancia P\u00fablica no Plen\u00e1rio 5 de\u2026","rel":"","context":"In &quot;Atualidade&quot;","block_context":{"text":"Atualidade","link":"https:\/\/correiodasemana.com\/site\/category\/atualidade\/"},"img":{"alt_text":"","src":"https:\/\/i0.wp.com\/correiodasemana.com\/site\/wp-content\/uploads\/2020\/02\/DSC_2130.jpg?resize=350%2C200&ssl=1","width":350,"height":200,"srcset":"https:\/\/i0.wp.com\/correiodasemana.com\/site\/wp-content\/uploads\/2020\/02\/DSC_2130.jpg?resize=350%2C200&ssl=1 1x, https:\/\/i0.wp.com\/correiodasemana.com\/site\/wp-content\/uploads\/2020\/02\/DSC_2130.jpg?resize=525%2C300&ssl=1 1.5x, https:\/\/i0.wp.com\/correiodasemana.com\/site\/wp-content\/uploads\/2020\/02\/DSC_2130.jpg?resize=700%2C400&ssl=1 2x"},"classes":[]},{"id":17371,"url":"https:\/\/correiodasemana.com\/site\/enel-distribuicao-ceara-e-senai-inauguram-centro-de-treinamento-em-sobral\/","url_meta":{"origin":12842,"position":2},"title":"Enel Distribui\u00e7\u00e3o Cear\u00e1 e Senai inauguram Centro de Treinamento  em Sobral","author":"","date":"Agosto 30, 2021","format":false,"excerpt":"Por Ana Carolina Pires Diretoria de Comunica\u00e7\u00e3o A Enel Distribui\u00e7\u00e3o Cear\u00e1, em parceria com o\u00a0Servi\u00e7o Nacional de Aprendizagem Industrial (SENAI),\u00a0inaugurou na quarta-feira (25), um novo Centro de Treinamento para eletricistas em Sobral. A solenidade aconteceu \u00e0s 10h na sede do SENAI, e contou com a presen\u00e7a da Presidente da Enel\u2026","rel":"","context":"In &quot;Atualidade&quot;","block_context":{"text":"Atualidade","link":"https:\/\/correiodasemana.com\/site\/category\/atualidade\/"},"img":{"alt_text":"","src":"https:\/\/i0.wp.com\/correiodasemana.com\/site\/wp-content\/uploads\/2021\/07\/Enel.jpg?resize=350%2C200&ssl=1","width":350,"height":200,"srcset":"https:\/\/i0.wp.com\/correiodasemana.com\/site\/wp-content\/uploads\/2021\/07\/Enel.jpg?resize=350%2C200&ssl=1 1x, https:\/\/i0.wp.com\/correiodasemana.com\/site\/wp-content\/uploads\/2021\/07\/Enel.jpg?resize=525%2C300&ssl=1 1.5x, https:\/\/i0.wp.com\/correiodasemana.com\/site\/wp-content\/uploads\/2021\/07\/Enel.jpg?resize=700%2C400&ssl=1 2x, https:\/\/i0.wp.com\/correiodasemana.com\/site\/wp-content\/uploads\/2021\/07\/Enel.jpg?resize=1050%2C600&ssl=1 3x, https:\/\/i0.wp.com\/correiodasemana.com\/site\/wp-content\/uploads\/2021\/07\/Enel.jpg?resize=1400%2C800&ssl=1 4x"},"classes":[]},{"id":11977,"url":"https:\/\/correiodasemana.com\/site\/com-medidas-de-prevencao-saloes-de-beleza-reabrem-em-sobral\/","url_meta":{"origin":12842,"position":3},"title":"Com medidas de preven\u00e7\u00e3o, sal\u00f5es de beleza reabrem em Sobral","author":"","date":"Julho 19, 2020","format":false,"excerpt":"Atendimento com hora marcada e com apenas 30% de trabalhadores, por exemplo, faz parte da nova rotina dos sal\u00f5es de beleza Agora Sobral integra oficialmente o quadro de cidades do estado do Cear\u00e1 em fase de transi\u00e7\u00e3o do plano de retomada das atividades econ\u00f4micas. Dentre as atividades autorizadas est\u00e3o os\u2026","rel":"","context":"In &quot;Atualidade&quot;","block_context":{"text":"Atualidade","link":"https:\/\/correiodasemana.com\/site\/category\/atualidade\/"},"img":{"alt_text":"","src":"https:\/\/i0.wp.com\/correiodasemana.com\/site\/wp-content\/uploads\/2020\/07\/WhatsApp-Image-2020-07-16-at-16.53.43.jpeg?resize=350%2C200&ssl=1","width":350,"height":200,"srcset":"https:\/\/i0.wp.com\/correiodasemana.com\/site\/wp-content\/uploads\/2020\/07\/WhatsApp-Image-2020-07-16-at-16.53.43.jpeg?resize=350%2C200&ssl=1 1x, https:\/\/i0.wp.com\/correiodasemana.com\/site\/wp-content\/uploads\/2020\/07\/WhatsApp-Image-2020-07-16-at-16.53.43.jpeg?resize=525%2C300&ssl=1 1.5x, https:\/\/i0.wp.com\/correiodasemana.com\/site\/wp-content\/uploads\/2020\/07\/WhatsApp-Image-2020-07-16-at-16.53.43.jpeg?resize=700%2C400&ssl=1 2x"},"classes":[]},{"id":26073,"url":"https:\/\/correiodasemana.com\/site\/enel-conta-de-energia-podera-ser-paga-com-pix-saiba-como\/","url_meta":{"origin":12842,"position":4},"title":"Enel: conta de energia poder\u00e1 ser paga com Pix; saiba como","author":"adminredacao","date":"Agosto 14, 2023","format":false,"excerpt":"Novo campo do PIX est\u00e1 localizado acima do c\u00f3digo de barras para pagamento banc\u00e1rio A conta de energia da Enel Distribui\u00e7\u00e3o Cear\u00e1 poder\u00e1 ser paga pelo Pix. Neste primeiro momento, o campo estar\u00e1 sinalizado com uma mensagem informando que o QR Code para pagamento ser\u00e1 disponibilizado em breve. Nesse novo\u2026","rel":"","context":"In &quot;Atualidade&quot;","block_context":{"text":"Atualidade","link":"https:\/\/correiodasemana.com\/site\/category\/atualidade\/"},"img":{"alt_text":"","src":"https:\/\/i0.wp.com\/correiodasemana.com\/site\/wp-content\/uploads\/2023\/08\/aaaa-1.jpg?resize=350%2C200&ssl=1","width":350,"height":200,"srcset":"https:\/\/i0.wp.com\/correiodasemana.com\/site\/wp-content\/uploads\/2023\/08\/aaaa-1.jpg?resize=350%2C200&ssl=1 1x, https:\/\/i0.wp.com\/correiodasemana.com\/site\/wp-content\/uploads\/2023\/08\/aaaa-1.jpg?resize=525%2C300&ssl=1 1.5x"},"classes":[]},{"id":26267,"url":"https:\/\/correiodasemana.com\/site\/transforme-o-seu-carro\/","url_meta":{"origin":12842,"position":5},"title":"Transforme o seu CARRO","author":"","date":"Agosto 25, 2023","format":false,"excerpt":"Transforme Seu Carro! D\u00ea a Ele o Cuidado que Merece no Nosso Centro de Est\u00e9tica MA! Voc\u00ea ama o seu carro, n\u00e3o ama? Ele te leva para todos os lugares, enfrenta o tr\u00e2nsito di\u00e1rio e te acompanha em todas as aventuras. Agora \u00e9 a hora de retribuir todo esse amor\u2026","rel":"","context":"In &quot;Atualidade&quot;","block_context":{"text":"Atualidade","link":"https:\/\/correiodasemana.com\/site\/category\/atualidade\/"},"img":{"alt_text":"","src":"https:\/\/i0.wp.com\/correiodasemana.com\/site\/wp-content\/uploads\/2023\/08\/Screenshot_20230825_083135_WhatsApp.jpg?resize=350%2C200&ssl=1","width":350,"height":200,"srcset":"https:\/\/i0.wp.com\/correiodasemana.com\/site\/wp-content\/uploads\/2023\/08\/Screenshot_20230825_083135_WhatsApp.jpg?resize=350%2C200&ssl=1 1x, https:\/\/i0.wp.com\/correiodasemana.com\/site\/wp-content\/uploads\/2023\/08\/Screenshot_20230825_083135_WhatsApp.jpg?resize=525%2C300&ssl=1 1.5x, https:\/\/i0.wp.com\/correiodasemana.com\/site\/wp-content\/uploads\/2023\/08\/Screenshot_20230825_083135_WhatsApp.jpg?resize=700%2C400&ssl=1 2x, https:\/\/i0.wp.com\/correiodasemana.com\/site\/wp-content\/uploads\/2023\/08\/Screenshot_20230825_083135_WhatsApp.jpg?resize=1050%2C600&ssl=1 3x"},"classes":[]}],"jetpack_sharing_enabled":true,"_links":{"self":[{"href":"https:\/\/correiodasemana.com\/site\/wp-json\/wp\/v2\/posts\/12842","targetHints":{"allow":["GET"]}}],"collection":[{"href":"https:\/\/correiodasemana.com\/site\/wp-json\/wp\/v2\/posts"}],"about":[{"href":"https:\/\/correiodasemana.com\/site\/wp-json\/wp\/v2\/types\/post"}],"author":[{"embeddable":true,"href":"https:\/\/correiodasemana.com\/site\/wp-json\/wp\/v2\/users\/1"}],"replies":[{"embeddable":true,"href":"https:\/\/correiodasemana.com\/site\/wp-json\/wp\/v2\/comments?post=12842"}],"version-history":[{"count":3,"href":"https:\/\/correiodasemana.com\/site\/wp-json\/wp\/v2\/posts\/12842\/revisions"}],"predecessor-version":[{"id":21314,"href":"https:\/\/correiodasemana.com\/site\/wp-json\/wp\/v2\/posts\/12842\/revisions\/21314"}],"wp:featuredmedia":[{"embeddable":true,"href":"https:\/\/correiodasemana.com\/site\/wp-json\/wp\/v2\/media\/12843"}],"wp:attachment":[{"href":"https:\/\/correiodasemana.com\/site\/wp-json\/wp\/v2\/media?parent=12842"}],"wp:term":[{"taxonomy":"category","embeddable":true,"href":"https:\/\/correiodasemana.com\/site\/wp-json\/wp\/v2\/categories?post=12842"},{"taxonomy":"post_tag","embeddable":true,"href":"https:\/\/correiodasemana.com\/site\/wp-json\/wp\/v2\/tags?post=12842"}],"curies":[{"name":"wp","href":"https:\/\/api.w.org\/{rel}","templated":true}]}}