{"id":12845,"date":"2020-08-17T01:30:34","date_gmt":"2020-08-17T04:30:34","guid":{"rendered":"https:\/\/correiodasemana.com\/site\/?p=12845"},"modified":"2020-08-17T01:30:34","modified_gmt":"2020-08-17T04:30:34","slug":"em-tempo-44","status":"publish","type":"post","link":"https:\/\/correiodasemana.com\/site\/em-tempo-44\/","title":{"rendered":"Em Tempo"},"content":{"rendered":"<p><strong>Governo decreta emerg\u00eancia ambiental<\/strong><br \/>\n\u00c9 a primeira vez na hist\u00f3ria que isso acontece. O governo\u00a0Cear\u00e1 decretou, no dia 27 de julho, estado de emerg\u00eancia ambiental para refor\u00e7o no combate aos inc\u00eandios florestais e queimadas, mais frequentes no segundo semestre do ano. A medida vale at\u00e9 janeiro de 2021.<br \/>\nCom o decreto e com base em dados t\u00e9cnico-cient\u00edficos de monitoramento de focos de calor, a Secretaria do Meio Ambiente do Cear\u00e1 (Sema) fica autorizada a contratar uma brigada especializada na preven\u00e7\u00e3o e combate a inc\u00eandios florestais, para as unidades de conserva\u00e7\u00e3o.<\/p>\n<p><strong>Chuva de meteoros Perseidas no Cear\u00e1<\/strong><br \/>\nEntre os dias 11 e 13 de agosto foi poss\u00edvel observar no Cear\u00e1, pela proximidade com a linha do Equador, a chuva de meteoros Perseidas, com o registro de at\u00e9 100 pontos luminosos por hora. O fen\u00f4meno astron\u00f4mico \u00e9 comum e acontece todos os anos, a partir de julho.<br \/>\nO estado teve vis\u00e3o privilegiada em rela\u00e7\u00e3o a outras regi\u00f5es do Brasil. Os fragmentos de cometa come\u00e7aram a ficar vis\u00edveis a partir de 1h da madrugada de 11 de agosto. A denomina\u00e7\u00e3o Perseidas vem da constela\u00e7\u00e3o Perseus, ponto de onde parece irradiar essa chuva de meteoros.<\/p>\n<p><strong>Concurso de Fotografia de Celular MFF<\/strong><\/p>\n<p><img fetchpriority=\"high\" decoding=\"async\" class=\"alignleft size-full wp-image-12846\" src=\"https:\/\/correiodasemana.com\/site\/wp-content\/uploads\/2020\/08\/museu-da-fotografia.jpg\" alt=\"\" width=\"984\" height=\"554\" srcset=\"https:\/\/correiodasemana.com\/site\/wp-content\/uploads\/2020\/08\/museu-da-fotografia.jpg 984w, https:\/\/correiodasemana.com\/site\/wp-content\/uploads\/2020\/08\/museu-da-fotografia-300x169.jpg 300w, https:\/\/correiodasemana.com\/site\/wp-content\/uploads\/2020\/08\/museu-da-fotografia-768x432.jpg 768w\" sizes=\"(max-width: 984px) 100vw, 984px\" \/><br \/>\nFoto \u2013 Fabiane de Paula\/SVM<br \/>\nMuseu na Rua Frederico Borges,545, Varjota. No Instagram @museudafotografiafortaleza)<br \/>\nMuseu da Fotografia Fortaleza apresenta a primeira edi\u00e7\u00e3o do Concurso de Fotografia de Celular MFF, com o tema \u201cde onde vem a luz?\u201d.\u00a0 Cronograma: sele\u00e7\u00e3o das fotografias, entre os dias 14 e 18; divulga\u00e7\u00e3o do resultado, dia 19; exposi\u00e7\u00e3o virtual, de 24 a 28 de agosto.<br \/>\nO objetivo \u00e9 estimular o fazer art\u00edstico, a criatividade dos fot\u00f3grafos profissionais e amadores com o uso de smartphones. A iniciativa marca o Dia Mundial da Fotografia, celebrado no dia 19 de agosto, com a aprecia\u00e7\u00e3o dos trabalhos finalistas submetidos ao concurso.<\/p>\n<p><strong>Brasil tem 147,9 milh\u00f5es de eleitores<\/strong><br \/>\nDados divulgados, no dia 5 de agosto, pelo presidente do Tribunal Superior Eleitoral, ministro Lu\u00eds Roberto Barroso, mostram que\u00a0147.918.483\u00a0eleitores est\u00e3o aptos para as elei\u00e7\u00f5es de 15 de novembro. Esses eleitores eleger\u00e3o prefeitos e vereadores em 5.569 munic\u00edpios.<br \/>\nApenas o Distrito Federal e Fernando de Noronha n\u00e3o participam das elei\u00e7\u00f5es municipais. Os eleitores brasileiros que est\u00e3o registrados para votar no exterior tamb\u00e9m n\u00e3o participam desse pleito, uma vez que o voto em tr\u00e2nsito s\u00f3 ocorre nas elei\u00e7\u00f5es gerais.<\/p>\n<p><strong>P\u00f3s-Gradua\u00e7\u00e3o em Engenharia Agr\u00edcola<\/strong><br \/>\nO Programa de P\u00f3s-Gradua\u00e7\u00e3o em Engenharia Agr\u00edcola da Universidade Federal do Cear\u00e1 (UFC) abriu\u00a0edital de sele\u00e7\u00e3o\u00a0para os cursos de mestrado e doutorado, com sete vagas no total. Candidatos podem se inscrever at\u00e9 19 de agosto, por meio de formul\u00e1rio eletr\u00f4nico.<br \/>\nS\u00e3o tr\u00eas vagas para o mestrado, nas linhas de pesquisa\u00a0Ambi\u00eancia Agr\u00edcola,\u00a0Salinidade e Drenagem\u00a0e\u00a0Hidrologia e Hidrossedimentologia; e quatro vagas para o doutorado, distribu\u00eddas nas linhas de pesquisa\u00a0Ambi\u00eancia Agr\u00edcola\u00a0e\u00a0Hidrologia e Hidrossedimentologia.<\/p>\n<p><strong>Dica da Coluna<\/strong><br \/>\nLeia o Blog do Edilson (www.blogdoedilson.com.br). Cultura, educa\u00e7\u00e3o, pol\u00edtica e utilidade p\u00fablica.<\/p>\n","protected":false},"excerpt":{"rendered":"<p>Governo decreta emerg\u00eancia ambiental \u00c9 a primeira vez na hist\u00f3ria que isso acontece. O governo\u00a0Cear\u00e1&#8230;<\/p>\n","protected":false},"author":1,"featured_media":10199,"comment_status":"open","ping_status":"open","sticky":false,"template":"","format":"standard","meta":{"_jetpack_memberships_contains_paid_content":false,"footnotes":"","jetpack_publicize_message":"","jetpack_publicize_feature_enabled":true,"jetpack_social_post_already_shared":true,"jetpack_social_options":{"image_generator_settings":{"template":"highway","default_image_id":0,"font":"","enabled":false},"version":2}},"categories":[11,36],"tags":[],"class_list":["post-12845","post","type-post","status-publish","format-standard","has-post-thumbnail","hentry","category-artigos","category-em-tempo"],"jetpack_publicize_connections":[],"jetpack_featured_media_url":"https:\/\/correiodasemana.com\/site\/wp-content\/uploads\/2019\/12\/FOTO-EDILSON-SILVA-2.jpg","jetpack-related-posts":[{"id":17544,"url":"https:\/\/correiodasemana.com\/site\/ceara-registra-35-cidades-em-situacao-de-emergencia-devido-a-seca-ou-chuvas-intensas\/","url_meta":{"origin":12845,"position":0},"title":"Cear\u00e1 registra 35 cidades em situa\u00e7\u00e3o de emerg\u00eancia devido \u00e0 seca ou chuvas intensas","author":"","date":"Setembro 19, 2021","format":false,"excerpt":"Por Samuel Carvalho - Reda\u00e7\u00e3o Correio da Semana O Minist\u00e9rio do Desenvolvimento Regional (MDR) nesta segunda-feira (13) declarou situa\u00e7\u00e3o de emerg\u00eancia mais em tr\u00eas munic\u00edpios cearenses, Cascavel, Independ\u00eancia e Santa Quit\u00e9ria, devido a problemas de estiagem ou seca. Ao todo s\u00e3o 35 cidades que que tamb\u00e9m est\u00e3o com situa\u00e7\u00e3o de\u2026","rel":"","context":"In &quot;Atualidade&quot;","block_context":{"text":"Atualidade","link":"https:\/\/correiodasemana.com\/site\/category\/atualidade\/"},"img":{"alt_text":"","src":"https:\/\/i0.wp.com\/correiodasemana.com\/site\/wp-content\/uploads\/2021\/09\/seca-ne.jpg?resize=350%2C200&ssl=1","width":350,"height":200,"srcset":"https:\/\/i0.wp.com\/correiodasemana.com\/site\/wp-content\/uploads\/2021\/09\/seca-ne.jpg?resize=350%2C200&ssl=1 1x, https:\/\/i0.wp.com\/correiodasemana.com\/site\/wp-content\/uploads\/2021\/09\/seca-ne.jpg?resize=525%2C300&ssl=1 1.5x, https:\/\/i0.wp.com\/correiodasemana.com\/site\/wp-content\/uploads\/2021\/09\/seca-ne.jpg?resize=700%2C400&ssl=1 2x, https:\/\/i0.wp.com\/correiodasemana.com\/site\/wp-content\/uploads\/2021\/09\/seca-ne.jpg?resize=1050%2C600&ssl=1 3x"},"classes":[]},{"id":12447,"url":"https:\/\/correiodasemana.com\/site\/corpo-de-bombeiros-atende-oito-ocorrencias-de-incendio-em-vegetacao-em-24-horas-na-cidade-de-sobral\/","url_meta":{"origin":12845,"position":1},"title":"Corpo de Bombeiros atende oito ocorr\u00eancias de inc\u00eandio em vegeta\u00e7\u00e3o em 24 horas na cidade de Sobral","author":"","date":"Agosto 3, 2020","format":false,"excerpt":"O Corpo de Bombeiros Militar do Estado do Cear\u00e1 (CBMCE), por meio da 1\u00aa Companhia do 3\u00ba Batalh\u00e3o de Bombeiro Militar (1\u00aa Cia\/3\u00baBBM), sediado em Sobral, atendeu nas \u00faltimas 24 horas, oito ocorr\u00eancias envolvendo inc\u00eandios em vegeta\u00e7\u00e3o. Todas a\u00e7\u00f5es ocorreram no munic\u00edpio de Sobral \u2013 \u00c1rea Integrada de Seguran\u00e7a 14\u2026","rel":"","context":"In &quot;Atualidade&quot;","block_context":{"text":"Atualidade","link":"https:\/\/correiodasemana.com\/site\/category\/atualidade\/"},"img":{"alt_text":"","src":"https:\/\/i0.wp.com\/correiodasemana.com\/site\/wp-content\/uploads\/2020\/08\/CBMCE-CBMCE-atende-oito-ocorr%C3%AAncias-de-inc%C3%AAndio-em-vegeta%C3%A7%C3%A3o-em-24-horas-no-munic%C3%ADpio-de-Sobral-600x338-1.jpg?resize=350%2C200&ssl=1","width":350,"height":200,"srcset":"https:\/\/i0.wp.com\/correiodasemana.com\/site\/wp-content\/uploads\/2020\/08\/CBMCE-CBMCE-atende-oito-ocorr%C3%AAncias-de-inc%C3%AAndio-em-vegeta%C3%A7%C3%A3o-em-24-horas-no-munic%C3%ADpio-de-Sobral-600x338-1.jpg?resize=350%2C200&ssl=1 1x, https:\/\/i0.wp.com\/correiodasemana.com\/site\/wp-content\/uploads\/2020\/08\/CBMCE-CBMCE-atende-oito-ocorr%C3%AAncias-de-inc%C3%AAndio-em-vegeta%C3%A7%C3%A3o-em-24-horas-no-munic%C3%ADpio-de-Sobral-600x338-1.jpg?resize=525%2C300&ssl=1 1.5x"},"classes":[]},{"id":13077,"url":"https:\/\/correiodasemana.com\/site\/corpo-de-bombeiros-debela-19-incendios-em-vegetacao-num-periodo-de-24-horas-em-sobral-2\/","url_meta":{"origin":12845,"position":2},"title":"Corpo de Bombeiros debela 19 inc\u00eandios em vegeta\u00e7\u00e3o num per\u00edodo de 24 horas em Sobral","author":"","date":"Agosto 24, 2020","format":false,"excerpt":"Foram 17 chamados para inc\u00eandio em vegeta\u00e7\u00e3o e duas ocorr\u00eancias de inc\u00eandio em monturo O Corpo de Bombeiros Militar do Estado do Cear\u00e1 (CBMCE), por meio da 1\u00aa Companhia do 3\u00ba Batalh\u00e3o de Bombeiro Militar (1\u00aa Cia\/3\u00ba BBM), sediado em Sobral, atuou em 19 ocorr\u00eancias de inc\u00eandios num per\u00edodo de\u2026","rel":"","context":"In &quot;Atualidade&quot;","block_context":{"text":"Atualidade","link":"https:\/\/correiodasemana.com\/site\/category\/atualidade\/"},"img":{"alt_text":"","src":"https:\/\/i0.wp.com\/correiodasemana.com\/site\/wp-content\/uploads\/2020\/08\/WhatsApp-Image-2020-08-20-at-13.31.42.jpeg?resize=350%2C200&ssl=1","width":350,"height":200,"srcset":"https:\/\/i0.wp.com\/correiodasemana.com\/site\/wp-content\/uploads\/2020\/08\/WhatsApp-Image-2020-08-20-at-13.31.42.jpeg?resize=350%2C200&ssl=1 1x, https:\/\/i0.wp.com\/correiodasemana.com\/site\/wp-content\/uploads\/2020\/08\/WhatsApp-Image-2020-08-20-at-13.31.42.jpeg?resize=525%2C300&ssl=1 1.5x"},"classes":[]},{"id":12877,"url":"https:\/\/correiodasemana.com\/site\/corpo-de-bombeiros-debela-19-incendios-em-vegetacao-num-periodo-de-24-horas-em-sobral\/","url_meta":{"origin":12845,"position":3},"title":"Corpo de Bombeiros debela 19 inc\u00eandios em vegeta\u00e7\u00e3o num per\u00edodo de 24 horas em Sobral","author":"","date":"Agosto 17, 2020","format":false,"excerpt":"O Corpo de Bombeiros Militar do Estado do Cear\u00e1 (CBMCE), por meio da 1\u00aa Companhia do 3\u00ba Batalh\u00e3o de Bombeiro Militar (1\u00aa Cia\/3\u00ba BBM), sediado em Sobral, atuou em 19 ocorr\u00eancias de inc\u00eandios num per\u00edodo de 24 horas. Foram 17 chamados para inc\u00eandio em vegeta\u00e7\u00e3o e duas ocorr\u00eancias de inc\u00eandio\u2026","rel":"","context":"In &quot;Atualidade&quot;","block_context":{"text":"Atualidade","link":"https:\/\/correiodasemana.com\/site\/category\/atualidade\/"},"img":{"alt_text":"","src":"https:\/\/i0.wp.com\/correiodasemana.com\/site\/wp-content\/uploads\/2020\/08\/CBMCE-CBMCE-debela-em-24-horas-19-incendios-em-vegetacao-no-municipio-de-Sobral-600x277-1.jpg?resize=350%2C200&ssl=1","width":350,"height":200,"srcset":"https:\/\/i0.wp.com\/correiodasemana.com\/site\/wp-content\/uploads\/2020\/08\/CBMCE-CBMCE-debela-em-24-horas-19-incendios-em-vegetacao-no-municipio-de-Sobral-600x277-1.jpg?resize=350%2C200&ssl=1 1x, https:\/\/i0.wp.com\/correiodasemana.com\/site\/wp-content\/uploads\/2020\/08\/CBMCE-CBMCE-debela-em-24-horas-19-incendios-em-vegetacao-no-municipio-de-Sobral-600x277-1.jpg?resize=525%2C300&ssl=1 1.5x"},"classes":[]},{"id":32015,"url":"https:\/\/correiodasemana.com\/site\/como-combater-as-queimadas-florestais\/","url_meta":{"origin":12845,"position":4},"title":"Como Combater as Queimadas Florestais","author":"adminredacao","date":"Janeiro 15, 2025","format":false,"excerpt":"Temos visto nos notici\u00e1rios, a ocorr\u00eancia de in\u00fameros inc\u00eandios florestais na Amaz\u00f4nia, no Pantanal e, tamb\u00e9m, no Estado de S\u00e3o Paulo. No per\u00edodo de estiagem, o risco de inc\u00eandios florestais se intensifica drasticamente, pois o fogo pode alastrar-se rapidamente por extensas \u00e1reas vegetadas, em um curto per\u00edodo de tempo. Al\u00e9m\u2026","rel":"","context":"In &quot;Artigos&quot;","block_context":{"text":"Artigos","link":"https:\/\/correiodasemana.com\/site\/category\/artigos\/"},"img":{"alt_text":"","src":"https:\/\/i0.wp.com\/correiodasemana.com\/site\/wp-content\/uploads\/2021\/08\/Salmito-Campos.jpg?resize=350%2C200&ssl=1","width":350,"height":200,"srcset":"https:\/\/i0.wp.com\/correiodasemana.com\/site\/wp-content\/uploads\/2021\/08\/Salmito-Campos.jpg?resize=350%2C200&ssl=1 1x, https:\/\/i0.wp.com\/correiodasemana.com\/site\/wp-content\/uploads\/2021\/08\/Salmito-Campos.jpg?resize=525%2C300&ssl=1 1.5x, https:\/\/i0.wp.com\/correiodasemana.com\/site\/wp-content\/uploads\/2021\/08\/Salmito-Campos.jpg?resize=700%2C400&ssl=1 2x, https:\/\/i0.wp.com\/correiodasemana.com\/site\/wp-content\/uploads\/2021\/08\/Salmito-Campos.jpg?resize=1050%2C600&ssl=1 3x, https:\/\/i0.wp.com\/correiodasemana.com\/site\/wp-content\/uploads\/2021\/08\/Salmito-Campos.jpg?resize=1400%2C800&ssl=1 4x"},"classes":[]},{"id":16619,"url":"https:\/\/correiodasemana.com\/site\/em-tempo-84\/","url_meta":{"origin":12845,"position":5},"title":"Em Tempo","author":"","date":"Maio 31, 2021","format":false,"excerpt":"IFCE oferta 280 vagas em cursos t\u00e9cnicos Foi lan\u00e7ado o edital do processo seletivo para os cursos t\u00e9cnicos do campus de Sobral do Instituto Federal do Cear\u00e1 (IFCE), referente ao semestre 2021.1, previsto para iniciar no dia 8 de setembro. As inscri\u00e7\u00f5es ser\u00e3o recebidas at\u00e9 4 de junho, exclusivamente pela\u2026","rel":"","context":"In &quot;Artigos&quot;","block_context":{"text":"Artigos","link":"https:\/\/correiodasemana.com\/site\/category\/artigos\/"},"img":{"alt_text":"","src":"https:\/\/i0.wp.com\/correiodasemana.com\/site\/wp-content\/uploads\/2019\/12\/FOTO-EDILSON-SILVA-2.jpg?resize=350%2C200&ssl=1","width":350,"height":200,"srcset":"https:\/\/i0.wp.com\/correiodasemana.com\/site\/wp-content\/uploads\/2019\/12\/FOTO-EDILSON-SILVA-2.jpg?resize=350%2C200&ssl=1 1x, https:\/\/i0.wp.com\/correiodasemana.com\/site\/wp-content\/uploads\/2019\/12\/FOTO-EDILSON-SILVA-2.jpg?resize=525%2C300&ssl=1 1.5x, https:\/\/i0.wp.com\/correiodasemana.com\/site\/wp-content\/uploads\/2019\/12\/FOTO-EDILSON-SILVA-2.jpg?resize=700%2C400&ssl=1 2x"},"classes":[]}],"jetpack_sharing_enabled":true,"_links":{"self":[{"href":"https:\/\/correiodasemana.com\/site\/wp-json\/wp\/v2\/posts\/12845","targetHints":{"allow":["GET"]}}],"collection":[{"href":"https:\/\/correiodasemana.com\/site\/wp-json\/wp\/v2\/posts"}],"about":[{"href":"https:\/\/correiodasemana.com\/site\/wp-json\/wp\/v2\/types\/post"}],"author":[{"embeddable":true,"href":"https:\/\/correiodasemana.com\/site\/wp-json\/wp\/v2\/users\/1"}],"replies":[{"embeddable":true,"href":"https:\/\/correiodasemana.com\/site\/wp-json\/wp\/v2\/comments?post=12845"}],"version-history":[{"count":1,"href":"https:\/\/correiodasemana.com\/site\/wp-json\/wp\/v2\/posts\/12845\/revisions"}],"predecessor-version":[{"id":12847,"href":"https:\/\/correiodasemana.com\/site\/wp-json\/wp\/v2\/posts\/12845\/revisions\/12847"}],"wp:featuredmedia":[{"embeddable":true,"href":"https:\/\/correiodasemana.com\/site\/wp-json\/wp\/v2\/media\/10199"}],"wp:attachment":[{"href":"https:\/\/correiodasemana.com\/site\/wp-json\/wp\/v2\/media?parent=12845"}],"wp:term":[{"taxonomy":"category","embeddable":true,"href":"https:\/\/correiodasemana.com\/site\/wp-json\/wp\/v2\/categories?post=12845"},{"taxonomy":"post_tag","embeddable":true,"href":"https:\/\/correiodasemana.com\/site\/wp-json\/wp\/v2\/tags?post=12845"}],"curies":[{"name":"wp","href":"https:\/\/api.w.org\/{rel}","templated":true}]}}