{"id":12848,"date":"2020-08-17T01:32:06","date_gmt":"2020-08-17T04:32:06","guid":{"rendered":"https:\/\/correiodasemana.com\/site\/?p=12848"},"modified":"2020-08-17T01:32:06","modified_gmt":"2020-08-17T04:32:06","slug":"quinze-de-agosto","status":"publish","type":"post","link":"https:\/\/correiodasemana.com\/site\/quinze-de-agosto\/","title":{"rendered":"Quinze de Agosto"},"content":{"rendered":"<p>Para mim ou para boa parte dos guaraciabenses, dizer dia 15 \u00e9 referir-se a 15 de agosto, pois \u00e9 a Festa da Padroeira, Nossa Senhora dos Prazeres. Este ano o festejo foi feito em nossas casas. Pelo r\u00e1dio e pela internet participamos as celebra\u00e7\u00f5es, mas, hoje, haver\u00e1 prociss\u00e3o. Sem acompanhamento. O P\u00e1roco, Frei Santiago, OAR, em carro aberto, conduzir\u00e1 a imagem mais antiga da padroeira pelas ruas da cidade. Que Nossa Senhora, M\u00e3e que \u00e9 da humanidade, nos aben\u00e7oe e rogue a Deus pelo fim da pandemia.<br \/>\nMas, 15 de agosto \u00e9, tamb\u00e9m, data especial para a Congrega\u00e7\u00e3o das Irm\u00e3s Mission\u00e1rias Reparadoras do Cora\u00e7\u00e3o de Jesus. Foi num 15 de agosto que o Servo de Deus Joaquim Arn\u00f3bio de Andrade, sacerdote cat\u00f3lico, p\u00f4s em pr\u00e1tica o seu sonho de criar uma Congrega\u00e7\u00e3o de Religiosas que se dedicassem \u00e0 ora\u00e7\u00e3o, repara\u00e7\u00e3o ao Sagrado Cora\u00e7\u00e3o de Jesus e \u00e0s atividades da Santa Madre Igreja Cat\u00f3lica Apost\u00f3lica Romana. Era 15 de agosto de 1957. O carisma da Congrega\u00e7\u00e3o \u00e9 sintetizado no slogan: Amor\/ Repara\u00e7\u00e3o\/ Evangeliza\u00e7\u00e3o. Era o bispado de Dom Jos\u00e9 Tupinamb\u00e1 da Frota. As Irm\u00e3s, atualmente, contam com casas nas dioceses de Sobral, Tiangu\u00e1, Itapipoca, al\u00e9m das arquidioceses de Fortaleza, Rio de Janeiro e Olinda e Recife.<br \/>\nA Congrega\u00e7\u00e3o fundada h\u00e1 63 anos, foi se consolidando aos poucos. Em 7 de julho de 1959, Dom Jos\u00e9 Tupinamb\u00e1 da Frota aprovou os Estatutos da Congrega\u00e7\u00e3o e ao final escreveu: \u201cQueira o Sagrado Cora\u00e7\u00e3o de Jesus, a quem o novo sodal\u00edcio quer louvar de modo particular, transform\u00e1-lo um dia em Congrega\u00e7\u00e3o Religiosa, como deseja seu fundador, logo que a Santa S\u00e9, no seu alto crit\u00e9rio, o haja por bem\u201d.<br \/>\nDom Jos\u00e9 Tupinamb\u00e1 da Frota, emitiu Decreto, datado de 22 de julho de 1959, oficializando a ere\u00e7\u00e3o can\u00f4nica de uma Congrega\u00e7\u00e3o Diocesana, tendo por finalidade principal dar gl\u00f3ria a Deus, santificando seus membros em obras de apostolado: \u201cHavemos por bem erigir, como pelo presente DECRETO erigimos em Congrega\u00e7\u00e3o Diocesana o referido Instituto, com estatutos pr\u00f3prios por N\u00f3s examinados e aprovados&#8230; Dada e passada nesta nossa cidade episcopal de Sobral, aos vinte e dois de julho de 1959\u00a0\u2020\u00a0Jos\u00e9, Bispo Diocesano\u201d.<br \/>\nEm 1983 veio o reconhecimento da Congrega\u00e7\u00e3o para os Religiosos e Institutos Seculares da Santa S\u00e9 e a confirma\u00e7\u00e3o por parte da Diocese de Sobral j\u00e1 tendo por Bispo Dom Wlafrido Teixeira Vieira.<br \/>\nMenos de um ano ap\u00f3s a cria\u00e7\u00e3o da Congrega\u00e7\u00e3o, em Guaraciaba do Norte, o Mons. Antonino Cordeiro Soares, homem de profunda santidade, dava in\u00edcio aos procedimentos para criar uma Escola que, nos seus estatutos previa a administra\u00e7\u00e3o por religiosas. Em 1958, o Bispo Diocesano de Sobral deferia requerimento do Pe. Antonino para a instala\u00e7\u00e3o do \u201cPatronato Benjamin Soares\u201d, no atual pr\u00e9dio, com o seguinte despacho: \u201cCom a m\u00e1xima satisfa\u00e7\u00e3o concedemos a licen\u00e7a pedida, devendo ser registrada no Livro do Tombo. Sobral, 21 de julho de 1958.\u00a0\u2020\u00a0Jos\u00e9, Bispo Diocesano\u201d.\u00a0 Ressalte-se que a Escola j\u00e1 existia desde 1955. A Escola foi dirigida por duas congrega\u00e7\u00f5es religiosas at\u00e9\u00a0quando chegou foi entregue pelo ent\u00e3o P\u00e1roco e fundador, \u00e0s Irm\u00e3s Mission\u00e1rias Reparadoras do Cora\u00e7\u00e3o de Jesus que h\u00e1 mais de 42 anos tem feito um grande trabalho, merecedor de elogios e reconhecimento de todos. Ex-aluno que sou, manifesto agradecimentos \u00e0s Irm\u00e3s!<br \/>\nFeliz 15 de agosto!<\/p>\n","protected":false},"excerpt":{"rendered":"<p>Para mim ou para boa parte dos guaraciabenses, dizer dia 15 \u00e9 referir-se a 15&#8230;<\/p>\n","protected":false},"author":1,"featured_media":7874,"comment_status":"open","ping_status":"open","sticky":false,"template":"","format":"standard","meta":{"_jetpack_memberships_contains_paid_content":false,"footnotes":"","jetpack_publicize_message":"","jetpack_publicize_feature_enabled":true,"jetpack_social_post_already_shared":true,"jetpack_social_options":{"image_generator_settings":{"template":"highway","default_image_id":0,"font":"","enabled":false},"version":2}},"categories":[11,41],"tags":[],"class_list":["post-12848","post","type-post","status-publish","format-standard","has-post-thumbnail","hentry","category-artigos","category-jose-luis-lira"],"jetpack_publicize_connections":[],"jetpack_featured_media_url":"https:\/\/correiodasemana.com\/site\/wp-content\/uploads\/2018\/02\/Jose\u0301-1.jpg","jetpack-related-posts":[{"id":30424,"url":"https:\/\/correiodasemana.com\/site\/congregacao-das-missionarias-reparadoras-do-coracao-de-jesus-celebra-67-anos-de-criacao\/","url_meta":{"origin":12848,"position":0},"title":"Congrega\u00e7\u00e3o das Mission\u00e1rias Reparadoras do Cora\u00e7\u00e3o de Jesus celebra 67 anos de cria\u00e7\u00e3o","author":"adminredacao","date":"Agosto 19, 2024","format":false,"excerpt":"Na \u00faltima quinta-feira, 15 de agosto, as Irm\u00e3s Reparadoras Mission\u00e1rias do Cora\u00e7\u00e3o de Jesus participaram da Missa em A\u00e7\u00e3o de Gra\u00e7as pelos 67 anos de cria\u00e7\u00e3o da congrega\u00e7\u00e3o na Capela do Menino Deus em Sobral. A celebra\u00e7\u00e3o eucar\u00edstica foi presidida por Pe. Eufr\u00e1zio Filho, capel\u00e3o. Em 15 de agosto de\u2026","rel":"","context":"In &quot;Atualidade&quot;","block_context":{"text":"Atualidade","link":"https:\/\/correiodasemana.com\/site\/category\/atualidade\/"},"img":{"alt_text":"","src":"https:\/\/i0.wp.com\/correiodasemana.com\/site\/wp-content\/uploads\/2024\/08\/WhatsApp-Image-2024-08-17-at-13.18.46-1.jpeg?resize=350%2C200&ssl=1","width":350,"height":200,"srcset":"https:\/\/i0.wp.com\/correiodasemana.com\/site\/wp-content\/uploads\/2024\/08\/WhatsApp-Image-2024-08-17-at-13.18.46-1.jpeg?resize=350%2C200&ssl=1 1x, https:\/\/i0.wp.com\/correiodasemana.com\/site\/wp-content\/uploads\/2024\/08\/WhatsApp-Image-2024-08-17-at-13.18.46-1.jpeg?resize=525%2C300&ssl=1 1.5x, https:\/\/i0.wp.com\/correiodasemana.com\/site\/wp-content\/uploads\/2024\/08\/WhatsApp-Image-2024-08-17-at-13.18.46-1.jpeg?resize=700%2C400&ssl=1 2x, https:\/\/i0.wp.com\/correiodasemana.com\/site\/wp-content\/uploads\/2024\/08\/WhatsApp-Image-2024-08-17-at-13.18.46-1.jpeg?resize=1050%2C600&ssl=1 3x, https:\/\/i0.wp.com\/correiodasemana.com\/site\/wp-content\/uploads\/2024\/08\/WhatsApp-Image-2024-08-17-at-13.18.46-1.jpeg?resize=1400%2C800&ssl=1 4x"},"classes":[]},{"id":8745,"url":"https:\/\/correiodasemana.com\/site\/servo-de-deus-6\/","url_meta":{"origin":12848,"position":1},"title":"SERVO DE DEUS","author":"","date":"Agosto 17, 2019","format":false,"excerpt":"Ir. Carminda Am\u00e9lia Carvalho Alves, mrcj REPARADORAS: UMA CONGREGA\u00c7\u00c3O DIOCESANA \u201cMission\u00e1rias com amor reparai As ofensas ao seu Cora\u00e7\u00e3o, Desagravo perene ao Senhor De almas simples que pedem perd\u00e3o\u201d. DIA 15 DE AGOSTO: 62 ANOS DAS MISSION\u00c1RIAS REPARADORAS DO CORA\u00c7\u00c3O DE JESUS. A Congrega\u00e7\u00e3o das Mission\u00e1rias Reparadoras do Cora\u00e7\u00e3o de\u2026","rel":"","context":"In &quot;Artigos&quot;","block_context":{"text":"Artigos","link":"https:\/\/correiodasemana.com\/site\/category\/artigos\/"},"img":{"alt_text":"","src":"https:\/\/i0.wp.com\/correiodasemana.com\/site\/wp-content\/uploads\/2019\/08\/68935582_563270077542603_1992048798737629184_n.jpg?resize=350%2C200&ssl=1","width":350,"height":200,"srcset":"https:\/\/i0.wp.com\/correiodasemana.com\/site\/wp-content\/uploads\/2019\/08\/68935582_563270077542603_1992048798737629184_n.jpg?resize=350%2C200&ssl=1 1x, https:\/\/i0.wp.com\/correiodasemana.com\/site\/wp-content\/uploads\/2019\/08\/68935582_563270077542603_1992048798737629184_n.jpg?resize=525%2C300&ssl=1 1.5x, https:\/\/i0.wp.com\/correiodasemana.com\/site\/wp-content\/uploads\/2019\/08\/68935582_563270077542603_1992048798737629184_n.jpg?resize=700%2C400&ssl=1 2x"},"classes":[]},{"id":20728,"url":"https:\/\/correiodasemana.com\/site\/65-anos-de-missao-evangelizadora-1957-2022\/","url_meta":{"origin":12848,"position":2},"title":"65 ANOS DE MISS\u00c3O EVANGELIZADORA &#8211; 1957 -2022","author":"","date":"Agosto 21, 2022","format":false,"excerpt":"Por Ir. Carminda Am\u00e9lia Carvalho Alves, MRCJ - Colaboradora A melhor coisa que eu fiz foi fundar esta Congrega\u00e7\u00e3o, assim disse Padre Arnobio pr\u00f3ximo do seu encontro com o Cora\u00e7\u00e3o de Jesus. Essas palavras pronunciadas com toda a convic\u00e7\u00e3o de que deixava para a Diocese de Sobral e toda a\u2026","rel":"","context":"In &quot;Atualidade&quot;","block_context":{"text":"Atualidade","link":"https:\/\/correiodasemana.com\/site\/category\/atualidade\/"},"img":{"alt_text":"","src":"https:\/\/i0.wp.com\/correiodasemana.com\/site\/wp-content\/uploads\/2022\/08\/PAG-11.jpg?resize=350%2C200&ssl=1","width":350,"height":200,"srcset":"https:\/\/i0.wp.com\/correiodasemana.com\/site\/wp-content\/uploads\/2022\/08\/PAG-11.jpg?resize=350%2C200&ssl=1 1x, https:\/\/i0.wp.com\/correiodasemana.com\/site\/wp-content\/uploads\/2022\/08\/PAG-11.jpg?resize=525%2C300&ssl=1 1.5x, https:\/\/i0.wp.com\/correiodasemana.com\/site\/wp-content\/uploads\/2022\/08\/PAG-11.jpg?resize=700%2C400&ssl=1 2x, https:\/\/i0.wp.com\/correiodasemana.com\/site\/wp-content\/uploads\/2022\/08\/PAG-11.jpg?resize=1050%2C600&ssl=1 3x, https:\/\/i0.wp.com\/correiodasemana.com\/site\/wp-content\/uploads\/2022\/08\/PAG-11.jpg?resize=1400%2C800&ssl=1 4x"},"classes":[]},{"id":9098,"url":"https:\/\/correiodasemana.com\/site\/servo-de-deus-9\/","url_meta":{"origin":12848,"position":3},"title":"SERVO DE DEUS","author":"","date":"Setembro 15, 2019","format":false,"excerpt":"Estamos vivendo um tempo de gra\u00e7a na Diocese de Sobral: a abertura da Causa de Beatifica\u00e7\u00e3o do Servo de Deus Joaquim Arn\u00f3bio de Andrade. \u00c9 um acontecimento eclesial, n\u00e3o somente para a Igreja de Sobral, a Congrega\u00e7\u00e3o das Mission\u00e1rias Reparadoras do Cora\u00e7\u00e3o de Jesus, mas para toda a urbe crist\u00e3,\u2026","rel":"","context":"In &quot;Artigos&quot;","block_context":{"text":"Artigos","link":"https:\/\/correiodasemana.com\/site\/category\/artigos\/"},"img":{"alt_text":"","src":"https:\/\/i0.wp.com\/correiodasemana.com\/site\/wp-content\/uploads\/2019\/07\/T-PA.jpg?resize=350%2C200&ssl=1","width":350,"height":200,"srcset":"https:\/\/i0.wp.com\/correiodasemana.com\/site\/wp-content\/uploads\/2019\/07\/T-PA.jpg?resize=350%2C200&ssl=1 1x, https:\/\/i0.wp.com\/correiodasemana.com\/site\/wp-content\/uploads\/2019\/07\/T-PA.jpg?resize=525%2C300&ssl=1 1.5x, https:\/\/i0.wp.com\/correiodasemana.com\/site\/wp-content\/uploads\/2019\/07\/T-PA.jpg?resize=700%2C400&ssl=1 2x"},"classes":[]},{"id":8834,"url":"https:\/\/correiodasemana.com\/site\/congregacao-em-festa\/","url_meta":{"origin":12848,"position":4},"title":"CONGREGA\u00c7\u00c3O EM FESTA","author":"","date":"Agosto 27, 2019","format":false,"excerpt":"Celebra\u00e7\u00e3o Eucar\u00edstica: 62 anos da Funda\u00e7\u00e3o da Congrega\u00e7\u00e3o das MRCJ, com a presid\u00eancia de Dom Vasconcelos e co-celebrada por Pe. Lucione, as Mission\u00e1rias Reparadoras do Cora\u00e7\u00e3o de Jesus rendem gra\u00e7as a Deus pelos 62 anos de funda\u00e7\u00e3o da Congrega\u00e7\u00e3o, realizada no \u00faltimo dia 15 de agosto, pr\u00f3ximo passado. Na ocasi\u00e3o\u2026","rel":"","context":"In &quot;Diocese&quot;","block_context":{"text":"Diocese","link":"https:\/\/correiodasemana.com\/site\/category\/diocese\/"},"img":{"alt_text":"","src":"https:\/\/i0.wp.com\/correiodasemana.com\/site\/wp-content\/uploads\/2019\/08\/68337769_496117397627764_5191361515097161728_n.jpg?resize=350%2C200&ssl=1","width":350,"height":200,"srcset":"https:\/\/i0.wp.com\/correiodasemana.com\/site\/wp-content\/uploads\/2019\/08\/68337769_496117397627764_5191361515097161728_n.jpg?resize=350%2C200&ssl=1 1x, https:\/\/i0.wp.com\/correiodasemana.com\/site\/wp-content\/uploads\/2019\/08\/68337769_496117397627764_5191361515097161728_n.jpg?resize=525%2C300&ssl=1 1.5x, https:\/\/i0.wp.com\/correiodasemana.com\/site\/wp-content\/uploads\/2019\/08\/68337769_496117397627764_5191361515097161728_n.jpg?resize=700%2C400&ssl=1 2x"},"classes":[]},{"id":28225,"url":"https:\/\/correiodasemana.com\/site\/irmas-reparadoras-do-coracao-de-jesus-celebram-o-dia-da-vida-consagrada-e-renovam-os-votos\/","url_meta":{"origin":12848,"position":5},"title":"Irm\u00e3s Reparadoras do Cora\u00e7\u00e3o de Jesus celebram o dia da vida consagrada e renovam os votos","author":"adminredacao","date":"Fevereiro 6, 2024","format":false,"excerpt":"Em torno da mesa do altar do Senhor, as religiosas da Congrega\u00e7\u00e3o das Irm\u00e3s Reparadoras do Cora\u00e7\u00e3o de Jesus, celebraram no dia 02 de fevereiro, sexta-feira, o dia da vida consagrada e renovaram os votos na celebra\u00e7\u00e3o eucar\u00edstica da Festa da Apresenta\u00e7\u00e3o do Senhor presidida por Dom Vasconcelos na capela\u2026","rel":"","context":"In &quot;Atualidade&quot;","block_context":{"text":"Atualidade","link":"https:\/\/correiodasemana.com\/site\/category\/atualidade\/"},"img":{"alt_text":"","src":"https:\/\/i0.wp.com\/correiodasemana.com\/site\/wp-content\/uploads\/2024\/02\/WhatsApp-Image-2024-02-05-at-16.35.30.jpeg?resize=350%2C200&ssl=1","width":350,"height":200,"srcset":"https:\/\/i0.wp.com\/correiodasemana.com\/site\/wp-content\/uploads\/2024\/02\/WhatsApp-Image-2024-02-05-at-16.35.30.jpeg?resize=350%2C200&ssl=1 1x, https:\/\/i0.wp.com\/correiodasemana.com\/site\/wp-content\/uploads\/2024\/02\/WhatsApp-Image-2024-02-05-at-16.35.30.jpeg?resize=525%2C300&ssl=1 1.5x, https:\/\/i0.wp.com\/correiodasemana.com\/site\/wp-content\/uploads\/2024\/02\/WhatsApp-Image-2024-02-05-at-16.35.30.jpeg?resize=700%2C400&ssl=1 2x, https:\/\/i0.wp.com\/correiodasemana.com\/site\/wp-content\/uploads\/2024\/02\/WhatsApp-Image-2024-02-05-at-16.35.30.jpeg?resize=1050%2C600&ssl=1 3x, https:\/\/i0.wp.com\/correiodasemana.com\/site\/wp-content\/uploads\/2024\/02\/WhatsApp-Image-2024-02-05-at-16.35.30.jpeg?resize=1400%2C800&ssl=1 4x"},"classes":[]}],"jetpack_sharing_enabled":true,"_links":{"self":[{"href":"https:\/\/correiodasemana.com\/site\/wp-json\/wp\/v2\/posts\/12848","targetHints":{"allow":["GET"]}}],"collection":[{"href":"https:\/\/correiodasemana.com\/site\/wp-json\/wp\/v2\/posts"}],"about":[{"href":"https:\/\/correiodasemana.com\/site\/wp-json\/wp\/v2\/types\/post"}],"author":[{"embeddable":true,"href":"https:\/\/correiodasemana.com\/site\/wp-json\/wp\/v2\/users\/1"}],"replies":[{"embeddable":true,"href":"https:\/\/correiodasemana.com\/site\/wp-json\/wp\/v2\/comments?post=12848"}],"version-history":[{"count":1,"href":"https:\/\/correiodasemana.com\/site\/wp-json\/wp\/v2\/posts\/12848\/revisions"}],"predecessor-version":[{"id":12849,"href":"https:\/\/correiodasemana.com\/site\/wp-json\/wp\/v2\/posts\/12848\/revisions\/12849"}],"wp:featuredmedia":[{"embeddable":true,"href":"https:\/\/correiodasemana.com\/site\/wp-json\/wp\/v2\/media\/7874"}],"wp:attachment":[{"href":"https:\/\/correiodasemana.com\/site\/wp-json\/wp\/v2\/media?parent=12848"}],"wp:term":[{"taxonomy":"category","embeddable":true,"href":"https:\/\/correiodasemana.com\/site\/wp-json\/wp\/v2\/categories?post=12848"},{"taxonomy":"post_tag","embeddable":true,"href":"https:\/\/correiodasemana.com\/site\/wp-json\/wp\/v2\/tags?post=12848"}],"curies":[{"name":"wp","href":"https:\/\/api.w.org\/{rel}","templated":true}]}}