{"id":12850,"date":"2020-08-17T01:35:20","date_gmt":"2020-08-17T04:35:20","guid":{"rendered":"https:\/\/correiodasemana.com\/site\/?p=12850"},"modified":"2020-08-17T01:35:20","modified_gmt":"2020-08-17T04:35:20","slug":"13-de-agosto-igreja-celebra-santa-dulce-dos-pobres","status":"publish","type":"post","link":"https:\/\/correiodasemana.com\/site\/13-de-agosto-igreja-celebra-santa-dulce-dos-pobres\/","title":{"rendered":"13 de agosto: Igreja celebra Santa Dulce dos Pobres"},"content":{"rendered":"<p>Hoje, 13 de agosto, a Igreja celebra Santa Dulce dos Pobres. Sua festa lit\u00fargica remete ao fato de que nesta data, em 1933, Maria Rita de Sousa Brito Lopes Pontes fez sua profiss\u00e3o de f\u00e9 e votos perp\u00e9tuos, tomando o h\u00e1bito de freira na Congrega\u00e7\u00e3o das Irm\u00e3s Mission\u00e1rias da Imaculada Concei\u00e7\u00e3o da M\u00e3e de Deus, e recebendo o nome de Irm\u00e3 Dulce, em homenagem \u00e0 sua m\u00e3e.<br \/>\nIrm\u00e3 Dulce, conhecida como \u201cAnjo Bom da Bahia\u201d, foi canonizada pelo Papa Francisco no dia 13 de outubro de 2019 e passou a se chamar Santa Dulce dos Pobres. Ela \u00e9 a primeira santa nascida no Brasil.<br \/>\nCom seu amor incondicional ao pr\u00f3ximo, principalmente aos mais necessitados, sua vida foi pautada pela caridade, persist\u00eancia e f\u00e9. Ela dizia: \u201cO importante \u00e9 fazer a caridade, n\u00e3o falar de caridade. Compreender o trabalho em favor dos necessitados como miss\u00e3o escolhida por Deus\u201d.<br \/>\nPor isso, a Campanha da Fraternidade deste ano \u201cFraternidade e vida: dom e compromisso\u201d tem inspira\u00e7\u00e3o no exemplo de caridade de Santa Dulce dos Pobres. Sua caminhada foi uma trajet\u00f3ria de humildade e compaix\u00e3o que serve de exemplo de como tratar e lutar pelo pr\u00f3ximo.<br \/>\nA ora\u00e7\u00e3o oficial de Santa Dulce dos Pobres (texto ao lado) \u00e9 de 2011, quando foi beatificada. Elaborada por Dom Geraldo Majella, na \u00e9poca arcebispo de Salvador e Primaz do Brasil, sofreu pequenas adapta\u00e7\u00f5es devido \u00e0 canoniza\u00e7\u00e3o.<br \/>\nOremos \u00e0 Santa Dulce dos Pobres para que nos ajude na solidariedade aos irm\u00e3os mais pobres, principalmente nesta \u00e9poca de pandemia em que o \u00edndice de pobreza dos pa\u00edses tem aumentado.<\/p>\n","protected":false},"excerpt":{"rendered":"<p>Hoje, 13 de agosto, a Igreja celebra Santa Dulce dos Pobres. Sua festa lit\u00fargica remete&#8230;<\/p>\n","protected":false},"author":1,"featured_media":12851,"comment_status":"open","ping_status":"open","sticky":false,"template":"","format":"standard","meta":{"_jetpack_memberships_contains_paid_content":false,"footnotes":"","jetpack_publicize_message":"","jetpack_publicize_feature_enabled":true,"jetpack_social_post_already_shared":true,"jetpack_social_options":{"image_generator_settings":{"template":"highway","default_image_id":0,"font":"","enabled":false},"version":2}},"categories":[1],"tags":[],"class_list":["post-12850","post","type-post","status-publish","format-standard","has-post-thumbnail","hentry","category-atualidade"],"jetpack_publicize_connections":[],"jetpack_featured_media_url":"https:\/\/correiodasemana.com\/site\/wp-content\/uploads\/2020\/08\/oracao-a-irma-Dulce.jpg","jetpack-related-posts":[{"id":8258,"url":"https:\/\/correiodasemana.com\/site\/canonizacao-de-irma-dulce-sera-em-13-de-outubro\/","url_meta":{"origin":12850,"position":0},"title":"Canoniza\u00e7\u00e3o de Irm\u00e3 Dulce ser\u00e1 em 13 de outubro","author":"","date":"Julho 8, 2019","format":false,"excerpt":"Por\u00a0Vatican News O Papa Francisco presidiu, na segunda-feira (1), na Sala Clementina, no Vaticano, o Consist\u00f3rio Ordin\u00e1rio P\u00fablico para a Canoniza\u00e7\u00e3o de cinco Beatos, dentre os quais Irm\u00e3 Dulce Lopes Pontes. Durante o Consist\u00f3rio, o Santo Padre anunciou a data de canoniza\u00e7\u00e3o dos cinco beatos. Ser\u00e1 no domingo, 13 de\u2026","rel":"","context":"In &quot;Diocese&quot;","block_context":{"text":"Diocese","link":"https:\/\/correiodasemana.com\/site\/category\/diocese\/"},"img":{"alt_text":"","src":"https:\/\/i0.wp.com\/correiodasemana.com\/site\/wp-content\/uploads\/2019\/07\/15578376895cdab7795fa00_1557837689_3x2_md.jpg?resize=350%2C200&ssl=1","width":350,"height":200,"srcset":"https:\/\/i0.wp.com\/correiodasemana.com\/site\/wp-content\/uploads\/2019\/07\/15578376895cdab7795fa00_1557837689_3x2_md.jpg?resize=350%2C200&ssl=1 1x, https:\/\/i0.wp.com\/correiodasemana.com\/site\/wp-content\/uploads\/2019\/07\/15578376895cdab7795fa00_1557837689_3x2_md.jpg?resize=525%2C300&ssl=1 1.5x, https:\/\/i0.wp.com\/correiodasemana.com\/site\/wp-content\/uploads\/2019\/07\/15578376895cdab7795fa00_1557837689_3x2_md.jpg?resize=700%2C400&ssl=1 2x"},"classes":[]},{"id":35210,"url":"https:\/\/correiodasemana.com\/site\/santa-dulce-dos-pobres\/","url_meta":{"origin":12850,"position":1},"title":"Santa Dulce dos Pobres","author":"adminredacao","date":"Agosto 17, 2025","format":false,"excerpt":"Vez por outra, Deus suscita, do meio de seu povo, homens e mulheres que, com generosidade e abnega\u00e7\u00e3o, dedicam-se ao servi\u00e7o dos irm\u00e3os. Irm\u00e3 Dulce sentiu ardentemente o chamado de Deus, para que empregasse a vida em favor dos pobres, enfermos e exclu\u00eddos. Esse foi o caminho trilhado pela santa\u2026","rel":"","context":"In &quot;Artigos&quot;","block_context":{"text":"Artigos","link":"https:\/\/correiodasemana.com\/site\/category\/artigos\/"},"img":{"alt_text":"","src":"https:\/\/i0.wp.com\/correiodasemana.com\/site\/wp-content\/uploads\/2018\/02\/editorial-cs.jpg?resize=350%2C200&ssl=1","width":350,"height":200,"srcset":"https:\/\/i0.wp.com\/correiodasemana.com\/site\/wp-content\/uploads\/2018\/02\/editorial-cs.jpg?resize=350%2C200&ssl=1 1x, https:\/\/i0.wp.com\/correiodasemana.com\/site\/wp-content\/uploads\/2018\/02\/editorial-cs.jpg?resize=525%2C300&ssl=1 1.5x"},"classes":[]},{"id":9552,"url":"https:\/\/correiodasemana.com\/site\/editorial-santa-dulce-dos-pobres\/","url_meta":{"origin":12850,"position":2},"title":"Editorial &#8211; Santa Dulce dos Pobres","author":"","date":"Outubro 22, 2019","format":false,"excerpt":"Vez por outra, Deus suscita, do meio de seu povo, homens e mulheres que, com generosidade e abnega\u00e7\u00e3o, dedicam-se ao servi\u00e7o dos irm\u00e3os. Irm\u00e3 Dulce sentiu ardentemente o chamado de Deus em sua vida para que empregasse a vida em favor dos pobres, enfermos e exclu\u00eddos. Esse foi o caminho\u2026","rel":"","context":"In &quot;Artigos&quot;","block_context":{"text":"Artigos","link":"https:\/\/correiodasemana.com\/site\/category\/artigos\/"},"img":{"alt_text":"","src":"https:\/\/i0.wp.com\/correiodasemana.com\/site\/wp-content\/uploads\/2019\/07\/editorial-cs.jpg?resize=350%2C200&ssl=1","width":350,"height":200,"srcset":"https:\/\/i0.wp.com\/correiodasemana.com\/site\/wp-content\/uploads\/2019\/07\/editorial-cs.jpg?resize=350%2C200&ssl=1 1x, https:\/\/i0.wp.com\/correiodasemana.com\/site\/wp-content\/uploads\/2019\/07\/editorial-cs.jpg?resize=525%2C300&ssl=1 1.5x"},"classes":[]},{"id":18143,"url":"https:\/\/correiodasemana.com\/site\/dia-nacional-de-santa-irma-dulce-dos-pobres-e-aprovado-pelo-senado-projeto-segue-para-camara-dos-deputados\/","url_meta":{"origin":12850,"position":3},"title":"Dia nacional de Santa Irm\u00e3 Dulce dos Pobres \u00e9 aprovado pelo Senado; Projeto segue para C\u00e2mara dos Deputados","author":"","date":"Novembro 28, 2021","format":false,"excerpt":"Por Samuel Carvalho Reda\u00e7\u00e3o Correio da Semana Foi aprovado pela Comiss\u00e3o de Educa\u00e7\u00e3o do Senado, um projeto de lei que pretende instaurar um dia nacional em homenagem \u00e0 Santa Dulce dos Pobres. Neste momento, a proposta segue em an\u00e1lise na C\u00e2mara de Deputados e, em caso de aprova\u00e7\u00e3o, ser\u00e1 encaminhada\u2026","rel":"","context":"In &quot;Atualidade&quot;","block_context":{"text":"Atualidade","link":"https:\/\/correiodasemana.com\/site\/category\/atualidade\/"},"img":{"alt_text":"","src":"https:\/\/i0.wp.com\/correiodasemana.com\/site\/wp-content\/uploads\/2021\/11\/irma-dulce.jpg?resize=350%2C200&ssl=1","width":350,"height":200,"srcset":"https:\/\/i0.wp.com\/correiodasemana.com\/site\/wp-content\/uploads\/2021\/11\/irma-dulce.jpg?resize=350%2C200&ssl=1 1x, https:\/\/i0.wp.com\/correiodasemana.com\/site\/wp-content\/uploads\/2021\/11\/irma-dulce.jpg?resize=525%2C300&ssl=1 1.5x"},"classes":[]},{"id":36252,"url":"https:\/\/correiodasemana.com\/site\/espetaculo-anjo-bom-do-brasil-emociona-publico-no-teatro-sao-joao\/","url_meta":{"origin":12850,"position":4},"title":"Espet\u00e1culo \u201cAnjo Bom do Brasil\u201d emociona p\u00fablico no Teatro S\u00e3o Jo\u00e3o","author":"adminredacao","date":"Novembro 12, 2025","format":false,"excerpt":"Na noite do dia 30 de outubro, o hist\u00f3rico Teatro S\u00e3o Jo\u00e3o, em Sobral, foi palco de um momento de f\u00e9, arte e solidariedade com o espet\u00e1culo \u201cAnjo Bom do Brasil\u201d, que narrou a vida e o legado de Santa Dulce dos Pobres, a mulher que dedicou sua exist\u00eancia ao\u2026","rel":"","context":"In &quot;Atualidade&quot;","block_context":{"text":"Atualidade","link":"https:\/\/correiodasemana.com\/site\/category\/atualidade\/"},"img":{"alt_text":"","src":"https:\/\/i0.wp.com\/correiodasemana.com\/site\/wp-content\/uploads\/2025\/11\/WhatsApp-Image-2025-11-01-at-00.14.13.jpeg?resize=350%2C200&ssl=1","width":350,"height":200,"srcset":"https:\/\/i0.wp.com\/correiodasemana.com\/site\/wp-content\/uploads\/2025\/11\/WhatsApp-Image-2025-11-01-at-00.14.13.jpeg?resize=350%2C200&ssl=1 1x, https:\/\/i0.wp.com\/correiodasemana.com\/site\/wp-content\/uploads\/2025\/11\/WhatsApp-Image-2025-11-01-at-00.14.13.jpeg?resize=525%2C300&ssl=1 1.5x, https:\/\/i0.wp.com\/correiodasemana.com\/site\/wp-content\/uploads\/2025\/11\/WhatsApp-Image-2025-11-01-at-00.14.13.jpeg?resize=700%2C400&ssl=1 2x, https:\/\/i0.wp.com\/correiodasemana.com\/site\/wp-content\/uploads\/2025\/11\/WhatsApp-Image-2025-11-01-at-00.14.13.jpeg?resize=1050%2C600&ssl=1 3x"},"classes":[]},{"id":35212,"url":"https:\/\/correiodasemana.com\/site\/santa-dulce-dos-pobres-2\/","url_meta":{"origin":12850,"position":5},"title":"Santa Dulce dos Pobres\u00a0","author":"adminredacao","date":"Agosto 17, 2025","format":false,"excerpt":"Celebramos nesta quarta-feira, dia 13 de agosto, a mem\u00f3ria lit\u00fargica de Santa Dulce dos pobres, uma santa genuinamente brasileira, considerada o anjo bom da Bahia. Al\u00e9m de Santa Dulce temos outros santos brasileiros como por exemplo Santo Ant\u00f4nio de Sant\u2019Ana Galv\u00e3o, a Beata Nh\u00e1 Chica, Madre Assunta, Santa Paulina, o\u2026","rel":"","context":"In &quot;A voz do Pastor&quot;","block_context":{"text":"A voz do Pastor","link":"https:\/\/correiodasemana.com\/site\/category\/a-voz-do-pastor\/"},"img":{"alt_text":"","src":"https:\/\/i0.wp.com\/correiodasemana.com\/site\/wp-content\/uploads\/2024\/12\/festa-santa-luzia-com-dom-Vasconcelos-5-scaled.jpg?resize=350%2C200&ssl=1","width":350,"height":200,"srcset":"https:\/\/i0.wp.com\/correiodasemana.com\/site\/wp-content\/uploads\/2024\/12\/festa-santa-luzia-com-dom-Vasconcelos-5-scaled.jpg?resize=350%2C200&ssl=1 1x, https:\/\/i0.wp.com\/correiodasemana.com\/site\/wp-content\/uploads\/2024\/12\/festa-santa-luzia-com-dom-Vasconcelos-5-scaled.jpg?resize=525%2C300&ssl=1 1.5x, https:\/\/i0.wp.com\/correiodasemana.com\/site\/wp-content\/uploads\/2024\/12\/festa-santa-luzia-com-dom-Vasconcelos-5-scaled.jpg?resize=700%2C400&ssl=1 2x, https:\/\/i0.wp.com\/correiodasemana.com\/site\/wp-content\/uploads\/2024\/12\/festa-santa-luzia-com-dom-Vasconcelos-5-scaled.jpg?resize=1050%2C600&ssl=1 3x, https:\/\/i0.wp.com\/correiodasemana.com\/site\/wp-content\/uploads\/2024\/12\/festa-santa-luzia-com-dom-Vasconcelos-5-scaled.jpg?resize=1400%2C800&ssl=1 4x"},"classes":[]}],"jetpack_sharing_enabled":true,"_links":{"self":[{"href":"https:\/\/correiodasemana.com\/site\/wp-json\/wp\/v2\/posts\/12850","targetHints":{"allow":["GET"]}}],"collection":[{"href":"https:\/\/correiodasemana.com\/site\/wp-json\/wp\/v2\/posts"}],"about":[{"href":"https:\/\/correiodasemana.com\/site\/wp-json\/wp\/v2\/types\/post"}],"author":[{"embeddable":true,"href":"https:\/\/correiodasemana.com\/site\/wp-json\/wp\/v2\/users\/1"}],"replies":[{"embeddable":true,"href":"https:\/\/correiodasemana.com\/site\/wp-json\/wp\/v2\/comments?post=12850"}],"version-history":[{"count":1,"href":"https:\/\/correiodasemana.com\/site\/wp-json\/wp\/v2\/posts\/12850\/revisions"}],"predecessor-version":[{"id":12852,"href":"https:\/\/correiodasemana.com\/site\/wp-json\/wp\/v2\/posts\/12850\/revisions\/12852"}],"wp:featuredmedia":[{"embeddable":true,"href":"https:\/\/correiodasemana.com\/site\/wp-json\/wp\/v2\/media\/12851"}],"wp:attachment":[{"href":"https:\/\/correiodasemana.com\/site\/wp-json\/wp\/v2\/media?parent=12850"}],"wp:term":[{"taxonomy":"category","embeddable":true,"href":"https:\/\/correiodasemana.com\/site\/wp-json\/wp\/v2\/categories?post=12850"},{"taxonomy":"post_tag","embeddable":true,"href":"https:\/\/correiodasemana.com\/site\/wp-json\/wp\/v2\/tags?post=12850"}],"curies":[{"name":"wp","href":"https:\/\/api.w.org\/{rel}","templated":true}]}}