{"id":13096,"date":"2020-08-24T00:47:48","date_gmt":"2020-08-24T03:47:48","guid":{"rendered":"https:\/\/correiodasemana.com\/site\/?p=13096"},"modified":"2020-08-24T00:47:48","modified_gmt":"2020-08-24T03:47:48","slug":"a-arte-de-ser-pai","status":"publish","type":"post","link":"https:\/\/correiodasemana.com\/site\/a-arte-de-ser-pai\/","title":{"rendered":"A ARTE DE SER PAI"},"content":{"rendered":"<p>Ao Sr. Iz\u00eddio Ribeiro Lira, meu Pai!<br \/>\nTem temas que s\u00e3o atemporais. Pode ter um dia, mas, todos os dias s\u00e3o deles assim \u00e9 pai e m\u00e3e. N\u00e3o \u00e9 exagero dizer que este ano est\u00e1 estranho e que as comemora\u00e7\u00f5es\/celebra\u00e7\u00f5es est\u00e3o meio que truncadas. Claro que celebrei e comemorei com meu pai o dia dos pais. Na v\u00e9spera da efem\u00e9ride citei aqui a festa da minha padroeira, Nossa Senhora dos Prazeres e as tantas celebra\u00e7\u00f5es \u00e0 Virgem Maria que se d\u00e3o em 15 de agosto, Assun\u00e7\u00e3o de Maria Sant\u00edssima, a M\u00e3e de Jesus.<br \/>\nMinha querida madrinha Rachel de Queiroz tem um belo artigo chamado a arte de ser av\u00f3 e parafraseando este artigo, escrevo este \u201cA arte de ser Pai\u201d. Nos \u00faltimos dias o calend\u00e1rio c\u00edvico apresentou-nos o dia das artes, dos artistas, digamos, e o dia dos pais. N\u00e3o escrevi para sair nos dias precedentes. Existem comemora\u00e7\u00f5es que n\u00e3o cabem s\u00f3 num dia. S\u00e3o para a vida toda. Escrevo no fervor das celebra\u00e7\u00f5es, das lindas de hist\u00f3rias de pais exibidas na TV, nos jornais, nas redes sociais, enfim, quando todos declaram seus sentimentos aos pais.<br \/>\nPor que a arte de ser pai?\u00a0Todo pai \u00e9 um artista. Quem, sendo pai, n\u00e3o vira \u201ccavalinho\u201d, super-her\u00f3i (embora que de fato seja nas agruras do dia-a-dia), batman ou superman para agradar seu filho? O artista \u00e9 aquele ser que cria, recria, se poeta \u00e9 capaz de encantar-nos com sua letra; se romancista, envolve-nos numa trama; se historiador nos faz mergulhar num mundo distante que se aproxima; se artista circense, nos encanta com malabarismos ou nos arranca gargalhadas com as coisas mais simples; se cantor, lembro-me de F\u00e1bio J\u00fanior, com a sua bela can\u00e7\u00e3o \u201cPai\u201d, faz-nos viajar num simples pensamento&#8230; O pai, ser humano real, que olha orgulhoso seu filho, sua continuidade, \u00e9 tudo isso: o melhor artista, brinca e faz a brincadeira; canta e encanta; conta hist\u00f3rias e faz a nossa hist\u00f3ria, lembrando Fernando Pessoa, mesmo aquela hist\u00f3ria real que pensamos que \u00e9 irreal; enfim, n\u00e3o conhe\u00e7o arte mais bela que a de ser pai, embora n\u00e3o me sinta apto a essa arte t\u00e3o bela. \u00c9 quest\u00e3o de voca\u00e7\u00e3o&#8230; se nasce com a voca\u00e7\u00e3o \u00e0 paternidade.<br \/>\nUm of\u00edcio para o filho. \u00c9 muito comum o filho seguir o of\u00edcio do pai. S\u00e3o muitos os exemplos e eu me lembro de um cl\u00e1ssico exemplo. Todos aprendemos que Deus \u00e9 Pai \u00e9 Filho \u00e9 Esp\u00edrito Santo. \u201cAbb\u00e1 Pai\u201d, duas palavras iguais expressas em diferentes l\u00ednguas.\u00a0 Alguns explicam que o uso delas juntas significa confian\u00e7a, apre\u00e7o maduro da rela\u00e7\u00e3o filial e das suas responsabilidades. Elas aparecem tr\u00eas vezes no Novo Testamento e t\u00eam o mesmo significado. \u201cAbb\u00e1\u201d significa \u201cPai\u201d em hebraico. Humanizando-se, Deus quis ter um Pai. Este Pai, S\u00e3o Jos\u00e9, o justo, foi um carpinteiro da galileia, que ensinou o of\u00edcio ao Filho que nos deu a maior li\u00e7\u00e3o de amor, a quem tamb\u00e9m parabenizamos nestes dias que dedicamos aos pais, n\u00e3o s\u00f3 o segundo domingo de agosto, mas, todos os dias que vivemos. Pois, todos os dias, ao nos olharmos no espelho pela manh\u00e3, vemos um pouquinho de nossos pais em n\u00f3s, um tra\u00e7o do pai, outro da m\u00e3e. Todo dia \u00e9 importante lembrar de honrar aqueles que, com a gra\u00e7a de Deus, nos trouxeram ao mundo. Assim, cumpriremos o quarto mandamento da Lei Divina: Honrar Pai e M\u00e3e. Viva a todos os Pais, os melhores artistas, os melhores her\u00f3is, os maiores exemplos a n\u00f3s, seus filhos!<\/p>\n","protected":false},"excerpt":{"rendered":"<p>Ao Sr. Iz\u00eddio Ribeiro Lira, meu Pai! Tem temas que s\u00e3o atemporais. Pode ter um&#8230;<\/p>\n","protected":false},"author":1,"featured_media":7874,"comment_status":"open","ping_status":"open","sticky":false,"template":"","format":"standard","meta":{"_jetpack_memberships_contains_paid_content":false,"footnotes":"","jetpack_publicize_message":"","jetpack_publicize_feature_enabled":true,"jetpack_social_post_already_shared":true,"jetpack_social_options":{"image_generator_settings":{"template":"highway","default_image_id":0,"font":"","enabled":false},"version":2}},"categories":[11,41],"tags":[],"class_list":["post-13096","post","type-post","status-publish","format-standard","has-post-thumbnail","hentry","category-artigos","category-jose-luis-lira"],"jetpack_publicize_connections":[],"jetpack_featured_media_url":"https:\/\/correiodasemana.com\/site\/wp-content\/uploads\/2018\/02\/Jose\u0301-1.jpg","jetpack-related-posts":[{"id":16432,"url":"https:\/\/correiodasemana.com\/site\/para-celebrar-e-viver\/","url_meta":{"origin":13096,"position":0},"title":"PARA CELEBRAR E VIVER!","author":"","date":"Maio 10, 2021","format":false,"excerpt":"Neste dia 8 rememoramos o primeiro ano da partida de Matusahila para o c\u00e9u. Muitos a chamavam pelo seu nome liter\u00e1rio, abreviando os sobrenomes e chamando-a apenas Matusahila Santiago. Na intimidade a cham\u00e1vamos de Sahila \u2013 Zaila. Esses dias me dediquei a organizar um livro com os escritos dela. Talvez\u2026","rel":"","context":"In &quot;Artigos&quot;","block_context":{"text":"Artigos","link":"https:\/\/correiodasemana.com\/site\/category\/artigos\/"},"img":{"alt_text":"","src":"https:\/\/i0.wp.com\/correiodasemana.com\/site\/wp-content\/uploads\/2018\/02\/Jose%CC%81-1.jpg?resize=350%2C200&ssl=1","width":350,"height":200,"srcset":"https:\/\/i0.wp.com\/correiodasemana.com\/site\/wp-content\/uploads\/2018\/02\/Jose%CC%81-1.jpg?resize=350%2C200&ssl=1 1x, https:\/\/i0.wp.com\/correiodasemana.com\/site\/wp-content\/uploads\/2018\/02\/Jose%CC%81-1.jpg?resize=525%2C300&ssl=1 1.5x, https:\/\/i0.wp.com\/correiodasemana.com\/site\/wp-content\/uploads\/2018\/02\/Jose%CC%81-1.jpg?resize=700%2C400&ssl=1 2x"},"classes":[]},{"id":8710,"url":"https:\/\/correiodasemana.com\/site\/pai-papai\/","url_meta":{"origin":13096,"position":1},"title":"PAI, PAPAI","author":"","date":"Agosto 17, 2019","format":false,"excerpt":"Semana passada homenageamos os sacerdotes, os padres, pater no latim, pai. Eu recordei da m\u00fasica \u201cAmor celibat\u00e1rio\u201d, dos padres Ilara e Zezinho: \u201cDizem por a\u00ed\/ padre n\u00e3o casa, porque n\u00e3o ama\/ ou ent\u00e3o, n\u00e3o ama porque n\u00e3o casa\/ n\u00e3o sabem nada\/ n\u00e3o sabem nada de paternidade\/ de maternidade, de ser\u2026","rel":"","context":"In &quot;Artigos&quot;","block_context":{"text":"Artigos","link":"https:\/\/correiodasemana.com\/site\/category\/artigos\/"},"img":{"alt_text":"","src":"https:\/\/i0.wp.com\/correiodasemana.com\/site\/wp-content\/uploads\/2019\/07\/Jose%CC%81-1.jpg?resize=350%2C200&ssl=1","width":350,"height":200,"srcset":"https:\/\/i0.wp.com\/correiodasemana.com\/site\/wp-content\/uploads\/2019\/07\/Jose%CC%81-1.jpg?resize=350%2C200&ssl=1 1x, https:\/\/i0.wp.com\/correiodasemana.com\/site\/wp-content\/uploads\/2019\/07\/Jose%CC%81-1.jpg?resize=525%2C300&ssl=1 1.5x, https:\/\/i0.wp.com\/correiodasemana.com\/site\/wp-content\/uploads\/2019\/07\/Jose%CC%81-1.jpg?resize=700%2C400&ssl=1 2x"},"classes":[]},{"id":16362,"url":"https:\/\/correiodasemana.com\/site\/maio-com-suas-flores-chegou\/","url_meta":{"origin":13096,"position":2},"title":"MAIO COM SUAS FLORES CHEGOU&#8230;","author":"","date":"Maio 3, 2021","format":false,"excerpt":"\u00c9 primeiro de maio. Dia internacional do trabalho e nossa Santa Madre Igreja celebra S\u00e3o Jos\u00e9 Oper\u00e1rio. O m\u00eas \u00e9 dedicado a Maria Sant\u00edssima e se inicia com celebra\u00e7\u00e3o a seu cast\u00edssimo esposo. Dois mil\u00eanios depois a Sagrada Fam\u00edlia de Nazar\u00e9 ainda tem muito a nos ensinar e me aproprio\u2026","rel":"","context":"In &quot;Artigos&quot;","block_context":{"text":"Artigos","link":"https:\/\/correiodasemana.com\/site\/category\/artigos\/"},"img":{"alt_text":"","src":"https:\/\/i0.wp.com\/correiodasemana.com\/site\/wp-content\/uploads\/2018\/02\/Jose%CC%81-1.jpg?resize=350%2C200&ssl=1","width":350,"height":200,"srcset":"https:\/\/i0.wp.com\/correiodasemana.com\/site\/wp-content\/uploads\/2018\/02\/Jose%CC%81-1.jpg?resize=350%2C200&ssl=1 1x, https:\/\/i0.wp.com\/correiodasemana.com\/site\/wp-content\/uploads\/2018\/02\/Jose%CC%81-1.jpg?resize=525%2C300&ssl=1 1.5x, https:\/\/i0.wp.com\/correiodasemana.com\/site\/wp-content\/uploads\/2018\/02\/Jose%CC%81-1.jpg?resize=700%2C400&ssl=1 2x"},"classes":[]},{"id":14807,"url":"https:\/\/correiodasemana.com\/site\/e-hora-de-parabenizar-e-agradecer\/","url_meta":{"origin":13096,"position":3},"title":"\u00a0\u00c9 HORA DE PARABENIZAR E AGRADECER!\u00a0","author":"","date":"Novembro 30, 2020","format":false,"excerpt":"Uma coluna semanal requer temas novos. Ap\u00f3s quase cinco anos escrevendo para este jornal, temos a responsabilidade de n\u00e3o ter repetido temas. E hoje escolhi realizar um tributo \u00e0 amizade em sua dimens\u00e3o mais pura. A de filho para m\u00e3e, espont\u00e2nea, natural. A de tio para sobrinhas e a de\u2026","rel":"","context":"In &quot;Artigos&quot;","block_context":{"text":"Artigos","link":"https:\/\/correiodasemana.com\/site\/category\/artigos\/"},"img":{"alt_text":"","src":"https:\/\/i0.wp.com\/correiodasemana.com\/site\/wp-content\/uploads\/2018\/02\/Jose%CC%81-1.jpg?resize=350%2C200&ssl=1","width":350,"height":200,"srcset":"https:\/\/i0.wp.com\/correiodasemana.com\/site\/wp-content\/uploads\/2018\/02\/Jose%CC%81-1.jpg?resize=350%2C200&ssl=1 1x, https:\/\/i0.wp.com\/correiodasemana.com\/site\/wp-content\/uploads\/2018\/02\/Jose%CC%81-1.jpg?resize=525%2C300&ssl=1 1.5x, https:\/\/i0.wp.com\/correiodasemana.com\/site\/wp-content\/uploads\/2018\/02\/Jose%CC%81-1.jpg?resize=700%2C400&ssl=1 2x"},"classes":[]},{"id":16037,"url":"https:\/\/correiodasemana.com\/site\/jose-humilde-artesao\/","url_meta":{"origin":13096,"position":4},"title":"Jos\u00e9, humilde artes\u00e3o","author":"","date":"Mar\u00e7o 22, 2021","format":false,"excerpt":"Ontem, a Igreja Cat\u00f3lica celebrou a solenidade de S\u00e3o Jos\u00e9, cast\u00edssimo esposo da Virgem Maria. Para os cearenses, de um modo especial, \u00e9 um dia cheio de significado ao celebrarmos o nosso padroeiro e renovarmos as esperan\u00e7as de um bom inverno, aben\u00e7oado com fartas colheitas. Nesse ano, infelizmente n\u00e3o foi\u2026","rel":"","context":"In &quot;Artigos&quot;","block_context":{"text":"Artigos","link":"https:\/\/correiodasemana.com\/site\/category\/artigos\/"},"img":{"alt_text":"","src":"https:\/\/i0.wp.com\/correiodasemana.com\/site\/wp-content\/uploads\/2018\/02\/editorial-cs.jpg?resize=350%2C200&ssl=1","width":350,"height":200,"srcset":"https:\/\/i0.wp.com\/correiodasemana.com\/site\/wp-content\/uploads\/2018\/02\/editorial-cs.jpg?resize=350%2C200&ssl=1 1x, https:\/\/i0.wp.com\/correiodasemana.com\/site\/wp-content\/uploads\/2018\/02\/editorial-cs.jpg?resize=525%2C300&ssl=1 1.5x"},"classes":[]},{"id":24513,"url":"https:\/\/correiodasemana.com\/site\/pergunte-a-um-orfao\/","url_meta":{"origin":13096,"position":5},"title":"Pergunte a um \u00f3rf\u00e3o!","author":"adminredacao","date":"Maio 8, 2023","format":false,"excerpt":"Eis que estamos entramos na semana de mais um Dia das M\u00e3es, que ser\u00e1 comemorado no pr\u00f3ximo domingo, 14 de maio. Trata-se de ocasi\u00e3o que tem tudo para refortalecer os sublimes la\u00e7os que unem m\u00e3e, pai, filhos, filhas, enfim, a fam\u00edlia. Lamentavelmente em milh\u00f5es de lares a sensibilidade aos sentimentos\u2026","rel":"","context":"In &quot;Artigos&quot;","block_context":{"text":"Artigos","link":"https:\/\/correiodasemana.com\/site\/category\/artigos\/"},"img":{"alt_text":"","src":"https:\/\/i0.wp.com\/correiodasemana.com\/site\/wp-content\/uploads\/2023\/05\/artemisio-da-costa-2.jpg?resize=350%2C200&ssl=1","width":350,"height":200},"classes":[]}],"jetpack_sharing_enabled":true,"_links":{"self":[{"href":"https:\/\/correiodasemana.com\/site\/wp-json\/wp\/v2\/posts\/13096","targetHints":{"allow":["GET"]}}],"collection":[{"href":"https:\/\/correiodasemana.com\/site\/wp-json\/wp\/v2\/posts"}],"about":[{"href":"https:\/\/correiodasemana.com\/site\/wp-json\/wp\/v2\/types\/post"}],"author":[{"embeddable":true,"href":"https:\/\/correiodasemana.com\/site\/wp-json\/wp\/v2\/users\/1"}],"replies":[{"embeddable":true,"href":"https:\/\/correiodasemana.com\/site\/wp-json\/wp\/v2\/comments?post=13096"}],"version-history":[{"count":1,"href":"https:\/\/correiodasemana.com\/site\/wp-json\/wp\/v2\/posts\/13096\/revisions"}],"predecessor-version":[{"id":13097,"href":"https:\/\/correiodasemana.com\/site\/wp-json\/wp\/v2\/posts\/13096\/revisions\/13097"}],"wp:featuredmedia":[{"embeddable":true,"href":"https:\/\/correiodasemana.com\/site\/wp-json\/wp\/v2\/media\/7874"}],"wp:attachment":[{"href":"https:\/\/correiodasemana.com\/site\/wp-json\/wp\/v2\/media?parent=13096"}],"wp:term":[{"taxonomy":"category","embeddable":true,"href":"https:\/\/correiodasemana.com\/site\/wp-json\/wp\/v2\/categories?post=13096"},{"taxonomy":"post_tag","embeddable":true,"href":"https:\/\/correiodasemana.com\/site\/wp-json\/wp\/v2\/tags?post=13096"}],"curies":[{"name":"wp","href":"https:\/\/api.w.org\/{rel}","templated":true}]}}