{"id":13098,"date":"2020-08-24T00:48:52","date_gmt":"2020-08-24T03:48:52","guid":{"rendered":"https:\/\/correiodasemana.com\/site\/?p=13098"},"modified":"2020-08-24T00:48:52","modified_gmt":"2020-08-24T03:48:52","slug":"presidente-bolsonaro-atinge-a-maior-aprovacao-desde-o-comeco-do-mandato-aponta-pesquisa","status":"publish","type":"post","link":"https:\/\/correiodasemana.com\/site\/presidente-bolsonaro-atinge-a-maior-aprovacao-desde-o-comeco-do-mandato-aponta-pesquisa\/","title":{"rendered":"Presidente Bolsonaro atinge a maior aprova\u00e7\u00e3o desde o come\u00e7o do mandato, aponta pesquisa"},"content":{"rendered":"<p>A pesquisa mostra que 37% dos brasileiros consideram o governo do presidente \u00f3timo ou bom, enquanto a taxa de reprova\u00e7\u00e3o caiu de 44% para 34%<\/p>\n<p>Correio da Semana<br \/>\nDe acordo com a pesquisa divulgada pelo Datafolha na sexta-feira (14) o presidente Jair Messias Bolsonaro (sem partido) atingiu seu maior \u00edndice de aprova\u00e7\u00e3o desde o in\u00edcio da gest\u00e3o. A pesquisa mostra que 37% dos brasileiros consideram o governo do presidente \u00f3timo ou bom, enquanto a taxa de reprova\u00e7\u00e3o caiu de 44% para 34%. O governo federal \u00e9 considerado regular por 27% dos brasileiros.<br \/>\nBolsonaro segue com taxa de reprova\u00e7\u00e3o mais alta entre as mulheres (39%) do que entre os homens (29%). A pesquisa apresenta queda de avalia\u00e7\u00e3o negativa na regi\u00e3o Nordeste onde o \u00edndice de ruim ou p\u00e9ssimo de 52% caiu para 35%.<br \/>\nO instituto realizou a coleta de dados entre os dias 11 e 12 de agosto, atrav\u00e9s de entrevistas pelo telefone com 2.065 pessoas de todas as regi\u00f5es e estado do pa\u00eds. A margem de erro \u00e9 de dois pontos percentuais para mais ou para menos.<br \/>\nAntes do resultado da atual pesquisa, a aprova\u00e7\u00e3o mais alta do governo Bolsonaro teria sido registrada em abril de 2019, abril de 2020 e maio de 2020, com o mesmo percentual de 33% nos tr\u00eas levantamentos. Atualmente, a parcela que considera o governo regular tamb\u00e9m cresceu, de 23% para 27%, e h\u00e1 ainda 1% que preferiu n\u00e3o opinar.<br \/>\nCom rela\u00e7\u00e3o a pandemia da Covid-19, 47% dos brasileiros dizem que o presidente n\u00e3o tem culpa por mais de 100 mil mortes no Brasil, j\u00e1 11% consideram o presidente como principal culpado; 41% disseram que \u00e9 um dos culpados, mas n\u00e3o o principal; 2% n\u00e3o souberam responder.<\/p>\n","protected":false},"excerpt":{"rendered":"<p>A pesquisa mostra que 37% dos brasileiros consideram o governo do presidente \u00f3timo ou bom,&#8230;<\/p>\n","protected":false},"author":1,"featured_media":8515,"comment_status":"open","ping_status":"open","sticky":false,"template":"","format":"standard","meta":{"_jetpack_newsletter_access":"","_jetpack_dont_email_post_to_subs":false,"_jetpack_newsletter_tier_id":0,"_jetpack_memberships_contains_paywalled_content":false,"_jetpack_feature_clip_id":0,"_jetpack_memberships_contains_paid_content":false,"footnotes":"","jetpack_publicize_message":"","jetpack_publicize_feature_enabled":true,"jetpack_social_post_already_shared":true,"jetpack_social_options":{"image_generator_settings":{"template":"highway","default_image_id":0,"font":"","enabled":false},"version":2},"jetpack_post_was_ever_published":false},"categories":[1],"tags":[],"class_list":["post-13098","post","type-post","status-publish","format-standard","has-post-thumbnail","hentry","category-atualidade"],"jetpack_publicize_connections":[],"featured_image_urls":{"full":["https:\/\/correiodasemana.com\/site\/wp-content\/uploads\/2019\/07\/vac_abr_0879230719.jpg",1140,760,false],"thumbnail":["https:\/\/correiodasemana.com\/site\/wp-content\/uploads\/2019\/07\/vac_abr_0879230719-150x150.jpg",150,150,true],"medium":["https:\/\/correiodasemana.com\/site\/wp-content\/uploads\/2019\/07\/vac_abr_0879230719-300x200.jpg",300,200,true],"medium_large":["https:\/\/correiodasemana.com\/site\/wp-content\/uploads\/2019\/07\/vac_abr_0879230719-768x512.jpg",640,427,true],"large":["https:\/\/correiodasemana.com\/site\/wp-content\/uploads\/2019\/07\/vac_abr_0879230719-1024x683.jpg",640,427,true],"1536x1536":["https:\/\/correiodasemana.com\/site\/wp-content\/uploads\/2019\/07\/vac_abr_0879230719.jpg",1140,760,false],"2048x2048":["https:\/\/correiodasemana.com\/site\/wp-content\/uploads\/2019\/07\/vac_abr_0879230719.jpg",1140,760,false],"covernews-featured":["https:\/\/correiodasemana.com\/site\/wp-content\/uploads\/2019\/07\/vac_abr_0879230719.jpg",1024,683,false],"covernews-medium":["https:\/\/correiodasemana.com\/site\/wp-content\/uploads\/2019\/07\/vac_abr_0879230719.jpg",510,340,false]},"author_info":{"info":[""]},"category_info":"<a href=\"https:\/\/correiodasemana.com\/site\/category\/atualidade\/\" rel=\"category tag\">Atualidade<\/a>","tag_info":"Atualidade","comment_count":"0","jetpack-related-posts":[{"id":12920,"url":"https:\/\/correiodasemana.com\/site\/datafolha-79-dos-brasileiros-dizem-que-reabertura-de-escolas-no-pais-agravara-a-pandemia\/","url_meta":{"origin":13098,"position":0},"title":"Datafolha: 79% dos brasileiros dizem que reabertura de escolas no pa\u00eds agravar\u00e1 a pandemia","author":"","date":"Agosto 18, 2020","format":false,"excerpt":"79% defendem que as escolas devem ficar fechadas nos pr\u00f3ximos dois meses; 19% disseram que escolas devem ser reabertas. Pesquisa Datafolha publicada no final da noite desta segunda-feira (17) no site do jornal \"Folha de S.Paulo\" apontou os seguintes percentuais para a volta ou n\u00e3o \u00e0s aulas e a reabertura\u2026","rel":"","context":"In &quot;Atualidade&quot;","block_context":{"text":"Atualidade","link":"https:\/\/correiodasemana.com\/site\/category\/atualidade\/"},"img":{"alt_text":"","src":"https:\/\/i0.wp.com\/correiodasemana.com\/site\/wp-content\/uploads\/2020\/08\/d4e47160-db02-11ea-977f-09774f9c346a.jpg?resize=350%2C200&ssl=1","width":350,"height":200,"srcset":"https:\/\/i0.wp.com\/correiodasemana.com\/site\/wp-content\/uploads\/2020\/08\/d4e47160-db02-11ea-977f-09774f9c346a.jpg?resize=350%2C200&ssl=1 1x, https:\/\/i0.wp.com\/correiodasemana.com\/site\/wp-content\/uploads\/2020\/08\/d4e47160-db02-11ea-977f-09774f9c346a.jpg?resize=525%2C300&ssl=1 1.5x, https:\/\/i0.wp.com\/correiodasemana.com\/site\/wp-content\/uploads\/2020\/08\/d4e47160-db02-11ea-977f-09774f9c346a.jpg?resize=700%2C400&ssl=1 2x"},"classes":[]},{"id":22595,"url":"https:\/\/correiodasemana.com\/site\/lula-toma-posse-como-39o-presidente-da-republica\/","url_meta":{"origin":13098,"position":1},"title":"Lula toma posse como 39\u00ba Presidente da Rep\u00fablica","author":"adminredacao","date":"Janeiro 8, 2023","format":false,"excerpt":"Aos 77 anos, petista assume mandato pela 3\u00aa vez, com o desafio de pacificar o pa\u00eds e acabar com a fome em um cen\u00e1rio econ\u00f4mico incerto O pernambucano, ex-sindicalista e fundador do Partido dos Trabalhadores Luiz In\u00e1cio Lula da Silva, 77 anos, assume pela 3\u00aa vez a Presid\u00eancia da Rep\u00fablica\u2026","rel":"","context":"In &quot;Atualidade&quot;","block_context":{"text":"Atualidade","link":"https:\/\/correiodasemana.com\/site\/category\/atualidade\/"},"img":{"alt_text":"","src":"https:\/\/i0.wp.com\/correiodasemana.com\/site\/wp-content\/uploads\/2023\/01\/brasilia.jpg?resize=350%2C200&ssl=1","width":350,"height":200,"srcset":"https:\/\/i0.wp.com\/correiodasemana.com\/site\/wp-content\/uploads\/2023\/01\/brasilia.jpg?resize=350%2C200&ssl=1 1x, https:\/\/i0.wp.com\/correiodasemana.com\/site\/wp-content\/uploads\/2023\/01\/brasilia.jpg?resize=525%2C300&ssl=1 1.5x"},"classes":[]},{"id":13219,"url":"https:\/\/correiodasemana.com\/site\/homicidios-tem-prevalencia-de-uso-de-arma-de-fogo-e-vitima-mais-jovens\/","url_meta":{"origin":13098,"position":2},"title":"Homic\u00eddios t\u00eam preval\u00eancia de uso de arma de fogo e vitima mais jovens","author":"","date":"Agosto 31, 2020","format":false,"excerpt":"A pesquisa aponta que os homic\u00eddios s\u00e3o a principal causa de mortalidade de jovens entre 15 e 29 anos Em 71,1% dos homic\u00eddios registrados no Brasil em 2018, o agressor usou uma arma de fogo para cometer o crime. No total, 41.179 foram assassinadas dessa forma naquele ano, segundo dados\u2026","rel":"","context":"In &quot;Atualidade&quot;","block_context":{"text":"Atualidade","link":"https:\/\/correiodasemana.com\/site\/category\/atualidade\/"},"img":{"alt_text":"","src":"https:\/\/i0.wp.com\/correiodasemana.com\/site\/wp-content\/uploads\/2020\/08\/naom_5990b4f2116a4.jpg?resize=350%2C200&ssl=1","width":350,"height":200,"srcset":"https:\/\/i0.wp.com\/correiodasemana.com\/site\/wp-content\/uploads\/2020\/08\/naom_5990b4f2116a4.jpg?resize=350%2C200&ssl=1 1x, https:\/\/i0.wp.com\/correiodasemana.com\/site\/wp-content\/uploads\/2020\/08\/naom_5990b4f2116a4.jpg?resize=525%2C300&ssl=1 1.5x, https:\/\/i0.wp.com\/correiodasemana.com\/site\/wp-content\/uploads\/2020\/08\/naom_5990b4f2116a4.jpg?resize=700%2C400&ssl=1 2x, https:\/\/i0.wp.com\/correiodasemana.com\/site\/wp-content\/uploads\/2020\/08\/naom_5990b4f2116a4.jpg?resize=1050%2C600&ssl=1 3x, https:\/\/i0.wp.com\/correiodasemana.com\/site\/wp-content\/uploads\/2020\/08\/naom_5990b4f2116a4.jpg?resize=1400%2C800&ssl=1 4x"},"classes":[]},{"id":25348,"url":"https:\/\/correiodasemana.com\/site\/alcool-no-transito-mata-1-brasileiro-por-hora-revela-pesquisa\/","url_meta":{"origin":13098,"position":3},"title":"\u00c1lcool no tr\u00e2nsito mata 1 brasileiro por hora, revela pesquisa","author":"adminredacao","date":"Junho 26, 2023","format":false,"excerpt":"Hospitaliza\u00e7\u00f5es causadas por \u00e1lcool e dire\u00e7\u00e3o crescem 34% no pa\u00eds Por Lucas Pordeus Le\u00f3n - Rep\u00f3rter da Ag\u00eancia Brasil - Bras\u00edlia Marco na luta contra a viol\u00eancia no tr\u00e2nsito no Brasil, a Lei Seca completa 15 anos nesta segunda-feira (19). Para lembrar a data, o Centro de Informa\u00e7\u00f5es sobre Sa\u00fade\u2026","rel":"","context":"In &quot;Atualidade&quot;","block_context":{"text":"Atualidade","link":"https:\/\/correiodasemana.com\/site\/category\/atualidade\/"},"img":{"alt_text":"","src":"https:\/\/i0.wp.com\/correiodasemana.com\/site\/wp-content\/uploads\/2023\/06\/dpvat_2.jpg?resize=350%2C200&ssl=1","width":350,"height":200,"srcset":"https:\/\/i0.wp.com\/correiodasemana.com\/site\/wp-content\/uploads\/2023\/06\/dpvat_2.jpg?resize=350%2C200&ssl=1 1x, https:\/\/i0.wp.com\/correiodasemana.com\/site\/wp-content\/uploads\/2023\/06\/dpvat_2.jpg?resize=525%2C300&ssl=1 1.5x, https:\/\/i0.wp.com\/correiodasemana.com\/site\/wp-content\/uploads\/2023\/06\/dpvat_2.jpg?resize=700%2C400&ssl=1 2x, https:\/\/i0.wp.com\/correiodasemana.com\/site\/wp-content\/uploads\/2023\/06\/dpvat_2.jpg?resize=1050%2C600&ssl=1 3x"},"classes":[]},{"id":37446,"url":"https:\/\/correiodasemana.com\/site\/pesquisa-diz-que-73-dos-brasileiros-apoiam-fim-da-escala-6x1\/","url_meta":{"origin":13098,"position":4},"title":"Pesquisa diz que 73% dos brasileiros apoiam fim da escala 6&#215;1","author":"adminredacao","date":"Fevereiro 20, 2026","format":false,"excerpt":"Apoiadores ressaltam que a medida deve ser sem redu\u00e7\u00e3o de sal\u00e1rio POR Alana Gandra - Rep\u00f3rter da Ag\u00eancia Brasil Cerca de 84% dos brasileiros s\u00e3o favor\u00e1veis aos trabalhadores terem, no m\u00ednimo, dois dias de descanso por semana, segundo a pesquisa da Nexus - Pesquisa e Intelig\u00eancia de Dados, feita\u00a0nas 27\u2026","rel":"","context":"In &quot;Atualidade&quot;","block_context":{"text":"Atualidade","link":"https:\/\/correiodasemana.com\/site\/category\/atualidade\/"},"img":{"alt_text":"","src":"https:\/\/i0.wp.com\/correiodasemana.com\/site\/wp-content\/uploads\/2026\/02\/Jornal-Correio-da-Semana-No-1111.jpg?resize=350%2C200&ssl=1","width":350,"height":200,"srcset":"https:\/\/i0.wp.com\/correiodasemana.com\/site\/wp-content\/uploads\/2026\/02\/Jornal-Correio-da-Semana-No-1111.jpg?resize=350%2C200&ssl=1 1x, https:\/\/i0.wp.com\/correiodasemana.com\/site\/wp-content\/uploads\/2026\/02\/Jornal-Correio-da-Semana-No-1111.jpg?resize=525%2C300&ssl=1 1.5x"},"classes":[]},{"id":13250,"url":"https:\/\/correiodasemana.com\/site\/negros-sao-vitimas-de-3-em-cada-4-homicidios-no-brasil-aponta-atlas-da-violencia\/","url_meta":{"origin":13098,"position":5},"title":"Negros s\u00e3o v\u00edtimas de 3 em cada 4 homic\u00eddios no Brasil, aponta Atlas da Viol\u00eancia","author":"","date":"Agosto 31, 2020","format":false,"excerpt":"Tr\u00eas em cada quatro homic\u00eddios no Brasil no ano de 2018 foram contra pessoas negras Tr\u00eas em cada quatro homic\u00eddios no Brasil no ano de 2018 foram contra pessoas negras, segundo dados do Atlas da Viol\u00eancia 2020 divulgado nesta quinta-feira, apontando que a chance de uma pessoa negra ser v\u00edtima\u2026","rel":"","context":"In &quot;Atualidade&quot;","block_context":{"text":"Atualidade","link":"https:\/\/correiodasemana.com\/site\/category\/atualidade\/"},"img":{"alt_text":"","src":"https:\/\/i0.wp.com\/correiodasemana.com\/site\/wp-content\/uploads\/2020\/08\/WhatsApp-Image-2020-08-27-at-17.28.09.jpeg?resize=350%2C200&ssl=1","width":350,"height":200,"srcset":"https:\/\/i0.wp.com\/correiodasemana.com\/site\/wp-content\/uploads\/2020\/08\/WhatsApp-Image-2020-08-27-at-17.28.09.jpeg?resize=350%2C200&ssl=1 1x, https:\/\/i0.wp.com\/correiodasemana.com\/site\/wp-content\/uploads\/2020\/08\/WhatsApp-Image-2020-08-27-at-17.28.09.jpeg?resize=525%2C300&ssl=1 1.5x, https:\/\/i0.wp.com\/correiodasemana.com\/site\/wp-content\/uploads\/2020\/08\/WhatsApp-Image-2020-08-27-at-17.28.09.jpeg?resize=700%2C400&ssl=1 2x"},"classes":[]}],"jetpack_sharing_enabled":true,"jetpack_featured_media_url":"https:\/\/correiodasemana.com\/site\/wp-content\/uploads\/2019\/07\/vac_abr_0879230719.jpg","_links":{"self":[{"href":"https:\/\/correiodasemana.com\/site\/wp-json\/wp\/v2\/posts\/13098","targetHints":{"allow":["GET"]}}],"collection":[{"href":"https:\/\/correiodasemana.com\/site\/wp-json\/wp\/v2\/posts"}],"about":[{"href":"https:\/\/correiodasemana.com\/site\/wp-json\/wp\/v2\/types\/post"}],"author":[{"embeddable":true,"href":"https:\/\/correiodasemana.com\/site\/wp-json\/wp\/v2\/users\/1"}],"replies":[{"embeddable":true,"href":"https:\/\/correiodasemana.com\/site\/wp-json\/wp\/v2\/comments?post=13098"}],"version-history":[{"count":1,"href":"https:\/\/correiodasemana.com\/site\/wp-json\/wp\/v2\/posts\/13098\/revisions"}],"predecessor-version":[{"id":13099,"href":"https:\/\/correiodasemana.com\/site\/wp-json\/wp\/v2\/posts\/13098\/revisions\/13099"}],"wp:featuredmedia":[{"embeddable":true,"href":"https:\/\/correiodasemana.com\/site\/wp-json\/wp\/v2\/media\/8515"}],"wp:attachment":[{"href":"https:\/\/correiodasemana.com\/site\/wp-json\/wp\/v2\/media?parent=13098"}],"wp:term":[{"taxonomy":"category","embeddable":true,"href":"https:\/\/correiodasemana.com\/site\/wp-json\/wp\/v2\/categories?post=13098"},{"taxonomy":"post_tag","embeddable":true,"href":"https:\/\/correiodasemana.com\/site\/wp-json\/wp\/v2\/tags?post=13098"}],"curies":[{"name":"wp","href":"https:\/\/api.w.org\/{rel}","templated":true}]}}