{"id":13158,"date":"2020-08-25T16:22:25","date_gmt":"2020-08-25T19:22:25","guid":{"rendered":"https:\/\/correiodasemana.com\/site\/?p=13158"},"modified":"2020-08-25T16:22:25","modified_gmt":"2020-08-25T19:22:25","slug":"no-late-zap-com-mabel-12","status":"publish","type":"post","link":"https:\/\/correiodasemana.com\/site\/no-late-zap-com-mabel-12\/","title":{"rendered":"NO LATE-ZAP COM MABEL"},"content":{"rendered":"<p>Ol\u00e1 Mabel. Como est\u00e1 essa autarquia? Pois \u00e9, at\u00e9 se parece com as coisas do coxinha. Voc\u00ea \u00e9 que se parece com ele quando dispara a falar de mal das pessoas. Para come\u00e7o de assunto, voc\u00ea pare de ficar se intrometendo na briga do prefeito com a pol\u00edcia. N\u00e3o \u00e9 da sua conta. Que melissa. Isso ai \u00e9 marca de cal\u00e7ado, n\u00e3o se lembra?<\/p>\n<p>Quer dizer que seu IPTU aumentou mais de 700%. E por acaso voc\u00ea mora numa mans\u00e3o? Isso \u00e9 para voc\u00ea n\u00e3o se meter a besta e ficar querendo se mostrar e dando uma de rica, quando na verdade n\u00e3o passa de uma remediada. Poxa, sua conta de \u00e1gua tamb\u00e9m est\u00e1 um absurdo de aumento. Imagina se voc\u00ea tomasse banho frequentemente. A C\u00e2mara autorizou o prefeito a aumentar quando bem entendesse, assim, tipo quando ele estiver com raiva do povo.<\/p>\n<p>Mabel voc\u00ea est\u00e1 satisfeita com o seu prefeito? Deseja que ele passe o resto da vida mandando na nossa cidade? Eu sabia que n\u00e3o. Voc\u00ea faria mais do que ele, se fosse gestora? Duvido muito, pois ele estudou em Harvard. Voc\u00ea conhece? Eu sabia que n\u00e3o. Melhor mudarmos de assunto.<\/p>\n<p>Agora tenho que ir, pois esqueci a m\u00e1scara e estou vendo as laranjinhas se aproximando.\u00a0 Pois \u00e9 as multas agora s\u00e3o para as placas dos carros e as caras descobertas do povo. Grande abra\u00e7o.<\/p>\n<p><strong>Abrindo as ideias<\/strong><br \/>\nQuando me falaram que o Veveu poderia voltar, meu primeiro pensamento foi abrir uma loja de eletrodom\u00e9sticos para vender novas sanduicheiras \u00e0 Prefeitura.<\/p>\n<p><strong>Bate &#8211; rebate<\/strong><br \/>\nO vereador sargento Ailton devolveu numa r\u00e1dio tudo o que recebeu do prefeito em outra. O furor da pr\u00e9-campanha do capit\u00e3o Wagner na capital faz tremer as torres do feudo, que possivelmente cair\u00e3o quando o capit\u00e3o presidente chegar junto.<\/p>\n<p><strong>Um homem marcante<\/strong><br \/>\nUm fato hist\u00f3rico me chamou a aten\u00e7\u00e3o: o empres\u00e1rio e reitor das faculdades Uninta, Dr. Oscar Sp\u00edndola Rodrigues J\u00fanior, \u00e9 &#8211; depois do fundador da f\u00e1brica de tecidos, e s\u00f3cio da ferrovia sobralense, Ernesto Deocleciano \u2013 o ente f\u00edsico que mais gerou emprego em nossa cidade em todos os tempos. Vale pr\u00eamio.<\/p>\n<p><strong>Viol\u00eancia desembestada<\/strong><br \/>\nO crescimento da viol\u00eancia em Sobral mostra a impot\u00eancia das pol\u00edcias, o desinteresse da c\u00e2mara de vereadores e o descaso da prefeitura. A bandidagem perdeu o medo e as autoridades o compromisso de combat\u00ea-la.<\/p>\n","protected":false},"excerpt":{"rendered":"<p>Ol\u00e1 Mabel. Como est\u00e1 essa autarquia? Pois \u00e9, at\u00e9 se parece com as coisas do&#8230;<\/p>\n","protected":false},"author":1,"featured_media":13159,"comment_status":"open","ping_status":"open","sticky":false,"template":"","format":"standard","meta":{"_jetpack_memberships_contains_paid_content":false,"footnotes":"","jetpack_publicize_message":"","jetpack_publicize_feature_enabled":true,"jetpack_social_post_already_shared":true,"jetpack_social_options":{"image_generator_settings":{"template":"highway","default_image_id":0,"font":"","enabled":false},"version":2}},"categories":[11,53],"tags":[],"class_list":["post-13158","post","type-post","status-publish","format-standard","has-post-thumbnail","hentry","category-artigos","category-silveira-rocha"],"jetpack_publicize_connections":[],"jetpack_featured_media_url":"https:\/\/correiodasemana.com\/site\/wp-content\/uploads\/2020\/08\/Logo-Silveira-Rocha-2-3.jpg","jetpack-related-posts":[{"id":12663,"url":"https:\/\/correiodasemana.com\/site\/no-late-zap-com-mabel-3\/","url_meta":{"origin":13158,"position":0},"title":"NO LATE-ZAP COM MABEL","author":"","date":"Agosto 10, 2020","format":false,"excerpt":"Ol\u00e1 Mabel, como vai essa distinta cadela caramelo? Precisando de perfumes \u00e9? E por que essa necessidade agora? Por acaso os perfumes do shop n\u00e3o est\u00e3o resolvendo? Ah, agora entendi. Quer dizer que est\u00e1 mal cheirosa por causa da fedentina da cidade. Mabel, Sobral fede mesmo? Poxa, eu escutava pessoas\u2026","rel":"","context":"In &quot;Artigos&quot;","block_context":{"text":"Artigos","link":"https:\/\/correiodasemana.com\/site\/category\/artigos\/"},"img":{"alt_text":"","src":"https:\/\/i0.wp.com\/correiodasemana.com\/site\/wp-content\/uploads\/2020\/08\/117163962_290238355633639_4284614535297516281_n-3.jpg?resize=350%2C200&ssl=1","width":350,"height":200,"srcset":"https:\/\/i0.wp.com\/correiodasemana.com\/site\/wp-content\/uploads\/2020\/08\/117163962_290238355633639_4284614535297516281_n-3.jpg?resize=350%2C200&ssl=1 1x, https:\/\/i0.wp.com\/correiodasemana.com\/site\/wp-content\/uploads\/2020\/08\/117163962_290238355633639_4284614535297516281_n-3.jpg?resize=525%2C300&ssl=1 1.5x, https:\/\/i0.wp.com\/correiodasemana.com\/site\/wp-content\/uploads\/2020\/08\/117163962_290238355633639_4284614535297516281_n-3.jpg?resize=700%2C400&ssl=1 2x"},"classes":[]},{"id":13379,"url":"https:\/\/correiodasemana.com\/site\/no-late-zap-com-mabel-18\/","url_meta":{"origin":13158,"position":1},"title":"NO LATE-ZAP COM MABEL","author":"","date":"Setembro 7, 2020","format":false,"excerpt":"Ol\u00e1 amiga Mabel, como vai essa brilhante cadelinha? Fico feliz em saber que est\u00e1 tudo bem com voc\u00ea, assim voc\u00ea me perturba menos. N\u00e3o que eu n\u00e3o goste, mas \u00e9 que voc\u00ea quer passar o dia todo nesse late-zap, e eu tenho mais o que fazer. Mas tudo bem, conte\u2026","rel":"","context":"In &quot;Artigos&quot;","block_context":{"text":"Artigos","link":"https:\/\/correiodasemana.com\/site\/category\/artigos\/"},"img":{"alt_text":"","src":"https:\/\/i0.wp.com\/correiodasemana.com\/site\/wp-content\/uploads\/2020\/09\/Logo-Silveira-Rocha-2-1.jpg?resize=350%2C200&ssl=1","width":350,"height":200,"srcset":"https:\/\/i0.wp.com\/correiodasemana.com\/site\/wp-content\/uploads\/2020\/09\/Logo-Silveira-Rocha-2-1.jpg?resize=350%2C200&ssl=1 1x, https:\/\/i0.wp.com\/correiodasemana.com\/site\/wp-content\/uploads\/2020\/09\/Logo-Silveira-Rocha-2-1.jpg?resize=525%2C300&ssl=1 1.5x, https:\/\/i0.wp.com\/correiodasemana.com\/site\/wp-content\/uploads\/2020\/09\/Logo-Silveira-Rocha-2-1.jpg?resize=700%2C400&ssl=1 2x"},"classes":[]},{"id":13105,"url":"https:\/\/correiodasemana.com\/site\/no-late-zap-com-mabel-10\/","url_meta":{"origin":13158,"position":2},"title":"NO LATE-ZAP COM MABEL","author":"","date":"Agosto 24, 2020","format":false,"excerpt":"Ol\u00e1 Mabel, como est\u00e1 essa pot\u00eancia canina? Sim eu seu sei que hoje \u00e9 sexta-feira e dai? Vixe, \u00e9 mesmo, hoje \u00e9 dia de a gente ir comer sushi. Agora tem uma coisa: voc\u00ea precisa educar sua fome. Da vez passada paguei um quilo \u00e9 meio e vi que n\u00e3o\u2026","rel":"","context":"In &quot;Artigos&quot;","block_context":{"text":"Artigos","link":"https:\/\/correiodasemana.com\/site\/category\/artigos\/"},"img":{"alt_text":"","src":"https:\/\/i0.wp.com\/correiodasemana.com\/site\/wp-content\/uploads\/2020\/08\/Logo-Silveira-Rocha-2-1.jpg?resize=350%2C200&ssl=1","width":350,"height":200,"srcset":"https:\/\/i0.wp.com\/correiodasemana.com\/site\/wp-content\/uploads\/2020\/08\/Logo-Silveira-Rocha-2-1.jpg?resize=350%2C200&ssl=1 1x, https:\/\/i0.wp.com\/correiodasemana.com\/site\/wp-content\/uploads\/2020\/08\/Logo-Silveira-Rocha-2-1.jpg?resize=525%2C300&ssl=1 1.5x, https:\/\/i0.wp.com\/correiodasemana.com\/site\/wp-content\/uploads\/2020\/08\/Logo-Silveira-Rocha-2-1.jpg?resize=700%2C400&ssl=1 2x"},"classes":[]},{"id":12997,"url":"https:\/\/correiodasemana.com\/site\/no-late-zap-com-mabel-9\/","url_meta":{"origin":13158,"position":3},"title":"NO LATE-ZAP COM MABEL","author":"","date":"Agosto 19, 2020","format":false,"excerpt":"Mabel, como vai? Voc\u00ea viu o que o presidente da Coreia do Norte, o ping-pong est\u00e1 fazendo? Pois se sente para n\u00e3o cair: ele est\u00e1 obrigando o povo do pa\u00eds a entregar seus c\u00e3ezinhos para servirem de alimento. T\u00e1 vendo, como se n\u00e3o bastasse a China, a Coreia agora quer\u2026","rel":"","context":"In &quot;Artigos&quot;","block_context":{"text":"Artigos","link":"https:\/\/correiodasemana.com\/site\/category\/artigos\/"},"img":{"alt_text":"","src":"https:\/\/i0.wp.com\/correiodasemana.com\/site\/wp-content\/uploads\/2020\/08\/117163962_290238355633639_4284614535297516281_n.jpg?resize=350%2C200&ssl=1","width":350,"height":200,"srcset":"https:\/\/i0.wp.com\/correiodasemana.com\/site\/wp-content\/uploads\/2020\/08\/117163962_290238355633639_4284614535297516281_n.jpg?resize=350%2C200&ssl=1 1x, https:\/\/i0.wp.com\/correiodasemana.com\/site\/wp-content\/uploads\/2020\/08\/117163962_290238355633639_4284614535297516281_n.jpg?resize=525%2C300&ssl=1 1.5x, https:\/\/i0.wp.com\/correiodasemana.com\/site\/wp-content\/uploads\/2020\/08\/117163962_290238355633639_4284614535297516281_n.jpg?resize=700%2C400&ssl=1 2x"},"classes":[]},{"id":13274,"url":"https:\/\/correiodasemana.com\/site\/no-late-zap-com-mabel-14\/","url_meta":{"origin":13158,"position":4},"title":"NO LATE-ZAP COM MABEL","author":"","date":"Agosto 31, 2020","format":false,"excerpt":"O que foi Mabel? Ave, voc\u00ea me mata de susto. Eu achei que era algo interessante e vejo que voc\u00ea s\u00f3 quer fofocar. Voc\u00ea \u00e9 mesmo sem jeito. Imagina se fosse gente. E por falar em gente, voc\u00ea viu como ficaram os filhos da vi\u00fava quando foi anunciado que a\u2026","rel":"","context":"In &quot;Artigos&quot;","block_context":{"text":"Artigos","link":"https:\/\/correiodasemana.com\/site\/category\/artigos\/"},"img":{"alt_text":"","src":"https:\/\/i0.wp.com\/correiodasemana.com\/site\/wp-content\/uploads\/2020\/08\/Logo-Silveira-Rocha-2-1.jpg?resize=350%2C200&ssl=1","width":350,"height":200,"srcset":"https:\/\/i0.wp.com\/correiodasemana.com\/site\/wp-content\/uploads\/2020\/08\/Logo-Silveira-Rocha-2-1.jpg?resize=350%2C200&ssl=1 1x, https:\/\/i0.wp.com\/correiodasemana.com\/site\/wp-content\/uploads\/2020\/08\/Logo-Silveira-Rocha-2-1.jpg?resize=525%2C300&ssl=1 1.5x, https:\/\/i0.wp.com\/correiodasemana.com\/site\/wp-content\/uploads\/2020\/08\/Logo-Silveira-Rocha-2-1.jpg?resize=700%2C400&ssl=1 2x"},"classes":[]},{"id":12455,"url":"https:\/\/correiodasemana.com\/site\/coluna-silveira-rocha-publicacao-diaria\/","url_meta":{"origin":13158,"position":5},"title":"COLUNA SILVEIRA ROCHA &#8211; PUBLICA\u00c7\u00c3O DI\u00c1RIA","author":"","date":"Agosto 3, 2020","format":false,"excerpt":"NO LATE-ZAP COM MABEL Mabel, eu sabia que mais cedo ou mais tarde eu flagraria voc\u00ea batendo papo nas redes sociais. Como eu a descobri? Ora bolas, quem n\u00e3o reconhece esse seu papo de comunista. Tome muito cuidado com o que fala, sen\u00e3o o Alex Imorais manda voc\u00ea para a\u2026","rel":"","context":"In &quot;Artigos&quot;","block_context":{"text":"Artigos","link":"https:\/\/correiodasemana.com\/site\/category\/artigos\/"},"img":{"alt_text":"","src":"https:\/\/i0.wp.com\/correiodasemana.com\/site\/wp-content\/uploads\/2020\/08\/117163962_290238355633639_4284614535297516281_n-1.jpg?resize=350%2C200&ssl=1","width":350,"height":200,"srcset":"https:\/\/i0.wp.com\/correiodasemana.com\/site\/wp-content\/uploads\/2020\/08\/117163962_290238355633639_4284614535297516281_n-1.jpg?resize=350%2C200&ssl=1 1x, https:\/\/i0.wp.com\/correiodasemana.com\/site\/wp-content\/uploads\/2020\/08\/117163962_290238355633639_4284614535297516281_n-1.jpg?resize=525%2C300&ssl=1 1.5x, https:\/\/i0.wp.com\/correiodasemana.com\/site\/wp-content\/uploads\/2020\/08\/117163962_290238355633639_4284614535297516281_n-1.jpg?resize=700%2C400&ssl=1 2x"},"classes":[]}],"jetpack_sharing_enabled":true,"_links":{"self":[{"href":"https:\/\/correiodasemana.com\/site\/wp-json\/wp\/v2\/posts\/13158","targetHints":{"allow":["GET"]}}],"collection":[{"href":"https:\/\/correiodasemana.com\/site\/wp-json\/wp\/v2\/posts"}],"about":[{"href":"https:\/\/correiodasemana.com\/site\/wp-json\/wp\/v2\/types\/post"}],"author":[{"embeddable":true,"href":"https:\/\/correiodasemana.com\/site\/wp-json\/wp\/v2\/users\/1"}],"replies":[{"embeddable":true,"href":"https:\/\/correiodasemana.com\/site\/wp-json\/wp\/v2\/comments?post=13158"}],"version-history":[{"count":2,"href":"https:\/\/correiodasemana.com\/site\/wp-json\/wp\/v2\/posts\/13158\/revisions"}],"predecessor-version":[{"id":13161,"href":"https:\/\/correiodasemana.com\/site\/wp-json\/wp\/v2\/posts\/13158\/revisions\/13161"}],"wp:featuredmedia":[{"embeddable":true,"href":"https:\/\/correiodasemana.com\/site\/wp-json\/wp\/v2\/media\/13159"}],"wp:attachment":[{"href":"https:\/\/correiodasemana.com\/site\/wp-json\/wp\/v2\/media?parent=13158"}],"wp:term":[{"taxonomy":"category","embeddable":true,"href":"https:\/\/correiodasemana.com\/site\/wp-json\/wp\/v2\/categories?post=13158"},{"taxonomy":"post_tag","embeddable":true,"href":"https:\/\/correiodasemana.com\/site\/wp-json\/wp\/v2\/tags?post=13158"}],"curies":[{"name":"wp","href":"https:\/\/api.w.org\/{rel}","templated":true}]}}