{"id":13167,"date":"2020-08-26T08:31:54","date_gmt":"2020-08-26T11:31:54","guid":{"rendered":"https:\/\/correiodasemana.com\/site\/?p=13167"},"modified":"2020-08-26T08:33:21","modified_gmt":"2020-08-26T11:33:21","slug":"camara-deve-votar-punicao-em-dobro-para-quem-desviar-recursos-direcionados-a-covid-19","status":"publish","type":"post","link":"https:\/\/correiodasemana.com\/site\/camara-deve-votar-punicao-em-dobro-para-quem-desviar-recursos-direcionados-a-covid-19\/","title":{"rendered":"C\u00e2mara deve votar puni\u00e7\u00e3o em dobro para quem desviar recursos direcionados \u00e0 Covid-19"},"content":{"rendered":"<p>O texto altera o C\u00f3digo Penal e est\u00e1 em an\u00e1lise na C\u00e2mara dos Deputados<\/p>\n<p>Nesta semana pode ser votado projeto que prev\u00ea puni\u00e7\u00e3o em dobro para os crimes praticados contra a administra\u00e7\u00e3o p\u00fablica, durante estado de calamidade. O texto altera o C\u00f3digo Penal e est\u00e1 em an\u00e1lise na C\u00e2mara dos Deputados. Nesta categoria est\u00e3o enquadrados crimes como corrup\u00e7\u00e3o passiva; peculato (apropriar-se de valores); prevarica\u00e7\u00e3o (deixar de exercer o que lhe \u00e9 de dever); concuss\u00e3o (exigir vantagem indevida), entre outros.<\/p>\n<p>O <a href=\"https:\/\/www.camara.leg.br\/propostas-legislativas\/2242821\">Projeto de Lei 1485\/20<\/a> tamb\u00e9m prev\u00ea puni\u00e7\u00e3o em dobro, por ocasi\u00e3o de calamidade p\u00fablica, para os crimes de corrup\u00e7\u00e3o ativa e fraude em licita\u00e7\u00f5es. O texto est\u00e1 na pauta de vota\u00e7\u00f5es da C\u00e2mara dos Deputados. Segundo a deputada federal, Adriana Ventura (NOVO\/SP), que \u00e9 a autora do projeto, no atual estado de calamidade, todas as regras s\u00e3o afrouxadas para acelerar o processo de compras e contrata\u00e7\u00e3o de servi\u00e7os, mas \u00e9 preciso mostrar que o pre\u00e7o pela corrup\u00e7\u00e3o \u00e9 alto.<\/p>\n<p>\u201cO que a gente percebe \u00e9 que o ambiente ficou prop\u00edcio ao crime, porque tem muito dinheiro circulando. Sabemos que os estados e munic\u00edpios receberam muita verba. Tem poucas regras e pouca fiscaliza\u00e7\u00e3o. \u00c9 corrup\u00e7\u00e3o na certa! S\u00f3 que agora, dinheiro desviado mata muito mais, porque dinheiro desviado \u00e9 um leito a menos, m\u00e9dico a menos, respirador a menos\u201d, explicou a parlamentar.<\/p>\n<p><img fetchpriority=\"high\" decoding=\"async\" class=\"alignleft size-full wp-image-13169\" src=\"https:\/\/correiodasemana.com\/site\/wp-content\/uploads\/2020\/08\/content_O-que-preve-a-proposta.jpg\" alt=\"\" width=\"800\" height=\"775\" srcset=\"https:\/\/correiodasemana.com\/site\/wp-content\/uploads\/2020\/08\/content_O-que-preve-a-proposta.jpg 800w, https:\/\/correiodasemana.com\/site\/wp-content\/uploads\/2020\/08\/content_O-que-preve-a-proposta-300x291.jpg 300w, https:\/\/correiodasemana.com\/site\/wp-content\/uploads\/2020\/08\/content_O-que-preve-a-proposta-768x744.jpg 768w\" sizes=\"(max-width: 800px) 100vw, 800px\" \/><\/p>\n<p>E neste momento de pandemia da Covid-19, o Tribunal de Contas da Uni\u00e3o est\u00e1 de olho atento ao uso irregular dos recursos p\u00fablicos. Algumas a\u00e7\u00f5es estrat\u00e9gicas do \u00f3rg\u00e3o foram, por exemplo, o <a href=\"https:\/\/pesquisa.apps.tcu.gov.br\/#\/documento\/noticia\/Covid\/%2520\/DTRELEVANCIA%2520desc\/19\/%2520?uuid=1e0af9c0-e6e0-11ea-b72e-5faed82d0395\">cruzamentos de dados com as folhas de pagamento do aux\u00edlio emergencial pago em abril de 2020<\/a> em que se identificou 620.299 benefici\u00e1rios do aux\u00edlio emergencial com algum ind\u00edcio de recebimento indevido; e a <a href=\"https:\/\/pesquisa.apps.tcu.gov.br\/#\/documento\/noticia\/Covid\/%2520\/DTRELEVANCIA%2520desc\/12\/%2520?uuid=1e0af9c0-e6e0-11ea-b72e-5faed82d0395\">avalia\u00e7\u00e3o da estrutura de governan\u00e7a do Minist\u00e9rio da Sa\u00fade (MS) no combate \u00e0 crise gerada pelo novo coronav\u00edrus<\/a>, que mostrou baixa execu\u00e7\u00e3o do or\u00e7amento para a\u00e7\u00f5es de combate \u00e0 Covid-19 e falta de defini\u00e7\u00e3o para crit\u00e9rios para transfer\u00eancia de recursos.<\/p>\n<p>Algumas das irregularidades mais recorrentes, nos casos analisados pelo TCU, est\u00e3o a falta de transpar\u00eancia nas compras; a fragilidade na sele\u00e7\u00e3o do fornecedor; a disparidade nos valores de compra dos produtos e insumos; e falta de clareza nas contrata\u00e7\u00f5es de servi\u00e7os.<\/p>\n<p>A secret\u00e1ria de Controle Externo de Aquisi\u00e7\u00f5es Log\u00edsticas do TCU, T\u00e2nia Lopes, explica que desde o in\u00edcio da pandemia, o TCU lan\u00e7ou um programa interno, chamado <a href=\"https:\/\/portal.tcu.gov.br\/coopera\/\">Coopera<\/a>, para o acompanhamento da gest\u00e3o p\u00fablica dos recursos durante a pandemia. \u201cNas \u00e1reas de compras e aquisi\u00e7\u00f5es log\u00edsticas temos um acompanhamento, tocado pela Selog, que se utiliza de intelig\u00eancia artificial, alguns rob\u00f4s que testam tipologias. Recebemos muitas den\u00fancias e representa\u00e7\u00f5es externas da Ouvidoria do TCU\u201d, detalhou a secret\u00e1ria.<\/p>\n<p>Fonte: <a href=\"https:\/\/brasil61.com\/noticias\/camara-deve-votar-punicao-em-dobro-para-quem-desviar-recursos-direcionados-a-covid-19-bras201508\">Brasil 61<\/a><\/p>\n","protected":false},"excerpt":{"rendered":"<p>O texto altera o C\u00f3digo Penal e est\u00e1 em an\u00e1lise na C\u00e2mara dos Deputados Nesta&#8230;<\/p>\n","protected":false},"author":1,"featured_media":13168,"comment_status":"open","ping_status":"open","sticky":false,"template":"","format":"standard","meta":{"_jetpack_memberships_contains_paid_content":false,"footnotes":"","jetpack_publicize_message":"","jetpack_publicize_feature_enabled":true,"jetpack_social_post_already_shared":true,"jetpack_social_options":{"image_generator_settings":{"template":"highway","default_image_id":0,"font":"","enabled":false},"version":2}},"categories":[1],"tags":[],"class_list":["post-13167","post","type-post","status-publish","format-standard","has-post-thumbnail","hentry","category-atualidade"],"jetpack_publicize_connections":[],"jetpack_featured_media_url":"https:\/\/correiodasemana.com\/site\/wp-content\/uploads\/2020\/08\/camara-dos-deputados.jpg","jetpack-related-posts":[{"id":13319,"url":"https:\/\/correiodasemana.com\/site\/camara-aprova-projeto-que-dobra-pena-para-corrupcao-durante-pandemia\/","url_meta":{"origin":13167,"position":0},"title":"C\u00e2mara aprova projeto que dobra pena para corrup\u00e7\u00e3o durante pandemia","author":"","date":"Setembro 2, 2020","format":false,"excerpt":"A C\u00e2mara\u00a0aprovou com ampla maioria nesta ter\u00e7a-feira (1\u00ba) o projeto de lei 1485\/20 que dobra a pena de crimes de desvios de recurso p\u00fablicos durante o per\u00edodo da calamidade p\u00fablica. O aumento da senten\u00e7a n\u00e3o vai ser retroativo e vai valer para os crimes praticados depois da vig\u00eancia da lei.\u2026","rel":"","context":"In &quot;Atualidade&quot;","block_context":{"text":"Atualidade","link":"https:\/\/correiodasemana.com\/site\/category\/atualidade\/"},"img":{"alt_text":"","src":"https:\/\/i0.wp.com\/correiodasemana.com\/site\/wp-content\/uploads\/2020\/09\/img20200825160802559MED.jpg?resize=350%2C200&ssl=1","width":350,"height":200,"srcset":"https:\/\/i0.wp.com\/correiodasemana.com\/site\/wp-content\/uploads\/2020\/09\/img20200825160802559MED.jpg?resize=350%2C200&ssl=1 1x, https:\/\/i0.wp.com\/correiodasemana.com\/site\/wp-content\/uploads\/2020\/09\/img20200825160802559MED.jpg?resize=525%2C300&ssl=1 1.5x, https:\/\/i0.wp.com\/correiodasemana.com\/site\/wp-content\/uploads\/2020\/09\/img20200825160802559MED.jpg?resize=700%2C400&ssl=1 2x"},"classes":[]},{"id":16005,"url":"https:\/\/correiodasemana.com\/site\/lei-mariana-ferrer-camara-aprova-projeto-que-pune-ofensa-a-vitima-durante-julgamento\/","url_meta":{"origin":13167,"position":1},"title":"Lei Mariana Ferrer: C\u00e2mara aprova projeto que pune ofensa a v\u00edtima durante julgamento","author":"","date":"Mar\u00e7o 22, 2021","format":false,"excerpt":"Lei foi batizada com nome de blogueira ofendida em audi\u00eancia de processo em que acusava empres\u00e1rio de estupro. Deputados aprovaram outros projetos que beneficiam mulheres. Por Elisa Clavery, Fernanda Calgaro, Gustavo Garcia e Luiz Felipe Barbi\u00e9ri, TV Globo e G1\u00a0\u2014 Bras\u00edlia A C\u00e2mara aprovou nesta ter\u00e7a-feira (16) projetos que t\u00eam\u2026","rel":"","context":"In &quot;Atualidade&quot;","block_context":{"text":"Atualidade","link":"https:\/\/correiodasemana.com\/site\/category\/atualidade\/"},"img":{"alt_text":"","src":"https:\/\/i0.wp.com\/correiodasemana.com\/site\/wp-content\/uploads\/2020\/12\/plenario-camara-2-868x644-750x430-1.jpg?resize=350%2C200&ssl=1","width":350,"height":200,"srcset":"https:\/\/i0.wp.com\/correiodasemana.com\/site\/wp-content\/uploads\/2020\/12\/plenario-camara-2-868x644-750x430-1.jpg?resize=350%2C200&ssl=1 1x, https:\/\/i0.wp.com\/correiodasemana.com\/site\/wp-content\/uploads\/2020\/12\/plenario-camara-2-868x644-750x430-1.jpg?resize=525%2C300&ssl=1 1.5x, https:\/\/i0.wp.com\/correiodasemana.com\/site\/wp-content\/uploads\/2020\/12\/plenario-camara-2-868x644-750x430-1.jpg?resize=700%2C400&ssl=1 2x"},"classes":[]},{"id":34374,"url":"https:\/\/correiodasemana.com\/site\/comissao-aprova-projeto-que-define-como-infracao-grave-atirar-objetos-para-fora-do-veiculo\/","url_meta":{"origin":13167,"position":2},"title":"Comiss\u00e3o aprova projeto que define como infra\u00e7\u00e3o grave atirar objetos para fora do ve\u00edculo","author":"adminredacao","date":"Junho 23, 2025","format":false,"excerpt":"Texto ser\u00e1 analisado por outras duas comiss\u00f5es da C\u00e2mara antes de ir para o Senado Kayo Magalh\u00e3es \/ C\u00e2mara dos Deputados A Comiss\u00e3o de Via\u00e7\u00e3o e Transportes da C\u00e2mara dos Deputados aprovou proposta que altera o C\u00f3digo de Tr\u00e2nsito Brasileiro (CTB) para definir como infra\u00e7\u00e3o grave o ato de atirar\u2026","rel":"","context":"In &quot;Atualidade&quot;","block_context":{"text":"Atualidade","link":"https:\/\/correiodasemana.com\/site\/category\/atualidade\/"},"img":{"alt_text":"","src":"https:\/\/i0.wp.com\/correiodasemana.com\/site\/wp-content\/uploads\/2025\/06\/img20250610175245905-768x473-1.jpg?resize=350%2C200&ssl=1","width":350,"height":200,"srcset":"https:\/\/i0.wp.com\/correiodasemana.com\/site\/wp-content\/uploads\/2025\/06\/img20250610175245905-768x473-1.jpg?resize=350%2C200&ssl=1 1x, https:\/\/i0.wp.com\/correiodasemana.com\/site\/wp-content\/uploads\/2025\/06\/img20250610175245905-768x473-1.jpg?resize=525%2C300&ssl=1 1.5x, https:\/\/i0.wp.com\/correiodasemana.com\/site\/wp-content\/uploads\/2025\/06\/img20250610175245905-768x473-1.jpg?resize=700%2C400&ssl=1 2x"},"classes":[]},{"id":10122,"url":"https:\/\/correiodasemana.com\/site\/camara-aprova-pacote-anticrime-texto-vai-ao-senado\/","url_meta":{"origin":13167,"position":3},"title":"C\u00e2mara aprova pacote anticrime; texto vai ao Senado","author":"","date":"Dezembro 9, 2019","format":false,"excerpt":"Projeto de lei traz modifica\u00e7\u00f5es na legisla\u00e7\u00e3o e no processo penal Ag\u00eancia Brasil O plen\u00e1rio da C\u00e2mara aprovou quarta-feira (4) o\u00a0projeto de lei do pacote anticrime (PL 10372\/18). O texto-base foi aprovado por 408 votos a favor, 9 contra, e 2 absten\u00e7\u00f5es e, posteriormente, os parlamentares rejeitaram um destaque do\u2026","rel":"","context":"In &quot;Atualidade&quot;","block_context":{"text":"Atualidade","link":"https:\/\/correiodasemana.com\/site\/category\/atualidade\/"},"img":{"alt_text":"","src":"https:\/\/i0.wp.com\/correiodasemana.com\/site\/wp-content\/uploads\/2019\/12\/P%C3%A1g-9-imagem.jpg?resize=350%2C200&ssl=1","width":350,"height":200,"srcset":"https:\/\/i0.wp.com\/correiodasemana.com\/site\/wp-content\/uploads\/2019\/12\/P%C3%A1g-9-imagem.jpg?resize=350%2C200&ssl=1 1x, https:\/\/i0.wp.com\/correiodasemana.com\/site\/wp-content\/uploads\/2019\/12\/P%C3%A1g-9-imagem.jpg?resize=525%2C300&ssl=1 1.5x, https:\/\/i0.wp.com\/correiodasemana.com\/site\/wp-content\/uploads\/2019\/12\/P%C3%A1g-9-imagem.jpg?resize=700%2C400&ssl=1 2x, https:\/\/i0.wp.com\/correiodasemana.com\/site\/wp-content\/uploads\/2019\/12\/P%C3%A1g-9-imagem.jpg?resize=1050%2C600&ssl=1 3x"},"classes":[]},{"id":21970,"url":"https:\/\/correiodasemana.com\/site\/camara-federal-aprova-projeto-de-lei-que-regulamenta-criptomoeda\/","url_meta":{"origin":13167,"position":4},"title":"C\u00e2mara Federal aprova projeto de lei que regulamenta criptomoeda","author":"","date":"Novembro 30, 2022","format":false,"excerpt":"A C\u00e2mara dos Deputados aprovou na noite desta ter\u00e7a-feira (29) o projeto de lei que prev\u00ea que a presta\u00e7\u00e3o de servi\u00e7os de ativos virtuais (criptomoedas) seja regulamentada por um \u00f3rg\u00e3o do governo federal. O texto segue para san\u00e7\u00e3o presidencial. Segundo o texto, ser\u00e3o consideradas prestadoras de servi\u00e7os de ativos virtuais\u2026","rel":"","context":"In &quot;Atualidade&quot;","block_context":{"text":"Atualidade","link":"https:\/\/correiodasemana.com\/site\/category\/atualidade\/"},"img":{"alt_text":"","src":"https:\/\/i0.wp.com\/correiodasemana.com\/site\/wp-content\/uploads\/2022\/11\/criptomoedas-bitcoin-608089037.jpg?resize=350%2C200&ssl=1","width":350,"height":200,"srcset":"https:\/\/i0.wp.com\/correiodasemana.com\/site\/wp-content\/uploads\/2022\/11\/criptomoedas-bitcoin-608089037.jpg?resize=350%2C200&ssl=1 1x, https:\/\/i0.wp.com\/correiodasemana.com\/site\/wp-content\/uploads\/2022\/11\/criptomoedas-bitcoin-608089037.jpg?resize=525%2C300&ssl=1 1.5x, https:\/\/i0.wp.com\/correiodasemana.com\/site\/wp-content\/uploads\/2022\/11\/criptomoedas-bitcoin-608089037.jpg?resize=700%2C400&ssl=1 2x, https:\/\/i0.wp.com\/correiodasemana.com\/site\/wp-content\/uploads\/2022\/11\/criptomoedas-bitcoin-608089037.jpg?resize=1050%2C600&ssl=1 3x, https:\/\/i0.wp.com\/correiodasemana.com\/site\/wp-content\/uploads\/2022\/11\/criptomoedas-bitcoin-608089037.jpg?resize=1400%2C800&ssl=1 4x"},"classes":[]},{"id":17633,"url":"https:\/\/correiodasemana.com\/site\/senado-aprova-projeto-de-nova-lei-de-improbidade-que-volta-a-camara\/","url_meta":{"origin":13167,"position":5},"title":"Senado aprova projeto de nova lei de improbidade, que volta \u00e0 C\u00e2mara","author":"","date":"Outubro 4, 2021","format":false,"excerpt":"O Plen\u00e1rio do Senado aprovou nesta quarta-feira (29) o projeto da nova lei de improbidade administrativa (PL 2.505\/2021). Entre as mudan\u00e7as em rela\u00e7\u00e3o \u00e0 legisla\u00e7\u00e3o atual (Lei 8.429, de 1992), o projeto determina que atos de agentes p\u00fablicos s\u00f3 podem ser configurados como improbidade quando houver comprova\u00e7\u00e3o de dolo. A\u2026","rel":"","context":"In &quot;Atualidade&quot;","block_context":{"text":"Atualidade","link":"https:\/\/correiodasemana.com\/site\/category\/atualidade\/"},"img":{"alt_text":"","src":"https:\/\/i0.wp.com\/correiodasemana.com\/site\/wp-content\/uploads\/2021\/10\/foto-senado.jpg?resize=350%2C200&ssl=1","width":350,"height":200,"srcset":"https:\/\/i0.wp.com\/correiodasemana.com\/site\/wp-content\/uploads\/2021\/10\/foto-senado.jpg?resize=350%2C200&ssl=1 1x, https:\/\/i0.wp.com\/correiodasemana.com\/site\/wp-content\/uploads\/2021\/10\/foto-senado.jpg?resize=525%2C300&ssl=1 1.5x"},"classes":[]}],"jetpack_sharing_enabled":true,"_links":{"self":[{"href":"https:\/\/correiodasemana.com\/site\/wp-json\/wp\/v2\/posts\/13167","targetHints":{"allow":["GET"]}}],"collection":[{"href":"https:\/\/correiodasemana.com\/site\/wp-json\/wp\/v2\/posts"}],"about":[{"href":"https:\/\/correiodasemana.com\/site\/wp-json\/wp\/v2\/types\/post"}],"author":[{"embeddable":true,"href":"https:\/\/correiodasemana.com\/site\/wp-json\/wp\/v2\/users\/1"}],"replies":[{"embeddable":true,"href":"https:\/\/correiodasemana.com\/site\/wp-json\/wp\/v2\/comments?post=13167"}],"version-history":[{"count":3,"href":"https:\/\/correiodasemana.com\/site\/wp-json\/wp\/v2\/posts\/13167\/revisions"}],"predecessor-version":[{"id":13171,"href":"https:\/\/correiodasemana.com\/site\/wp-json\/wp\/v2\/posts\/13167\/revisions\/13171"}],"wp:featuredmedia":[{"embeddable":true,"href":"https:\/\/correiodasemana.com\/site\/wp-json\/wp\/v2\/media\/13168"}],"wp:attachment":[{"href":"https:\/\/correiodasemana.com\/site\/wp-json\/wp\/v2\/media?parent=13167"}],"wp:term":[{"taxonomy":"category","embeddable":true,"href":"https:\/\/correiodasemana.com\/site\/wp-json\/wp\/v2\/categories?post=13167"},{"taxonomy":"post_tag","embeddable":true,"href":"https:\/\/correiodasemana.com\/site\/wp-json\/wp\/v2\/tags?post=13167"}],"curies":[{"name":"wp","href":"https:\/\/api.w.org\/{rel}","templated":true}]}}