{"id":13270,"date":"2020-08-31T00:31:04","date_gmt":"2020-08-31T03:31:04","guid":{"rendered":"https:\/\/correiodasemana.com\/site\/?p=13270"},"modified":"2020-08-31T00:31:04","modified_gmt":"2020-08-31T03:31:04","slug":"o-novo-aeroporto-de-sobral-sera-um-simbolo-do-futuro","status":"publish","type":"post","link":"https:\/\/correiodasemana.com\/site\/o-novo-aeroporto-de-sobral-sera-um-simbolo-do-futuro\/","title":{"rendered":"O novo aeroporto de Sobral ser\u00e1 um s\u00edmbolo do futuro"},"content":{"rendered":"<p>Quando for entregue, dentro de dezoito meses, o novo aeroporto de Sobral ser\u00e1 um s\u00edmbolo do futuro que o interior merece. Ser\u00e1 um dos melhores terminais do Cear\u00e1, digno de uma cidade tur\u00edstica, que oferece centenas de atrativos aos visitantes, mas que at\u00e9 agora n\u00e3o tinha conseguido garantir uma boa experi\u00eancia de chegada e partida aos turistas.<br \/>\nN\u00e3o h\u00e1 d\u00favidas de que a empresa conseguir\u00e1 atingir seu objetivo de atrair novas op\u00e7\u00f5es de voos para a Capital, ampliando o fluxo de passageiros, para atingir seus objetivos comerciais, mas tamb\u00e9m ajudando a desenvolver o turismo e a elevar o n\u00famero de pessoas que conhece, gosta de volta a visitar a cidade.<br \/>\nO novo aeroporto, al\u00e9m de s\u00edmbolo de futuro, tamb\u00e9m prova que \u00e9 poss\u00edvel acreditar e investir na Capital dos cearenses e que podemos sonhar com equipamentos modernos, adequados ao que representamos em termos de atrativos e belezas naturais. \u00c9 uma quebra de paradigmas. \u00c9 Sobral em um novo patamar de excel\u00eancia e capaz de atrair mais e mais visitantes.<br \/>\nQue os nossos administradores ou\u00e7am a voz do povo que n\u00e3o pode usar avi\u00e3o em seus deslocamentos. O aeroporto ser\u00e1 \u00f3timo e muito bemvindo, at\u00e9 porque representa investir numa perspectiva mais ampla de crescimento econ\u00f4mico. Mas, que n\u00e3o se descuide da conclus\u00e3o do terminal rodovi\u00e1rio, tanto para o conforto da maioria da popula\u00e7\u00e3o sobralense, como para que n\u00e3o tenhamos mais uma obra inacabada e, por consequ\u00eancia, inserv\u00edvel, onde j\u00e1 se p\u00f4s uma batelada de dinheiro dos nossos impostos suados, a troco de nada!<\/p>\n","protected":false},"excerpt":{"rendered":"<p>Quando for entregue, dentro de dezoito meses, o novo aeroporto de Sobral ser\u00e1 um s\u00edmbolo&#8230;<\/p>\n","protected":false},"author":1,"featured_media":7865,"comment_status":"open","ping_status":"open","sticky":false,"template":"","format":"standard","meta":{"_jetpack_memberships_contains_paid_content":false,"footnotes":"","jetpack_publicize_message":"","jetpack_publicize_feature_enabled":true,"jetpack_social_post_already_shared":true,"jetpack_social_options":{"image_generator_settings":{"template":"highway","default_image_id":0,"font":"","enabled":false},"version":2}},"categories":[11,20],"tags":[],"class_list":["post-13270","post","type-post","status-publish","format-standard","has-post-thumbnail","hentry","category-artigos","category-editorial"],"jetpack_publicize_connections":[],"jetpack_featured_media_url":"https:\/\/correiodasemana.com\/site\/wp-content\/uploads\/2018\/02\/editorial-cs.jpg","jetpack-related-posts":[{"id":19341,"url":"https:\/\/correiodasemana.com\/site\/novo-aeroporto-regional-de-sobral-e-entregue-para-impulsionar-o-desenvolvimento-regional\/","url_meta":{"origin":13270,"position":0},"title":"Novo Aeroporto Regional de Sobral \u00e9 entregue para impulsionar o desenvolvimento regional","author":"","date":"Abril 3, 2022","format":false,"excerpt":"Por Larissa Falc\u00e3o - Ascom Casa Civil\/Thiago Stille-Fotos Estado investiu R$ 70 milh\u00f5es no moderno equipamento que consolida Sobral como polo de atra\u00e7\u00e3o de investimentos e gera\u00e7\u00e3o de oportunidades Conquista para popula\u00e7\u00e3o da Regi\u00e3o Norte cearense, o novo Aeroporto Regional de Sobral foi entregue pelo Governo do Cear\u00e1, por meio\u2026","rel":"","context":"In &quot;Atualidade&quot;","block_context":{"text":"Atualidade","link":"https:\/\/correiodasemana.com\/site\/category\/atualidade\/"},"img":{"alt_text":"","src":"https:\/\/i0.wp.com\/correiodasemana.com\/site\/wp-content\/uploads\/2022\/04\/220401_INAUG-NOVO-AEROPORTO-SOBRAL_TS3893-1536x1024-1.jpg?resize=350%2C200&ssl=1","width":350,"height":200,"srcset":"https:\/\/i0.wp.com\/correiodasemana.com\/site\/wp-content\/uploads\/2022\/04\/220401_INAUG-NOVO-AEROPORTO-SOBRAL_TS3893-1536x1024-1.jpg?resize=350%2C200&ssl=1 1x, https:\/\/i0.wp.com\/correiodasemana.com\/site\/wp-content\/uploads\/2022\/04\/220401_INAUG-NOVO-AEROPORTO-SOBRAL_TS3893-1536x1024-1.jpg?resize=525%2C300&ssl=1 1.5x, https:\/\/i0.wp.com\/correiodasemana.com\/site\/wp-content\/uploads\/2022\/04\/220401_INAUG-NOVO-AEROPORTO-SOBRAL_TS3893-1536x1024-1.jpg?resize=700%2C400&ssl=1 2x, https:\/\/i0.wp.com\/correiodasemana.com\/site\/wp-content\/uploads\/2022\/04\/220401_INAUG-NOVO-AEROPORTO-SOBRAL_TS3893-1536x1024-1.jpg?resize=1050%2C600&ssl=1 3x, https:\/\/i0.wp.com\/correiodasemana.com\/site\/wp-content\/uploads\/2022\/04\/220401_INAUG-NOVO-AEROPORTO-SOBRAL_TS3893-1536x1024-1.jpg?resize=1400%2C800&ssl=1 4x"},"classes":[]},{"id":35198,"url":"https:\/\/correiodasemana.com\/site\/fim-dos-voos-da-azul-acende-alerta-sobre-futuro-do-aeroporto-de-sobral-inaugurado-ha-menos-de-3-anos\/","url_meta":{"origin":13270,"position":1},"title":"Fim dos voos da Azul acende alerta sobre futuro do Aeroporto de Sobral, inaugurado h\u00e1 menos de 3 anos","author":"adminredacao","date":"Agosto 17, 2025","format":false,"excerpt":"A decis\u00e3o da Azul Linhas A\u00e9reas de encerrar opera\u00e7\u00f5es em 14 cidades brasileiras em 2025 incluiu Sobral, no interior do Cear\u00e1, e levanta questionamentos sobre o futuro do Aeroporto Regional Luciano de Arruda Coelho, inaugurado em outubro de 2022 com investimento estimado em mais de R$ 70 milh\u00f5es. O terminal,\u2026","rel":"","context":"In &quot;Atualidade&quot;","block_context":{"text":"Atualidade","link":"https:\/\/correiodasemana.com\/site\/category\/atualidade\/"},"img":{"alt_text":"","src":"https:\/\/i0.wp.com\/correiodasemana.com\/site\/wp-content\/uploads\/2025\/08\/voos-azul-sobral.jpg?resize=350%2C200&ssl=1","width":350,"height":200,"srcset":"https:\/\/i0.wp.com\/correiodasemana.com\/site\/wp-content\/uploads\/2025\/08\/voos-azul-sobral.jpg?resize=350%2C200&ssl=1 1x, https:\/\/i0.wp.com\/correiodasemana.com\/site\/wp-content\/uploads\/2025\/08\/voos-azul-sobral.jpg?resize=525%2C300&ssl=1 1.5x"},"classes":[]},{"id":16466,"url":"https:\/\/correiodasemana.com\/site\/novo-aeroporto-de-sobral-recebe-o-nome-dr-luciano-arruda-em-homenagem-a-ilustre-sobralense\/","url_meta":{"origin":13270,"position":2},"title":"Novo Aeroporto de Sobral recebe o nome Dr. Luciano Arruda em homenagem a ilustre sobralense","author":"","date":"Maio 17, 2021","format":false,"excerpt":"Por Samuel Carvalho - Reda\u00e7\u00e3o Correio da Semana O novo Aeroporto Regional de Sobral ir\u00e1 receber o nome do Dr. Luciano Arruda ao novo equipamento ap\u00f3s aprova\u00e7\u00e3o durante sess\u00e3o na Assembleia Legislativa j\u00e1 sancionada pelo Governador Camilo Santana. A homenagem se refere ao advogado e um dos fundadores da Universidade\u2026","rel":"","context":"In &quot;Atualidade&quot;","block_context":{"text":"Atualidade","link":"https:\/\/correiodasemana.com\/site\/category\/atualidade\/"},"img":{"alt_text":"","src":"https:\/\/i0.wp.com\/correiodasemana.com\/site\/wp-content\/uploads\/2021\/05\/novo-aeroporto-sobral.jpeg?resize=350%2C200&ssl=1","width":350,"height":200,"srcset":"https:\/\/i0.wp.com\/correiodasemana.com\/site\/wp-content\/uploads\/2021\/05\/novo-aeroporto-sobral.jpeg?resize=350%2C200&ssl=1 1x, https:\/\/i0.wp.com\/correiodasemana.com\/site\/wp-content\/uploads\/2021\/05\/novo-aeroporto-sobral.jpeg?resize=525%2C300&ssl=1 1.5x, https:\/\/i0.wp.com\/correiodasemana.com\/site\/wp-content\/uploads\/2021\/05\/novo-aeroporto-sobral.jpeg?resize=700%2C400&ssl=1 2x"},"classes":[]},{"id":34519,"url":"https:\/\/correiodasemana.com\/site\/hospital-universitario-da-ufc-uva-sera-instalado-no-hospital-dr-estevam-ponte-nao-mais-na-arena-aeroporto\/","url_meta":{"origin":13270,"position":3},"title":"Hospital Universit\u00e1rio da UFC\/UVA ser\u00e1 instalado no Hospital Dr. Estevam Ponte, n\u00e3o mais na arena aeroporto","author":"adminredacao","date":"Julho 8, 2025","format":false,"excerpt":"O futuro Hospital Universit\u00e1rio da UVA em parceria com a UFC ser\u00e1 instalado no pr\u00e9dio onde hoje funciona o Hospital Municipal Dr. Estevam Ponte, em Sobral, com informa\u00e7\u00f5es da reitoria da Universidade Estadual Vale do Acara\u00fa (UVA); A decis\u00e3o representa uma reviravolta no projeto inicial, que cogitava a constru\u00e7\u00e3o do\u2026","rel":"","context":"In &quot;Atualidade&quot;","block_context":{"text":"Atualidade","link":"https:\/\/correiodasemana.com\/site\/category\/atualidade\/"},"img":{"alt_text":"","src":"https:\/\/i0.wp.com\/correiodasemana.com\/site\/wp-content\/uploads\/2025\/07\/Hospital-Municipal-de-Sobral-1-scaled.jpg?resize=350%2C200&ssl=1","width":350,"height":200,"srcset":"https:\/\/i0.wp.com\/correiodasemana.com\/site\/wp-content\/uploads\/2025\/07\/Hospital-Municipal-de-Sobral-1-scaled.jpg?resize=350%2C200&ssl=1 1x, https:\/\/i0.wp.com\/correiodasemana.com\/site\/wp-content\/uploads\/2025\/07\/Hospital-Municipal-de-Sobral-1-scaled.jpg?resize=525%2C300&ssl=1 1.5x, https:\/\/i0.wp.com\/correiodasemana.com\/site\/wp-content\/uploads\/2025\/07\/Hospital-Municipal-de-Sobral-1-scaled.jpg?resize=700%2C400&ssl=1 2x, https:\/\/i0.wp.com\/correiodasemana.com\/site\/wp-content\/uploads\/2025\/07\/Hospital-Municipal-de-Sobral-1-scaled.jpg?resize=1050%2C600&ssl=1 3x, https:\/\/i0.wp.com\/correiodasemana.com\/site\/wp-content\/uploads\/2025\/07\/Hospital-Municipal-de-Sobral-1-scaled.jpg?resize=1400%2C800&ssl=1 4x"},"classes":[]},{"id":19192,"url":"https:\/\/correiodasemana.com\/site\/sobral-realiza-sonho-do-novo-aeroporto\/","url_meta":{"origin":13270,"position":4},"title":"Sobral realiza sonho do novo aeroporto","author":"","date":"Mar\u00e7o 14, 2022","format":false,"excerpt":"A regi\u00e3o noroeste do Estado Cear\u00e1 vai acompanhar no dia 31 deste m\u00eas a concretiza\u00e7\u00e3o de um sonho acalentado nas \u00faltimas d\u00e9cadas. A inaugura\u00e7\u00e3o do novo Aeroporto Dr. LUCIANO DE ARRUDA COELHO, localizado a 13 km da Avenida Pericentral de SOBRAL. Contar\u00e1 com pista de pouso e decolagem de 1.800m\u2026","rel":"","context":"In &quot;Atualidade&quot;","block_context":{"text":"Atualidade","link":"https:\/\/correiodasemana.com\/site\/category\/atualidade\/"},"img":{"alt_text":"","src":"https:\/\/i0.wp.com\/correiodasemana.com\/site\/wp-content\/uploads\/2022\/03\/sobral-aeroporto-2.jpg?resize=350%2C200&ssl=1","width":350,"height":200,"srcset":"https:\/\/i0.wp.com\/correiodasemana.com\/site\/wp-content\/uploads\/2022\/03\/sobral-aeroporto-2.jpg?resize=350%2C200&ssl=1 1x, https:\/\/i0.wp.com\/correiodasemana.com\/site\/wp-content\/uploads\/2022\/03\/sobral-aeroporto-2.jpg?resize=525%2C300&ssl=1 1.5x, https:\/\/i0.wp.com\/correiodasemana.com\/site\/wp-content\/uploads\/2022\/03\/sobral-aeroporto-2.jpg?resize=700%2C400&ssl=1 2x"},"classes":[]},{"id":13229,"url":"https:\/\/correiodasemana.com\/site\/assinado-o-contrato-para-a-construcao-do-aeroporto-regional-de-sobral\/","url_meta":{"origin":13270,"position":5},"title":"Assinado o contrato para a constru\u00e7\u00e3o do Aeroporto Regional de Sobral","author":"","date":"Agosto 31, 2020","format":false,"excerpt":"\u00c9 invi\u00e1vel a amplia\u00e7\u00e3o do atual aeroporto por quest\u00f5es ambientais e restri\u00e7\u00e3o de espa\u00e7o para uma expans\u00e3o. Por essas quest\u00f5es, o novo terminal de Sobral ser\u00e1 implantado a 13 quil\u00f4metros da zona urbana do munic\u00edpio De acordo com a informa\u00e7\u00e3o divulgada pelo Di\u00e1rio Oficial do Estado (DOE) o Governo do\u2026","rel":"","context":"In &quot;Atualidade&quot;","block_context":{"text":"Atualidade","link":"https:\/\/correiodasemana.com\/site\/category\/atualidade\/"},"img":{"alt_text":"","src":"https:\/\/i0.wp.com\/correiodasemana.com\/site\/wp-content\/uploads\/2020\/08\/Captura-de-tela-inteira-26082020-084856.bmp.jpg?resize=350%2C200&ssl=1","width":350,"height":200,"srcset":"https:\/\/i0.wp.com\/correiodasemana.com\/site\/wp-content\/uploads\/2020\/08\/Captura-de-tela-inteira-26082020-084856.bmp.jpg?resize=350%2C200&ssl=1 1x, https:\/\/i0.wp.com\/correiodasemana.com\/site\/wp-content\/uploads\/2020\/08\/Captura-de-tela-inteira-26082020-084856.bmp.jpg?resize=525%2C300&ssl=1 1.5x, https:\/\/i0.wp.com\/correiodasemana.com\/site\/wp-content\/uploads\/2020\/08\/Captura-de-tela-inteira-26082020-084856.bmp.jpg?resize=700%2C400&ssl=1 2x, https:\/\/i0.wp.com\/correiodasemana.com\/site\/wp-content\/uploads\/2020\/08\/Captura-de-tela-inteira-26082020-084856.bmp.jpg?resize=1050%2C600&ssl=1 3x"},"classes":[]}],"jetpack_sharing_enabled":true,"_links":{"self":[{"href":"https:\/\/correiodasemana.com\/site\/wp-json\/wp\/v2\/posts\/13270","targetHints":{"allow":["GET"]}}],"collection":[{"href":"https:\/\/correiodasemana.com\/site\/wp-json\/wp\/v2\/posts"}],"about":[{"href":"https:\/\/correiodasemana.com\/site\/wp-json\/wp\/v2\/types\/post"}],"author":[{"embeddable":true,"href":"https:\/\/correiodasemana.com\/site\/wp-json\/wp\/v2\/users\/1"}],"replies":[{"embeddable":true,"href":"https:\/\/correiodasemana.com\/site\/wp-json\/wp\/v2\/comments?post=13270"}],"version-history":[{"count":1,"href":"https:\/\/correiodasemana.com\/site\/wp-json\/wp\/v2\/posts\/13270\/revisions"}],"predecessor-version":[{"id":13271,"href":"https:\/\/correiodasemana.com\/site\/wp-json\/wp\/v2\/posts\/13270\/revisions\/13271"}],"wp:featuredmedia":[{"embeddable":true,"href":"https:\/\/correiodasemana.com\/site\/wp-json\/wp\/v2\/media\/7865"}],"wp:attachment":[{"href":"https:\/\/correiodasemana.com\/site\/wp-json\/wp\/v2\/media?parent=13270"}],"wp:term":[{"taxonomy":"category","embeddable":true,"href":"https:\/\/correiodasemana.com\/site\/wp-json\/wp\/v2\/categories?post=13270"},{"taxonomy":"post_tag","embeddable":true,"href":"https:\/\/correiodasemana.com\/site\/wp-json\/wp\/v2\/tags?post=13270"}],"curies":[{"name":"wp","href":"https:\/\/api.w.org\/{rel}","templated":true}]}}