{"id":13369,"date":"2020-09-07T00:58:27","date_gmt":"2020-09-07T03:58:27","guid":{"rendered":"https:\/\/correiodasemana.com\/site\/?p=13369"},"modified":"2020-09-07T00:58:27","modified_gmt":"2020-09-07T03:58:27","slug":"sobral-sobral-6","status":"publish","type":"post","link":"https:\/\/correiodasemana.com\/site\/sobral-sobral-6\/","title":{"rendered":"Sobral, Sobral"},"content":{"rendered":"<p><strong>\u201cNUNCA COLOQUE A CHAVE DA SUA VIDA NO BOLSO DE OUTRA PESSOA\u201d (autor desconhecido)<\/strong><\/p>\n<p><strong>MINHAS HIST\u00d3RIAS<\/strong><br \/>\n<strong>NELSON GON\u00c7ALVES FEZ SERENATA EM SOBRAL<\/strong><\/p>\n<p><img fetchpriority=\"high\" decoding=\"async\" class=\"alignleft size-full wp-image-13371\" src=\"https:\/\/correiodasemana.com\/site\/wp-content\/uploads\/2020\/09\/WhatsApp-Image-2020-09-02-at-08.23.13.jpeg\" alt=\"\" width=\"1079\" height=\"769\" srcset=\"https:\/\/correiodasemana.com\/site\/wp-content\/uploads\/2020\/09\/WhatsApp-Image-2020-09-02-at-08.23.13.jpeg 1079w, https:\/\/correiodasemana.com\/site\/wp-content\/uploads\/2020\/09\/WhatsApp-Image-2020-09-02-at-08.23.13-300x214.jpeg 300w, https:\/\/correiodasemana.com\/site\/wp-content\/uploads\/2020\/09\/WhatsApp-Image-2020-09-02-at-08.23.13-1024x730.jpeg 1024w, https:\/\/correiodasemana.com\/site\/wp-content\/uploads\/2020\/09\/WhatsApp-Image-2020-09-02-at-08.23.13-768x547.jpeg 768w\" sizes=\"(max-width: 1079px) 100vw, 1079px\" \/><br \/>\nO cantor NELSON GON\u00c7ALVES veio pela vez primeira \u00e0 cidade de SOBRAL trazido pelo empres\u00e1rio MANOEL DA FROTA CARNEIRO (MAN\u00c9IS). No auge da fama, cantou na festa de 15 anos da sua primog\u00eanita, MARIA DA CONCEI\u00c7\u00c3O. Um dia conto aqui a artimanha que Seu MAN\u00c9IS usou para convencer o maior cantor do BRASIL a desmarcar um show previsto para o CRATO e vir se apresentar na sua mans\u00e3o, ali na BOULEVARD DO ARCO, im\u00f3vel atualmente alugado pela fam\u00edlia ao curso de idiomas YAZIGI. Hoje eu gostaria de relatar um caso acontecido naquela mesma noite, em novembro de 1963, depois da festa dos 15 anos de CONCEI\u00c7\u00c3O. O astro NELSON GON\u00c7ALVES, que tinha SOBRAL no seu sobrenome, demonstrou curiosidade em conhecer nossa cidade. Talvez por isso tenha aceitado convite formulado pelo jovem ARNAUD CAVALCANTE para ir at\u00e9 a famosa Pra\u00e7a da Ema (Pra\u00e7a do S\u00c3O JO\u00c3O). Antes ele recusara um passeio de VESPA (uma motoneta muito em voga na \u00e9poca). Foram a p\u00e9 mesmo e se sentaram num dos bancos (onde est\u00e1 a est\u00e1tua do nosso BELCHIOR). E, j\u00e1 na madrugada, atendendo aos apelos de ARNAUD e seu amigo FELIZARDO GATA VEIA, foi at\u00e9 a casa da sua noiva, ALOMA FEIJ\u00c3O, e fez uma serenata pra ela. ALOMA morava a uma quadra de dist\u00e2ncia, na rua MAESTRO JOS\u00c9 PEDRO, quase esquina com a PRA\u00c7A DO SIEBRA (PRA\u00c7A DUQUE DE CAXIAS OU PRA\u00c7A DO BOSQUE). Segundo ARNAUD, NELSON GON\u00c7ALVES \u201ccantarolou duas m\u00fasicas, s\u00f3 no gog\u00f3\u201d. Uma delas, a consagrada EU SEI QUE VOU TE AMAR. Com esta hist\u00f3ria, rendemos nossa homenagem a ARNAUD CAVALCANTE e \u00e0 sua esposa D. ALOMA, que partiu para a p\u00e1tria celestial na \u00faltima ter\u00e7a-feira, dia primeiro de setembro.<\/p>\n<p>NELSON GON\u00c7ALVES, no auge de sua carreira, fez serenata para ALOMA, a pedido do noivo ARNAUD CAVALCANTE.<\/p>\n<p>MINHAS M\u00daSICAS&#8230;<br \/>\nDEUSA DO ASFALTO &#8211; NELSON GON\u00c7ALVES 1959. Esta era a m\u00fasica favorita e pela qual o cantor NELSON GON\u00c7ALVES gostaria de ser lembrado. A composi\u00e7\u00e3o de autoria do portugu\u00eas ADELINO MOREIRA, respons\u00e1vel pelas principais m\u00fasicas do repert\u00f3rio do cantor da boemia, como A FLOR DO MEU BAIRRO, A VOLTA DO BO\u00caMIO, MEU V\u00cdCIO \u00c9 VOC\u00ca (BONECA DE TRAPO), NEGUE, FANTOCHE, FICA COMIGO ESTA NOITE, etc. Filho de pais portugueses, ANT\u00d4NIO GON\u00c7ALVES SOBRAL nasceu na cidade ga\u00facha de SANTANA DO LIVRAMENTO. Com apenas 8 dias, foi com a fam\u00edlia morar em S\u00c3O PAULO. O curioso \u00e9 que ele era gago e seu pai o obrigava a cantar nas feiras, enquanto tocava violino. Chamavam o pequeno cantor de ANTONICO, por\u00e9m logo recebeu o apelido de METRALHA. Quem sabe por ter SOBRAL no seu sobrenome, NELSON tinha especial simpatia por nossa cidade e sempre dava um jeitinho de vir aqui. Ap\u00f3s os shows, andava pelas ruas, bebia e cantava nos bares aonde era levado. Faleceu no RIO DE JANEIRO, em 1998, aos 79 anos, com a fama de maior \u00eddolo da MPB, atr\u00e1s apenas do Rei ROBERTO CARLOS.<\/p>\n<p><img decoding=\"async\" class=\"alignleft size-full wp-image-13370\" src=\"https:\/\/correiodasemana.com\/site\/wp-content\/uploads\/2020\/09\/WhatsApp-Image-2020-09-02-at-08.23.31.jpeg\" alt=\"\" width=\"1080\" height=\"784\" srcset=\"https:\/\/correiodasemana.com\/site\/wp-content\/uploads\/2020\/09\/WhatsApp-Image-2020-09-02-at-08.23.31.jpeg 1080w, https:\/\/correiodasemana.com\/site\/wp-content\/uploads\/2020\/09\/WhatsApp-Image-2020-09-02-at-08.23.31-300x218.jpeg 300w, https:\/\/correiodasemana.com\/site\/wp-content\/uploads\/2020\/09\/WhatsApp-Image-2020-09-02-at-08.23.31-1024x743.jpeg 1024w, https:\/\/correiodasemana.com\/site\/wp-content\/uploads\/2020\/09\/WhatsApp-Image-2020-09-02-at-08.23.31-768x558.jpeg 768w\" sizes=\"(max-width: 1080px) 100vw, 1080px\" \/><br \/>\nAs tr\u00eas emissoras de r\u00e1dios de SOBRAL na d\u00e9cadas de 60 e 70 (TUPINAMB\u00c1, IRACEMA e EDUCADORA) mantinham programas exclusivos com NELSON GON\u00c7ALVES<\/p>\n<p>MINHAS FRASES&#8230; \u201cQuem fala a verdade est\u00e1 sujeito a persegui\u00e7\u00e3o\u201d (Jesus Cristo)<\/p>\n","protected":false},"excerpt":{"rendered":"<p>\u201cNUNCA COLOQUE A CHAVE DA SUA VIDA NO BOLSO DE OUTRA PESSOA\u201d (autor desconhecido) MINHAS&#8230;<\/p>\n","protected":false},"author":1,"featured_media":12393,"comment_status":"open","ping_status":"open","sticky":false,"template":"","format":"standard","meta":{"_jetpack_memberships_contains_paid_content":false,"footnotes":"","jetpack_publicize_message":"","jetpack_publicize_feature_enabled":true,"jetpack_social_post_already_shared":true,"jetpack_social_options":{"image_generator_settings":{"template":"highway","default_image_id":0,"font":"","enabled":false},"version":2}},"categories":[11,75],"tags":[],"class_list":["post-13369","post","type-post","status-publish","format-standard","has-post-thumbnail","hentry","category-artigos","category-carolino-soares"],"jetpack_publicize_connections":[],"jetpack_featured_media_url":"https:\/\/correiodasemana.com\/site\/wp-content\/uploads\/2020\/08\/Carolino-Soares.png","jetpack-related-posts":[{"id":14356,"url":"https:\/\/correiodasemana.com\/site\/sobral-sobral-14\/","url_meta":{"origin":13369,"position":0},"title":"Sobral, Sobral","author":"","date":"Novembro 2, 2020","format":false,"excerpt":"UM CRETINO RICO VALE MAIS QUE UM FIL\u00d3SOFO POBRE (MATHURIN R\u00c9GNIER, poeta franc\u00eas) MINHAS HIST\u00d3RIAS\u2026 NELSON (S\u00d3 DE MAU) N\u00c3O CANTOU BOEMIA Esta quem me contou foi o ZEZINHO PONTE, presidente da C\u00c2MARA DOS DIRIGENTES LOJISTAS (CDL) e filho do empres\u00e1rio e pol\u00edtico sobralense AUR\u00c9LIO PONTE, ao me presentear com\u2026","rel":"","context":"In &quot;Artigos&quot;","block_context":{"text":"Artigos","link":"https:\/\/correiodasemana.com\/site\/category\/artigos\/"},"img":{"alt_text":"","src":"https:\/\/i0.wp.com\/correiodasemana.com\/site\/wp-content\/uploads\/2020\/11\/sobral-sobral-150x150.png?resize=350%2C200&ssl=1","width":350,"height":200},"classes":[]},{"id":13870,"url":"https:\/\/correiodasemana.com\/site\/sobral-sobral-10\/","url_meta":{"origin":13369,"position":1},"title":"Sobral, Sobral","author":"","date":"Outubro 4, 2020","format":false,"excerpt":"SE VOC\u00ca N\u00c3O MATAR UM LE\u00c3O POR DIA... AMANH\u00c3 SER\u00c3O DOIS !! (autor desconhecido) MINHAS HIST\u00d3RIAS... DOM JOS\u00c9 E A BOTIJA DA IGREJA DO MENINO DEUS DOM JOS\u00c9 TUPINAMB\u00c1 DA FROTA \u00e9 a maior hist\u00f3ria da hist\u00f3ria de SOBRAL. O respeito desta terra t\u00e3o cat\u00f3lica ao seu mais ilustre filho\u2026","rel":"","context":"In &quot;Artigos&quot;","block_context":{"text":"Artigos","link":"https:\/\/correiodasemana.com\/site\/category\/artigos\/"},"img":{"alt_text":"","src":"https:\/\/i0.wp.com\/correiodasemana.com\/site\/wp-content\/uploads\/2020\/08\/Carolino-Soares.png?resize=350%2C200&ssl=1","width":350,"height":200,"srcset":"https:\/\/i0.wp.com\/correiodasemana.com\/site\/wp-content\/uploads\/2020\/08\/Carolino-Soares.png?resize=350%2C200&ssl=1 1x, https:\/\/i0.wp.com\/correiodasemana.com\/site\/wp-content\/uploads\/2020\/08\/Carolino-Soares.png?resize=525%2C300&ssl=1 1.5x, https:\/\/i0.wp.com\/correiodasemana.com\/site\/wp-content\/uploads\/2020\/08\/Carolino-Soares.png?resize=700%2C400&ssl=1 2x"},"classes":[]},{"id":16096,"url":"https:\/\/correiodasemana.com\/site\/sobral-sobral-34\/","url_meta":{"origin":13369,"position":2},"title":"Sobral, Sobral","author":"","date":"Abril 5, 2021","format":false,"excerpt":"Tudo que uma pessoa semear, seja pelo pensamento, sentimento, palavra ou a\u00e7\u00e3o, algum dia, em algum lugar, ela ter\u00e1 que colher. (Preceito B\u00edblico) MINHAS HIST\u00d3RIAS... O BRASIL DEPOIS DE 64 Dia 31 de Mar\u00e7o. Nesta semana o BRASIL relembra a data em que os militares evitaram a entrada do regime\u2026","rel":"","context":"In &quot;Artigos&quot;","block_context":{"text":"Artigos","link":"https:\/\/correiodasemana.com\/site\/category\/artigos\/"},"img":{"alt_text":"","src":"https:\/\/i0.wp.com\/correiodasemana.com\/site\/wp-content\/uploads\/2021\/02\/artigo-carolino-radio.png?resize=350%2C200&ssl=1","width":350,"height":200,"srcset":"https:\/\/i0.wp.com\/correiodasemana.com\/site\/wp-content\/uploads\/2021\/02\/artigo-carolino-radio.png?resize=350%2C200&ssl=1 1x, https:\/\/i0.wp.com\/correiodasemana.com\/site\/wp-content\/uploads\/2021\/02\/artigo-carolino-radio.png?resize=525%2C300&ssl=1 1.5x, https:\/\/i0.wp.com\/correiodasemana.com\/site\/wp-content\/uploads\/2021\/02\/artigo-carolino-radio.png?resize=700%2C400&ssl=1 2x"},"classes":[]},{"id":30598,"url":"https:\/\/correiodasemana.com\/site\/em-tempo-242\/","url_meta":{"origin":13369,"position":3},"title":"EM TEMPO \u2022","author":"adminredacao","date":"Setembro 9, 2024","format":false,"excerpt":"UFC oferta 27 vagas para professor A Universidade Federal do Cear\u00e1 (UFC) recebe, no per\u00edodo de 17 de setembro a 7 de outubro, inscri\u00e7\u00f5es para concurso p\u00fablico de professor do magist\u00e9rio superior. S\u00e3o ofertadas 27 vagas para os campi de Fortaleza, Crate\u00fas, Sobral e Russas, conforme Edital n\u00ba 90\/2024. As\u2026","rel":"","context":"In &quot;Artigos&quot;","block_context":{"text":"Artigos","link":"https:\/\/correiodasemana.com\/site\/category\/artigos\/"},"img":{"alt_text":"","src":"https:\/\/i0.wp.com\/correiodasemana.com\/site\/wp-content\/uploads\/2024\/09\/Manasses-de-Souza-23.04.15-150x150.jpg?resize=350%2C200&ssl=1","width":350,"height":200,"srcset":"https:\/\/i0.wp.com\/correiodasemana.com\/site\/wp-content\/uploads\/2024\/09\/Manasses-de-Souza-23.04.15-150x150.jpg?resize=350%2C200&ssl=1 1x, https:\/\/i0.wp.com\/correiodasemana.com\/site\/wp-content\/uploads\/2024\/09\/Manasses-de-Souza-23.04.15-150x150.jpg?resize=525%2C300&ssl=1 1.5x, https:\/\/i0.wp.com\/correiodasemana.com\/site\/wp-content\/uploads\/2024\/09\/Manasses-de-Souza-23.04.15-150x150.jpg?resize=700%2C400&ssl=1 2x, https:\/\/i0.wp.com\/correiodasemana.com\/site\/wp-content\/uploads\/2024\/09\/Manasses-de-Souza-23.04.15-150x150.jpg?resize=1050%2C600&ssl=1 3x"},"classes":[]},{"id":16522,"url":"https:\/\/correiodasemana.com\/site\/sobral-sobral-41\/","url_meta":{"origin":13369,"position":4},"title":"Sobral, Sobral","author":"","date":"Maio 24, 2021","format":false,"excerpt":"PARA TER ALGO QUE NUNCA TEVE, VOC\u00ca PRECISA FAZER ALGO QUE NUNCA FEZ !! MINHAS HIST\u00d3RIAS... Sabe o significado original das CARTAS DE UM BARALHO??? As 52 cartas representam as 52 semanas no ano. As duas cores: o dia e noite. Os 4 naipes s\u00e3o as 4 esta\u00e7\u00f5es ( ver\u00e3o=ouros,\u2026","rel":"","context":"In &quot;Artigos&quot;","block_context":{"text":"Artigos","link":"https:\/\/correiodasemana.com\/site\/category\/artigos\/"},"img":{"alt_text":"","src":"https:\/\/i0.wp.com\/correiodasemana.com\/site\/wp-content\/uploads\/2021\/02\/artigo-carolino-radio.png?resize=350%2C200&ssl=1","width":350,"height":200,"srcset":"https:\/\/i0.wp.com\/correiodasemana.com\/site\/wp-content\/uploads\/2021\/02\/artigo-carolino-radio.png?resize=350%2C200&ssl=1 1x, https:\/\/i0.wp.com\/correiodasemana.com\/site\/wp-content\/uploads\/2021\/02\/artigo-carolino-radio.png?resize=525%2C300&ssl=1 1.5x, https:\/\/i0.wp.com\/correiodasemana.com\/site\/wp-content\/uploads\/2021\/02\/artigo-carolino-radio.png?resize=700%2C400&ssl=1 2x"},"classes":[]},{"id":27801,"url":"https:\/\/correiodasemana.com\/site\/fazenda-da-esperanca-celebra-15-anos-de-fundacao-com-celebracoes-e-evento-beneficente\/","url_meta":{"origin":13369,"position":5},"title":"Fazenda da Esperan\u00e7a celebra 15 anos de funda\u00e7\u00e3o com celebra\u00e7\u00f5es e evento beneficente","author":"adminredacao","date":"Dezembro 19, 2023","format":false,"excerpt":"Programa\u00e7\u00e3o A unidade terap\u00eautica da Fazenda da Esperan\u00e7a S\u00e3o Bento localizada no distrito de Patriarca em Sobral iniciou no dia 10 de dezembro as celebra\u00e7\u00f5es em comemora\u00e7\u00e3o aos 15 anos da unidade terap\u00eautica. Durante toda a semana, os fundadores, colaboradores, benfeitores, acolhidos e ex acolhidos participaram de uma programa\u00e7\u00e3o intensa.\u2026","rel":"","context":"In &quot;Atualidade&quot;","block_context":{"text":"Atualidade","link":"https:\/\/correiodasemana.com\/site\/category\/atualidade\/"},"img":{"alt_text":"","src":"https:\/\/i0.wp.com\/correiodasemana.com\/site\/wp-content\/uploads\/2023\/12\/MISSA-DA-FAZENDA-DA-ESPERANCA-1-1-scaled.jpg?resize=350%2C200&ssl=1","width":350,"height":200,"srcset":"https:\/\/i0.wp.com\/correiodasemana.com\/site\/wp-content\/uploads\/2023\/12\/MISSA-DA-FAZENDA-DA-ESPERANCA-1-1-scaled.jpg?resize=350%2C200&ssl=1 1x, https:\/\/i0.wp.com\/correiodasemana.com\/site\/wp-content\/uploads\/2023\/12\/MISSA-DA-FAZENDA-DA-ESPERANCA-1-1-scaled.jpg?resize=525%2C300&ssl=1 1.5x, https:\/\/i0.wp.com\/correiodasemana.com\/site\/wp-content\/uploads\/2023\/12\/MISSA-DA-FAZENDA-DA-ESPERANCA-1-1-scaled.jpg?resize=700%2C400&ssl=1 2x, https:\/\/i0.wp.com\/correiodasemana.com\/site\/wp-content\/uploads\/2023\/12\/MISSA-DA-FAZENDA-DA-ESPERANCA-1-1-scaled.jpg?resize=1050%2C600&ssl=1 3x, https:\/\/i0.wp.com\/correiodasemana.com\/site\/wp-content\/uploads\/2023\/12\/MISSA-DA-FAZENDA-DA-ESPERANCA-1-1-scaled.jpg?resize=1400%2C800&ssl=1 4x"},"classes":[]}],"jetpack_sharing_enabled":true,"_links":{"self":[{"href":"https:\/\/correiodasemana.com\/site\/wp-json\/wp\/v2\/posts\/13369","targetHints":{"allow":["GET"]}}],"collection":[{"href":"https:\/\/correiodasemana.com\/site\/wp-json\/wp\/v2\/posts"}],"about":[{"href":"https:\/\/correiodasemana.com\/site\/wp-json\/wp\/v2\/types\/post"}],"author":[{"embeddable":true,"href":"https:\/\/correiodasemana.com\/site\/wp-json\/wp\/v2\/users\/1"}],"replies":[{"embeddable":true,"href":"https:\/\/correiodasemana.com\/site\/wp-json\/wp\/v2\/comments?post=13369"}],"version-history":[{"count":1,"href":"https:\/\/correiodasemana.com\/site\/wp-json\/wp\/v2\/posts\/13369\/revisions"}],"predecessor-version":[{"id":13372,"href":"https:\/\/correiodasemana.com\/site\/wp-json\/wp\/v2\/posts\/13369\/revisions\/13372"}],"wp:featuredmedia":[{"embeddable":true,"href":"https:\/\/correiodasemana.com\/site\/wp-json\/wp\/v2\/media\/12393"}],"wp:attachment":[{"href":"https:\/\/correiodasemana.com\/site\/wp-json\/wp\/v2\/media?parent=13369"}],"wp:term":[{"taxonomy":"category","embeddable":true,"href":"https:\/\/correiodasemana.com\/site\/wp-json\/wp\/v2\/categories?post=13369"},{"taxonomy":"post_tag","embeddable":true,"href":"https:\/\/correiodasemana.com\/site\/wp-json\/wp\/v2\/tags?post=13369"}],"curies":[{"name":"wp","href":"https:\/\/api.w.org\/{rel}","templated":true}]}}