{"id":13373,"date":"2020-09-07T00:59:27","date_gmt":"2020-09-07T03:59:27","guid":{"rendered":"https:\/\/correiodasemana.com\/site\/?p=13373"},"modified":"2020-09-07T00:59:27","modified_gmt":"2020-09-07T03:59:27","slug":"setembro-amarelo-como-cuidar-da-saude-mental-na-terceira-idade","status":"publish","type":"post","link":"https:\/\/correiodasemana.com\/site\/setembro-amarelo-como-cuidar-da-saude-mental-na-terceira-idade\/","title":{"rendered":"Setembro Amarelo: como cuidar da sa\u00fade mental na terceira idade?"},"content":{"rendered":"<p>Por Joc\u00e9lio Tavares. &#8211; Com informa\u00e7\u00f5es do Jornal de Bras\u00edlia.<br \/>\nAssunto que ganhou muita visibilidade na \u00faltima d\u00e9cada, a sa\u00fade mental \u00e9 pauta de diversas discuss\u00f5es que habitam desde o ambiente corporativo at\u00e9 as redes sociais. Por\u00e9m, \u00e9 percept\u00edvel o foco majorit\u00e1rio nos jovens, quando falamos de doen\u00e7as psicol\u00f3gicas, como a depress\u00e3o e a ansiedade. Isto porque as associamos \u00e0s fases ativas, cheias de inseguran\u00e7a e questionamentos, como se a maturidade extinguisse essas caracter\u00edsticas da personalidade de todos os indiv\u00edduos.<br \/>\nA verdade \u00e9 que a terceira idade \u00e9 uma fase que cont\u00e9m novidades como qualquer outra, mas os parentes e outras pessoas jovens pr\u00f3ximas dos idosos podem n\u00e3o saber lidar direito com ela. A depress\u00e3o nessa idade, por exemplo, pode se manifestar de maneira diferente da usual tristeza, falta de motiva\u00e7\u00e3o etc., \u201cmuitas vezes o aumento de dores f\u00edsicas e a perda de mem\u00f3ria s\u00e3o resultantes de uma doen\u00e7a psicol\u00f3gica\u201d, explica\u00a0Marco Maximino\u00a0, psic\u00f3logo membro da plataforma Doctoralia<br \/>\nSegundo levantamento feito pelo IBGE (Instituto Brasileiro de Geografia e Estat\u00edstica) em 2019, pessoas entre 60 e 64 anos s\u00e3o as mais afetadas pela depress\u00e3o no Pa\u00eds, representando 11,1% dentre os 11,2 milh\u00f5es de brasileiros diagnosticados com a doen\u00e7a.<br \/>\nOutro ponto de aten\u00e7\u00e3o quando se toca no assunto com os mais idosos \u00e9 a quest\u00e3o geracional. \u201cH\u00e1 algumas d\u00e9cadas, as doen\u00e7as psicol\u00f3gicas eram vistas como \u2018frescura\u2019, \u2018falta do que fazer\u2019, principalmente por pessoas que cresceram em um ambiente atarefado, trabalhando desde cedo ou que constitu\u00edram fam\u00edlia ainda muito jovens, o que era comum h\u00e1 25, 30 anos\u201d, conta o especialista.<br \/>\nAssim, a dica de Maximino \u00e9 que os mais jovens ao redor tentem dialogar e explicar para as pessoas que est\u00e3o envelhecendo a import\u00e2ncia de exercitar o corpo e a mente. \u201cEstimular uma alimenta\u00e7\u00e3o saud\u00e1vel, por exemplo, \u00e9 um passo importante para que os idosos tenham mais qualidade de vida. Pessoas que fazem algum tipo de acompanhamento psicoterap\u00eautico tamb\u00e9m podem compartilhar suas experi\u00eancias de maneira a exemplificar os benef\u00edcios que t\u00eam tido a partir delas\u201d.<br \/>\nAl\u00e9m disso, \u00e9 preciso lembrar que os tempos mudaram e os mais velhos tamb\u00e9m podem e devem estar antenados. \u201cInclu\u00ed-los nas atividades digitais, apresentar conte\u00fados que possam os interessar em canais da internet, auxili\u00e1-los e incentiv\u00e1-los na intera\u00e7\u00e3o com tecnologias as quais n\u00e3o est\u00e3o habituados, pode ser uma grande ajuda para dispersar sentimentos de solid\u00e3o ou at\u00e9 mesmo de obsolesc\u00eancia, sem contar que \u00e9 uma \u00f3tima maneira de aproximar as gera\u00e7\u00f5es\u201d, finaliza o psic\u00f3logo.<\/p>\n","protected":false},"excerpt":{"rendered":"<p>Por Joc\u00e9lio Tavares. &#8211; Com informa\u00e7\u00f5es do Jornal de Bras\u00edlia. Assunto que ganhou muita visibilidade&#8230;<\/p>\n","protected":false},"author":1,"featured_media":13374,"comment_status":"open","ping_status":"open","sticky":false,"template":"","format":"standard","meta":{"_jetpack_memberships_contains_paid_content":false,"footnotes":"","jetpack_publicize_message":"","jetpack_publicize_feature_enabled":true,"jetpack_social_post_already_shared":true,"jetpack_social_options":{"image_generator_settings":{"template":"highway","default_image_id":0,"font":"","enabled":false},"version":2}},"categories":[1],"tags":[],"class_list":["post-13373","post","type-post","status-publish","format-standard","has-post-thumbnail","hentry","category-atualidade"],"jetpack_publicize_connections":[],"jetpack_featured_media_url":"https:\/\/correiodasemana.com\/site\/wp-content\/uploads\/2020\/09\/idosos-insubstituiveis-FotoSabine-van-Erp-por-Pixabay-1.jpg","jetpack-related-posts":[{"id":33035,"url":"https:\/\/correiodasemana.com\/site\/saude-emocional-da-mulher-um-compromisso-de-cuidado-em-todas-as-fases-da-vida\/","url_meta":{"origin":13373,"position":0},"title":"Sa\u00fade Emocional da Mulher: um compromisso de cuidado em todas as fases da vida!","author":"adminredacao","date":"Mar\u00e7o 8, 2025","format":false,"excerpt":"No Dia Internacional da Mulher, muito se fala sobre conquistas e desafios, mas pouco se discute sobre um aspecto essencial para o bem-estar feminino: a sa\u00fade emocional. Ao longo da vida, a mulher passa por diversas fases de transforma\u00e7\u00e3o que impactam profundamente sua mente e emo\u00e7\u00f5es. Desde a menarca, passando\u2026","rel":"","context":"In &quot;Artigos&quot;","block_context":{"text":"Artigos","link":"https:\/\/correiodasemana.com\/site\/category\/artigos\/"},"img":{"alt_text":"","src":"https:\/\/i0.wp.com\/correiodasemana.com\/site\/wp-content\/uploads\/2025\/03\/Coluna-DRA-MILENA-BOMFIM-ed.png?resize=350%2C200&ssl=1","width":350,"height":200},"classes":[]},{"id":33653,"url":"https:\/\/correiodasemana.com\/site\/educacao-e-cidadania-77\/","url_meta":{"origin":13373,"position":1},"title":"EDUCA\u00c7\u00c3O E CIDADANIA \u2022","author":"adminredacao","date":"Maio 5, 2025","format":false,"excerpt":"O Perigo dos Adolescentes na Internet As redes sociais t\u00eam uma grande influ\u00eancia na vida dos jovens, com impactos que podem ser tanto positivos quanto negativos.\u00a0Elas s\u00e3o um espa\u00e7o de comunica\u00e7\u00e3o e intera\u00e7\u00e3o social, mas tamb\u00e9m podem contribuir para problemas de sa\u00fade mental, como ansiedade e depress\u00e3o, al\u00e9m de afetar\u2026","rel":"","context":"In &quot;Artigos&quot;","block_context":{"text":"Artigos","link":"https:\/\/correiodasemana.com\/site\/category\/artigos\/"},"img":{"alt_text":"","src":"https:\/\/i0.wp.com\/correiodasemana.com\/site\/wp-content\/uploads\/2021\/08\/Salmito-Campos.jpg?resize=350%2C200&ssl=1","width":350,"height":200,"srcset":"https:\/\/i0.wp.com\/correiodasemana.com\/site\/wp-content\/uploads\/2021\/08\/Salmito-Campos.jpg?resize=350%2C200&ssl=1 1x, https:\/\/i0.wp.com\/correiodasemana.com\/site\/wp-content\/uploads\/2021\/08\/Salmito-Campos.jpg?resize=525%2C300&ssl=1 1.5x, https:\/\/i0.wp.com\/correiodasemana.com\/site\/wp-content\/uploads\/2021\/08\/Salmito-Campos.jpg?resize=700%2C400&ssl=1 2x, https:\/\/i0.wp.com\/correiodasemana.com\/site\/wp-content\/uploads\/2021\/08\/Salmito-Campos.jpg?resize=1050%2C600&ssl=1 3x, https:\/\/i0.wp.com\/correiodasemana.com\/site\/wp-content\/uploads\/2021\/08\/Salmito-Campos.jpg?resize=1400%2C800&ssl=1 4x"},"classes":[]},{"id":37300,"url":"https:\/\/correiodasemana.com\/site\/educacao-e-cidadania-108\/","url_meta":{"origin":13373,"position":2},"title":"EDUCA\u00c7\u00c3O E CIDADANIA \u2022","author":"adminredacao","date":"Fevereiro 11, 2026","format":false,"excerpt":"Como a Vitamina D \u00e9 Indispens\u00e1vel Pra Sa\u00fade Conhecer os\u00a0alimentos ricos em vitamina D\u00a0\u00e9 uma forma simples e eficiente de cuidar da sa\u00fade. Apesar de ser produzida naturalmente com a ajuda da luz solar, o nosso estilo de vida ou algumas condi\u00e7\u00f5es espec\u00edficas podem fazer com que essa vitamina fique\u2026","rel":"","context":"In &quot;Artigos&quot;","block_context":{"text":"Artigos","link":"https:\/\/correiodasemana.com\/site\/category\/artigos\/"},"img":{"alt_text":"","src":"https:\/\/i0.wp.com\/correiodasemana.com\/site\/wp-content\/uploads\/2022\/02\/Salmito-Campos-1-scaled.jpg?resize=350%2C200&ssl=1","width":350,"height":200,"srcset":"https:\/\/i0.wp.com\/correiodasemana.com\/site\/wp-content\/uploads\/2022\/02\/Salmito-Campos-1-scaled.jpg?resize=350%2C200&ssl=1 1x, https:\/\/i0.wp.com\/correiodasemana.com\/site\/wp-content\/uploads\/2022\/02\/Salmito-Campos-1-scaled.jpg?resize=525%2C300&ssl=1 1.5x, https:\/\/i0.wp.com\/correiodasemana.com\/site\/wp-content\/uploads\/2022\/02\/Salmito-Campos-1-scaled.jpg?resize=700%2C400&ssl=1 2x, https:\/\/i0.wp.com\/correiodasemana.com\/site\/wp-content\/uploads\/2022\/02\/Salmito-Campos-1-scaled.jpg?resize=1050%2C600&ssl=1 3x, https:\/\/i0.wp.com\/correiodasemana.com\/site\/wp-content\/uploads\/2022\/02\/Salmito-Campos-1-scaled.jpg?resize=1400%2C800&ssl=1 4x"},"classes":[]},{"id":36143,"url":"https:\/\/correiodasemana.com\/site\/herculano-costa-comenta-21\/","url_meta":{"origin":13373,"position":3},"title":"Herculano Costa Comenta","author":"adminredacao","date":"Novembro 3, 2025","format":false,"excerpt":"Sa\u00fade Mental Tratando-se de sa\u00fade mental, hoje vamos abordar neste nosso coment\u00e1rio a depress\u00e3o. Um quadro de depress\u00e3o pode ser identificado a partir de um sintoma at\u00e9 certo ponto muito ignorado Quando algu\u00e9m menciona\u00a0depress\u00e3o,\u00a0logo a imagem que vem \u00e0 mente \u00e9 de algu\u00e9m com um semblante triste ou desanimado. No\u2026","rel":"","context":"In &quot;Artigos&quot;","block_context":{"text":"Artigos","link":"https:\/\/correiodasemana.com\/site\/category\/artigos\/"},"img":{"alt_text":"","src":"https:\/\/i0.wp.com\/correiodasemana.com\/site\/wp-content\/uploads\/2022\/01\/Herculano-Costa.jpg?resize=350%2C200&ssl=1","width":350,"height":200},"classes":[]},{"id":9134,"url":"https:\/\/correiodasemana.com\/site\/23-milhoes-de-brasileiros-possuem-transtornos-mentais\/","url_meta":{"origin":13373,"position":4},"title":"23 milh\u00f5es de brasileiros possuem transtornos mentais","author":"","date":"Setembro 15, 2019","format":false,"excerpt":"Por Erika Lemes - P+G Comunica\u00e7\u00e3o Integrada Dados recentes divulgados pela Organiza\u00e7\u00e3o Mundial de Sa\u00fade (OMS) mostram que 23 milh\u00f5es de brasileiros, ou seja, 12% da popula\u00e7\u00e3o, apresentam sintomas de transtornos mentais. Ainda de acordo com a pesquisa, ao menos 5 milh\u00f5es, 3% dos cidad\u00e3os, sofrem com transtornos mentais graves\u2026","rel":"","context":"In &quot;Atualidade&quot;","block_context":{"text":"Atualidade","link":"https:\/\/correiodasemana.com\/site\/category\/atualidade\/"},"img":{"alt_text":"","src":"https:\/\/i0.wp.com\/correiodasemana.com\/site\/wp-content\/uploads\/2019\/09\/depress%C3%A3o1.jpg?resize=350%2C200&ssl=1","width":350,"height":200,"srcset":"https:\/\/i0.wp.com\/correiodasemana.com\/site\/wp-content\/uploads\/2019\/09\/depress%C3%A3o1.jpg?resize=350%2C200&ssl=1 1x, https:\/\/i0.wp.com\/correiodasemana.com\/site\/wp-content\/uploads\/2019\/09\/depress%C3%A3o1.jpg?resize=525%2C300&ssl=1 1.5x, https:\/\/i0.wp.com\/correiodasemana.com\/site\/wp-content\/uploads\/2019\/09\/depress%C3%A3o1.jpg?resize=700%2C400&ssl=1 2x, https:\/\/i0.wp.com\/correiodasemana.com\/site\/wp-content\/uploads\/2019\/09\/depress%C3%A3o1.jpg?resize=1050%2C600&ssl=1 3x, https:\/\/i0.wp.com\/correiodasemana.com\/site\/wp-content\/uploads\/2019\/09\/depress%C3%A3o1.jpg?resize=1400%2C800&ssl=1 4x"},"classes":[]},{"id":14616,"url":"https:\/\/correiodasemana.com\/site\/ibge-pelo-menos-uma-doenca-cronica-afetou-52-dos-adultos-em-2019\/","url_meta":{"origin":13373,"position":5},"title":"IBGE: pelo menos uma doen\u00e7a cr\u00f4nica afetou 52% dos adultos em 2019","author":"","date":"Novembro 18, 2020","format":false,"excerpt":"Dado \u00e9 da Pesquisa Nacional de Sa\u00fade, divulgada hoje No Brasil, 52% das pessoas de 18 anos ou mais informaram que receberam\u00a0diagn\u00f3stico de pelo menos uma doen\u00e7a cr\u00f4nica em 2019. \u00c9 o que mostra\u00a0a Pesquisa Nacional de Sa\u00fade (PNS) 2019, divulgada\u00a0hoje\u00a0(18) pelo Instituto Brasileiro de Geografia e Estat\u00edstica (IBGE). O\u2026","rel":"","context":"In &quot;Atualidade&quot;","block_context":{"text":"Atualidade","link":"https:\/\/correiodasemana.com\/site\/category\/atualidade\/"},"img":{"alt_text":"","src":"https:\/\/i0.wp.com\/correiodasemana.com\/site\/wp-content\/uploads\/2020\/11\/1017570-df_28112016-img_5565.jpg?resize=350%2C200&ssl=1","width":350,"height":200,"srcset":"https:\/\/i0.wp.com\/correiodasemana.com\/site\/wp-content\/uploads\/2020\/11\/1017570-df_28112016-img_5565.jpg?resize=350%2C200&ssl=1 1x, https:\/\/i0.wp.com\/correiodasemana.com\/site\/wp-content\/uploads\/2020\/11\/1017570-df_28112016-img_5565.jpg?resize=525%2C300&ssl=1 1.5x, https:\/\/i0.wp.com\/correiodasemana.com\/site\/wp-content\/uploads\/2020\/11\/1017570-df_28112016-img_5565.jpg?resize=700%2C400&ssl=1 2x, https:\/\/i0.wp.com\/correiodasemana.com\/site\/wp-content\/uploads\/2020\/11\/1017570-df_28112016-img_5565.jpg?resize=1050%2C600&ssl=1 3x"},"classes":[]}],"jetpack_sharing_enabled":true,"_links":{"self":[{"href":"https:\/\/correiodasemana.com\/site\/wp-json\/wp\/v2\/posts\/13373","targetHints":{"allow":["GET"]}}],"collection":[{"href":"https:\/\/correiodasemana.com\/site\/wp-json\/wp\/v2\/posts"}],"about":[{"href":"https:\/\/correiodasemana.com\/site\/wp-json\/wp\/v2\/types\/post"}],"author":[{"embeddable":true,"href":"https:\/\/correiodasemana.com\/site\/wp-json\/wp\/v2\/users\/1"}],"replies":[{"embeddable":true,"href":"https:\/\/correiodasemana.com\/site\/wp-json\/wp\/v2\/comments?post=13373"}],"version-history":[{"count":1,"href":"https:\/\/correiodasemana.com\/site\/wp-json\/wp\/v2\/posts\/13373\/revisions"}],"predecessor-version":[{"id":13375,"href":"https:\/\/correiodasemana.com\/site\/wp-json\/wp\/v2\/posts\/13373\/revisions\/13375"}],"wp:featuredmedia":[{"embeddable":true,"href":"https:\/\/correiodasemana.com\/site\/wp-json\/wp\/v2\/media\/13374"}],"wp:attachment":[{"href":"https:\/\/correiodasemana.com\/site\/wp-json\/wp\/v2\/media?parent=13373"}],"wp:term":[{"taxonomy":"category","embeddable":true,"href":"https:\/\/correiodasemana.com\/site\/wp-json\/wp\/v2\/categories?post=13373"},{"taxonomy":"post_tag","embeddable":true,"href":"https:\/\/correiodasemana.com\/site\/wp-json\/wp\/v2\/tags?post=13373"}],"curies":[{"name":"wp","href":"https:\/\/api.w.org\/{rel}","templated":true}]}}