{"id":13397,"date":"2020-09-07T01:10:16","date_gmt":"2020-09-07T04:10:16","guid":{"rendered":"https:\/\/correiodasemana.com\/site\/?p=13397"},"modified":"2020-09-07T01:10:16","modified_gmt":"2020-09-07T04:10:16","slug":"dr-thomaz-correa-um-pouco-de-perfume","status":"publish","type":"post","link":"https:\/\/correiodasemana.com\/site\/dr-thomaz-correa-um-pouco-de-perfume\/","title":{"rendered":"Dr. Thomaz Corr\u00eaa \u2013 Um pouco de perfume\u00a0"},"content":{"rendered":"<p>Minha pretens\u00e3o para essa edi\u00e7\u00e3o, era escrever sobre a proximidade dos 200 anos da independ\u00eancia do Brasil que ser\u00e1 celebrado em 7 de setembro de 2022. Este ano \u00e9 o 199\u00ba anivers\u00e1rio do corajoso ato de Sua Majestade Imperial Dom Pedro I, Imperador e Defensor Perp\u00e9tuo do Brasil. Ali\u00e1s, h\u00e1 dois anos, na data de hoje, 5 de setembro, eu fazia a entrega do Busto do Imperador Dom Pedro I ao Museu Hist\u00f3rico Nacional, sediado no Rio de Janeiro, em meu nome e no de meus colegas de pesquisa C\u00edcero Moraes e Paulo Salles, com trabalho art\u00edstico de Mary Bueno. Foi um dia memor\u00e1vel. Mas, no \u00faltimo dia de agosto, por volta de 21hs, tomei conhecimento do falecimento do Dr.\u00a0\u00a0Thomaz de Ara\u00fajo Corr\u00eaa, m\u00e9dico e benfeitor de Ipu e da regi\u00e3o circunvizinha, casado com dona Margarida Timb\u00f3 de Ara\u00fajo Corr\u00eaa, desde 1951. No momento em que soube, quase n\u00e3o acreditei. Apesar de seus 97 anos de vida e 72 de medicina, Dr. Thomaz me parecia eterno. Pensava nas comemora\u00e7\u00f5es de seu centen\u00e1rio tendo ele fisicamente entre n\u00f3s. De imediato meu veio \u00e0 mente um c\u00e2ntico que entoei e ouvi em v\u00e1rias ocasi\u00f5es: \u201cFica sempre um pouco de perfume\/ nas m\u00e3os que oferecem rosas\/ nas m\u00e3os que sabem ser generosas\u201d.<br \/>\nEste espa\u00e7o n\u00e3o seria suficiente para narrarmos a vida honrada de Dr. Thomaz que foi narrada no livro \u201cDe Corpo e Alma: Trajet\u00f3ria de Thomaz de Ara\u00fajo Correa, \u00cdcone de Ipu\u201d, com mais de 600 p\u00e1ginas, organizado pelo genro e pela filha dele, Dr. Emmanuel Te\u00f3filo Furtado e Dra. Lu\u00edsa Elisabeth Timb\u00f3 Corr\u00eaa Furtado.<br \/>\nDr. Thomaz chegou ao Ipu muito antes de que tiv\u00e9ssemos em Guaraciaba do Norte os m\u00e9dicos Dr. Francisco Cardoso Martins e Dr. Egberto Martins. Por isso, era a Ipu que recorr\u00edamos e l\u00e1 encontr\u00e1vamos o Doutor Thomaz Corr\u00eaa. Nasci, no final de 1973, no s\u00edtio Correios (10km de Guaraciaba do Norte) e as condi\u00e7\u00f5es de sa\u00fade eram muito prec\u00e1rias naquela regi\u00e3o. Pego pelas m\u00e3os da parteira minha tia-av\u00f3 Cristina Lira, nasci menino fr\u00e1gil. Tive um seri\u00edssimo problema nos ouvidos. Eram fortes dores, o ouvido \u201cestourava\u201d. Pais zelosos que tenho, eles n\u00e3o mediram esfor\u00e7os para que eu ficasse bom. Foram muitas as vezes que na madrugada sa\u00edamos na velha caminhonete do papai para o Ipu. O papai sabia onde era a casa do Dr. Thomaz e n\u00e3o se intimidava em cham\u00e1-lo. Sa\u00eda aquele homem de voz de timbre forte, culto e educado e ia atender \u00e0quele menino. Tenho certeza de que se n\u00e3o fossem seus cuidados eu teria perdido uma de minhas audi\u00e7\u00f5es.<br \/>\nA vida \u00e9 uma aventura constante. Um dia, j\u00e1 formado, ocupante de uma cadeira na Academia de Letras dos Munic\u00edpios do Estado do Cear\u00e1 \u2013 ALMECE \u2013, fui incumbido de fazer sauda\u00e7\u00e3o a agraciados com M\u00e9rito Cultural e S\u00f3cio-Honor\u00e1rio. Qual foram minhas surpresa e alegria ao ver entre os S\u00f3cio-honor\u00e1rios o nome de Dr. Thomaz Corr\u00eaa, honraria que pude lhe conferir quando tamb\u00e9m presidi a Academia Sobralense de Estudos e Letras. Anos mais tarde, propus o t\u00edtulo de Doutor Honoris Causa da Universidade Estadual Vale do Acara\u00fa (UVA), ao not\u00e1vel m\u00e9dico.<br \/>\nNestes tempos complicados em que vivemos, n\u00e3o pude ir a Ipu despedir-me de Dr. Thomaz. Seu filho Dr. Luiz de Gonzaga at\u00e9 pediu-me que eu n\u00e3o fosse. Rezo por Dr. Thomaz com a sensa\u00e7\u00e3o de que nosso grande m\u00e9dico est\u00e1 junto ao m\u00e9dico de homens e de almas, S\u00e3o Lucas, no c\u00e9u, intercedendo por todos n\u00f3s!<br \/>\nMinha gratid\u00e3o, meus respeitos, Dr. Thomaz! Descanse na paz do Senhor!<\/p>\n","protected":false},"excerpt":{"rendered":"<p>Minha pretens\u00e3o para essa edi\u00e7\u00e3o, era escrever sobre a proximidade dos 200 anos da independ\u00eancia&#8230;<\/p>\n","protected":false},"author":1,"featured_media":7874,"comment_status":"open","ping_status":"open","sticky":false,"template":"","format":"standard","meta":{"_jetpack_memberships_contains_paid_content":false,"footnotes":"","jetpack_publicize_message":"","jetpack_publicize_feature_enabled":true,"jetpack_social_post_already_shared":true,"jetpack_social_options":{"image_generator_settings":{"template":"highway","default_image_id":0,"font":"","enabled":false},"version":2}},"categories":[11,41],"tags":[],"class_list":["post-13397","post","type-post","status-publish","format-standard","has-post-thumbnail","hentry","category-artigos","category-jose-luis-lira"],"jetpack_publicize_connections":[],"jetpack_featured_media_url":"https:\/\/correiodasemana.com\/site\/wp-content\/uploads\/2018\/02\/Jose\u0301-1.jpg","jetpack-related-posts":[{"id":24620,"url":"https:\/\/correiodasemana.com\/site\/dom-vasconcelos-celebra-missa-em-acao-de-gracas-pelo-centenario-de-nascimento-de-dr-thomaz-correa-em-ipu\/","url_meta":{"origin":13397,"position":0},"title":"Dom Vasconcelos celebra missa em a\u00e7\u00e3o de gra\u00e7as pelo Centen\u00e1rio de Nascimento de Dr. Thomaz Corr\u00eaa em Ipu","author":"adminredacao","date":"Maio 14, 2023","format":false,"excerpt":"O \u00faltimo domingo (07) na cidade de Ipu foi marcado pelas comemora\u00e7\u00f5es do Centen\u00e1rio de Nascimento de Dr. Thomaz de Ara\u00fajo Corr\u00eaa (1923 - 2020), um dos maiores \u00edcones da hist\u00f3ria da cidade e da medicina do Cear\u00e1. Al\u00e9m de brilhante m\u00e9dico, foi um orador h\u00e1bil e um cat\u00f3lico fervoroso,\u2026","rel":"","context":"In &quot;Atualidade&quot;","block_context":{"text":"Atualidade","link":"https:\/\/correiodasemana.com\/site\/category\/atualidade\/"},"img":{"alt_text":"","src":"https:\/\/i0.wp.com\/correiodasemana.com\/site\/wp-content\/uploads\/2023\/05\/IMG_5648-scaled.jpg?resize=350%2C200&ssl=1","width":350,"height":200,"srcset":"https:\/\/i0.wp.com\/correiodasemana.com\/site\/wp-content\/uploads\/2023\/05\/IMG_5648-scaled.jpg?resize=350%2C200&ssl=1 1x, https:\/\/i0.wp.com\/correiodasemana.com\/site\/wp-content\/uploads\/2023\/05\/IMG_5648-scaled.jpg?resize=525%2C300&ssl=1 1.5x, https:\/\/i0.wp.com\/correiodasemana.com\/site\/wp-content\/uploads\/2023\/05\/IMG_5648-scaled.jpg?resize=700%2C400&ssl=1 2x, https:\/\/i0.wp.com\/correiodasemana.com\/site\/wp-content\/uploads\/2023\/05\/IMG_5648-scaled.jpg?resize=1050%2C600&ssl=1 3x, https:\/\/i0.wp.com\/correiodasemana.com\/site\/wp-content\/uploads\/2023\/05\/IMG_5648-scaled.jpg?resize=1400%2C800&ssl=1 4x"},"classes":[]},{"id":17439,"url":"https:\/\/correiodasemana.com\/site\/independencia-do-brasil-ano-199\/","url_meta":{"origin":13397,"position":1},"title":"INDEPEND\u00caNCIA DO BRASIL ANO 199\u00a0","author":"","date":"Setembro 6, 2021","format":false,"excerpt":"Cinco de setembro, amanh\u00e3, h\u00e1 199 anos, o futuro Imperador Pedro I, longe da sede da Corte por quase um m\u00eas, deixava S\u00e3o Paulo rumo ao Rio de Janeiro naquela que se tornou a viagem da Independ\u00eancia do Brasil. O Pr\u00edncipe Real fora apaziguar os \u00e2nimos em S\u00e3o Paulo. Durante\u2026","rel":"","context":"In &quot;Artigos&quot;","block_context":{"text":"Artigos","link":"https:\/\/correiodasemana.com\/site\/category\/artigos\/"},"img":{"alt_text":"","src":"https:\/\/i0.wp.com\/correiodasemana.com\/site\/wp-content\/uploads\/2018\/02\/Jose%CC%81-1.jpg?resize=350%2C200&ssl=1","width":350,"height":200,"srcset":"https:\/\/i0.wp.com\/correiodasemana.com\/site\/wp-content\/uploads\/2018\/02\/Jose%CC%81-1.jpg?resize=350%2C200&ssl=1 1x, https:\/\/i0.wp.com\/correiodasemana.com\/site\/wp-content\/uploads\/2018\/02\/Jose%CC%81-1.jpg?resize=525%2C300&ssl=1 1.5x, https:\/\/i0.wp.com\/correiodasemana.com\/site\/wp-content\/uploads\/2018\/02\/Jose%CC%81-1.jpg?resize=700%2C400&ssl=1 2x"},"classes":[]},{"id":27926,"url":"https:\/\/correiodasemana.com\/site\/educacao-e-cidadania-29\/","url_meta":{"origin":13397,"position":2},"title":"EDUCA\u00c7\u00c3O E CIDADANIA \u2022","author":"adminredacao","date":"Janeiro 5, 2024","format":false,"excerpt":"Os Golpes e Agroneg\u00f3cio no Brasil \u201cO Brasil s\u00f3 se tornou uma na\u00e7\u00e3o soberana, de fato, com a Independ\u00eancia, declarada em 7 de setembro de 1822 pelo ent\u00e3o pr\u00edncipe regente Pedro de Alc\u00e2ntara, que se tornou nosso primeiro chefe de Estado sob o t\u00edtulo de D. Pedro I. A partir\u2026","rel":"","context":"In &quot;Artigos&quot;","block_context":{"text":"Artigos","link":"https:\/\/correiodasemana.com\/site\/category\/artigos\/"},"img":{"alt_text":"","src":"https:\/\/i0.wp.com\/correiodasemana.com\/site\/wp-content\/uploads\/2022\/02\/Salmito-Campos-1-scaled.jpg?resize=350%2C200&ssl=1","width":350,"height":200,"srcset":"https:\/\/i0.wp.com\/correiodasemana.com\/site\/wp-content\/uploads\/2022\/02\/Salmito-Campos-1-scaled.jpg?resize=350%2C200&ssl=1 1x, https:\/\/i0.wp.com\/correiodasemana.com\/site\/wp-content\/uploads\/2022\/02\/Salmito-Campos-1-scaled.jpg?resize=525%2C300&ssl=1 1.5x, https:\/\/i0.wp.com\/correiodasemana.com\/site\/wp-content\/uploads\/2022\/02\/Salmito-Campos-1-scaled.jpg?resize=700%2C400&ssl=1 2x, https:\/\/i0.wp.com\/correiodasemana.com\/site\/wp-content\/uploads\/2022\/02\/Salmito-Campos-1-scaled.jpg?resize=1050%2C600&ssl=1 3x, https:\/\/i0.wp.com\/correiodasemana.com\/site\/wp-content\/uploads\/2022\/02\/Salmito-Campos-1-scaled.jpg?resize=1400%2C800&ssl=1 4x"},"classes":[]},{"id":28669,"url":"https:\/\/correiodasemana.com\/site\/educacao-e-cidadania-39\/","url_meta":{"origin":13397,"position":3},"title":"EDUCA\u00c7\u00c3O E CIDADANIA \u2022","author":"adminredacao","date":"Mar\u00e7o 11, 2024","format":false,"excerpt":"A Confedera\u00e7\u00e3o do Equador A Confedera\u00e7\u00e3o do Equador foi um movimento revolucion\u00e1rio iniciado em Pernambuco, em 1824, que se espalhou para outras prov\u00edncias nordestinas, como Rio Grande do Norte, Para\u00edba e Cear\u00e1. Os revoltosos se opuseram \u00e0 forma autorit\u00e1ria com que a Constitui\u00e7\u00e3o de 1824 fora elaborada e publicada pelo\u2026","rel":"","context":"In &quot;Artigos&quot;","block_context":{"text":"Artigos","link":"https:\/\/correiodasemana.com\/site\/category\/artigos\/"},"img":{"alt_text":"","src":"https:\/\/i0.wp.com\/correiodasemana.com\/site\/wp-content\/uploads\/2022\/02\/Salmito-Campos-1-scaled.jpg?resize=350%2C200&ssl=1","width":350,"height":200,"srcset":"https:\/\/i0.wp.com\/correiodasemana.com\/site\/wp-content\/uploads\/2022\/02\/Salmito-Campos-1-scaled.jpg?resize=350%2C200&ssl=1 1x, https:\/\/i0.wp.com\/correiodasemana.com\/site\/wp-content\/uploads\/2022\/02\/Salmito-Campos-1-scaled.jpg?resize=525%2C300&ssl=1 1.5x, https:\/\/i0.wp.com\/correiodasemana.com\/site\/wp-content\/uploads\/2022\/02\/Salmito-Campos-1-scaled.jpg?resize=700%2C400&ssl=1 2x, https:\/\/i0.wp.com\/correiodasemana.com\/site\/wp-content\/uploads\/2022\/02\/Salmito-Campos-1-scaled.jpg?resize=1050%2C600&ssl=1 3x, https:\/\/i0.wp.com\/correiodasemana.com\/site\/wp-content\/uploads\/2022\/02\/Salmito-Campos-1-scaled.jpg?resize=1400%2C800&ssl=1 4x"},"classes":[]},{"id":32868,"url":"https:\/\/correiodasemana.com\/site\/na-celebracao-dos-138-anos-do-instituto-do-ceara-e-posse-da-nova-diretoria-prof-jose-luis-lira-recebe-diploma-de-socio-honorario\/","url_meta":{"origin":13397,"position":4},"title":"Na celebra\u00e7\u00e3o dos 138 anos do Instituto do Cear\u00e1 e posse da nova Diretoria, Prof. Jos\u00e9 Lu\u00eds Lira recebe diploma de S\u00f3cio Honor\u00e1rio","author":"adminredacao","date":"Mar\u00e7o 10, 2025","format":false,"excerpt":"Na noite de quinta-feira, 06\/03, os membros do Instituto do Cear\u00e1 (Hist\u00f3rico, Geogr\u00e1fico e Antropol\u00f3gico) celebraram 138 anos de funda\u00e7\u00e3o da institui\u00e7\u00e3o, a mais antiga institui\u00e7\u00e3o cultural do nosso Estado e uma das mais antigas do Brasil, fundado em 4 de mar\u00e7o de 1887, tendo por finalidade o estudo e\u2026","rel":"","context":"In &quot;Atualidade&quot;","block_context":{"text":"Atualidade","link":"https:\/\/correiodasemana.com\/site\/category\/atualidade\/"},"img":{"alt_text":"","src":"https:\/\/i0.wp.com\/correiodasemana.com\/site\/wp-content\/uploads\/2025\/03\/Imagem-do-WhatsApp-de-2025-03-08-as-08.30.38_3044b8fe.jpg?resize=350%2C200&ssl=1","width":350,"height":200,"srcset":"https:\/\/i0.wp.com\/correiodasemana.com\/site\/wp-content\/uploads\/2025\/03\/Imagem-do-WhatsApp-de-2025-03-08-as-08.30.38_3044b8fe.jpg?resize=350%2C200&ssl=1 1x, https:\/\/i0.wp.com\/correiodasemana.com\/site\/wp-content\/uploads\/2025\/03\/Imagem-do-WhatsApp-de-2025-03-08-as-08.30.38_3044b8fe.jpg?resize=525%2C300&ssl=1 1.5x, https:\/\/i0.wp.com\/correiodasemana.com\/site\/wp-content\/uploads\/2025\/03\/Imagem-do-WhatsApp-de-2025-03-08-as-08.30.38_3044b8fe.jpg?resize=700%2C400&ssl=1 2x, https:\/\/i0.wp.com\/correiodasemana.com\/site\/wp-content\/uploads\/2025\/03\/Imagem-do-WhatsApp-de-2025-03-08-as-08.30.38_3044b8fe.jpg?resize=1050%2C600&ssl=1 3x"},"classes":[]},{"id":9065,"url":"https:\/\/correiodasemana.com\/site\/patria-amada-brasil\/","url_meta":{"origin":13397,"position":5},"title":"P\u00e1tria Amada Brasil!","author":"","date":"Setembro 8, 2019","format":false,"excerpt":"O Pa\u00eds celebra os 197 anos de Independ\u00eancia do Brasil. Nossa P\u00e1tria \u00e9 jovem e sua independ\u00eancia foi promovida por gente mais jovem ainda, posto que tinha 24 anos incompletos, o jovem Pr\u00edncipe Regente do Brasil e herdeiro do trono de Portugal, cidad\u00e3o portugu\u00eas, Dom Pedro, que chegara ao Brasil\u2026","rel":"","context":"In &quot;Artigos&quot;","block_context":{"text":"Artigos","link":"https:\/\/correiodasemana.com\/site\/category\/artigos\/"},"img":{"alt_text":"","src":"https:\/\/i0.wp.com\/correiodasemana.com\/site\/wp-content\/uploads\/2019\/07\/Jose%CC%81-1.jpg?resize=350%2C200&ssl=1","width":350,"height":200,"srcset":"https:\/\/i0.wp.com\/correiodasemana.com\/site\/wp-content\/uploads\/2019\/07\/Jose%CC%81-1.jpg?resize=350%2C200&ssl=1 1x, https:\/\/i0.wp.com\/correiodasemana.com\/site\/wp-content\/uploads\/2019\/07\/Jose%CC%81-1.jpg?resize=525%2C300&ssl=1 1.5x, https:\/\/i0.wp.com\/correiodasemana.com\/site\/wp-content\/uploads\/2019\/07\/Jose%CC%81-1.jpg?resize=700%2C400&ssl=1 2x"},"classes":[]}],"jetpack_sharing_enabled":true,"_links":{"self":[{"href":"https:\/\/correiodasemana.com\/site\/wp-json\/wp\/v2\/posts\/13397","targetHints":{"allow":["GET"]}}],"collection":[{"href":"https:\/\/correiodasemana.com\/site\/wp-json\/wp\/v2\/posts"}],"about":[{"href":"https:\/\/correiodasemana.com\/site\/wp-json\/wp\/v2\/types\/post"}],"author":[{"embeddable":true,"href":"https:\/\/correiodasemana.com\/site\/wp-json\/wp\/v2\/users\/1"}],"replies":[{"embeddable":true,"href":"https:\/\/correiodasemana.com\/site\/wp-json\/wp\/v2\/comments?post=13397"}],"version-history":[{"count":1,"href":"https:\/\/correiodasemana.com\/site\/wp-json\/wp\/v2\/posts\/13397\/revisions"}],"predecessor-version":[{"id":13398,"href":"https:\/\/correiodasemana.com\/site\/wp-json\/wp\/v2\/posts\/13397\/revisions\/13398"}],"wp:featuredmedia":[{"embeddable":true,"href":"https:\/\/correiodasemana.com\/site\/wp-json\/wp\/v2\/media\/7874"}],"wp:attachment":[{"href":"https:\/\/correiodasemana.com\/site\/wp-json\/wp\/v2\/media?parent=13397"}],"wp:term":[{"taxonomy":"category","embeddable":true,"href":"https:\/\/correiodasemana.com\/site\/wp-json\/wp\/v2\/categories?post=13397"},{"taxonomy":"post_tag","embeddable":true,"href":"https:\/\/correiodasemana.com\/site\/wp-json\/wp\/v2\/tags?post=13397"}],"curies":[{"name":"wp","href":"https:\/\/api.w.org\/{rel}","templated":true}]}}