{"id":13428,"date":"2020-09-08T10:34:03","date_gmt":"2020-09-08T13:34:03","guid":{"rendered":"https:\/\/correiodasemana.com\/site\/?p=13428"},"modified":"2020-09-08T10:34:03","modified_gmt":"2020-09-08T13:34:03","slug":"volta-as-aulas-psicologa-alerta-para-cuidados-emocionais-de-alunos-e-professores","status":"publish","type":"post","link":"https:\/\/correiodasemana.com\/site\/volta-as-aulas-psicologa-alerta-para-cuidados-emocionais-de-alunos-e-professores\/","title":{"rendered":"Volta \u00e0s aulas: psic\u00f3loga alerta para cuidados emocionais de alunos e professores"},"content":{"rendered":"<p>O debate sobre a possibilidade da volta \u00e0s aulas, em meio a uma grave pandemia, precisa ser entendido como algo muito al\u00e9m dos cuidados de higieniza\u00e7\u00e3o e protocolos estabelecidos pelas autoridades sanit\u00e1rias. Para a consultora educacional e psic\u00f3loga, Carla Jarlicht, \u00e9 preciso dar maior aten\u00e7\u00e3o aos aspectos emocionais, tanto de professores quanto de alunos, estabelecendo uma nova estrat\u00e9gia que dever\u00e1 surgir de um debate transparente entre todos os envolvidos: estabelecimentos, pais, alunos, professores, poder p\u00fablico e sociedade.<\/p>\n<p>&#8211; Ser\u00e3o muitos os desafios. E v\u00e3o dos aspectos estruturais e organizacionais da escola, que dever\u00e1 atender aos protocolos, aos aspectos emocionais, que envolvem n\u00e3o s\u00f3 o acolhimento dos alunos como tamb\u00e9m o das fam\u00edlias. Todos est\u00e3o, em alguma medida, sens\u00edveis a tudo que vem acontecendo e, de certa forma, inseguros, ansiosos e um tanto esperan\u00e7osos com o que est\u00e1 por vir &#8211; afirma Jarlicht.<\/p>\n<p>Para ela, o retorno ao ensino presencial demandar\u00e1 do professor novas estrat\u00e9gias para a reinven\u00e7\u00e3o tanto das rela\u00e7\u00f5es afetivas quanto do trabalho pedag\u00f3gico em si, repensando os projetos, de acordo com a avalia\u00e7\u00e3o diagn\u00f3stica dos alunos, contemplando novos encaminhamentos, al\u00e9m de outros combinados para a rotina, que ser\u00e1 inteiramente diferente.<\/p>\n<p>&#8211; Essa nova realidade ser\u00e1 um grande desafio para todos na escola, sobretudo para os professores que s\u00e3o o porto seguro dos alunos, suas fam\u00edlias e coordena\u00e7\u00e3o. Portanto, o acolhimento deve tamb\u00e9m se estender a eles. Gestores e coordenadores precisam estar abertos para ouvir esses profissionais nas suas demandas e trabalhar em parceria.<\/p>\n<p>Carla lembra que a escola \u00e9 um lugar de encontro. E que seria fundamental criar um espa\u00e7o para di\u00e1logo transparente com as fam\u00edlias e a comunidade para que, juntos, possam pensar sobre esse retorno \u00e0s aulas e sobre como viabilizar a pr\u00e1tica de tais protocolos.<\/p>\n<p>-Discutir, ponderar, acalmar as ang\u00fastias, alinhar as expectativas e planejar solu\u00e7\u00f5es poss\u00edveis. Mais do que nunca, num contexto como a de uma pandemia, precisamos pensar coletivamente, compartilhando a responsabilidade entre todos os envolvidos &#8211; salienta.<\/p>\n<p>A especialista destaca, citando o educador portugu\u00eas Jos\u00e9 Pacheco, que &#8220;escola n\u00e3o \u00e9 edif\u00edcio; escolas s\u00e3o pessoas&#8221;.<\/p>\n<p>&#8211; Sendo assim, para al\u00e9m de todos os cuidados de higieniza\u00e7\u00e3o, que s\u00e3o important\u00edssimos, temos que focar na sa\u00fade emocional de crian\u00e7as e adultos. A situa\u00e7\u00e3o vivida ainda \u00e9 delicada sob muitos aspectos e, sobretudo, o aspecto emocional. Muitas e diversas foram as perdas, n\u00e3o podemos fechar os olhos para isso, n\u00e3o ser\u00e1 poss\u00edvel continuar de onde hav\u00edamos parado, como se tudo tivesse sido um feriado prolongado &#8211; resume.<\/p>\n","protected":false},"excerpt":{"rendered":"<p>O debate sobre a possibilidade da volta \u00e0s aulas, em meio a uma grave pandemia,&#8230;<\/p>\n","protected":false},"author":1,"featured_media":13429,"comment_status":"open","ping_status":"open","sticky":false,"template":"","format":"standard","meta":{"_jetpack_memberships_contains_paid_content":false,"footnotes":"","jetpack_publicize_message":"","jetpack_publicize_feature_enabled":true,"jetpack_social_post_already_shared":true,"jetpack_social_options":{"image_generator_settings":{"template":"highway","default_image_id":0,"font":"","enabled":false},"version":2}},"categories":[1],"tags":[],"class_list":["post-13428","post","type-post","status-publish","format-standard","has-post-thumbnail","hentry","category-atualidade"],"jetpack_publicize_connections":[],"jetpack_featured_media_url":"https:\/\/correiodasemana.com\/site\/wp-content\/uploads\/2020\/09\/Volta-as-aulas-psicologa-alerta-para-cuidados-emocionais-de-alunos-e-professores.jpg","jetpack-related-posts":[{"id":14709,"url":"https:\/\/correiodasemana.com\/site\/educacao-psicologa-alerta-para-os-cuidados-com-a-volta-as-aulas\/","url_meta":{"origin":13428,"position":0},"title":"Educa\u00e7\u00e3o: psic\u00f3loga alerta para os cuidados com a volta \u00e0s aulas","author":"","date":"Novembro 24, 2020","format":false,"excerpt":"As mudan\u00e7as impostas pela pandemia na rotina dos professores podem afetar a sa\u00fade mental desses profissionais. \u00c9 o que alerta a psic\u00f3loga e consultora educacional Carla Jarlicht. Na entrevista abaixo, ela analisa a necessidade de os gestores das escolas estarem atentos aos efeitos desse per\u00edodo junto ao corpo docente, os\u2026","rel":"","context":"In &quot;Atualidade&quot;","block_context":{"text":"Atualidade","link":"https:\/\/correiodasemana.com\/site\/category\/atualidade\/"},"img":{"alt_text":"","src":"https:\/\/i0.wp.com\/correiodasemana.com\/site\/wp-content\/uploads\/2020\/11\/volta-as-aulas-pos-pandemia.jpg?resize=350%2C200&ssl=1","width":350,"height":200,"srcset":"https:\/\/i0.wp.com\/correiodasemana.com\/site\/wp-content\/uploads\/2020\/11\/volta-as-aulas-pos-pandemia.jpg?resize=350%2C200&ssl=1 1x, https:\/\/i0.wp.com\/correiodasemana.com\/site\/wp-content\/uploads\/2020\/11\/volta-as-aulas-pos-pandemia.jpg?resize=525%2C300&ssl=1 1.5x, https:\/\/i0.wp.com\/correiodasemana.com\/site\/wp-content\/uploads\/2020\/11\/volta-as-aulas-pos-pandemia.jpg?resize=700%2C400&ssl=1 2x, https:\/\/i0.wp.com\/correiodasemana.com\/site\/wp-content\/uploads\/2020\/11\/volta-as-aulas-pos-pandemia.jpg?resize=1050%2C600&ssl=1 3x, https:\/\/i0.wp.com\/correiodasemana.com\/site\/wp-content\/uploads\/2020\/11\/volta-as-aulas-pos-pandemia.jpg?resize=1400%2C800&ssl=1 4x"},"classes":[]},{"id":12438,"url":"https:\/\/correiodasemana.com\/site\/nove-estados-e-df-podem-voltar-as-aulas-nas-escolas-particulares\/","url_meta":{"origin":13428,"position":1},"title":"Nove estados e DF podem voltar \u00e0s aulas nas escolas particulares","author":"","date":"Agosto 3, 2020","format":false,"excerpt":"Demais estados est\u00e3o sem data definida para retorno presencial Ap\u00f3s cerca de quatro meses com as aulas suspensas, estados come\u00e7am a sinalizar a volta \u00e0s aulas presenciais nas escolas. De um lado, melhor equipadas, de maneira geral, que as escolas p\u00fablicas, as escolas particulares defendem que est\u00e3o prontas para uma\u2026","rel":"","context":"In &quot;Atualidade&quot;","block_context":{"text":"Atualidade","link":"https:\/\/correiodasemana.com\/site\/category\/atualidade\/"},"img":{"alt_text":"","src":"https:\/\/i0.wp.com\/correiodasemana.com\/site\/wp-content\/uploads\/2020\/08\/2020-03-13t145129z_1265676104_rc22jf9wi6m7_rtrmadp_3_health-coronavirus-brazil.jpg?resize=350%2C200&ssl=1","width":350,"height":200,"srcset":"https:\/\/i0.wp.com\/correiodasemana.com\/site\/wp-content\/uploads\/2020\/08\/2020-03-13t145129z_1265676104_rc22jf9wi6m7_rtrmadp_3_health-coronavirus-brazil.jpg?resize=350%2C200&ssl=1 1x, https:\/\/i0.wp.com\/correiodasemana.com\/site\/wp-content\/uploads\/2020\/08\/2020-03-13t145129z_1265676104_rc22jf9wi6m7_rtrmadp_3_health-coronavirus-brazil.jpg?resize=525%2C300&ssl=1 1.5x, https:\/\/i0.wp.com\/correiodasemana.com\/site\/wp-content\/uploads\/2020\/08\/2020-03-13t145129z_1265676104_rc22jf9wi6m7_rtrmadp_3_health-coronavirus-brazil.jpg?resize=700%2C400&ssl=1 2x, https:\/\/i0.wp.com\/correiodasemana.com\/site\/wp-content\/uploads\/2020\/08\/2020-03-13t145129z_1265676104_rc22jf9wi6m7_rtrmadp_3_health-coronavirus-brazil.jpg?resize=1050%2C600&ssl=1 3x"},"classes":[]},{"id":18694,"url":"https:\/\/correiodasemana.com\/site\/colegio-vicentina-freire-em-mucambo\/","url_meta":{"origin":13428,"position":2},"title":"Col\u00e9gio Vicentina Freire em Mucambo","author":"","date":"Janeiro 30, 2022","format":false,"excerpt":"- Ensinando com amor e dedica\u00e7\u00e3o A Professora Vicentina Lima Freire \u00e9 graduada em Pedagogia e Hist\u00f3ria, P\u00f3s-Graduada em Metodologia do Ensino, Gest\u00e3o Escolar e Psicopedagoga, pela Universidade Estadual Vale do Acara\u00fa \u2013 UVA. Vicentina Freire iniciou suas atividades como professora na Escola Mundo Encantado, que funcionou de 1988 a\u2026","rel":"","context":"In &quot;Artigos&quot;","block_context":{"text":"Artigos","link":"https:\/\/correiodasemana.com\/site\/category\/artigos\/"},"img":{"alt_text":"","src":"https:\/\/i0.wp.com\/correiodasemana.com\/site\/wp-content\/uploads\/2021\/08\/Salmito-Campos.jpg?resize=350%2C200&ssl=1","width":350,"height":200,"srcset":"https:\/\/i0.wp.com\/correiodasemana.com\/site\/wp-content\/uploads\/2021\/08\/Salmito-Campos.jpg?resize=350%2C200&ssl=1 1x, https:\/\/i0.wp.com\/correiodasemana.com\/site\/wp-content\/uploads\/2021\/08\/Salmito-Campos.jpg?resize=525%2C300&ssl=1 1.5x, https:\/\/i0.wp.com\/correiodasemana.com\/site\/wp-content\/uploads\/2021\/08\/Salmito-Campos.jpg?resize=700%2C400&ssl=1 2x, https:\/\/i0.wp.com\/correiodasemana.com\/site\/wp-content\/uploads\/2021\/08\/Salmito-Campos.jpg?resize=1050%2C600&ssl=1 3x, https:\/\/i0.wp.com\/correiodasemana.com\/site\/wp-content\/uploads\/2021\/08\/Salmito-Campos.jpg?resize=1400%2C800&ssl=1 4x"},"classes":[]},{"id":17330,"url":"https:\/\/correiodasemana.com\/site\/educacao-pedagogia-tradicional-ou-construtivista\/","url_meta":{"origin":13428,"position":3},"title":"Educa\u00e7\u00e3o: Pedagogia Tradicional ou Construtivista?","author":"","date":"Agosto 30, 2021","format":false,"excerpt":"A adolesc\u00eancia \u00e9 uma etapa extremamente dif\u00edcil, que marca mudan\u00e7as no corpo, na voz, no comportamento social e psicol\u00f3gico. A transforma\u00e7\u00e3o tem in\u00edcio por volta dos 11 anos. Uma das primeiras transforma\u00e7\u00f5es \u00e9 a discord\u00e2ncia com o que os adultos dizem. \u00c9 como dizer para eles pr\u00f3prios, endere\u00e7ando principalmente para\u2026","rel":"","context":"In &quot;Artigos&quot;","block_context":{"text":"Artigos","link":"https:\/\/correiodasemana.com\/site\/category\/artigos\/"},"img":{"alt_text":"","src":"https:\/\/i0.wp.com\/correiodasemana.com\/site\/wp-content\/uploads\/2021\/08\/Salmito-Campos.jpg?resize=350%2C200&ssl=1","width":350,"height":200,"srcset":"https:\/\/i0.wp.com\/correiodasemana.com\/site\/wp-content\/uploads\/2021\/08\/Salmito-Campos.jpg?resize=350%2C200&ssl=1 1x, https:\/\/i0.wp.com\/correiodasemana.com\/site\/wp-content\/uploads\/2021\/08\/Salmito-Campos.jpg?resize=525%2C300&ssl=1 1.5x, https:\/\/i0.wp.com\/correiodasemana.com\/site\/wp-content\/uploads\/2021\/08\/Salmito-Campos.jpg?resize=700%2C400&ssl=1 2x, https:\/\/i0.wp.com\/correiodasemana.com\/site\/wp-content\/uploads\/2021\/08\/Salmito-Campos.jpg?resize=1050%2C600&ssl=1 3x, https:\/\/i0.wp.com\/correiodasemana.com\/site\/wp-content\/uploads\/2021\/08\/Salmito-Campos.jpg?resize=1400%2C800&ssl=1 4x"},"classes":[]},{"id":16501,"url":"https:\/\/correiodasemana.com\/site\/projeto-de-lei-preve-vacinacao-prioritaria-contra-a-covid-19-aos-professores-da-educacao-infantil-e-da-educacao-especial\/","url_meta":{"origin":13428,"position":4},"title":"Projeto de Lei prev\u00ea vacina\u00e7\u00e3o priorit\u00e1ria contra a covid-19 aos professores da educa\u00e7\u00e3o infantil e da educa\u00e7\u00e3o especial","author":"","date":"Maio 17, 2021","format":false,"excerpt":"O deputado federal Eduardo Bismarck (PDT-CE) apresentou Projeto de Lei que prev\u00ea a vacina\u00e7\u00e3o priorit\u00e1ria contra a covid-19 aos professores da educa\u00e7\u00e3o infantil e da educa\u00e7\u00e3o especial. Segundo o deputado, o\u00a0 contato dos professores com as crian\u00e7as da educa\u00e7\u00e3o infantil exige elevada proximidade devido a\u0300 necessidade de desenvolvimento de seus\u2026","rel":"","context":"In &quot;Atualidade&quot;","block_context":{"text":"Atualidade","link":"https:\/\/correiodasemana.com\/site\/category\/atualidade\/"},"img":{"alt_text":"","src":"https:\/\/i0.wp.com\/correiodasemana.com\/site\/wp-content\/uploads\/2021\/04\/cresce-vacinacao-contra-a-covid-no-ceara.jpeg?resize=350%2C200&ssl=1","width":350,"height":200,"srcset":"https:\/\/i0.wp.com\/correiodasemana.com\/site\/wp-content\/uploads\/2021\/04\/cresce-vacinacao-contra-a-covid-no-ceara.jpeg?resize=350%2C200&ssl=1 1x, https:\/\/i0.wp.com\/correiodasemana.com\/site\/wp-content\/uploads\/2021\/04\/cresce-vacinacao-contra-a-covid-no-ceara.jpeg?resize=525%2C300&ssl=1 1.5x, https:\/\/i0.wp.com\/correiodasemana.com\/site\/wp-content\/uploads\/2021\/04\/cresce-vacinacao-contra-a-covid-no-ceara.jpeg?resize=700%2C400&ssl=1 2x, https:\/\/i0.wp.com\/correiodasemana.com\/site\/wp-content\/uploads\/2021\/04\/cresce-vacinacao-contra-a-covid-no-ceara.jpeg?resize=1050%2C600&ssl=1 3x"},"classes":[]},{"id":10724,"url":"https:\/\/correiodasemana.com\/site\/aluna-da-escola-publica-e-aprovada-em-1o-lugar-em-medicina-na-ufc\/","url_meta":{"origin":13428,"position":5},"title":"Aluna da escola p\u00fablica \u00e9 aprovada em 1\u00ba lugar em Medicina na UFC","author":"","date":"Fevereiro 10, 2020","format":false,"excerpt":"A confian\u00e7a no ensino da escola p\u00fablica encaminhou Samira da Costa Carneiro, de 17 anos, para a realiza\u00e7\u00e3o do sonho de cursar medicina. A aluna rec\u00e9m formada no ensino m\u00e9dio pela escola profissionalizante Monsenhor Jos\u00e9 Alo\u00edsio Pinto, n\u00e3o s\u00f3 passou em um dos cursos mais concorridos da Universidade Federal do\u2026","rel":"","context":"In &quot;Atualidade&quot;","block_context":{"text":"Atualidade","link":"https:\/\/correiodasemana.com\/site\/category\/atualidade\/"},"img":{"alt_text":"","src":"https:\/\/i0.wp.com\/correiodasemana.com\/site\/wp-content\/uploads\/2020\/02\/escola-profissionalizant4e-Monsenhor-Aloisio-Pinto-3.jpg?resize=350%2C200&ssl=1","width":350,"height":200,"srcset":"https:\/\/i0.wp.com\/correiodasemana.com\/site\/wp-content\/uploads\/2020\/02\/escola-profissionalizant4e-Monsenhor-Aloisio-Pinto-3.jpg?resize=350%2C200&ssl=1 1x, https:\/\/i0.wp.com\/correiodasemana.com\/site\/wp-content\/uploads\/2020\/02\/escola-profissionalizant4e-Monsenhor-Aloisio-Pinto-3.jpg?resize=525%2C300&ssl=1 1.5x, https:\/\/i0.wp.com\/correiodasemana.com\/site\/wp-content\/uploads\/2020\/02\/escola-profissionalizant4e-Monsenhor-Aloisio-Pinto-3.jpg?resize=700%2C400&ssl=1 2x, https:\/\/i0.wp.com\/correiodasemana.com\/site\/wp-content\/uploads\/2020\/02\/escola-profissionalizant4e-Monsenhor-Aloisio-Pinto-3.jpg?resize=1050%2C600&ssl=1 3x"},"classes":[]}],"jetpack_sharing_enabled":true,"_links":{"self":[{"href":"https:\/\/correiodasemana.com\/site\/wp-json\/wp\/v2\/posts\/13428","targetHints":{"allow":["GET"]}}],"collection":[{"href":"https:\/\/correiodasemana.com\/site\/wp-json\/wp\/v2\/posts"}],"about":[{"href":"https:\/\/correiodasemana.com\/site\/wp-json\/wp\/v2\/types\/post"}],"author":[{"embeddable":true,"href":"https:\/\/correiodasemana.com\/site\/wp-json\/wp\/v2\/users\/1"}],"replies":[{"embeddable":true,"href":"https:\/\/correiodasemana.com\/site\/wp-json\/wp\/v2\/comments?post=13428"}],"version-history":[{"count":2,"href":"https:\/\/correiodasemana.com\/site\/wp-json\/wp\/v2\/posts\/13428\/revisions"}],"predecessor-version":[{"id":13431,"href":"https:\/\/correiodasemana.com\/site\/wp-json\/wp\/v2\/posts\/13428\/revisions\/13431"}],"wp:featuredmedia":[{"embeddable":true,"href":"https:\/\/correiodasemana.com\/site\/wp-json\/wp\/v2\/media\/13429"}],"wp:attachment":[{"href":"https:\/\/correiodasemana.com\/site\/wp-json\/wp\/v2\/media?parent=13428"}],"wp:term":[{"taxonomy":"category","embeddable":true,"href":"https:\/\/correiodasemana.com\/site\/wp-json\/wp\/v2\/categories?post=13428"},{"taxonomy":"post_tag","embeddable":true,"href":"https:\/\/correiodasemana.com\/site\/wp-json\/wp\/v2\/tags?post=13428"}],"curies":[{"name":"wp","href":"https:\/\/api.w.org\/{rel}","templated":true}]}}