{"id":13464,"date":"2020-09-10T11:53:14","date_gmt":"2020-09-10T14:53:14","guid":{"rendered":"https:\/\/correiodasemana.com\/site\/?p=13464"},"modified":"2020-09-10T11:53:14","modified_gmt":"2020-09-10T14:53:14","slug":"metade-dos-microempreendedores-individuais-do-pais-conseguiram-o-auxilio-emergencial-do-governo","status":"publish","type":"post","link":"https:\/\/correiodasemana.com\/site\/metade-dos-microempreendedores-individuais-do-pais-conseguiram-o-auxilio-emergencial-do-governo\/","title":{"rendered":"Metade dos microempreendedores individuais do pa\u00eds conseguiram o aux\u00edlio emergencial do governo"},"content":{"rendered":"<p><em>Do total de 10,7 milh\u00f5es de empreendedores formalizados na categoria de MEI existentes atualmente, 12% n\u00e3o se enquadraram nos crit\u00e9rios para receber o benef\u00edcio<\/em><\/p>\n<p>Mais de 5 milh\u00f5es de microempreendedores individuais (MEI) tiveram acesso ao benef\u00edcio do aux\u00edlio emergencial concedido pelo governo federal devido \u00e0 pandemia da Covid-19. Esse n\u00famero corresponde \u00e0 metade dos 10,7 milh\u00f5es de MEI registrados atualmente no pa\u00eds. Os dados do governo mostram que quase 1,2 milh\u00f5es de empreendedores dessa categoria de pequenos neg\u00f3cios n\u00e3o foram beneficiados pelo aux\u00edlio.<\/p>\n<p>De acordo com o gerente de Pol\u00edticas P\u00fablicas do Sebrae, Silas Santiago, os dados representam o sucesso do MEI como o maior programa de redu\u00e7\u00e3o de informalidade empresarial no mundo. \u201cIsso demonstra como \u00e9 acertada a decis\u00e3o do empreendedor que decide sair da informalidade. Neste momento, esse benef\u00edcio tem sido muito importante para ajudar os empreendedores a passar pela pandemia com menos dificuldades, mas tamb\u00e9m traz para o pa\u00eds uma esp\u00e9cie de colch\u00e3o de liquidez que ajuda as micro e pequenas empresas a superarem a crise devido ao dinheiro que passa a girar na economia\u201d, analisou.<\/p>\n<p>Segundo Silas, os microempreendedores individuais que n\u00e3o conseguiram o aux\u00edlio, n\u00e3o se enquadraram &#8211; por alguma raz\u00e3o &#8211; nos crit\u00e9rios do governo. \u201cPode ser que eles tivessem renda familiar superior ao limite legal, algum v\u00ednculo empregat\u00edcio ou algum benef\u00edcio previdenci\u00e1rio\u201d, explicou.<\/p>\n<p>Nos \u00faltimos cinco meses houve um crescimento expressivo do n\u00famero de empreendedores que buscaram formalizar os neg\u00f3cios. Entre 31 de mar\u00e7o e 15 de agosto, foram feitos 784,3 mil registros no Simples Nacional. Esse n\u00famero \u00e9 0,8% superior ao registrado no mesmo per\u00edodo do ano passado. Entre esses novos neg\u00f3cios, a grande maioria deles foi de Microempreendedores Individuais (MEI), com 684 mil registros (quase 43 mil a mais que no mesmo per\u00edodo de 2019). E cerca de 100 mil novos neg\u00f3cios foram registrados como Microempresas e Empresas de Pequeno Porte, nesse mesmo per\u00edodo.<\/p>\n<p><strong>Prorroga\u00e7\u00e3o do aux\u00edlio<\/strong><\/p>\n<p>Nesta semana, o governo federal anunciou que o aux\u00edlio emergencial ser\u00e1 prorrogado at\u00e9 dezembro, por\u00e9m com valor de R$ 300. Ainda n\u00e3o h\u00e1 previs\u00e3o de reabertura de novas solicita\u00e7\u00f5es do benef\u00edcio, sendo assim, s\u00f3 devem receber as pr\u00f3ximas parcelas os benefici\u00e1rios que j\u00e1 foram aprovados para receber as parcelas de R$ 600.<\/p>\n<p><strong>Apoio ao MEI\u00a0<\/strong><\/p>\n<p>Desde o in\u00edcio do avan\u00e7o da pandemia no pa\u00eds, o Sebrae tem concentrado esfor\u00e7os para ajudar os pequenos neg\u00f3cios a enfrentarem a crise. No caso dos MEI, foi criada uma p\u00e1gina espec\u00edfica no\u00a0<a href=\"https:\/\/www.sebrae.com.br\/sites\/PortalSebrae\/mei2020\">Portal Sebrae<\/a>, totalmente dedicada \u00e0 categoria. No espa\u00e7o online, os microempreendedores individuais podem saber mais sobre as medidas lan\u00e7adas pelo governo, inclusive uma colet\u00e2nea com 184 linhas de cr\u00e9dito disponibilizadas para os pequenos neg\u00f3cios, bem como a uma s\u00e9rie de conte\u00fados que v\u00e3o auxili\u00e1-los na gest\u00e3o do neg\u00f3cio. S\u00e3o e-books, v\u00eddeos, cursos e outras informa\u00e7\u00f5es que v\u00e3o desde dicas para gerir melhor a empresa, at\u00e9 orienta\u00e7\u00f5es para quem quer implementar estrat\u00e9gicas de marketing digital.<\/p>\n<p><strong>Dados sobre o acesso do MEI a cr\u00e9dito<\/strong><\/p>\n<ul>\n<li>O MEI \u00e9 o porte empresarial que menos buscou cr\u00e9dito banc\u00e1rio durante a pandemia. 55% dos entrevistados n\u00e3o buscaram, frente a 34% dos empres\u00e1rios de ME e EPP que n\u00e3o recorreram aos bancos para obter empr\u00e9stimos.<\/li>\n<li>Entre os que n\u00e3o buscaram, 24% afirmaram que n\u00e3o conseguiriam pagar a d\u00edvida (percentual tamb\u00e9m \u00e9 maior do que entre as empresas de micro e pequeno porte \u2013 15% afirmaram que deixaram de buscar por receio de n\u00e3o conseguir quitar)<\/li>\n<li>Dos MEI que tentaram cr\u00e9dito, 62% n\u00e3o conseguiram (frente a 50% das ME e EPP que tamb\u00e9m tiveram empr\u00e9stimos negados pelos bancos). A causa mais comum para a negativa entre os MEI foi o CPF negativado dos empreendedores (21%).<\/li>\n<\/ul>\n<p><strong>Acesso do MEI por meio do FAMPE<\/strong><\/p>\n<ul>\n<li>Em 2020, j\u00e1 foram beneficiados 6.289 MEI. Para esse p\u00fablico, foram disponibilizados em cr\u00e9dito, pelas institui\u00e7\u00f5es parceiras, quase R$ 98 milh\u00f5es. Desse montante, cerca de R$ 76.5 milh\u00f5es foram garantidos pelo FAMPE. Em termos percentuais representam mais de 78% em garantias.<\/li>\n<li>S\u00f3 a CAIXA j\u00e1 financiou mais de 5.996 MEI, liberando mais de R$ 89.48 milh\u00f5es. Desses, cerca de R$ 71,5 milh\u00f5es foram garantidos com a cobertura do FAMPE.<\/li>\n<li>A garantia do FAMPE tornou-se cada vez mais importante aos MEI. Esse mecanismo vem potencializando o acesso a esse p\u00fablico, que n\u00e3o tendo as garantias necess\u00e1ria para tomar um financiamento junto aos bancos contam com o apoio desse instrumento<\/li>\n<li>Al\u00e9m da garantia necess\u00e1ria para acessar o cr\u00e9dito, os empres\u00e1rios que usam o FAMPE contam tamb\u00e9m com o apoio do Sebrae no acompanhamento na fase p\u00f3s-cr\u00e9dito. Isso significa que depois que o cliente tomou um financiamento com o apoio do FAMPE, ele ter\u00e1 assessoria gratuita do Sebrae, de modo a mitigar a inadimpl\u00eancia.<\/li>\n<li>O Sebrae tem intensificado o apoio aos pequenos neg\u00f3cios, formando novas parcerias. Esse ano firmamos conv\u00eanio com o Sicoob e a CAIXA.<\/li>\n<\/ul>\n<p>O Sebrae reuniu em \u00fanico\u00a0<a href=\"https:\/\/www.sebrae.com.br\/sites\/PortalSebrae\/ufs\/ms\/sebraeaz\/linhas-de-credito,be990af026458510VgnVCM1000004c00210aRCRD\">documento<\/a>, uma colet\u00e2nea, com todas as linhas de cr\u00e9dito dispon\u00edveis. J\u00e1 foram identificadas 184 linhas de cr\u00e9dito dispon\u00edveis para os pequenos neg\u00f3cios.\u00a0 Quando esse trabalho come\u00e7ou a ser feito, em mar\u00e7o, havia 33 linhas de cr\u00e9dito dispon\u00edveis para as pequenas empresas.<\/p>\n<p>Fonte: <strong>Assessoria de Imprensa Sebrae<\/strong><\/p>\n","protected":false},"excerpt":{"rendered":"<p>Do total de 10,7 milh\u00f5es de empreendedores formalizados na categoria de MEI existentes atualmente, 12%&#8230;<\/p>\n","protected":false},"author":1,"featured_media":13465,"comment_status":"open","ping_status":"open","sticky":false,"template":"","format":"standard","meta":{"_jetpack_memberships_contains_paid_content":false,"footnotes":"","jetpack_publicize_message":"","jetpack_publicize_feature_enabled":true,"jetpack_social_post_already_shared":true,"jetpack_social_options":{"image_generator_settings":{"template":"highway","default_image_id":0,"font":"","enabled":false},"version":2}},"categories":[1],"tags":[],"class_list":["post-13464","post","type-post","status-publish","format-standard","has-post-thumbnail","hentry","category-atualidade"],"jetpack_publicize_connections":[],"jetpack_featured_media_url":"https:\/\/correiodasemana.com\/site\/wp-content\/uploads\/2020\/09\/Auxilio-caixa-app-002.jpg","jetpack-related-posts":[{"id":15310,"url":"https:\/\/correiodasemana.com\/site\/mei-deve-ficar-atento-as-obrigacoes-no-inicio-do-ano\/","url_meta":{"origin":13464,"position":0},"title":"MEI deve ficar atento \u00e0s obriga\u00e7\u00f5es no in\u00edcio do ano","author":"","date":"Janeiro 10, 2021","format":false,"excerpt":"Mais de 2,6milh\u00f5es de microempreendedores individuais foram registrados em 2020. Prazo para declara\u00e7\u00e3o de rendimentos anual da categoria j\u00e1 come\u00e7ou Passado o per\u00edodo de festas, o in\u00edcio de um novo ano \u00e9 um bom momento para organizar as finan\u00e7as e ficar atento para n\u00e3o perder os prazos das obriga\u00e7\u00f5es da\u2026","rel":"","context":"In &quot;Atualidade&quot;","block_context":{"text":"Atualidade","link":"https:\/\/correiodasemana.com\/site\/category\/atualidade\/"},"img":{"alt_text":"","src":"https:\/\/i0.wp.com\/correiodasemana.com\/site\/wp-content\/uploads\/2021\/01\/declaracao-MEI.jpg?resize=350%2C200&ssl=1","width":350,"height":200,"srcset":"https:\/\/i0.wp.com\/correiodasemana.com\/site\/wp-content\/uploads\/2021\/01\/declaracao-MEI.jpg?resize=350%2C200&ssl=1 1x, https:\/\/i0.wp.com\/correiodasemana.com\/site\/wp-content\/uploads\/2021\/01\/declaracao-MEI.jpg?resize=525%2C300&ssl=1 1.5x"},"classes":[]},{"id":12108,"url":"https:\/\/correiodasemana.com\/site\/dignidade-auxilio-emergencial-ajuda-familias-do-nordeste-a-encarar-pandemia\/","url_meta":{"origin":13464,"position":1},"title":"Dignidade: Aux\u00edlio Emergencial ajuda fam\u00edlias do Nordeste a encarar pandemia","author":"","date":"Julho 22, 2020","format":false,"excerpt":"A pandemia do novo coronav\u00edrus mudou a vida dos brasileiros. A rotina de trabalho, a ida ao supermercado e at\u00e9 o contato com as pessoas mais pr\u00f3ximas, familiares ou amigos, deixou de ser como era antes desde a ado\u00e7\u00e3o do isolamento social. O maior problema \u00e9 para quem perdeu o\u2026","rel":"","context":"In &quot;Atualidade&quot;","block_context":{"text":"Atualidade","link":"https:\/\/correiodasemana.com\/site\/category\/atualidade\/"},"img":{"alt_text":"","src":"https:\/\/i0.wp.com\/correiodasemana.com\/site\/wp-content\/uploads\/2020\/07\/ae_ebc.jpg?resize=350%2C200&ssl=1","width":350,"height":200,"srcset":"https:\/\/i0.wp.com\/correiodasemana.com\/site\/wp-content\/uploads\/2020\/07\/ae_ebc.jpg?resize=350%2C200&ssl=1 1x, https:\/\/i0.wp.com\/correiodasemana.com\/site\/wp-content\/uploads\/2020\/07\/ae_ebc.jpg?resize=525%2C300&ssl=1 1.5x, https:\/\/i0.wp.com\/correiodasemana.com\/site\/wp-content\/uploads\/2020\/07\/ae_ebc.jpg?resize=700%2C400&ssl=1 2x"},"classes":[]},{"id":13315,"url":"https:\/\/correiodasemana.com\/site\/governo-prorroga-auxilio-emergencial-de-r-300-ate-o-fim-do-ano\/","url_meta":{"origin":13464,"position":2},"title":"Governo prorroga aux\u00edlio emergencial de R$ 300 at\u00e9 o fim do ano","author":"","date":"Setembro 1, 2020","format":false,"excerpt":"An\u00fancio foi feito pelo presidente Jair Bolsonaro O presidente Jair Bolsonaro anunciou hoje (1\u00ba) que o aux\u00edlio emergencial ser\u00e1 prorrogado em mais quatro parcelas de R$ 300. Ele se reuniu na manh\u00e3 desta ter\u00e7a-feira (1\u00ba) com ministros e parlamentares da base do governo, no Pal\u00e1cio da Alvorada, para alinhar as\u2026","rel":"","context":"In &quot;Atualidade&quot;","block_context":{"text":"Atualidade","link":"https:\/\/correiodasemana.com\/site\/category\/atualidade\/"},"img":{"alt_text":"","src":"https:\/\/i0.wp.com\/correiodasemana.com\/site\/wp-content\/uploads\/2020\/09\/50293821921_746fa87a92_o.jpg?resize=350%2C200&ssl=1","width":350,"height":200,"srcset":"https:\/\/i0.wp.com\/correiodasemana.com\/site\/wp-content\/uploads\/2020\/09\/50293821921_746fa87a92_o.jpg?resize=350%2C200&ssl=1 1x, https:\/\/i0.wp.com\/correiodasemana.com\/site\/wp-content\/uploads\/2020\/09\/50293821921_746fa87a92_o.jpg?resize=525%2C300&ssl=1 1.5x, https:\/\/i0.wp.com\/correiodasemana.com\/site\/wp-content\/uploads\/2020\/09\/50293821921_746fa87a92_o.jpg?resize=700%2C400&ssl=1 2x, https:\/\/i0.wp.com\/correiodasemana.com\/site\/wp-content\/uploads\/2020\/09\/50293821921_746fa87a92_o.jpg?resize=1050%2C600&ssl=1 3x"},"classes":[]},{"id":26767,"url":"https:\/\/correiodasemana.com\/site\/em-2021-brasil-tinha-132-milhoes-de-microempreendedores-individuais-meis\/","url_meta":{"origin":13464,"position":3},"title":"Em 2021, Brasil tinha 13,2 milh\u00f5es de microempreendedores individuais (MEIs)","author":"adminredacao","date":"Outubro 9, 2023","format":false,"excerpt":"DESTAQUES desse\u00a0levantamento do IBGE para o Cear\u00e1: Em 2021, a propor\u00e7\u00e3o de microempreendedores individuais (MEIs) no estado do Cear\u00e1, no total das pessoas ocupadas, era 18,7%. O Estado tinha 403,7 mil pessoas microempreendedores individuais. 43,0% dos MEIs do Estado estavam na atividade de Servi\u00e7os e 41,4% na atividade de Constru\u00e7\u00e3o.\u2026","rel":"","context":"In &quot;Atualidade&quot;","block_context":{"text":"Atualidade","link":"https:\/\/correiodasemana.com\/site\/category\/atualidade\/"},"img":{"alt_text":"","src":"https:\/\/i0.wp.com\/correiodasemana.com\/site\/wp-content\/uploads\/2023\/10\/Cadastro-MEI_HOME_LiciaRubinstein.jpg?resize=350%2C200&ssl=1","width":350,"height":200,"srcset":"https:\/\/i0.wp.com\/correiodasemana.com\/site\/wp-content\/uploads\/2023\/10\/Cadastro-MEI_HOME_LiciaRubinstein.jpg?resize=350%2C200&ssl=1 1x, https:\/\/i0.wp.com\/correiodasemana.com\/site\/wp-content\/uploads\/2023\/10\/Cadastro-MEI_HOME_LiciaRubinstein.jpg?resize=525%2C300&ssl=1 1.5x, https:\/\/i0.wp.com\/correiodasemana.com\/site\/wp-content\/uploads\/2023\/10\/Cadastro-MEI_HOME_LiciaRubinstein.jpg?resize=700%2C400&ssl=1 2x"},"classes":[]},{"id":12882,"url":"https:\/\/correiodasemana.com\/site\/auxilio-emergencial-impede-que-235-milhoes-caiam-na-pobreza\/","url_meta":{"origin":13464,"position":4},"title":"Aux\u00edlio emergencial impede que 23,5 milh\u00f5es caiam na pobreza","author":"","date":"Agosto 17, 2020","format":false,"excerpt":"Estudo mostra tamb\u00e9m que medidas do governo levam \u00e0 redu\u00e7\u00e3o tempor\u00e1ria da desigualdade Sem o aux\u00edlio emergencial, 63,1 milh\u00f5es de brasileiros teriam renda per capta inferior a R$ 348,33. Ganhar menos de \u2153 do sal\u00e1rio m\u00ednimo \u00e9 o crit\u00e9rio usado para determinar a pobreza no pa\u00eds. Com o benef\u00edcio, 23,5\u2026","rel":"","context":"In &quot;Atualidade&quot;","block_context":{"text":"Atualidade","link":"https:\/\/correiodasemana.com\/site\/category\/atualidade\/"},"img":{"alt_text":"","src":"https:\/\/i0.wp.com\/correiodasemana.com\/site\/wp-content\/uploads\/2020\/08\/CEF-AuxilioEmergencial-60000-Covid19-Coronavirus-2-868x644-1.jpg?resize=350%2C200&ssl=1","width":350,"height":200,"srcset":"https:\/\/i0.wp.com\/correiodasemana.com\/site\/wp-content\/uploads\/2020\/08\/CEF-AuxilioEmergencial-60000-Covid19-Coronavirus-2-868x644-1.jpg?resize=350%2C200&ssl=1 1x, https:\/\/i0.wp.com\/correiodasemana.com\/site\/wp-content\/uploads\/2020\/08\/CEF-AuxilioEmergencial-60000-Covid19-Coronavirus-2-868x644-1.jpg?resize=525%2C300&ssl=1 1.5x, https:\/\/i0.wp.com\/correiodasemana.com\/site\/wp-content\/uploads\/2020\/08\/CEF-AuxilioEmergencial-60000-Covid19-Coronavirus-2-868x644-1.jpg?resize=700%2C400&ssl=1 2x"},"classes":[]},{"id":18484,"url":"https:\/\/correiodasemana.com\/site\/contribuicao-do-mei-subira-para-r-6060-em-fevereiro\/","url_meta":{"origin":13464,"position":5},"title":"Contribui\u00e7\u00e3o do MEI subir\u00e1 para R$ 60,60 em fevereiro","author":"","date":"Janeiro 9, 2022","format":false,"excerpt":"Pagamento maior segue aumento do sal\u00e1rio m\u00ednimo A partir de fevereiro, os cerca de 13 milh\u00f5es de microempreendedores individuais (MEI) registrados no pa\u00eds pagar\u00e3o R$ 60,60 para contribu\u00edrem com a Previd\u00eancia Social. O aumento, de 10,18%, segue o reajuste do sal\u00e1rio m\u00ednimo, que passou de R$ 1,1 mil para R$\u2026","rel":"","context":"In &quot;Atualidade&quot;","block_context":{"text":"Atualidade","link":"https:\/\/correiodasemana.com\/site\/category\/atualidade\/"},"img":{"alt_text":"","src":"https:\/\/i0.wp.com\/correiodasemana.com\/site\/wp-content\/uploads\/2022\/01\/MEI-1.jpg?resize=350%2C200&ssl=1","width":350,"height":200,"srcset":"https:\/\/i0.wp.com\/correiodasemana.com\/site\/wp-content\/uploads\/2022\/01\/MEI-1.jpg?resize=350%2C200&ssl=1 1x, https:\/\/i0.wp.com\/correiodasemana.com\/site\/wp-content\/uploads\/2022\/01\/MEI-1.jpg?resize=525%2C300&ssl=1 1.5x, https:\/\/i0.wp.com\/correiodasemana.com\/site\/wp-content\/uploads\/2022\/01\/MEI-1.jpg?resize=700%2C400&ssl=1 2x, https:\/\/i0.wp.com\/correiodasemana.com\/site\/wp-content\/uploads\/2022\/01\/MEI-1.jpg?resize=1050%2C600&ssl=1 3x"},"classes":[]}],"jetpack_sharing_enabled":true,"_links":{"self":[{"href":"https:\/\/correiodasemana.com\/site\/wp-json\/wp\/v2\/posts\/13464","targetHints":{"allow":["GET"]}}],"collection":[{"href":"https:\/\/correiodasemana.com\/site\/wp-json\/wp\/v2\/posts"}],"about":[{"href":"https:\/\/correiodasemana.com\/site\/wp-json\/wp\/v2\/types\/post"}],"author":[{"embeddable":true,"href":"https:\/\/correiodasemana.com\/site\/wp-json\/wp\/v2\/users\/1"}],"replies":[{"embeddable":true,"href":"https:\/\/correiodasemana.com\/site\/wp-json\/wp\/v2\/comments?post=13464"}],"version-history":[{"count":2,"href":"https:\/\/correiodasemana.com\/site\/wp-json\/wp\/v2\/posts\/13464\/revisions"}],"predecessor-version":[{"id":13467,"href":"https:\/\/correiodasemana.com\/site\/wp-json\/wp\/v2\/posts\/13464\/revisions\/13467"}],"wp:featuredmedia":[{"embeddable":true,"href":"https:\/\/correiodasemana.com\/site\/wp-json\/wp\/v2\/media\/13465"}],"wp:attachment":[{"href":"https:\/\/correiodasemana.com\/site\/wp-json\/wp\/v2\/media?parent=13464"}],"wp:term":[{"taxonomy":"category","embeddable":true,"href":"https:\/\/correiodasemana.com\/site\/wp-json\/wp\/v2\/categories?post=13464"},{"taxonomy":"post_tag","embeddable":true,"href":"https:\/\/correiodasemana.com\/site\/wp-json\/wp\/v2\/tags?post=13464"}],"curies":[{"name":"wp","href":"https:\/\/api.w.org\/{rel}","templated":true}]}}