{"id":13489,"date":"2020-09-14T15:42:18","date_gmt":"2020-09-14T18:42:18","guid":{"rendered":"https:\/\/correiodasemana.com\/site\/?p=13489"},"modified":"2020-09-14T15:42:18","modified_gmt":"2020-09-14T18:42:18","slug":"profissionais-da-santa-casa-de-misericordia-de-sobral-estimulam-danca-em-processo-de-parto-humanizado","status":"publish","type":"post","link":"https:\/\/correiodasemana.com\/site\/profissionais-da-santa-casa-de-misericordia-de-sobral-estimulam-danca-em-processo-de-parto-humanizado\/","title":{"rendered":"Profissionais da Santa Casa de Miseric\u00f3rdia de Sobral estimulam dan\u00e7a em processo de parto humanizado"},"content":{"rendered":"<p>Sendo refer\u00eancia em gesta\u00e7\u00f5es de alto risco para Sobral e outros 54 munic\u00edpios da regi\u00e3o norte do estado do Cear\u00e1, a Maternidade Sant\u2019Ana\u00a0 da Santa Casa de Miseric\u00f3rdia de Sobral (SCMS) realiza cerca de 500 partos por m\u00eas. Para incentivar o parto normal e respeitar a hora de parir, momento \u00fanico e exclusivo da mulher, profissionais do Servi\u00e7o utilizam v\u00e1rias t\u00e9cnicas e m\u00e9todos n\u00e3o farmacol\u00f3gicos que aliviam a dor. Foi o que aconteceu no domingo (06\/09), quando a dan\u00e7a fez a diferen\u00e7a na hora do parto de Luana Nunes de Melo, 23, natural de Hidrol\u00e2ndia.<\/p>\n<p>A Santa Casa disp\u00f5e de um Centro de Parto Normal (CPN), que conta com cinco quartos PPP (pr\u00e9-parto, parto e p\u00f3s-parto) equipados com ber\u00e7os, camas de parto, bola de pilates, cavalinho obst\u00e9trico, cadeira de parto vertical, cadeira de acompanhante e material de atendimento ao rec\u00e9m-nascido, facilitando a realiza\u00e7\u00e3o de um parto humanizado.<\/p>\n<p><em>\u201cO parto \u00e9 um momento \u00fanico e deve ser vivenciado da melhor forma. Proporcionar \u00e0 mulher m\u00e9todos n\u00e3o farmacol\u00f3gicos \u00e9 um ferramenta que estimula a autonomia e protagonismo da gestante. Al\u00e9m de aliviar a dor, contribui para evolu\u00e7\u00e3o do parto e nos aproxima mais de uma assist\u00eancia humanizada. A dan\u00e7a durante o trabalho de parto s\u00f3 proporciona benef\u00edcios e o g\u00eanero da m\u00fasica n\u00e3o interfere: animada ou relaxante, o importante \u00e9 ser agrad\u00e1vel para a paciente\u201d.<\/em>\u00a0ressalta o t\u00e9cnico de enfermagem Daniel Rodrigues, que junto com as t\u00e9cnicas Crislane de Maria e Gleicieli Oliveira, \u00a0e toda equipe assistencial, participaram do momento com Luana.<\/p>\n<p>Para Luana Nunes, foi um momento relaxante e \u00fanico:\u00a0<em>&#8220;Nunca imaginei que a dan\u00e7a pudesse me ajudar tanto no trabalho de parto. O acolhimento dos profissionais, assim como o incentivo a praticarmos a dan\u00e7a, respeitou o meu momento e tranquilizou meu corpo para o parto normal. De cinco cent\u00edmetros de dilata\u00e7\u00e3o, logo chegou a oito, e as contra\u00e7\u00f5es foram aumentando. Um atendimento pr\u00e1tico e humano\u201d<\/em>, lembra.<\/p>\n<p>Santa Casa de Miseric\u00f3rdia de Sobral<\/p>\n<p>Assessoria de Comunica\u00e7\u00e3o<\/p>\n<p><strong>Thais Menezes\/ Henrique Brito\/ Domingos Jr.<\/strong><\/p>\n","protected":false},"excerpt":{"rendered":"<p>Sendo refer\u00eancia em gesta\u00e7\u00f5es de alto risco para Sobral e outros 54 munic\u00edpios da regi\u00e3o&#8230;<\/p>\n","protected":false},"author":1,"featured_media":13490,"comment_status":"open","ping_status":"open","sticky":false,"template":"","format":"standard","meta":{"_jetpack_memberships_contains_paid_content":false,"footnotes":"","jetpack_publicize_message":"","jetpack_publicize_feature_enabled":true,"jetpack_social_post_already_shared":true,"jetpack_social_options":{"image_generator_settings":{"template":"highway","default_image_id":0,"font":"","enabled":false},"version":2}},"categories":[1],"tags":[],"class_list":["post-13489","post","type-post","status-publish","format-standard","has-post-thumbnail","hentry","category-atualidade"],"jetpack_publicize_connections":[],"jetpack_featured_media_url":"https:\/\/correiodasemana.com\/site\/wp-content\/uploads\/2020\/09\/Danca-parto-1.jpeg","jetpack-related-posts":[{"id":15272,"url":"https:\/\/correiodasemana.com\/site\/primeira-bebe-a-nascer-de-parto-normal-na-santa-casa-de-misericordia-de-sobral-em-2021-ganha-lembrancas-com-impressoes-de-plantares-e-placenta\/","url_meta":{"origin":13489,"position":0},"title":"Primeira beb\u00ea a nascer de parto normal na Santa Casa de Miseric\u00f3rdia de Sobral em 2021 ganha lembran\u00e7as com impress\u00f5es de plantares e placenta","author":"","date":"Janeiro 5, 2021","format":false,"excerpt":"Durante as 40 semanas de gesta\u00e7\u00e3o, a expectativa e sonho por um parto normal fazia parte do cotidiano da sobralense Fernanda Alves Ferreira, 27. Seu sonho tornou-se realidade na sexta-feira (01\/01) quando \u00e0s 13h03, Hadassa Yon\u00e1 chegou ao mundo na Maternidade Sant\u2019Ana da Santa Casa de Miseric\u00f3rdia de Sobral (SCMS).\u2026","rel":"","context":"In &quot;Atualidade&quot;","block_context":{"text":"Atualidade","link":"https:\/\/correiodasemana.com\/site\/category\/atualidade\/"},"img":{"alt_text":"","src":"https:\/\/i0.wp.com\/correiodasemana.com\/site\/wp-content\/uploads\/2021\/01\/1%C2%B0-Parto-2021.jpeg?resize=350%2C200&ssl=1","width":350,"height":200,"srcset":"https:\/\/i0.wp.com\/correiodasemana.com\/site\/wp-content\/uploads\/2021\/01\/1%C2%B0-Parto-2021.jpeg?resize=350%2C200&ssl=1 1x, https:\/\/i0.wp.com\/correiodasemana.com\/site\/wp-content\/uploads\/2021\/01\/1%C2%B0-Parto-2021.jpeg?resize=525%2C300&ssl=1 1.5x, https:\/\/i0.wp.com\/correiodasemana.com\/site\/wp-content\/uploads\/2021\/01\/1%C2%B0-Parto-2021.jpeg?resize=700%2C400&ssl=1 2x, https:\/\/i0.wp.com\/correiodasemana.com\/site\/wp-content\/uploads\/2021\/01\/1%C2%B0-Parto-2021.jpeg?resize=1050%2C600&ssl=1 3x"},"classes":[]},{"id":9891,"url":"https:\/\/correiodasemana.com\/site\/profissionais-do-servico-de-maternidade-da-santa-casa-de-misericordia-de-sobral-participam-de-capacitacao-sobre-emergencias-obstetricas\/","url_meta":{"origin":13489,"position":1},"title":"Profissionais do servi\u00e7o de Maternidade da Santa Casa de Miseric\u00f3rdia de Sobral participam de capacita\u00e7\u00e3o sobre emerg\u00eancias obst\u00e9tricas","author":"","date":"Novembro 18, 2019","format":false,"excerpt":"A Santa Casa de Miseric\u00f3rdia de Sobral (SCMS), por meio do Departamento de Ensino, Pesquisa e Extens\u00e3o (DEPE) realizou, nos dias 9 e 10 de novembro, a primeira edi\u00e7\u00e3o do curso Advanced Life Support in Obstetricis (ALSO) \u2013 Suporte Avan\u00e7ado de Vida em Obstetr\u00edcia. O treinamento teve como objetivo capacitar\u2026","rel":"","context":"In &quot;Atualidade&quot;","block_context":{"text":"Atualidade","link":"https:\/\/correiodasemana.com\/site\/category\/atualidade\/"},"img":{"alt_text":"","src":"https:\/\/i0.wp.com\/correiodasemana.com\/site\/wp-content\/uploads\/2019\/11\/1-3.jpg?resize=350%2C200&ssl=1","width":350,"height":200,"srcset":"https:\/\/i0.wp.com\/correiodasemana.com\/site\/wp-content\/uploads\/2019\/11\/1-3.jpg?resize=350%2C200&ssl=1 1x, https:\/\/i0.wp.com\/correiodasemana.com\/site\/wp-content\/uploads\/2019\/11\/1-3.jpg?resize=525%2C300&ssl=1 1.5x, https:\/\/i0.wp.com\/correiodasemana.com\/site\/wp-content\/uploads\/2019\/11\/1-3.jpg?resize=700%2C400&ssl=1 2x, https:\/\/i0.wp.com\/correiodasemana.com\/site\/wp-content\/uploads\/2019\/11\/1-3.jpg?resize=1050%2C600&ssl=1 3x"},"classes":[]},{"id":10375,"url":"https:\/\/correiodasemana.com\/site\/primeiro-bebe-do-ano-nascido-na-santa-casa-de-misericordia-de-sobral-e-homem\/","url_meta":{"origin":13489,"position":2},"title":"Primeiro beb\u00ea do ano nascido na Santa Casa de Miseric\u00f3rdia de Sobral \u00e9 homem\u00a0","author":"","date":"Janeiro 5, 2020","format":false,"excerpt":"O pequeno Bruno Henrique esperou o rel\u00f3gio marcar a chegada do novo ano para manifestar sua vontade de vir ao mundo. A dona de casa Camila Costa, 24, estava em casa quando pouco depois de meia noite come\u00e7ou a sentir as dores que alertavam sobre o momento mais aguardado dos\u2026","rel":"","context":"In &quot;Santa Casa&quot;","block_context":{"text":"Santa Casa","link":"https:\/\/correiodasemana.com\/site\/category\/santa-casa\/"},"img":{"alt_text":"","src":"https:\/\/i0.wp.com\/correiodasemana.com\/site\/wp-content\/uploads\/2020\/01\/IMG_9101-1024x691-1.jpg?resize=350%2C200&ssl=1","width":350,"height":200,"srcset":"https:\/\/i0.wp.com\/correiodasemana.com\/site\/wp-content\/uploads\/2020\/01\/IMG_9101-1024x691-1.jpg?resize=350%2C200&ssl=1 1x, https:\/\/i0.wp.com\/correiodasemana.com\/site\/wp-content\/uploads\/2020\/01\/IMG_9101-1024x691-1.jpg?resize=525%2C300&ssl=1 1.5x"},"classes":[]},{"id":17186,"url":"https:\/\/correiodasemana.com\/site\/santa-casa-de-sobral-realiza-roda-de-conversa-sobre-amamentacao-com-profissionais-e-maes-de-recem-nascidos\/","url_meta":{"origin":13489,"position":3},"title":"Santa Casa de Sobral realiza roda de conversa sobre amamenta\u00e7\u00e3o com profissionais e m\u00e3es de rec\u00e9m-nascidos","author":"","date":"Agosto 9, 2021","format":false,"excerpt":"Durante as a\u00e7\u00f5es, profissionais e gestantes receberam orienta\u00e7\u00f5es sobre amamenta\u00e7\u00e3o, vantagens e benef\u00edcios para m\u00e3es e beb\u00eas. Ascom Complexo SCMS Com o objetivo de informar e esclarecer d\u00favidas sobre amamenta\u00e7\u00e3o, a Santa Casa de Miseric\u00f3rdia de Sobral (SCMS) realizou na quarta-feira (04\/08) rodas de conversas com colaboradores da equipe multiprofissional\u2026","rel":"","context":"In &quot;Atualidade&quot;","block_context":{"text":"Atualidade","link":"https:\/\/correiodasemana.com\/site\/category\/atualidade\/"},"img":{"alt_text":"","src":"https:\/\/i0.wp.com\/correiodasemana.com\/site\/wp-content\/uploads\/2021\/08\/Foto-2_1.jpeg?resize=350%2C200&ssl=1","width":350,"height":200,"srcset":"https:\/\/i0.wp.com\/correiodasemana.com\/site\/wp-content\/uploads\/2021\/08\/Foto-2_1.jpeg?resize=350%2C200&ssl=1 1x, https:\/\/i0.wp.com\/correiodasemana.com\/site\/wp-content\/uploads\/2021\/08\/Foto-2_1.jpeg?resize=525%2C300&ssl=1 1.5x, https:\/\/i0.wp.com\/correiodasemana.com\/site\/wp-content\/uploads\/2021\/08\/Foto-2_1.jpeg?resize=700%2C400&ssl=1 2x"},"classes":[]},{"id":19023,"url":"https:\/\/correiodasemana.com\/site\/santa-casa-de-misericordia-de-sobral-realiza-primeiro-parto-cesareo-humanizado\/","url_meta":{"origin":13489,"position":4},"title":"Santa Casa de Miseric\u00f3rdia de Sobral realiza primeiro parto ces\u00e1reo humanizado","author":"","date":"Fevereiro 27, 2022","format":false,"excerpt":"O momento contou com a presen\u00e7a do pai da crian\u00e7a, playlist musical escolhida pela paciente, contato pele a pele e amamenta\u00e7\u00e3o. Ascom Complexo SCMS Muito tem se falado em humaniza\u00e7\u00e3o do parto, muito mais relacionada a experi\u00eancias positivas vivenciadas pela mulher durante o parto vaginal, mais conhecido como parto normal.\u2026","rel":"","context":"In &quot;Atualidade&quot;","block_context":{"text":"Atualidade","link":"https:\/\/correiodasemana.com\/site\/category\/atualidade\/"},"img":{"alt_text":"","src":"https:\/\/i0.wp.com\/correiodasemana.com\/site\/wp-content\/uploads\/2022\/02\/correio-da-semana-sta-casa-3.jpg?resize=350%2C200&ssl=1","width":350,"height":200,"srcset":"https:\/\/i0.wp.com\/correiodasemana.com\/site\/wp-content\/uploads\/2022\/02\/correio-da-semana-sta-casa-3.jpg?resize=350%2C200&ssl=1 1x, https:\/\/i0.wp.com\/correiodasemana.com\/site\/wp-content\/uploads\/2022\/02\/correio-da-semana-sta-casa-3.jpg?resize=525%2C300&ssl=1 1.5x, https:\/\/i0.wp.com\/correiodasemana.com\/site\/wp-content\/uploads\/2022\/02\/correio-da-semana-sta-casa-3.jpg?resize=700%2C400&ssl=1 2x"},"classes":[]},{"id":20188,"url":"https:\/\/correiodasemana.com\/site\/em-parto-humanizado-ipuense-agradece-assistencia-de-qualidade-ofertada-por-equipe-multiprofissional-da-santa-casa-de-sobral\/","url_meta":{"origin":13489,"position":5},"title":"Em parto humanizado, ipuense agradece assist\u00eancia de qualidade ofertada por equipe multiprofissional da Santa Casa de Sobral","author":"","date":"Junho 19, 2022","format":false,"excerpt":"Ascom Complexo SCMS \u201cMeu sonho sempre foi ter parto normal e humanizado e poder viver essa experi\u00eancia sem traumas. E eu nunca imaginei que eu fosse viver isso, mas realmente aconteceu na Santa Casa de Sobral. Eu fui t\u00e3o bem cuidada, amparada e compreendida\u201d, relata a ipuense Analisa Amanda Teodosio,\u2026","rel":"","context":"In &quot;Atualidade&quot;","block_context":{"text":"Atualidade","link":"https:\/\/correiodasemana.com\/site\/category\/atualidade\/"},"img":{"alt_text":"","src":"https:\/\/i0.wp.com\/correiodasemana.com\/site\/wp-content\/uploads\/2022\/06\/Foto-1-scaled.jpg?resize=350%2C200&ssl=1","width":350,"height":200,"srcset":"https:\/\/i0.wp.com\/correiodasemana.com\/site\/wp-content\/uploads\/2022\/06\/Foto-1-scaled.jpg?resize=350%2C200&ssl=1 1x, https:\/\/i0.wp.com\/correiodasemana.com\/site\/wp-content\/uploads\/2022\/06\/Foto-1-scaled.jpg?resize=525%2C300&ssl=1 1.5x, https:\/\/i0.wp.com\/correiodasemana.com\/site\/wp-content\/uploads\/2022\/06\/Foto-1-scaled.jpg?resize=700%2C400&ssl=1 2x, https:\/\/i0.wp.com\/correiodasemana.com\/site\/wp-content\/uploads\/2022\/06\/Foto-1-scaled.jpg?resize=1050%2C600&ssl=1 3x, https:\/\/i0.wp.com\/correiodasemana.com\/site\/wp-content\/uploads\/2022\/06\/Foto-1-scaled.jpg?resize=1400%2C800&ssl=1 4x"},"classes":[]}],"jetpack_sharing_enabled":true,"_links":{"self":[{"href":"https:\/\/correiodasemana.com\/site\/wp-json\/wp\/v2\/posts\/13489","targetHints":{"allow":["GET"]}}],"collection":[{"href":"https:\/\/correiodasemana.com\/site\/wp-json\/wp\/v2\/posts"}],"about":[{"href":"https:\/\/correiodasemana.com\/site\/wp-json\/wp\/v2\/types\/post"}],"author":[{"embeddable":true,"href":"https:\/\/correiodasemana.com\/site\/wp-json\/wp\/v2\/users\/1"}],"replies":[{"embeddable":true,"href":"https:\/\/correiodasemana.com\/site\/wp-json\/wp\/v2\/comments?post=13489"}],"version-history":[{"count":2,"href":"https:\/\/correiodasemana.com\/site\/wp-json\/wp\/v2\/posts\/13489\/revisions"}],"predecessor-version":[{"id":13492,"href":"https:\/\/correiodasemana.com\/site\/wp-json\/wp\/v2\/posts\/13489\/revisions\/13492"}],"wp:featuredmedia":[{"embeddable":true,"href":"https:\/\/correiodasemana.com\/site\/wp-json\/wp\/v2\/media\/13490"}],"wp:attachment":[{"href":"https:\/\/correiodasemana.com\/site\/wp-json\/wp\/v2\/media?parent=13489"}],"wp:term":[{"taxonomy":"category","embeddable":true,"href":"https:\/\/correiodasemana.com\/site\/wp-json\/wp\/v2\/categories?post=13489"},{"taxonomy":"post_tag","embeddable":true,"href":"https:\/\/correiodasemana.com\/site\/wp-json\/wp\/v2\/tags?post=13489"}],"curies":[{"name":"wp","href":"https:\/\/api.w.org\/{rel}","templated":true}]}}