{"id":13525,"date":"2020-09-15T01:10:41","date_gmt":"2020-09-15T04:10:41","guid":{"rendered":"https:\/\/correiodasemana.com\/site\/?p=13525"},"modified":"2020-09-15T01:10:41","modified_gmt":"2020-09-15T04:10:41","slug":"apenas-segurados-agendados-serao-atendidos-nas-agencias-do-inss-2","status":"publish","type":"post","link":"https:\/\/correiodasemana.com\/site\/apenas-segurados-agendados-serao-atendidos-nas-agencias-do-inss-2\/","title":{"rendered":"Apenas segurados agendados ser\u00e3o atendidos nas ag\u00eancias do INSS"},"content":{"rendered":"<p><strong>A reabertura das ag\u00eancias est\u00e1 prevista para a pr\u00f3xima segunda-feira<\/strong><\/p>\n<p>As ag\u00eancias do Instituto Nacional do Seguro Social (INSS) v\u00e3o reabrir na pr\u00f3xima segunda-feira (14), mas o atendimento ser\u00e1 exclusivo para quem fizer agendamento. Para marcar hora, o segurado deve acessar o\u00a0site\u00a0Meu INSS\u00a0e aplicativo ou ligar no 135.<br \/>\nSegundo o INSS, estar\u00e3o dispon\u00edveis para atendimento presencial os servi\u00e7os de per\u00edcia m\u00e9dica, avalia\u00e7\u00e3o social, cumprimento de exig\u00eancia, justifica\u00e7\u00e3o administrativa e reabilita\u00e7\u00e3o profissional.<br \/>\nO instituto ressalta que os segurados sem agendamento n\u00e3o ser\u00e3o atendidos, para evitar aglomera\u00e7\u00f5es dentro e fora das ag\u00eancias, de acordo com orienta\u00e7\u00f5es do Minist\u00e9rio da Sa\u00fade.<br \/>\nEm agosto, a Secretaria Especial de Previd\u00eancia e Trabalho do Minist\u00e9rio da Economia e do INSS informaram a nova data de retorno ao atendimento presencial &#8211; 14 de setembro.<br \/>\nO atendimento exclusivo por meio de canais remotos segue at\u00e9 amanh\u00e3 (11). E mesmo com a abertura das ag\u00eancias, o atendimento remoto continuar\u00e1 a ser oferecido.<br \/>\nSegundo o INSS, a reabertura ser\u00e1 gradual e considerar\u00e1 as especificidades de cada uma das Ag\u00eancias da Previd\u00eancia Social no pa\u00eds. Cada unidade dever\u00e1 avaliar o perfil do quadro de servidores e contratados, o volume de atendimentos realizados, a organiza\u00e7\u00e3o do espa\u00e7o f\u00edsico, as medidas de limpeza e os equipamentos de prote\u00e7\u00e3o individual e coletiva.<br \/>\nPor Kelly Oliveira \u2013 Rep\u00f3rter da Ag\u00eancia Brasil &#8211; Bras\u00edlia<\/p>\n","protected":false},"excerpt":{"rendered":"<p>A reabertura das ag\u00eancias est\u00e1 prevista para a pr\u00f3xima segunda-feira As ag\u00eancias do Instituto Nacional&#8230;<\/p>\n","protected":false},"author":1,"featured_media":13001,"comment_status":"open","ping_status":"open","sticky":false,"template":"","format":"standard","meta":{"_jetpack_memberships_contains_paid_content":false,"footnotes":"","jetpack_publicize_message":"","jetpack_publicize_feature_enabled":true,"jetpack_social_post_already_shared":true,"jetpack_social_options":{"image_generator_settings":{"template":"highway","default_image_id":0,"font":"","enabled":false},"version":2}},"categories":[1],"tags":[],"class_list":["post-13525","post","type-post","status-publish","format-standard","has-post-thumbnail","hentry","category-atualidade"],"jetpack_publicize_connections":[],"jetpack_featured_media_url":"https:\/\/correiodasemana.com\/site\/wp-content\/uploads\/2020\/08\/INSS-PREDIO.jpg","jetpack-related-posts":[{"id":13451,"url":"https:\/\/correiodasemana.com\/site\/apenas-segurados-agendados-serao-atendidos-nas-agencias-do-inss\/","url_meta":{"origin":13525,"position":0},"title":"Apenas segurados agendados ser\u00e3o atendidos nas ag\u00eancias do INSS","author":"","date":"Setembro 10, 2020","format":false,"excerpt":"A reabertura das ag\u00eancias est\u00e1 prevista para a pr\u00f3xima segunda-feira As ag\u00eancias do Instituto Nacional do Seguro Social (INSS) v\u00e3o reabrir na pr\u00f3xima segunda-feira (14), mas o atendimento ser\u00e1 exclusivo para quem fizer agendamento. Para marcar hora, o segurado deve acessar o\u00a0site\u00a0Meu INSS\u00a0e aplicativo ou ligar no 135. Segundo o\u2026","rel":"","context":"In &quot;Atualidade&quot;","block_context":{"text":"Atualidade","link":"https:\/\/correiodasemana.com\/site\/category\/atualidade\/"},"img":{"alt_text":"","src":"https:\/\/i0.wp.com\/correiodasemana.com\/site\/wp-content\/uploads\/2020\/09\/edit_previdencia_socialsantos_fc231082200890.jpg?resize=350%2C200&ssl=1","width":350,"height":200,"srcset":"https:\/\/i0.wp.com\/correiodasemana.com\/site\/wp-content\/uploads\/2020\/09\/edit_previdencia_socialsantos_fc231082200890.jpg?resize=350%2C200&ssl=1 1x, https:\/\/i0.wp.com\/correiodasemana.com\/site\/wp-content\/uploads\/2020\/09\/edit_previdencia_socialsantos_fc231082200890.jpg?resize=525%2C300&ssl=1 1.5x, https:\/\/i0.wp.com\/correiodasemana.com\/site\/wp-content\/uploads\/2020\/09\/edit_previdencia_socialsantos_fc231082200890.jpg?resize=700%2C400&ssl=1 2x, https:\/\/i0.wp.com\/correiodasemana.com\/site\/wp-content\/uploads\/2020\/09\/edit_previdencia_socialsantos_fc231082200890.jpg?resize=1050%2C600&ssl=1 3x"},"classes":[]},{"id":12359,"url":"https:\/\/correiodasemana.com\/site\/agencias-do-inss-e-adiada-para-24-de-agosto-reabertura-das\/","url_meta":{"origin":13525,"position":1},"title":"Reabertura das ag\u00eancias do INSS \u00e9 adiada para 24 de agosto","author":"","date":"Julho 29, 2020","format":false,"excerpt":"Retorno estava previsto para a pr\u00f3xima segunda-feira (3) O Instituto Nacional do Seguro Social (INSS) publicou hoje (29), no\u00a0Di\u00e1rio Oficial da Uni\u00e3o,\u00a0portaria que adia para o pr\u00f3ximo dia 24 a reabertura gradual de suas ag\u00eancias f\u00edsicas em todo o pa\u00eds, devido \u00e0 pandemia do novo coronav\u00edrus. A\u00a0Portaria 36\u00a0resulta de decis\u00e3o\u2026","rel":"","context":"In &quot;Atualidade&quot;","block_context":{"text":"Atualidade","link":"https:\/\/correiodasemana.com\/site\/category\/atualidade\/"},"img":{"alt_text":"","src":"https:\/\/i0.wp.com\/correiodasemana.com\/site\/wp-content\/uploads\/2020\/07\/966943-07072015-dsc_5170-2.jpg?resize=350%2C200&ssl=1","width":350,"height":200,"srcset":"https:\/\/i0.wp.com\/correiodasemana.com\/site\/wp-content\/uploads\/2020\/07\/966943-07072015-dsc_5170-2.jpg?resize=350%2C200&ssl=1 1x, https:\/\/i0.wp.com\/correiodasemana.com\/site\/wp-content\/uploads\/2020\/07\/966943-07072015-dsc_5170-2.jpg?resize=525%2C300&ssl=1 1.5x, https:\/\/i0.wp.com\/correiodasemana.com\/site\/wp-content\/uploads\/2020\/07\/966943-07072015-dsc_5170-2.jpg?resize=700%2C400&ssl=1 2x, https:\/\/i0.wp.com\/correiodasemana.com\/site\/wp-content\/uploads\/2020\/07\/966943-07072015-dsc_5170-2.jpg?resize=1050%2C600&ssl=1 3x"},"classes":[]},{"id":14307,"url":"https:\/\/correiodasemana.com\/site\/agencias-do-inss-funcionam-normalmente-nesta-quarta\/","url_meta":{"origin":13525,"position":2},"title":"Ag\u00eancias do INSS funcionam normalmente nesta quarta","author":"","date":"Outubro 28, 2020","format":false,"excerpt":"Com mudan\u00e7a de ponto facultativo, unidades n\u00e3o abrem na sexta Os segurados do Instituto Nacional do Seguro Social (INSS) poder\u00e3o ir normalmente \u00e0s ag\u00eancias nesta quarta-feira (28), dia do servidor p\u00fablico. O ponto facultativo previsto para hoje foi transferido para sexta-feira (30), quando as ag\u00eancias estar\u00e3o fechadas para atendimento. A\u2026","rel":"","context":"In &quot;Atualidade&quot;","block_context":{"text":"Atualidade","link":"https:\/\/correiodasemana.com\/site\/category\/atualidade\/"},"img":{"alt_text":"","src":"https:\/\/i0.wp.com\/correiodasemana.com\/site\/wp-content\/uploads\/2020\/10\/mc_previdencia_socialsantos_fc2108200888.jpg?resize=350%2C200&ssl=1","width":350,"height":200,"srcset":"https:\/\/i0.wp.com\/correiodasemana.com\/site\/wp-content\/uploads\/2020\/10\/mc_previdencia_socialsantos_fc2108200888.jpg?resize=350%2C200&ssl=1 1x, https:\/\/i0.wp.com\/correiodasemana.com\/site\/wp-content\/uploads\/2020\/10\/mc_previdencia_socialsantos_fc2108200888.jpg?resize=525%2C300&ssl=1 1.5x, https:\/\/i0.wp.com\/correiodasemana.com\/site\/wp-content\/uploads\/2020\/10\/mc_previdencia_socialsantos_fc2108200888.jpg?resize=700%2C400&ssl=1 2x, https:\/\/i0.wp.com\/correiodasemana.com\/site\/wp-content\/uploads\/2020\/10\/mc_previdencia_socialsantos_fc2108200888.jpg?resize=1050%2C600&ssl=1 3x"},"classes":[]},{"id":11732,"url":"https:\/\/correiodasemana.com\/site\/reabertura-das-agencias-do-inss-e-adiada-para-dia-3-de-agosto-medida-foi-publicada-hoje-no-diario-oficial-da-uniao\/","url_meta":{"origin":13525,"position":3},"title":"Reabertura das ag\u00eancias do INSS \u00e9 adiada para dia 3 de agosto  Medida foi publicada hoje no Di\u00e1rio Oficial da Uni\u00e3o","author":"","date":"Julho 12, 2020","format":false,"excerpt":"O atendimento presencial nas ag\u00eancias da Previd\u00eancia Social foi adiado para 3 de agosto. O adiamento est\u00e1 na Portaria Conjunta n\u00b0 27 da Secretaria Especial de Previd\u00eancia e Trabalho do Minist\u00e9rio da Economia e do Instituto Nacional do Seguro Social (INSS), publicada hoje (8), no\u00a0Di\u00e1rio Oficial da Uni\u00e3o. O atendimento\u2026","rel":"","context":"In &quot;Atualidade&quot;","block_context":{"text":"Atualidade","link":"https:\/\/correiodasemana.com\/site\/category\/atualidade\/"},"img":{"alt_text":"","src":"https:\/\/i0.wp.com\/correiodasemana.com\/site\/wp-content\/uploads\/2020\/07\/naom_5f0595a8af737.jpg?resize=350%2C200&ssl=1","width":350,"height":200,"srcset":"https:\/\/i0.wp.com\/correiodasemana.com\/site\/wp-content\/uploads\/2020\/07\/naom_5f0595a8af737.jpg?resize=350%2C200&ssl=1 1x, https:\/\/i0.wp.com\/correiodasemana.com\/site\/wp-content\/uploads\/2020\/07\/naom_5f0595a8af737.jpg?resize=525%2C300&ssl=1 1.5x, https:\/\/i0.wp.com\/correiodasemana.com\/site\/wp-content\/uploads\/2020\/07\/naom_5f0595a8af737.jpg?resize=700%2C400&ssl=1 2x, https:\/\/i0.wp.com\/correiodasemana.com\/site\/wp-content\/uploads\/2020\/07\/naom_5f0595a8af737.jpg?resize=1050%2C600&ssl=1 3x, https:\/\/i0.wp.com\/correiodasemana.com\/site\/wp-content\/uploads\/2020\/07\/naom_5f0595a8af737.jpg?resize=1400%2C800&ssl=1 4x"},"classes":[]},{"id":13471,"url":"https:\/\/correiodasemana.com\/site\/inss-retomam-atendimento-presencial-a-partir-de-hoje\/","url_meta":{"origin":13525,"position":4},"title":"INSS retomam atendimento presencial a partir de hoje","author":"","date":"Setembro 14, 2020","format":false,"excerpt":"Segurados devem agendar atendimento pela internet ou telefone As ag\u00eancias do Instituto Nacional do Seguro Social (INSS) retomam as atividades presenciais a partir de hoje (14) em todo o pa\u00eds. Nesta primeira fase de reabertura, somente os atendimentos agendados previamente ser\u00e3o realizados nas ag\u00eancias, incluindo, em alguns casos, a retomada\u2026","rel":"","context":"In &quot;Atualidade&quot;","block_context":{"text":"Atualidade","link":"https:\/\/correiodasemana.com\/site\/category\/atualidade\/"},"img":{"alt_text":"","src":"https:\/\/i0.wp.com\/correiodasemana.com\/site\/wp-content\/uploads\/2020\/09\/mc_previdencia_socialsantos_fc2108200888.jpg?resize=350%2C200&ssl=1","width":350,"height":200,"srcset":"https:\/\/i0.wp.com\/correiodasemana.com\/site\/wp-content\/uploads\/2020\/09\/mc_previdencia_socialsantos_fc2108200888.jpg?resize=350%2C200&ssl=1 1x, https:\/\/i0.wp.com\/correiodasemana.com\/site\/wp-content\/uploads\/2020\/09\/mc_previdencia_socialsantos_fc2108200888.jpg?resize=525%2C300&ssl=1 1.5x, https:\/\/i0.wp.com\/correiodasemana.com\/site\/wp-content\/uploads\/2020\/09\/mc_previdencia_socialsantos_fc2108200888.jpg?resize=700%2C400&ssl=1 2x, https:\/\/i0.wp.com\/correiodasemana.com\/site\/wp-content\/uploads\/2020\/09\/mc_previdencia_socialsantos_fc2108200888.jpg?resize=1050%2C600&ssl=1 3x"},"classes":[]},{"id":13673,"url":"https:\/\/correiodasemana.com\/site\/inss-agencias-retornam-em-fortaleza-mas-seguem-sem-servico-de-pericia-medica\/","url_meta":{"origin":13525,"position":5},"title":"INSS: ag\u00eancias retornam em Fortaleza, mas seguem sem servi\u00e7o de per\u00edcia m\u00e9dica","author":"","date":"Setembro 21, 2020","format":false,"excerpt":"Associa\u00e7\u00e3o dos m\u00e9dicos peritos informam que far\u00e3o uma nova vistoria nas unidades de Fortaleza para retorno dos atendimentos, mas INSS n\u00e3o confirma vistoria. Ap\u00f3s quatro ag\u00eancias do Instituto Nacional do Seguro Social (INSS) apresentarem\u00a0suspeita de casos de Covid-19\u00a0na \u00faltima sexta-feira (18) , as\u00a0cinco unidades de Fortaleza retornaram os atendimentos nesta\u2026","rel":"","context":"In &quot;Atualidade&quot;","block_context":{"text":"Atualidade","link":"https:\/\/correiodasemana.com\/site\/category\/atualidade\/"},"img":{"alt_text":"","src":"https:\/\/i0.wp.com\/correiodasemana.com\/site\/wp-content\/uploads\/2020\/09\/pericia-medica-inss.jpg?resize=350%2C200&ssl=1","width":350,"height":200},"classes":[]}],"jetpack_sharing_enabled":true,"_links":{"self":[{"href":"https:\/\/correiodasemana.com\/site\/wp-json\/wp\/v2\/posts\/13525","targetHints":{"allow":["GET"]}}],"collection":[{"href":"https:\/\/correiodasemana.com\/site\/wp-json\/wp\/v2\/posts"}],"about":[{"href":"https:\/\/correiodasemana.com\/site\/wp-json\/wp\/v2\/types\/post"}],"author":[{"embeddable":true,"href":"https:\/\/correiodasemana.com\/site\/wp-json\/wp\/v2\/users\/1"}],"replies":[{"embeddable":true,"href":"https:\/\/correiodasemana.com\/site\/wp-json\/wp\/v2\/comments?post=13525"}],"version-history":[{"count":1,"href":"https:\/\/correiodasemana.com\/site\/wp-json\/wp\/v2\/posts\/13525\/revisions"}],"predecessor-version":[{"id":13526,"href":"https:\/\/correiodasemana.com\/site\/wp-json\/wp\/v2\/posts\/13525\/revisions\/13526"}],"wp:featuredmedia":[{"embeddable":true,"href":"https:\/\/correiodasemana.com\/site\/wp-json\/wp\/v2\/media\/13001"}],"wp:attachment":[{"href":"https:\/\/correiodasemana.com\/site\/wp-json\/wp\/v2\/media?parent=13525"}],"wp:term":[{"taxonomy":"category","embeddable":true,"href":"https:\/\/correiodasemana.com\/site\/wp-json\/wp\/v2\/categories?post=13525"},{"taxonomy":"post_tag","embeddable":true,"href":"https:\/\/correiodasemana.com\/site\/wp-json\/wp\/v2\/tags?post=13525"}],"curies":[{"name":"wp","href":"https:\/\/api.w.org\/{rel}","templated":true}]}}