{"id":13559,"date":"2020-09-15T09:19:01","date_gmt":"2020-09-15T12:19:01","guid":{"rendered":"https:\/\/correiodasemana.com\/site\/?p=13559"},"modified":"2020-09-15T09:19:01","modified_gmt":"2020-09-15T12:19:01","slug":"bolsonaro-diz-que-nao-tera-tabelamento-para-frear-aumento-de-precos","status":"publish","type":"post","link":"https:\/\/correiodasemana.com\/site\/bolsonaro-diz-que-nao-tera-tabelamento-para-frear-aumento-de-precos\/","title":{"rendered":"Bolsonaro diz que n\u00e3o ter\u00e1 tabelamento para frear aumento de pre\u00e7os"},"content":{"rendered":"<p>As declara\u00e7\u00f5es foram feitas para apoiadores que esperavam o presidente em frente ao Pal\u00e1cio da Alvorada na noite desta segunda-feira, 14<\/p>\n<p>O presidente Jair Bolsonaro voltou a dizer que o governo federal n\u00e3o adotar\u00e1 o tabelamento para combater a alta de pre\u00e7os de produtos que tiveram aumento recente, como o arroz. Ele tamb\u00e9m destacou que n\u00e3o haver\u00e1 &#8220;caneta\u00e7o&#8221; ou diminui\u00e7\u00e3o de tarifas como em anos anteriores.<\/p>\n<p>&nbsp;<\/p>\n<p>As declara\u00e7\u00f5es foram feitas para apoiadores que esperavam o presidente em frente ao Pal\u00e1cio da Alvorada na noite desta segunda-feira, 14. &#8220;N\u00e3o vai haver tabelamento de nada, n\u00e3o vai haver caneta\u00e7o, diminui\u00e7\u00e3o de tarifa na m\u00e3o grande, como foi feito no passado&#8221;, respondeu a um apoiador que pediu a diminui\u00e7\u00e3o do pre\u00e7o da gasolina. &#8220;Obviamente temos a preocupa\u00e7\u00e3o de combater poss\u00edveis excessos, mas ningu\u00e9m vai tabelar nada e nem interferir no mercado. Isso j\u00e1 foi testado no passado, j\u00e1 foi feito no passado e n\u00e3o deu certo&#8221;, disse.<\/p>\n<p>O presidente atribui o alta no pre\u00e7o do arroz ao aumento do consumo. &#8220;Houve um excesso de recursos no mercado, quase R$ 50 bi por m\u00eas, muito papel na pra\u00e7a, vem infla\u00e7\u00e3o. Aumentou um pouco o consumo. Agora n\u00e3o tem que ningu\u00e9m se apavorar, querer fazer reserva de mantimento em casa da\u00ed piora a situa\u00e7\u00e3o&#8221;, disse.<\/p>\n<p>Bolsonaro afirmou ainda que o governo tem tomado as a\u00e7\u00f5es necess\u00e1rias para que o pre\u00e7o volte a m\u00e9dia normal. &#8220;Agora n\u00f3s estamos tomando as provid\u00eancias necess\u00e1rias para voltar \u00e0 normalidade. Abrimos a importa\u00e7\u00e3o de 400 mil toneladas de arroz dos Estados Unidos, e a gente espera que a situa\u00e7\u00e3o se normalize o mais r\u00e1pido poss\u00edvel a\u00ed&#8221;, declarou o presidente.<\/p>\n<p>Fonte: Site Economia ao Minuto<\/p>\n","protected":false},"excerpt":{"rendered":"<p>As declara\u00e7\u00f5es foram feitas para apoiadores que esperavam o presidente em frente ao Pal\u00e1cio da&#8230;<\/p>\n","protected":false},"author":1,"featured_media":13560,"comment_status":"open","ping_status":"open","sticky":false,"template":"","format":"standard","meta":{"_jetpack_memberships_contains_paid_content":false,"footnotes":"","jetpack_publicize_message":"","jetpack_publicize_feature_enabled":true,"jetpack_social_post_already_shared":true,"jetpack_social_options":{"image_generator_settings":{"template":"highway","default_image_id":0,"font":"","enabled":false},"version":2}},"categories":[1],"tags":[],"class_list":["post-13559","post","type-post","status-publish","format-standard","has-post-thumbnail","hentry","category-atualidade"],"jetpack_publicize_connections":[],"jetpack_featured_media_url":"https:\/\/correiodasemana.com\/site\/wp-content\/uploads\/2020\/09\/naom_5f60a0d3e4c17.jpg","jetpack-related-posts":[{"id":14286,"url":"https:\/\/correiodasemana.com\/site\/nao-pode-um-juiz-decidir-se-voce-toma-ou-nao-a-vacina-diz-bolsonaro\/","url_meta":{"origin":13559,"position":0},"title":"&#8220;N\u00c3O PODE UM JUIZ DECIDIR SE VOC\u00ca TOMA OU N\u00c3O A VACINA&#8221;, DIZ BOLSONARO","author":"","date":"Outubro 26, 2020","format":false,"excerpt":"O presidente Jair Bolsonaro disse, na manh\u00e3 desta segunda-feira (26\/10), que a Justi\u00e7a n\u00e3o pode obrigar os brasileiros a se vacinarem contra a covid-19. De acordo com o Bolsonaro, isso \u00e9 uma quest\u00e3o de sa\u00fade e n\u00e3o deveria ter sido judicializada. Na semana passada, o ministro Ricardo Lewandowski, do Supremo\u2026","rel":"","context":"In &quot;Atualidade&quot;","block_context":{"text":"Atualidade","link":"https:\/\/correiodasemana.com\/site\/category\/atualidade\/"},"img":{"alt_text":"","src":"https:\/\/i0.wp.com\/correiodasemana.com\/site\/wp-content\/uploads\/2020\/10\/122537750_2696077877310039_2099160063172014209_n.jpg?resize=350%2C200&ssl=1","width":350,"height":200,"srcset":"https:\/\/i0.wp.com\/correiodasemana.com\/site\/wp-content\/uploads\/2020\/10\/122537750_2696077877310039_2099160063172014209_n.jpg?resize=350%2C200&ssl=1 1x, https:\/\/i0.wp.com\/correiodasemana.com\/site\/wp-content\/uploads\/2020\/10\/122537750_2696077877310039_2099160063172014209_n.jpg?resize=525%2C300&ssl=1 1.5x"},"classes":[]},{"id":32344,"url":"https:\/\/correiodasemana.com\/site\/governo-avalia-reduzir-tarifa-de-importacao-para-baratear-alimentos\/","url_meta":{"origin":13559,"position":1},"title":"Governo avalia reduzir tarifa de importa\u00e7\u00e3o para baratear alimentos","author":"adminredacao","date":"Janeiro 27, 2025","format":false,"excerpt":"Foco ser\u00e1 no est\u00edmulo da produ\u00e7\u00e3o agr\u00edcola local, diz Rui Costa POR Andreia Verd\u00e9lio \u2013 Rep\u00f3rter da Ag\u00eancia Brasil O ministro da Casa Civil, Rui Costa, afirmou, nesta sexta-feira (24), que o governo pode reduzir o Imposto de Importa\u00e7\u00e3o para baratear o pre\u00e7o de determinados alimentos no mercado brasileiro. Segundo\u2026","rel":"","context":"In &quot;Atualidade&quot;","block_context":{"text":"Atualidade","link":"https:\/\/correiodasemana.com\/site\/category\/atualidade\/"},"img":{"alt_text":"","src":"https:\/\/i0.wp.com\/correiodasemana.com\/site\/wp-content\/uploads\/2025\/01\/rui_costa.webp?resize=350%2C200&ssl=1","width":350,"height":200,"srcset":"https:\/\/i0.wp.com\/correiodasemana.com\/site\/wp-content\/uploads\/2025\/01\/rui_costa.webp?resize=350%2C200&ssl=1 1x, https:\/\/i0.wp.com\/correiodasemana.com\/site\/wp-content\/uploads\/2025\/01\/rui_costa.webp?resize=525%2C300&ssl=1 1.5x, https:\/\/i0.wp.com\/correiodasemana.com\/site\/wp-content\/uploads\/2025\/01\/rui_costa.webp?resize=700%2C400&ssl=1 2x, https:\/\/i0.wp.com\/correiodasemana.com\/site\/wp-content\/uploads\/2025\/01\/rui_costa.webp?resize=1050%2C600&ssl=1 3x"},"classes":[]},{"id":12278,"url":"https:\/\/correiodasemana.com\/site\/autocritica-na-comunicacao-melhora-imagem-de-bolsonaro-diz-fabio-faria\/","url_meta":{"origin":13559,"position":2},"title":"Autocr\u00edtica na comunica\u00e7\u00e3o melhora imagem de Bolsonaro, diz F\u00e1bio Faria","author":"","date":"Julho 27, 2020","format":false,"excerpt":"Ministro \u00e9 \u201capaziguador\u201d pol\u00edtico. Vai investir em imagem no exterior. 5G: Leil\u00e3o \u00e9 assunto presidencial O ministro das Comunica\u00e7\u00f5es, F\u00e1bio Faria, de 42 anos, declara que a mudan\u00e7a do presidente Jair Bolsonaro na maneira de se comunicar fez a imagem do governo melhorar. De acordo com Faria, o ambiente era\u2026","rel":"","context":"In &quot;Atualidade&quot;","block_context":{"text":"Atualidade","link":"https:\/\/correiodasemana.com\/site\/category\/atualidade\/"},"img":{"alt_text":"","src":"https:\/\/i0.wp.com\/correiodasemana.com\/site\/wp-content\/uploads\/2020\/07\/maxresdefault.jpg?resize=350%2C200&ssl=1","width":350,"height":200,"srcset":"https:\/\/i0.wp.com\/correiodasemana.com\/site\/wp-content\/uploads\/2020\/07\/maxresdefault.jpg?resize=350%2C200&ssl=1 1x, https:\/\/i0.wp.com\/correiodasemana.com\/site\/wp-content\/uploads\/2020\/07\/maxresdefault.jpg?resize=525%2C300&ssl=1 1.5x, https:\/\/i0.wp.com\/correiodasemana.com\/site\/wp-content\/uploads\/2020\/07\/maxresdefault.jpg?resize=700%2C400&ssl=1 2x, https:\/\/i0.wp.com\/correiodasemana.com\/site\/wp-content\/uploads\/2020\/07\/maxresdefault.jpg?resize=1050%2C600&ssl=1 3x"},"classes":[]},{"id":22849,"url":"https:\/\/correiodasemana.com\/site\/cnm-orienta-que-prefeituras-nao-paguem-reajuste-do-piso-dos-professores\/","url_meta":{"origin":13559,"position":3},"title":"CNM orienta que prefeituras n\u00e3o paguem reajuste do piso dos professores","author":"","date":"Janeiro 18, 2023","format":false,"excerpt":"O presidente da Confedera\u00e7\u00e3o Nacional de Munic\u00edpios (CNM), Paulo Ziulkoski, diz que n\u00e3o h\u00e1 base legal para o reajuste em 2023 e indica que as gest\u00f5es municipais n\u00e3o paguem o aumento. A Confedera\u00e7\u00e3o Nacional de Munic\u00edpios (CNM) criticou o reajuste do piso dos professores para R$ 4.420,55 anunciado na \u00faltima\u2026","rel":"","context":"In &quot;Atualidade&quot;","block_context":{"text":"Atualidade","link":"https:\/\/correiodasemana.com\/site\/category\/atualidade\/"},"img":{"alt_text":"","src":"https:\/\/i0.wp.com\/correiodasemana.com\/site\/wp-content\/uploads\/2023\/01\/70624fd0-a8a9-43a0-a1dd-30323229beb7.jpeg?resize=350%2C200&ssl=1","width":350,"height":200,"srcset":"https:\/\/i0.wp.com\/correiodasemana.com\/site\/wp-content\/uploads\/2023\/01\/70624fd0-a8a9-43a0-a1dd-30323229beb7.jpeg?resize=350%2C200&ssl=1 1x, https:\/\/i0.wp.com\/correiodasemana.com\/site\/wp-content\/uploads\/2023\/01\/70624fd0-a8a9-43a0-a1dd-30323229beb7.jpeg?resize=525%2C300&ssl=1 1.5x, https:\/\/i0.wp.com\/correiodasemana.com\/site\/wp-content\/uploads\/2023\/01\/70624fd0-a8a9-43a0-a1dd-30323229beb7.jpeg?resize=700%2C400&ssl=1 2x"},"classes":[]},{"id":24377,"url":"https:\/\/correiodasemana.com\/site\/luiz-marinho-confirma-isencao-do-ir-para-quem-ganha-ate-r-2-640\/","url_meta":{"origin":13559,"position":4},"title":"Luiz Marinho confirma isen\u00e7\u00e3o do IR para quem ganha at\u00e9 R$ 2.640","author":"adminredacao","date":"Maio 1, 2023","format":false,"excerpt":"Medida passar\u00e1 a valer a partir de 1\u00ba de maio. Por Wellton M\u00e1ximo \u2013 Rep\u00f3rter da Ag\u00eancia Brasil - Bras\u00edlia A partir de maio, trabalhadores formais que ganham at\u00e9 R$ 2.640 ter\u00e3o isen\u00e7\u00e3o do Imposto de Renda Pessoa F\u00edsica (IRPF),\u00a0confirmou hoje\u00a0(28) o ministro do Trabalho e Emprego, Luiz Marinho (foto).\u2026","rel":"","context":"In &quot;Atualidade&quot;","block_context":{"text":"Atualidade","link":"https:\/\/correiodasemana.com\/site\/category\/atualidade\/"},"img":{"alt_text":"","src":"https:\/\/i0.wp.com\/correiodasemana.com\/site\/wp-content\/uploads\/2020\/08\/Brasil-deve-ser-a-9a-maior-economia-do-mundo-no-fim-da-decada.jpg?resize=350%2C200&ssl=1","width":350,"height":200,"srcset":"https:\/\/i0.wp.com\/correiodasemana.com\/site\/wp-content\/uploads\/2020\/08\/Brasil-deve-ser-a-9a-maior-economia-do-mundo-no-fim-da-decada.jpg?resize=350%2C200&ssl=1 1x, https:\/\/i0.wp.com\/correiodasemana.com\/site\/wp-content\/uploads\/2020\/08\/Brasil-deve-ser-a-9a-maior-economia-do-mundo-no-fim-da-decada.jpg?resize=525%2C300&ssl=1 1.5x, https:\/\/i0.wp.com\/correiodasemana.com\/site\/wp-content\/uploads\/2020\/08\/Brasil-deve-ser-a-9a-maior-economia-do-mundo-no-fim-da-decada.jpg?resize=700%2C400&ssl=1 2x, https:\/\/i0.wp.com\/correiodasemana.com\/site\/wp-content\/uploads\/2020\/08\/Brasil-deve-ser-a-9a-maior-economia-do-mundo-no-fim-da-decada.jpg?resize=1050%2C600&ssl=1 3x"},"classes":[]},{"id":37446,"url":"https:\/\/correiodasemana.com\/site\/pesquisa-diz-que-73-dos-brasileiros-apoiam-fim-da-escala-6x1\/","url_meta":{"origin":13559,"position":5},"title":"Pesquisa diz que 73% dos brasileiros apoiam fim da escala 6&#215;1","author":"adminredacao","date":"Fevereiro 20, 2026","format":false,"excerpt":"Apoiadores ressaltam que a medida deve ser sem redu\u00e7\u00e3o de sal\u00e1rio POR Alana Gandra - Rep\u00f3rter da Ag\u00eancia Brasil Cerca de 84% dos brasileiros s\u00e3o favor\u00e1veis aos trabalhadores terem, no m\u00ednimo, dois dias de descanso por semana, segundo a pesquisa da Nexus - Pesquisa e Intelig\u00eancia de Dados, feita\u00a0nas 27\u2026","rel":"","context":"In &quot;Atualidade&quot;","block_context":{"text":"Atualidade","link":"https:\/\/correiodasemana.com\/site\/category\/atualidade\/"},"img":{"alt_text":"","src":"https:\/\/i0.wp.com\/correiodasemana.com\/site\/wp-content\/uploads\/2026\/02\/Jornal-Correio-da-Semana-No-1111.jpg?resize=350%2C200&ssl=1","width":350,"height":200,"srcset":"https:\/\/i0.wp.com\/correiodasemana.com\/site\/wp-content\/uploads\/2026\/02\/Jornal-Correio-da-Semana-No-1111.jpg?resize=350%2C200&ssl=1 1x, https:\/\/i0.wp.com\/correiodasemana.com\/site\/wp-content\/uploads\/2026\/02\/Jornal-Correio-da-Semana-No-1111.jpg?resize=525%2C300&ssl=1 1.5x"},"classes":[]}],"jetpack_sharing_enabled":true,"_links":{"self":[{"href":"https:\/\/correiodasemana.com\/site\/wp-json\/wp\/v2\/posts\/13559","targetHints":{"allow":["GET"]}}],"collection":[{"href":"https:\/\/correiodasemana.com\/site\/wp-json\/wp\/v2\/posts"}],"about":[{"href":"https:\/\/correiodasemana.com\/site\/wp-json\/wp\/v2\/types\/post"}],"author":[{"embeddable":true,"href":"https:\/\/correiodasemana.com\/site\/wp-json\/wp\/v2\/users\/1"}],"replies":[{"embeddable":true,"href":"https:\/\/correiodasemana.com\/site\/wp-json\/wp\/v2\/comments?post=13559"}],"version-history":[{"count":2,"href":"https:\/\/correiodasemana.com\/site\/wp-json\/wp\/v2\/posts\/13559\/revisions"}],"predecessor-version":[{"id":13562,"href":"https:\/\/correiodasemana.com\/site\/wp-json\/wp\/v2\/posts\/13559\/revisions\/13562"}],"wp:featuredmedia":[{"embeddable":true,"href":"https:\/\/correiodasemana.com\/site\/wp-json\/wp\/v2\/media\/13560"}],"wp:attachment":[{"href":"https:\/\/correiodasemana.com\/site\/wp-json\/wp\/v2\/media?parent=13559"}],"wp:term":[{"taxonomy":"category","embeddable":true,"href":"https:\/\/correiodasemana.com\/site\/wp-json\/wp\/v2\/categories?post=13559"},{"taxonomy":"post_tag","embeddable":true,"href":"https:\/\/correiodasemana.com\/site\/wp-json\/wp\/v2\/tags?post=13559"}],"curies":[{"name":"wp","href":"https:\/\/api.w.org\/{rel}","templated":true}]}}