{"id":13563,"date":"2020-09-15T10:38:31","date_gmt":"2020-09-15T13:38:31","guid":{"rendered":"https:\/\/correiodasemana.com\/site\/?p=13563"},"modified":"2020-09-15T10:38:31","modified_gmt":"2020-09-15T13:38:31","slug":"governo-amplia-credito-a-grandes-empresas-prejudicadas-pela-pandemia","status":"publish","type":"post","link":"https:\/\/correiodasemana.com\/site\/governo-amplia-credito-a-grandes-empresas-prejudicadas-pela-pandemia\/","title":{"rendered":"Governo amplia cr\u00e9dito a grandes empresas prejudicadas pela pandemia"},"content":{"rendered":"<p>O governo decidiu estender a empresas com faturamento superior a R$ 300 milh\u00f5es empr\u00e9stimo facilitado pelo\u00a0<strong><a href=\"https:\/\/congressoemfoco.uol.com.br\/governo\/sancionada-lei-que-libera-credito-a-pequenas-e-medias-empresas-via-maquininha\/\">Programa Emergencial de Acesso a Cr\u00e9dito (Peac)<\/a><\/strong>, criado inicialmente para atender a empreendimentos que tiveram receita bruta at\u00e9 esse valor em 2019. O cr\u00e9dito ser\u00e1 facilitado por ag\u00eancias oficiais de fomento para os 34 setores mais prejudicados pela\u00a0<a href=\"https:\/\/congressoemfoco.uol.com.br\/saude\/coronavirus-os-principais-fato-sobre-a-pandemia-hoje\/\"><strong>pandemia<\/strong><\/a>\u00a0(veja a lista abaixo), segundo portaria publicada na edi\u00e7\u00e3o desta ter\u00e7a-feira (15) do<em>\u00a0Di\u00e1rio Oficial da Uni\u00e3o<\/em>.<\/p>\n<p>\u201cO impacto direto est\u00e1 na lei do FGI\/Peac: empresas desses setores poder\u00e3o ter acesso ao programa mesmo com faturamento acima de R$ 300 milh\u00f5es\u201d, explicou ao\u00a0<strong>Congresso em Foco<\/strong>\u00a0o secret\u00e1rio especial de Produtividade, Emprego e Competitividade, Carlos Alexandre da Costa, que assina a norma.12 set, 2020<\/p>\n<p>A Lei 14.042\/20, mencionada pelo secret\u00e1rio, prev\u00ea garantia de at\u00e9 R$ 20 bilh\u00f5es da Uni\u00e3o para empr\u00e9stimos tomados por pequenas e m\u00e9dias empresas, associa\u00e7\u00f5es, funda\u00e7\u00f5es de direito privado e cooperativas. As institui\u00e7\u00f5es financeiras participantes do Peac-FGI poder\u00e3o contar com garantia de 30% do valor total emprestado.<\/p>\n<p>Fundo Garantidor para Investimentos, o FGI \u00e9 administrado pelo\u00a0<a href=\"https:\/\/congressoemfoco.uol.com.br\/tag\/bndes\/\"><strong>BNDES<\/strong><\/a>\u00a0e operado pelo pr\u00f3prio banco e institui\u00e7\u00f5es parceiras. O papel do fundo \u00e9 complementar as garantias oferecidas pelas empresas na hora da contrata\u00e7\u00e3o do empr\u00e9stimo banc\u00e1rio.<\/p>\n<p>\u201cA lista de atividades de que trata esta Portaria \u00e9 destinada a orientar as ag\u00eancias financeiras oficiais de fomento, inclusive setoriais e regionais, acerca dos setores mais impactados pela crise ocasionada pelo covid-19\u201d, diz o texto publicado nesta manh\u00e3 no\u00a0<em>Di\u00e1rio Oficial da Uni\u00e3o<\/em>.<\/p>\n<p>As atividades art\u00edsticas, criativas e de espet\u00e1culos e os setores de transporte (a\u00e9reo, ferrovi\u00e1rio e metrovi\u00e1rio de passageiros, interestadual e intermunicipal de passageiros e p\u00fablico urbano) foram os mais prejudicados pela pandemia.<\/p>\n<p>Veja a \u00edntegra da portaria com os 34 setores mais prejudicados pela crise:<\/p>\n<p><em>&#8220;PORTARIA N\u00ba 20.809, DE 14 DE SETEMBRO DE 2020<\/em><\/p>\n<p><em>Lista os setores da economia mais impactados pela pandemia ap\u00f3s a decreta\u00e7\u00e3o da calamidade p\u00fablica decorrente do Covid-19.<\/em><\/p>\n<p><em>O SECRET\u00c1RIO ESPECIAL DE PRODUTIVIDADE, EMPREGO E COMPETITIVIDADE, considerando a celebra\u00e7\u00e3o pela Uni\u00e3o do Contrato de Subscri\u00e7\u00e3o de Cotas n\u00ba 1\/2020\/CAS, com fulcro na Lei n\u00ba 14.042, de 19 de agosto de 2020, e no uso da compet\u00eancia que lhe foi conferida pelo art. 106, inciso II do Anexo I, do Decreto n\u00ba 9.745, de 8 de abril de 2019, resolve:<\/em><\/p>\n<p><em>Art. 1\u00ba Listar os setores da economia mais impactados pela pandemia ap\u00f3s a decreta\u00e7\u00e3o da calamidade p\u00fablica decorrente do Covid-19:<\/em><\/p>\n<p><em>I &#8211; atividades art\u00edsticas, criativas e de espet\u00e1culos (CNAEs 90 91 92 93);<\/em><\/p>\n<p><em>II &#8211; transporte a\u00e9reo (CNAE 51);<\/em><\/p>\n<p><em>III &#8211; transporte ferrovi\u00e1rio e metroferrovi\u00e1rio de passageiros (CNAE 4912-4);<\/em><\/p>\n<p><em>IV &#8211; transporte interestadual e intermunicipal de passageiros (CNAE 4922 -1);<\/em><\/p>\n<p><em>V &#8211; transporte p\u00fablico urbano (CNAE 4922-1);<\/em><\/p>\n<p><em>VI &#8211; servi\u00e7os de alojamento (CNAE 55);<\/em><\/p>\n<p><em>VII &#8211; servi\u00e7os de alimenta\u00e7\u00e3o (CNAE 56);<\/em><\/p>\n<p><em>VIII &#8211; fabrica\u00e7\u00e3o de ve\u00edculos automotores, reboques e carrocerias (CNAE 29);<\/em><\/p>\n<p><em>IX &#8211; fabrica\u00e7\u00e3o de cal\u00e7ados e de artefatos de couro (CNAE 15);<\/em><\/p>\n<p><em>X &#8211; com\u00e9rcio de ve\u00edculos, pe\u00e7as e motocicletas (CNAE 45);<\/em><\/p>\n<p><em>XI &#8211; tecidos, artigos de armarinho, vestu\u00e1rio e cal\u00e7ados (CNAEs 4781, 4782 e 4755);<\/em><\/p>\n<p><em>XII &#8211; edi\u00e7\u00e3o e edi\u00e7\u00e3o integrada \u00e0 impress\u00e3o (CNAE 58);<\/em><\/p>\n<p><em>XIII &#8211; combust\u00edveis e lubrificantes (CNAE 473);<\/em><\/p>\n<p><em>XIV &#8211; fabrica\u00e7\u00e3o de outros equipamentos de transporte, exceto ve\u00edculos automotores (CNAE 30);<\/em><\/p>\n<p><em>XV &#8211; extra\u00e7\u00e3o de petr\u00f3leo e g\u00e1s, inclusive as atividades de apoio (CNAEs 06 e 09);<\/em><\/p>\n<p><em>XVI &#8211; confec\u00e7\u00e3o de artefatos do vestu\u00e1rio e acess\u00f3rios (CNAE 14);<\/em><\/p>\n<p><em>XVII &#8211; com\u00e9rcio de artigos usados (CNAE 4785);<\/em><\/p>\n<p><em>XVIII &#8211; energia el\u00e9trica, g\u00e1s natural e outras utilidades (CNAE 35);<\/em><\/p>\n<p><em>XIX &#8211; fabrica\u00e7\u00e3o de produtos t\u00eaxteis (CNAE 13);<\/em><\/p>\n<p><em>XX &#8211; educa\u00e7\u00e3o privada (CNAE 85*);<\/em><\/p>\n<p><em>XXI &#8211; organiza\u00e7\u00f5es associativas e outros servi\u00e7os pessoais (CNAE 94, 95 e 96);<\/em><\/p>\n<p><em>XXII &#8211; fabrica\u00e7\u00e3o de coque, de produtos derivados do petr\u00f3leo e de biocombust\u00edveis (CNAE 19);<\/em><\/p>\n<p><em>XXIII &#8211; impress\u00e3o e reprodu\u00e7\u00e3o de grava\u00e7\u00f5es (CNAE 18);<\/em><\/p>\n<p><em>XXIV &#8211; telecomunica\u00e7\u00f5es (CNAE 61);<\/em><\/p>\n<p><em>XXV &#8211; alugu\u00e9is n\u00e3o-imobili\u00e1rios e gest\u00e3o de ativos de propriedade intelectual 77;<\/em><\/p>\n<p><em>XXVI &#8211; metalurgia (CNAE 24);<\/em><\/p>\n<p><em>XXVII &#8211; transporte de cargas (exceto ferrovias) (CNAE 493);<\/em><\/p>\n<p><em>XXVIII &#8211; fabrica\u00e7\u00e3o de produtos de borracha e de material pl\u00e1stico (CNAE 22);<\/em><\/p>\n<p><em>XXIX &#8211; fabrica\u00e7\u00e3o de m\u00e1quinas e equipamentos, instala\u00e7\u00f5es e manuten\u00e7\u00f5es (CNAE 28);<\/em><\/p>\n<p><em>XXX &#8211; atividades de televis\u00e3o, r\u00e1dio, cinema e grava\u00e7\u00e3o\/edi\u00e7\u00e3o de som e imagem (CNAE 59 e 60);<\/em><\/p>\n<p><em>XXXI &#8211; sa\u00fade privada (CNAE 86*, 87* e 88);<\/em><\/p>\n<p><em>XXXII &#8211; fabrica\u00e7\u00e3o de celulose, papel e produtos de papel (CNAE 17);<\/em><\/p>\n<p><em>XXXIII &#8211; fabrica\u00e7\u00e3o de m\u00f3veis e de produtos de ind\u00fastrias diversas (CNAE 31 e 32); e<\/em><\/p>\n<p><em>XXXIV &#8211; com\u00e9rcio de outros produtos em lojas especializadas (CNAE 474, 475, 476, 477, 4783, 4784 e 4789).<\/em><\/p>\n<p><em>Art. 2\u00ba A lista de atividades de que trata esta Portaria \u00e9 destinada a orientar as ag\u00eancias financeiras oficiais de fomento, inclusive setoriais e regionais, acerca dos setores mais impactados pela crise ocasionada pelo Covid-19.<\/em><\/p>\n<p><em>Art. 3\u00ba Esta Portaria entra em vigor na data de sua publica\u00e7\u00e3o.<\/em><\/p>\n<p><a href=\"https:\/\/congressoemfoco.uol.com.br\/author\/edson\/\">Por\u00a0<strong>Edson Sardinha<\/strong><\/a>\/Congresso em Foco<\/p>\n","protected":false},"excerpt":{"rendered":"<p>O governo decidiu estender a empresas com faturamento superior a R$ 300 milh\u00f5es empr\u00e9stimo facilitado&#8230;<\/p>\n","protected":false},"author":1,"featured_media":13564,"comment_status":"open","ping_status":"open","sticky":false,"template":"","format":"standard","meta":{"_jetpack_memberships_contains_paid_content":false,"footnotes":"","jetpack_publicize_message":"","jetpack_publicize_feature_enabled":true,"jetpack_social_post_already_shared":true,"jetpack_social_options":{"image_generator_settings":{"template":"highway","default_image_id":0,"font":"","enabled":false},"version":2}},"categories":[1],"tags":[],"class_list":["post-13563","post","type-post","status-publish","format-standard","has-post-thumbnail","hentry","category-atualidade"],"jetpack_publicize_connections":[],"jetpack_featured_media_url":"https:\/\/correiodasemana.com\/site\/wp-content\/uploads\/2020\/09\/fcpzzb_edit_abr_051120196332.jpg","jetpack-related-posts":[{"id":12377,"url":"https:\/\/correiodasemana.com\/site\/senado-aprova-mp-que-facilita-credito-a-pequenas-e-medias-empresas\/","url_meta":{"origin":13563,"position":0},"title":"Senado aprova MP que facilita cr\u00e9dito a pequenas e m\u00e9dias empresas","author":"","date":"Julho 30, 2020","format":false,"excerpt":"Os senadores chancelaram as mudan\u00e7as feitas pela C\u00e2mara na\u00a0MP 975\/2020, que cria o Programa Emergencial de Acesso a Cr\u00e9dito (Peac),\u00a0aux\u00edlio destinado a pequenas e m\u00e9dias empresas a fim de complementar o rec\u00e9m-criado Programa Nacional de Apoio \u00e0s Microempresas e Empresas de Pequeno Porte (Pronampe).\u00a0J\u00e1 analisado pela C\u00e2mara, o texto foi\u2026","rel":"","context":"In &quot;Atualidade&quot;","block_context":{"text":"Atualidade","link":"https:\/\/correiodasemana.com\/site\/category\/atualidade\/"},"img":{"alt_text":"","src":"https:\/\/i0.wp.com\/correiodasemana.com\/site\/wp-content\/uploads\/2020\/07\/industrias_wd2219_1-750x430-1.jpg?resize=350%2C200&ssl=1","width":350,"height":200,"srcset":"https:\/\/i0.wp.com\/correiodasemana.com\/site\/wp-content\/uploads\/2020\/07\/industrias_wd2219_1-750x430-1.jpg?resize=350%2C200&ssl=1 1x, https:\/\/i0.wp.com\/correiodasemana.com\/site\/wp-content\/uploads\/2020\/07\/industrias_wd2219_1-750x430-1.jpg?resize=525%2C300&ssl=1 1.5x, https:\/\/i0.wp.com\/correiodasemana.com\/site\/wp-content\/uploads\/2020\/07\/industrias_wd2219_1-750x430-1.jpg?resize=700%2C400&ssl=1 2x"},"classes":[]},{"id":13759,"url":"https:\/\/correiodasemana.com\/site\/uniao-libera-r-5-bi-para-financiar-mei-micro-e-pequena-empresa\/","url_meta":{"origin":13563,"position":1},"title":"Uni\u00e3o libera R$ 5 bi para financiar MEI, micro e pequena empresa","author":"","date":"Setembro 28, 2020","format":false,"excerpt":"Programa integra pacote de aux\u00edlio durante pandemia da covid-19 Os microempreendedores individuais (MEI), as micro e pequenas empresas t\u00eam acesso, a partir de hoje (28), \u00e0 primeira parcela de R$ 5 bilh\u00f5es do Programa Emergencial de Acesso ao Cr\u00e9dito na modalidade de garantia de receb\u00edveis (Peac-Maquininhas). O programa facilita o\u2026","rel":"","context":"In &quot;Atualidade&quot;","block_context":{"text":"Atualidade","link":"https:\/\/correiodasemana.com\/site\/category\/atualidade\/"},"img":{"alt_text":"","src":"https:\/\/i0.wp.com\/correiodasemana.com\/site\/wp-content\/uploads\/2020\/09\/rvrsa_abr_151019794.jpg?resize=350%2C200&ssl=1","width":350,"height":200,"srcset":"https:\/\/i0.wp.com\/correiodasemana.com\/site\/wp-content\/uploads\/2020\/09\/rvrsa_abr_151019794.jpg?resize=350%2C200&ssl=1 1x, https:\/\/i0.wp.com\/correiodasemana.com\/site\/wp-content\/uploads\/2020\/09\/rvrsa_abr_151019794.jpg?resize=525%2C300&ssl=1 1.5x, https:\/\/i0.wp.com\/correiodasemana.com\/site\/wp-content\/uploads\/2020\/09\/rvrsa_abr_151019794.jpg?resize=700%2C400&ssl=1 2x, https:\/\/i0.wp.com\/correiodasemana.com\/site\/wp-content\/uploads\/2020\/09\/rvrsa_abr_151019794.jpg?resize=1050%2C600&ssl=1 3x"},"classes":[]},{"id":13005,"url":"https:\/\/correiodasemana.com\/site\/bolsonaro-fala-em-estender-auxilio-emergencial-ate-o-final-do-ano\/","url_meta":{"origin":13563,"position":2},"title":"Bolsonaro fala em estender aux\u00edlio emergencial at\u00e9 o final do ano","author":"","date":"Agosto 20, 2020","format":false,"excerpt":"Programa atende 66,4 milh\u00f5es de pessoas no pa\u00eds O presidente Jair Bolsonaro afirmou nesta\u00a0quarta-feira (19) que o aux\u00edlio emergencial deve ser prorrogado por mais alguns meses, podendo ser estendido at\u00e9 o final do ano. A declara\u00e7\u00e3o foi dada durante cerim\u00f4nia, no Pal\u00e1cio do Planalto, em que o presidente sancionou duas\u2026","rel":"","context":"In &quot;Atualidade&quot;","block_context":{"text":"Atualidade","link":"https:\/\/correiodasemana.com\/site\/category\/atualidade\/"},"img":{"alt_text":"","src":"https:\/\/i0.wp.com\/correiodasemana.com\/site\/wp-content\/uploads\/2020\/08\/19082020-solenidade-de-sano-de-medidas-provisrias-de-facilitao-de-acesso-ao-crdito_50245945996_o.jpg?resize=350%2C200&ssl=1","width":350,"height":200,"srcset":"https:\/\/i0.wp.com\/correiodasemana.com\/site\/wp-content\/uploads\/2020\/08\/19082020-solenidade-de-sano-de-medidas-provisrias-de-facilitao-de-acesso-ao-crdito_50245945996_o.jpg?resize=350%2C200&ssl=1 1x, https:\/\/i0.wp.com\/correiodasemana.com\/site\/wp-content\/uploads\/2020\/08\/19082020-solenidade-de-sano-de-medidas-provisrias-de-facilitao-de-acesso-ao-crdito_50245945996_o.jpg?resize=525%2C300&ssl=1 1.5x, https:\/\/i0.wp.com\/correiodasemana.com\/site\/wp-content\/uploads\/2020\/08\/19082020-solenidade-de-sano-de-medidas-provisrias-de-facilitao-de-acesso-ao-crdito_50245945996_o.jpg?resize=700%2C400&ssl=1 2x, https:\/\/i0.wp.com\/correiodasemana.com\/site\/wp-content\/uploads\/2020\/08\/19082020-solenidade-de-sano-de-medidas-provisrias-de-facilitao-de-acesso-ao-crdito_50245945996_o.jpg?resize=1050%2C600&ssl=1 3x"},"classes":[]},{"id":13464,"url":"https:\/\/correiodasemana.com\/site\/metade-dos-microempreendedores-individuais-do-pais-conseguiram-o-auxilio-emergencial-do-governo\/","url_meta":{"origin":13563,"position":3},"title":"Metade dos microempreendedores individuais do pa\u00eds conseguiram o aux\u00edlio emergencial do governo","author":"","date":"Setembro 10, 2020","format":false,"excerpt":"Do total de 10,7 milh\u00f5es de empreendedores formalizados na categoria de MEI existentes atualmente, 12% n\u00e3o se enquadraram nos crit\u00e9rios para receber o benef\u00edcio Mais de 5 milh\u00f5es de microempreendedores individuais (MEI) tiveram acesso ao benef\u00edcio do aux\u00edlio emergencial concedido pelo governo federal devido \u00e0 pandemia da Covid-19. Esse n\u00famero\u2026","rel":"","context":"In &quot;Atualidade&quot;","block_context":{"text":"Atualidade","link":"https:\/\/correiodasemana.com\/site\/category\/atualidade\/"},"img":{"alt_text":"","src":"https:\/\/i0.wp.com\/correiodasemana.com\/site\/wp-content\/uploads\/2020\/09\/Auxilio-caixa-app-002.jpg?resize=350%2C200&ssl=1","width":350,"height":200,"srcset":"https:\/\/i0.wp.com\/correiodasemana.com\/site\/wp-content\/uploads\/2020\/09\/Auxilio-caixa-app-002.jpg?resize=350%2C200&ssl=1 1x, https:\/\/i0.wp.com\/correiodasemana.com\/site\/wp-content\/uploads\/2020\/09\/Auxilio-caixa-app-002.jpg?resize=525%2C300&ssl=1 1.5x, https:\/\/i0.wp.com\/correiodasemana.com\/site\/wp-content\/uploads\/2020\/09\/Auxilio-caixa-app-002.jpg?resize=700%2C400&ssl=1 2x"},"classes":[]},{"id":14328,"url":"https:\/\/correiodasemana.com\/site\/retirar-dinheiro-de-bancos-publicos-nao-resolve-divida-do-pais-diz-fenae\/","url_meta":{"origin":13563,"position":4},"title":"Retirar dinheiro de bancos p\u00fablicos n\u00e3o resolve d\u00edvida do pa\u00eds, diz Fenae","author":"","date":"Outubro 28, 2020","format":false,"excerpt":"Para resolver a quest\u00e3o da d\u00edvida p\u00fablica, o governo pretende retirar recursos da\u00a0Caixa Econ\u00f4mica Federal\u00a0e das outras estatais financeiras (Banco do Brasil e BNDES) respons\u00e1veis, principalmente durante a pandemia, pelo socorro ao setor produtivo e aos mais de 100 milh\u00f5es de brasileiros que est\u00e3o sobrevivendo gra\u00e7as ao aux\u00edlio emergencial e\u2026","rel":"","context":"In &quot;Atualidade&quot;","block_context":{"text":"Atualidade","link":"https:\/\/correiodasemana.com\/site\/category\/atualidade\/"},"img":{"alt_text":"","src":"https:\/\/i0.wp.com\/correiodasemana.com\/site\/wp-content\/uploads\/2020\/10\/WhatsApp-Image-2020-09-03-at-18.41.57-750x430-1.jpeg?resize=350%2C200&ssl=1","width":350,"height":200,"srcset":"https:\/\/i0.wp.com\/correiodasemana.com\/site\/wp-content\/uploads\/2020\/10\/WhatsApp-Image-2020-09-03-at-18.41.57-750x430-1.jpeg?resize=350%2C200&ssl=1 1x, https:\/\/i0.wp.com\/correiodasemana.com\/site\/wp-content\/uploads\/2020\/10\/WhatsApp-Image-2020-09-03-at-18.41.57-750x430-1.jpeg?resize=525%2C300&ssl=1 1.5x, https:\/\/i0.wp.com\/correiodasemana.com\/site\/wp-content\/uploads\/2020\/10\/WhatsApp-Image-2020-09-03-at-18.41.57-750x430-1.jpeg?resize=700%2C400&ssl=1 2x"},"classes":[]},{"id":32957,"url":"https:\/\/correiodasemana.com\/site\/saiba-como-vai-funcionar-o-credito-consignado-clt\/","url_meta":{"origin":13563,"position":5},"title":"Saiba como vai funcionar o cr\u00e9dito consignado CLT","author":"adminredacao","date":"Mar\u00e7o 17, 2025","format":false,"excerpt":"Programa lan\u00e7ado pelo governo come\u00e7a em 21 de mar\u00e7o O governo federal\u00a0lan\u00e7ou nesta quarta-feira (12) o Programa Cr\u00e9dito do Trabalhador na Carteira Digital de Trabalho, que promete facilitar e baratear os juros do empr\u00e9stimo consignado a trabalhadores registrados com carteira assinada (CLT). Assinada pelo presidente Luiz In\u00e1cio Lula da Silva,\u2026","rel":"","context":"In &quot;Atualidade&quot;","block_context":{"text":"Atualidade","link":"https:\/\/correiodasemana.com\/site\/category\/atualidade\/"},"img":{"alt_text":"","src":"https:\/\/i0.wp.com\/correiodasemana.com\/site\/wp-content\/uploads\/2025\/03\/54382764540_68080a0da7_o.webp?resize=350%2C200&ssl=1","width":350,"height":200,"srcset":"https:\/\/i0.wp.com\/correiodasemana.com\/site\/wp-content\/uploads\/2025\/03\/54382764540_68080a0da7_o.webp?resize=350%2C200&ssl=1 1x, https:\/\/i0.wp.com\/correiodasemana.com\/site\/wp-content\/uploads\/2025\/03\/54382764540_68080a0da7_o.webp?resize=525%2C300&ssl=1 1.5x, https:\/\/i0.wp.com\/correiodasemana.com\/site\/wp-content\/uploads\/2025\/03\/54382764540_68080a0da7_o.webp?resize=700%2C400&ssl=1 2x, https:\/\/i0.wp.com\/correiodasemana.com\/site\/wp-content\/uploads\/2025\/03\/54382764540_68080a0da7_o.webp?resize=1050%2C600&ssl=1 3x"},"classes":[]}],"jetpack_sharing_enabled":true,"_links":{"self":[{"href":"https:\/\/correiodasemana.com\/site\/wp-json\/wp\/v2\/posts\/13563","targetHints":{"allow":["GET"]}}],"collection":[{"href":"https:\/\/correiodasemana.com\/site\/wp-json\/wp\/v2\/posts"}],"about":[{"href":"https:\/\/correiodasemana.com\/site\/wp-json\/wp\/v2\/types\/post"}],"author":[{"embeddable":true,"href":"https:\/\/correiodasemana.com\/site\/wp-json\/wp\/v2\/users\/1"}],"replies":[{"embeddable":true,"href":"https:\/\/correiodasemana.com\/site\/wp-json\/wp\/v2\/comments?post=13563"}],"version-history":[{"count":2,"href":"https:\/\/correiodasemana.com\/site\/wp-json\/wp\/v2\/posts\/13563\/revisions"}],"predecessor-version":[{"id":13566,"href":"https:\/\/correiodasemana.com\/site\/wp-json\/wp\/v2\/posts\/13563\/revisions\/13566"}],"wp:featuredmedia":[{"embeddable":true,"href":"https:\/\/correiodasemana.com\/site\/wp-json\/wp\/v2\/media\/13564"}],"wp:attachment":[{"href":"https:\/\/correiodasemana.com\/site\/wp-json\/wp\/v2\/media?parent=13563"}],"wp:term":[{"taxonomy":"category","embeddable":true,"href":"https:\/\/correiodasemana.com\/site\/wp-json\/wp\/v2\/categories?post=13563"},{"taxonomy":"post_tag","embeddable":true,"href":"https:\/\/correiodasemana.com\/site\/wp-json\/wp\/v2\/tags?post=13563"}],"curies":[{"name":"wp","href":"https:\/\/api.w.org\/{rel}","templated":true}]}}