{"id":13633,"date":"2020-09-21T00:34:43","date_gmt":"2020-09-21T03:34:43","guid":{"rendered":"https:\/\/correiodasemana.com\/site\/?p=13633"},"modified":"2020-09-21T00:34:43","modified_gmt":"2020-09-21T03:34:43","slug":"medicos-e-residentes-da-santa-casa-de-misericordia-de-sobral-participam-de-curso-sobre-ultrassonografia-a-beira-do-leito","status":"publish","type":"post","link":"https:\/\/correiodasemana.com\/site\/medicos-e-residentes-da-santa-casa-de-misericordia-de-sobral-participam-de-curso-sobre-ultrassonografia-a-beira-do-leito\/","title":{"rendered":"M\u00e9dicos e residentes da Santa Casa de Miseric\u00f3rdia de Sobral participam de curso sobre ultrassonografia \u00e0 beira do leito"},"content":{"rendered":"<p>Capacita\u00e7\u00e3o aconteceu no Departamento de Ensino, Pesquisa e Extens\u00e3o (DEPE) do hospital, e foi ministrado por profissionais do N\u00facleo de Capacita\u00e7\u00e3o e Simula\u00e7\u00e3o em Sa\u00fade \u2013 NC SA\u00daDE, empresa parceira do hospital na qualifica\u00e7\u00e3o de profissionais que atuam nas \u00e1reas de urg\u00eancia e emerg\u00eancia.<\/p>\n<p>Ascom Complexo SCMS<br \/>\n\u00c9 pensando na qualidade e seguran\u00e7a dos pacientes de Sobral e regi\u00e3o norte do estado do Cear\u00e1, que a Santa Casa de Miseric\u00f3rdia de Sobral (SCMS) vem investindo com frequ\u00eancia na forma\u00e7\u00e3o de seus profissionais. Seguindo esse objetivo, m\u00e9dicos emergencistas, intensivistas, cirurgi\u00f5es, anestesiologistas e residentes da institui\u00e7\u00e3o participaram entre os dias 10 e 13 de setembro de um curso sobre uso da Ultrassom \u00e0 beira do leito (USBL), pr\u00e1tica que auxilia o manejo dos pacientes cr\u00edticos, e ainda reduz custos e riscos.<br \/>\nAs t\u00e9cnicas ensinadas pelo curso te\u00f3rico-pr\u00e1tico proporcionam maior seguran\u00e7a do paciente pela redu\u00e7\u00e3o de complica\u00e7\u00f5es relacionadas a procedimentos de pun\u00e7\u00e3o de acesso venoso central, reduz complica\u00e7\u00f5es levando um menor tempo de perman\u00eancia hospitalar, e ainda gera economia para o hospital, reduzindo a necessidade de realiza\u00e7\u00e3o de exames complementares. .<br \/>\nDe acordo com o diretor t\u00e9cnico da Santa Casa, Dr. S\u00e1vio Arcanjo, as capacita\u00e7\u00f5es visam aumentar a qualidade e seguran\u00e7a dos pacientes atendidos pela institui\u00e7\u00e3o: \u201cContar com a participa\u00e7\u00e3o de nossos m\u00e9dicos plantonistas e residentes, ou seja, capacitar nosso corpo cl\u00ednico, significa otimizar os processos implantados no hospital. E a Santa Casa n\u00e3o vai medir esfor\u00e7os para buscar excel\u00eancia e qualidade em todos os processos realizados\u201d, destaca.<br \/>\nMesmo enfrentando a pandemia de Covid-19, a Santa Casa n\u00e3o deixou de investir na capacita\u00e7\u00e3o de seus profissionais. Segundo o diretor do DEPE, Dr. Vicente Pinto, \u00e9 necess\u00e1rio reconhecer o esfor\u00e7o da institui\u00e7\u00e3o: \u201cResolutividade e efici\u00eancia s\u00e3o as duas palavras que resumem o que o hospital busca. Esse curso \u00e9 um exemplo de aprendizado para buscarmos fazer o melhor com o menor espa\u00e7o de tempo e menor custo, ou seja, resolver os problemas de forma equilibrada e sustent\u00e1vel\u201d, ressalta.<\/p>\n<p><img fetchpriority=\"high\" decoding=\"async\" class=\"alignleft size-full wp-image-13634\" src=\"https:\/\/correiodasemana.com\/site\/wp-content\/uploads\/2020\/09\/Curso-Ultrassom-2.jpg\" alt=\"\" width=\"999\" height=\"666\" srcset=\"https:\/\/correiodasemana.com\/site\/wp-content\/uploads\/2020\/09\/Curso-Ultrassom-2.jpg 999w, https:\/\/correiodasemana.com\/site\/wp-content\/uploads\/2020\/09\/Curso-Ultrassom-2-300x200.jpg 300w, https:\/\/correiodasemana.com\/site\/wp-content\/uploads\/2020\/09\/Curso-Ultrassom-2-768x512.jpg 768w, https:\/\/correiodasemana.com\/site\/wp-content\/uploads\/2020\/09\/Curso-Ultrassom-2-675x450.jpg 675w\" sizes=\"(max-width: 999px) 100vw, 999px\" \/> <img decoding=\"async\" class=\"alignleft size-full wp-image-13635\" src=\"https:\/\/correiodasemana.com\/site\/wp-content\/uploads\/2020\/09\/Curso-ultrassom-1.jpg\" alt=\"\" width=\"999\" height=\"666\" srcset=\"https:\/\/correiodasemana.com\/site\/wp-content\/uploads\/2020\/09\/Curso-ultrassom-1.jpg 999w, https:\/\/correiodasemana.com\/site\/wp-content\/uploads\/2020\/09\/Curso-ultrassom-1-300x200.jpg 300w, https:\/\/correiodasemana.com\/site\/wp-content\/uploads\/2020\/09\/Curso-ultrassom-1-768x512.jpg 768w, https:\/\/correiodasemana.com\/site\/wp-content\/uploads\/2020\/09\/Curso-ultrassom-1-675x450.jpg 675w\" sizes=\"(max-width: 999px) 100vw, 999px\" \/><\/p>\n","protected":false},"excerpt":{"rendered":"<p>Capacita\u00e7\u00e3o aconteceu no Departamento de Ensino, Pesquisa e Extens\u00e3o (DEPE) do hospital, e foi ministrado&#8230;<\/p>\n","protected":false},"author":1,"featured_media":13634,"comment_status":"open","ping_status":"open","sticky":false,"template":"","format":"standard","meta":{"_jetpack_memberships_contains_paid_content":false,"footnotes":"","jetpack_publicize_message":"","jetpack_publicize_feature_enabled":true,"jetpack_social_post_already_shared":true,"jetpack_social_options":{"image_generator_settings":{"template":"highway","default_image_id":0,"font":"","enabled":false},"version":2}},"categories":[1],"tags":[],"class_list":["post-13633","post","type-post","status-publish","format-standard","has-post-thumbnail","hentry","category-atualidade"],"jetpack_publicize_connections":[],"jetpack_featured_media_url":"https:\/\/correiodasemana.com\/site\/wp-content\/uploads\/2020\/09\/Curso-Ultrassom-2.jpg","jetpack-related-posts":[{"id":9041,"url":"https:\/\/correiodasemana.com\/site\/medicos-e-residentes-da-santa-casa-de-sobral-participam-de-capacitacao-no-hospital-albert-einstein-em-sao-paulo\/","url_meta":{"origin":13633,"position":0},"title":"M\u00e9dicos e residentes da Santa Casa de Sobral participam de capacita\u00e7\u00e3o no Hospital Albert Einstein em S\u00e3o Paulo","author":"","date":"Setembro 8, 2019","format":false,"excerpt":"Santa Casa de Miseric\u00f3rdia de Sobral - Assessoria de Comunica\u00e7\u00e3o - Thais Menezes\/ Henrique Brito\/ Domingos Jr. Visando ampliar a qualidade e agilidade no atendimento, m\u00e9dicos e residentes da Santa Casa de Miseric\u00f3rdia de Sobral (SCMS) participaram, nos dias 2 e 3 de setembro, do curso \u201cQualifica\u00e7\u00e3o de Profissionais do\u2026","rel":"","context":"In &quot;Santa Casa&quot;","block_context":{"text":"Santa Casa","link":"https:\/\/correiodasemana.com\/site\/category\/santa-casa\/"},"img":{"alt_text":"","src":"https:\/\/i0.wp.com\/correiodasemana.com\/site\/wp-content\/uploads\/2019\/09\/Curso.jpg?resize=350%2C200&ssl=1","width":350,"height":200,"srcset":"https:\/\/i0.wp.com\/correiodasemana.com\/site\/wp-content\/uploads\/2019\/09\/Curso.jpg?resize=350%2C200&ssl=1 1x, https:\/\/i0.wp.com\/correiodasemana.com\/site\/wp-content\/uploads\/2019\/09\/Curso.jpg?resize=525%2C300&ssl=1 1.5x, https:\/\/i0.wp.com\/correiodasemana.com\/site\/wp-content\/uploads\/2019\/09\/Curso.jpg?resize=700%2C400&ssl=1 2x, https:\/\/i0.wp.com\/correiodasemana.com\/site\/wp-content\/uploads\/2019\/09\/Curso.jpg?resize=1050%2C600&ssl=1 3x"},"classes":[]},{"id":9089,"url":"https:\/\/correiodasemana.com\/site\/santa-casa-de-sobral-promove-curso-de-suporte-avancado-de-vida-em-cardiologia\/","url_meta":{"origin":13633,"position":1},"title":"Santa Casa de Sobral promove curso de Suporte Avan\u00e7ado de Vida em Cardiologia","author":"","date":"Setembro 15, 2019","format":false,"excerpt":"Forma\u00e7\u00e3o reuniu socorristas m\u00e9dicos, enfermeiros e residentes do setor de Emerg\u00eancia do Hospital Assessoria de Comunica\u00e7\u00e3o da Santa Casa de Miseric\u00f3rdia de Sobral A Santa Casa de Miseric\u00f3rdia de Sobral (SCMS), por meio do Departamento de Ensino, Pesquisa e Extens\u00e3o (DEPE) promoveu, nos dias 7 e 8 de setembro, o\u2026","rel":"","context":"In &quot;Santa Casa&quot;","block_context":{"text":"Santa Casa","link":"https:\/\/correiodasemana.com\/site\/category\/santa-casa\/"},"img":{"alt_text":"","src":"https:\/\/i0.wp.com\/correiodasemana.com\/site\/wp-content\/uploads\/2019\/09\/Foto-2-1.jpg?resize=350%2C200&ssl=1","width":350,"height":200,"srcset":"https:\/\/i0.wp.com\/correiodasemana.com\/site\/wp-content\/uploads\/2019\/09\/Foto-2-1.jpg?resize=350%2C200&ssl=1 1x, https:\/\/i0.wp.com\/correiodasemana.com\/site\/wp-content\/uploads\/2019\/09\/Foto-2-1.jpg?resize=525%2C300&ssl=1 1.5x, https:\/\/i0.wp.com\/correiodasemana.com\/site\/wp-content\/uploads\/2019\/09\/Foto-2-1.jpg?resize=700%2C400&ssl=1 2x, https:\/\/i0.wp.com\/correiodasemana.com\/site\/wp-content\/uploads\/2019\/09\/Foto-2-1.jpg?resize=1050%2C600&ssl=1 3x"},"classes":[]},{"id":9891,"url":"https:\/\/correiodasemana.com\/site\/profissionais-do-servico-de-maternidade-da-santa-casa-de-misericordia-de-sobral-participam-de-capacitacao-sobre-emergencias-obstetricas\/","url_meta":{"origin":13633,"position":2},"title":"Profissionais do servi\u00e7o de Maternidade da Santa Casa de Miseric\u00f3rdia de Sobral participam de capacita\u00e7\u00e3o sobre emerg\u00eancias obst\u00e9tricas","author":"","date":"Novembro 18, 2019","format":false,"excerpt":"A Santa Casa de Miseric\u00f3rdia de Sobral (SCMS), por meio do Departamento de Ensino, Pesquisa e Extens\u00e3o (DEPE) realizou, nos dias 9 e 10 de novembro, a primeira edi\u00e7\u00e3o do curso Advanced Life Support in Obstetricis (ALSO) \u2013 Suporte Avan\u00e7ado de Vida em Obstetr\u00edcia. O treinamento teve como objetivo capacitar\u2026","rel":"","context":"In &quot;Atualidade&quot;","block_context":{"text":"Atualidade","link":"https:\/\/correiodasemana.com\/site\/category\/atualidade\/"},"img":{"alt_text":"","src":"https:\/\/i0.wp.com\/correiodasemana.com\/site\/wp-content\/uploads\/2019\/11\/1-3.jpg?resize=350%2C200&ssl=1","width":350,"height":200,"srcset":"https:\/\/i0.wp.com\/correiodasemana.com\/site\/wp-content\/uploads\/2019\/11\/1-3.jpg?resize=350%2C200&ssl=1 1x, https:\/\/i0.wp.com\/correiodasemana.com\/site\/wp-content\/uploads\/2019\/11\/1-3.jpg?resize=525%2C300&ssl=1 1.5x, https:\/\/i0.wp.com\/correiodasemana.com\/site\/wp-content\/uploads\/2019\/11\/1-3.jpg?resize=700%2C400&ssl=1 2x, https:\/\/i0.wp.com\/correiodasemana.com\/site\/wp-content\/uploads\/2019\/11\/1-3.jpg?resize=1050%2C600&ssl=1 3x"},"classes":[]},{"id":11218,"url":"https:\/\/correiodasemana.com\/site\/santa-casa-de-misericordia-de-sobral-treina-profissionais-para-possiveis-casos-suspeitos-ou-confirmados-do-novo-coronavirus\/","url_meta":{"origin":13633,"position":3},"title":"Santa Casa de Miseric\u00f3rdia de Sobral treina profissionais para poss\u00edveis casos suspeitos ou confirmados do Novo Coronav\u00edrus","author":"","date":"Mar\u00e7o 18, 2020","format":false,"excerpt":"Organiza\u00e7\u00e3o Mundial da Sa\u00fade (OMS) declarou Pandemia depois de mais de 118 mil casos ao redor do mundo e 4.291 mortes nas \u00faltimas semanas. Com objetivo de treinar seus profissionais para correta condu\u00e7\u00e3o da assist\u00eancia a poss\u00edveis casos suspeitos ou confirmados do Novo Coronav\u00edrus (COVID-19), a Santa Casa de Miseric\u00f3rdia\u2026","rel":"","context":"In &quot;Santa Casa&quot;","block_context":{"text":"Santa Casa","link":"https:\/\/correiodasemana.com\/site\/category\/santa-casa\/"},"img":{"alt_text":"","src":"https:\/\/i0.wp.com\/correiodasemana.com\/site\/wp-content\/uploads\/2020\/03\/1.1-Palestra--scaled-e1584507158838.jpg?resize=350%2C200&ssl=1","width":350,"height":200,"srcset":"https:\/\/i0.wp.com\/correiodasemana.com\/site\/wp-content\/uploads\/2020\/03\/1.1-Palestra--scaled-e1584507158838.jpg?resize=350%2C200&ssl=1 1x, https:\/\/i0.wp.com\/correiodasemana.com\/site\/wp-content\/uploads\/2020\/03\/1.1-Palestra--scaled-e1584507158838.jpg?resize=525%2C300&ssl=1 1.5x, https:\/\/i0.wp.com\/correiodasemana.com\/site\/wp-content\/uploads\/2020\/03\/1.1-Palestra--scaled-e1584507158838.jpg?resize=700%2C400&ssl=1 2x, https:\/\/i0.wp.com\/correiodasemana.com\/site\/wp-content\/uploads\/2020\/03\/1.1-Palestra--scaled-e1584507158838.jpg?resize=1050%2C600&ssl=1 3x"},"classes":[]},{"id":8453,"url":"https:\/\/correiodasemana.com\/site\/santa-casa-capacita-corpo-clinico-para-padronizacao-de-exames-pre-operatorios\/","url_meta":{"origin":13633,"position":4},"title":"Santa Casa capacita corpo cl\u00ednico para padroniza\u00e7\u00e3o de exames pr\u00e9-operat\u00f3rios","author":"","date":"Julho 30, 2019","format":false,"excerpt":"Treinamento reuniu\u00a0m\u00e9dicos integrantes do corpo cl\u00ednico do hospital, m\u00e9dicos residentes em forma\u00e7\u00e3o na Santa Casa e internos das institui\u00e7\u00f5es conveniadas A Dire\u00e7\u00e3o da Santa Casa de Miseric\u00f3rdia de Sobral (SCMS), atrav\u00e9s do Departamento de Ensino Pesquisa e Extens\u00e3o (DEPE), realizou na tarde desta quarta-feira (24) Treinamento sobre o tema \u201cPr\u00e9-Operat\u00f3rio\u2026","rel":"","context":"In &quot;Santa Casa&quot;","block_context":{"text":"Santa Casa","link":"https:\/\/correiodasemana.com\/site\/category\/santa-casa\/"},"img":{"alt_text":"","src":"https:\/\/i0.wp.com\/correiodasemana.com\/site\/wp-content\/uploads\/2019\/07\/treinamento3.jpeg?resize=350%2C200&ssl=1","width":350,"height":200,"srcset":"https:\/\/i0.wp.com\/correiodasemana.com\/site\/wp-content\/uploads\/2019\/07\/treinamento3.jpeg?resize=350%2C200&ssl=1 1x, https:\/\/i0.wp.com\/correiodasemana.com\/site\/wp-content\/uploads\/2019\/07\/treinamento3.jpeg?resize=525%2C300&ssl=1 1.5x"},"classes":[]},{"id":13245,"url":"https:\/\/correiodasemana.com\/site\/medicos-residentes-e-enfermeiros-da-santa-casa-de-misericordia-de-sobral-participam-de-curso-para-melhorar-atendimento-a-criancas-gravemente-enfermas\/","url_meta":{"origin":13633,"position":5},"title":"M\u00e9dicos, residentes e enfermeiros da Santa Casa de Miseric\u00f3rdia de Sobral participam de curso para melhorar atendimento \u00e0 crian\u00e7as gravemente enfermas","author":"","date":"Agosto 31, 2020","format":false,"excerpt":"Treinamento fornece a atualiza\u00e7\u00e3o de diretrizes para Ressuscita\u00e7\u00e3o Cardiopulmonar (RCP) e Atendimento Cardiovascular de Emerg\u00eancia (ACE) em crian\u00e7as. Ascom Complexo SCMS Visando atualizar e organizar a assist\u00eancia prestada a crian\u00e7as gravemente doentes ou feridas, m\u00e9dicos, residentes e enfermeiros da Santa Casa de Miseric\u00f3rdia de Sobral (SCMS) participaram nos \u00faltimos dias\u2026","rel":"","context":"In &quot;Atualidade&quot;","block_context":{"text":"Atualidade","link":"https:\/\/correiodasemana.com\/site\/category\/atualidade\/"},"img":{"alt_text":"","src":"https:\/\/i0.wp.com\/correiodasemana.com\/site\/wp-content\/uploads\/2020\/08\/PALS-3.jpg?resize=350%2C200&ssl=1","width":350,"height":200,"srcset":"https:\/\/i0.wp.com\/correiodasemana.com\/site\/wp-content\/uploads\/2020\/08\/PALS-3.jpg?resize=350%2C200&ssl=1 1x, https:\/\/i0.wp.com\/correiodasemana.com\/site\/wp-content\/uploads\/2020\/08\/PALS-3.jpg?resize=525%2C300&ssl=1 1.5x, https:\/\/i0.wp.com\/correiodasemana.com\/site\/wp-content\/uploads\/2020\/08\/PALS-3.jpg?resize=700%2C400&ssl=1 2x"},"classes":[]}],"jetpack_sharing_enabled":true,"_links":{"self":[{"href":"https:\/\/correiodasemana.com\/site\/wp-json\/wp\/v2\/posts\/13633","targetHints":{"allow":["GET"]}}],"collection":[{"href":"https:\/\/correiodasemana.com\/site\/wp-json\/wp\/v2\/posts"}],"about":[{"href":"https:\/\/correiodasemana.com\/site\/wp-json\/wp\/v2\/types\/post"}],"author":[{"embeddable":true,"href":"https:\/\/correiodasemana.com\/site\/wp-json\/wp\/v2\/users\/1"}],"replies":[{"embeddable":true,"href":"https:\/\/correiodasemana.com\/site\/wp-json\/wp\/v2\/comments?post=13633"}],"version-history":[{"count":1,"href":"https:\/\/correiodasemana.com\/site\/wp-json\/wp\/v2\/posts\/13633\/revisions"}],"predecessor-version":[{"id":13636,"href":"https:\/\/correiodasemana.com\/site\/wp-json\/wp\/v2\/posts\/13633\/revisions\/13636"}],"wp:featuredmedia":[{"embeddable":true,"href":"https:\/\/correiodasemana.com\/site\/wp-json\/wp\/v2\/media\/13634"}],"wp:attachment":[{"href":"https:\/\/correiodasemana.com\/site\/wp-json\/wp\/v2\/media?parent=13633"}],"wp:term":[{"taxonomy":"category","embeddable":true,"href":"https:\/\/correiodasemana.com\/site\/wp-json\/wp\/v2\/categories?post=13633"},{"taxonomy":"post_tag","embeddable":true,"href":"https:\/\/correiodasemana.com\/site\/wp-json\/wp\/v2\/tags?post=13633"}],"curies":[{"name":"wp","href":"https:\/\/api.w.org\/{rel}","templated":true}]}}