{"id":13651,"date":"2020-09-21T00:51:53","date_gmt":"2020-09-21T03:51:53","guid":{"rendered":"https:\/\/correiodasemana.com\/site\/?p=13651"},"modified":"2020-09-21T00:51:53","modified_gmt":"2020-09-21T03:51:53","slug":"conversa-livre-projeto-colaborativo-criado-por-estudante-sobralense-ganha-forca-nas-redes-sociais","status":"publish","type":"post","link":"https:\/\/correiodasemana.com\/site\/conversa-livre-projeto-colaborativo-criado-por-estudante-sobralense-ganha-forca-nas-redes-sociais\/","title":{"rendered":"Conversa Livre: projeto colaborativo criado por estudante sobralense ganha for\u00e7a nas redes sociais"},"content":{"rendered":"<p>Por Joc\u00e9lio Tavares.<br \/>\nFoto: Reprodu\u00e7\u00e3o.<\/p>\n<p>Surgido em meio \u00e0 pandemia do novo coronav\u00edrus e idealizado pela estudante de Jornalismo Sarah Braga (22), o projeto Conversa Livre, no ar desde junho de 2020, vem chamando a aten\u00e7\u00e3o dos usu\u00e1rios da rede social Instagram nos \u00faltimos meses.<br \/>\nO projeto, que j\u00e1 conta com mais de 40 publica\u00e7\u00f5es, em sua maioria produ\u00e7\u00f5es audiovisuais, \u00e9 formado por quadros fixos que v\u00e3o ao ar semanalmente e abordam diferentes temas, desde quest\u00f5es jur\u00eddicas e casos judicias que ganharam destaque internacional, at\u00e9 resenhas sobre m\u00fasica pop e quest\u00f5es ambientais.<br \/>\n\u201cSempre tive um prop\u00f3sito com a comunica\u00e7\u00e3o, com o jornalismo. Em meio a tantas ideias e planejamentos, o Conversa Livre surgiu como uma forma de continuidade desse prop\u00f3sito, de se ter um projeto colaborativo que explora todas as formas de se comunicar e fazer jornalismo na rede social, sendo mais precisa, no Instagram\u201d, comenta Sarah.<br \/>\nComposto em sua maioria por uma equipe de jovens universit\u00e1rios, o Conversa Livre, conta com onze integrantes, que se dividem na produ\u00e7\u00e3o do conte\u00fado que vai ao ar. O material, hoje, j\u00e1 consegue alcan\u00e7ar diferentes p\u00fablicos.<br \/>\nSobre esse alcance, Ariely Menezes, vice-diretora do projeto, comenta: \u201cAcredito que seja pela variedade de conte\u00fados que s\u00e3o passados nos quadros, bem como a din\u00e2mica dentro deles. Al\u00e9m de abordarmos diferentes temas no projeto, h\u00e1 a rotatividade de pessoas, tornando tudo mais interessante e menos cansativo para quem assiste\u201d.<br \/>\nApesar de estar h\u00e1 pouco tempo no ar, o projeto segue alcan\u00e7ando resultados positivos e seus v\u00eddeos j\u00e1 atingem uma m\u00e9dia de 700 visualiza\u00e7\u00f5es, com algumas produ\u00e7\u00f5es chegando a ultrapassar a marca de 1.500 visualiza\u00e7\u00f5es.<br \/>\n\u201cO Conversa Livre me proporcionou uma vasta experi\u00eancia sobre conte\u00fados novos que expandiram meu conhecimento de mundo, fora que al\u00e9m de toda essa experi\u00eancia, tenho aprendido que n\u00e3o existe somente uma forma de \u201censinar direito\u201d e o quanto \u00e9 prazeroso conseguir repassar isso de uma forma diferente e criativa\u201d, diz Larissa Ximenes, acad\u00eamica de Direito e membro do projeto.<br \/>\nIntegram, ainda, o time do Conversa Livre, os produtores de conte\u00fado Jota Tavares, Gustavo Vieira, Ant\u00f4nio Jos\u00e9, Kepler Magalh\u00e3es, Andr\u00e9 Lu\u00eds Nascimento, Vict\u00f3rya M\u00e1rjory Silva, Ruan Lucas e Philipe Oliveira.<br \/>\n\u201cConseguir unir um prop\u00f3sito com uma turma de mente criativa e inovadora foi e vem sendo bem mais grandioso do que meu imagin\u00e1rio\u201d, finaliza Sarah.<\/p>\n","protected":false},"excerpt":{"rendered":"<p>Por Joc\u00e9lio Tavares. Foto: Reprodu\u00e7\u00e3o. Surgido em meio \u00e0 pandemia do novo coronav\u00edrus e idealizado&#8230;<\/p>\n","protected":false},"author":1,"featured_media":13652,"comment_status":"open","ping_status":"open","sticky":false,"template":"","format":"standard","meta":{"_jetpack_memberships_contains_paid_content":false,"footnotes":"","jetpack_publicize_message":"","jetpack_publicize_feature_enabled":true,"jetpack_social_post_already_shared":true,"jetpack_social_options":{"image_generator_settings":{"template":"highway","default_image_id":0,"font":"","enabled":false},"version":2}},"categories":[1],"tags":[],"class_list":["post-13651","post","type-post","status-publish","format-standard","has-post-thumbnail","hentry","category-atualidade"],"jetpack_publicize_connections":[],"jetpack_featured_media_url":"https:\/\/correiodasemana.com\/site\/wp-content\/uploads\/2020\/09\/WhatsApp-Image-2020-09-16-at-11.34.19.jpeg","jetpack-related-posts":[{"id":13866,"url":"https:\/\/correiodasemana.com\/site\/agenda-uninta-10\/","url_meta":{"origin":13651,"position":0},"title":"Agenda UNINTA","author":"","date":"Outubro 4, 2020","format":false,"excerpt":"Jornalismo em Pauta O projeto Conversa Livre, que \u00e9 idealizado por Sarah Braga, estudante do \u00faltimo per\u00edodo de jornalismo do Centro Universit\u00e1rio Inta (UNINTA) e vem se destacando nas redes sociais por trazer debates importantes para juventude. Para conferir \u00e9 s\u00f3 acessar o instagram @conversalivree e seguir a turma. Novos\u2026","rel":"","context":"In &quot;Agenda Uninta&quot;","block_context":{"text":"Agenda Uninta","link":"https:\/\/correiodasemana.com\/site\/category\/agenda-uninta\/"},"img":{"alt_text":"","src":"https:\/\/i0.wp.com\/correiodasemana.com\/site\/wp-content\/uploads\/2020\/10\/Captura-de-Tela-2020-10-01-a-s-14.47.59.png?resize=350%2C200&ssl=1","width":350,"height":200},"classes":[]},{"id":34948,"url":"https:\/\/correiodasemana.com\/site\/em-tempo-288\/","url_meta":{"origin":13651,"position":1},"title":"EM TEMPO \u2022","author":"adminredacao","date":"Agosto 4, 2025","format":false,"excerpt":"Selo de Equidade de G\u00eanero e Inclus\u00e3o A Universidade Estadual Vale do Acara\u00fa (UVA), em Sobral, foi agraciada com o Selo de Equidade de G\u00eanero e Inclus\u00e3o, concedido pela Secretaria das Mulheres do Cear\u00e1, gra\u00e7as ao conjunto das a\u00e7\u00f5es de ensino, pesquisa e extens\u00e3o, Sala Girassol e Comiss\u00e3o de Ass\u00e9dio.\u2026","rel":"","context":"In &quot;Artigos&quot;","block_context":{"text":"Artigos","link":"https:\/\/correiodasemana.com\/site\/category\/artigos\/"},"img":{"alt_text":"","src":"https:\/\/i0.wp.com\/correiodasemana.com\/site\/wp-content\/uploads\/2025\/08\/Ana-Maria-Goncalves-150x150.png?resize=350%2C200&ssl=1","width":350,"height":200,"srcset":"https:\/\/i0.wp.com\/correiodasemana.com\/site\/wp-content\/uploads\/2025\/08\/Ana-Maria-Goncalves-150x150.png?resize=350%2C200&ssl=1 1x, https:\/\/i0.wp.com\/correiodasemana.com\/site\/wp-content\/uploads\/2025\/08\/Ana-Maria-Goncalves-150x150.png?resize=525%2C300&ssl=1 1.5x, https:\/\/i0.wp.com\/correiodasemana.com\/site\/wp-content\/uploads\/2025\/08\/Ana-Maria-Goncalves-150x150.png?resize=700%2C400&ssl=1 2x"},"classes":[]},{"id":27330,"url":"https:\/\/correiodasemana.com\/site\/em-tempo-202\/","url_meta":{"origin":13651,"position":2},"title":"EM TEMPO \u2022","author":"adminredacao","date":"Novembro 20, 2023","format":false,"excerpt":"IV Sal\u00e3o Universit\u00e1rio da UFC A Pr\u00f3-Reitoria de Cultura e o Museu de Arte da Universidade Federal do Cear\u00e1 (UFC) lan\u00e7aram, dia de 11 de novembro, o IV Sal\u00e3o Universit\u00e1rio, ap\u00f3s 40 anos desde a \u00faltima edi\u00e7\u00e3o. Evento acontece em parceria com a Funda\u00e7\u00e3o Nacional de Artes, com o projeto\u2026","rel":"","context":"In &quot;Artigos&quot;","block_context":{"text":"Artigos","link":"https:\/\/correiodasemana.com\/site\/category\/artigos\/"},"img":{"alt_text":"","src":"https:\/\/i0.wp.com\/correiodasemana.com\/site\/wp-content\/uploads\/2023\/11\/Ze-300x200.jpeg?resize=350%2C200&ssl=1","width":350,"height":200},"classes":[]},{"id":19128,"url":"https:\/\/correiodasemana.com\/site\/em-tempo-123\/","url_meta":{"origin":13651,"position":3},"title":"Em Tempo","author":"","date":"Mar\u00e7o 7, 2022","format":false,"excerpt":"APA Ber\u00e7\u00e1rios da Vida Marinha O Cear\u00e1 ganhou, no dia 1 de mar\u00e7o, mais uma\u00a0\u00c1rea de Prote\u00e7\u00e3o Ambiental (APA). Desta vez, localizada no munic\u00edpio de Icapu\u00ed, a \u00e1rea de prote\u00e7\u00e3o de vida marinha tem o objetivo de proteger as aves lim\u00edcolas e os locais de reprodu\u00e7\u00e3o e alimenta\u00e7\u00e3o do peixe-boi\u2026","rel":"","context":"In &quot;Artigos&quot;","block_context":{"text":"Artigos","link":"https:\/\/correiodasemana.com\/site\/category\/artigos\/"},"img":{"alt_text":"","src":"https:\/\/i0.wp.com\/correiodasemana.com\/site\/wp-content\/uploads\/2022\/03\/RAFAEL-276x300.jpg?resize=350%2C200&ssl=1","width":350,"height":200},"classes":[]},{"id":9430,"url":"https:\/\/correiodasemana.com\/site\/projeto-de-musica-da-universidade-federal-do-ceara-ufc-auxilia-no-aprendizado-de-estudantes-em-sobral\/","url_meta":{"origin":13651,"position":4},"title":"Projeto de m\u00fasica da Universidade Federal do Cear\u00e1 (UFC) auxilia no aprendizado de estudantes em Sobral","author":"","date":"Outubro 14, 2019","format":false,"excerpt":"A m\u00fasica \u00e9 reconhecida por muitos pesquisadores como uma esp\u00e9cie de modalidade que desenvolve a mente humana, promove o equil\u00edbrio, proporcionando um estado agrad\u00e1vel de bem-estar, facilitando a concentra\u00e7\u00e3o e o desenvolvimento do racioc\u00ednio. O uso correto da m\u00fasica pode dar bons resultados na sala de aula. Em Sobral, uma\u2026","rel":"","context":"In &quot;Atualidade&quot;","block_context":{"text":"Atualidade","link":"https:\/\/correiodasemana.com\/site\/category\/atualidade\/"},"img":{"alt_text":"","src":"https:\/\/i0.wp.com\/correiodasemana.com\/site\/wp-content\/uploads\/2019\/10\/FOTO-1.jpg?resize=350%2C200&ssl=1","width":350,"height":200,"srcset":"https:\/\/i0.wp.com\/correiodasemana.com\/site\/wp-content\/uploads\/2019\/10\/FOTO-1.jpg?resize=350%2C200&ssl=1 1x, https:\/\/i0.wp.com\/correiodasemana.com\/site\/wp-content\/uploads\/2019\/10\/FOTO-1.jpg?resize=525%2C300&ssl=1 1.5x, https:\/\/i0.wp.com\/correiodasemana.com\/site\/wp-content\/uploads\/2019\/10\/FOTO-1.jpg?resize=700%2C400&ssl=1 2x"},"classes":[]},{"id":11315,"url":"https:\/\/correiodasemana.com\/site\/agenda-uninta-4\/","url_meta":{"origin":13651,"position":5},"title":"Agenda Uninta","author":"","date":"Maio 7, 2020","format":false,"excerpt":"Informar \u00e9 preciso O curso de jornalismo do UNINTA n\u00e3o para. De forma remota os professores e estudantes continuam com os projetos de extens\u00e3o e quem segue o curso nas redes sociais pode acompanhar ciclos de palestras, podcasts, v\u00eddeos e lives com muitas informa\u00e7\u00f5es e ensinamentos. Celebrar \u00e9 vida O\u2026","rel":"","context":"In &quot;Agenda Uninta&quot;","block_context":{"text":"Agenda Uninta","link":"https:\/\/correiodasemana.com\/site\/category\/agenda-uninta\/"},"img":{"alt_text":"","src":"https:\/\/i0.wp.com\/correiodasemana.com\/site\/wp-content\/uploads\/2020\/05\/Turma-do-Alo-Universita-rio-09.jpg?resize=350%2C200&ssl=1","width":350,"height":200,"srcset":"https:\/\/i0.wp.com\/correiodasemana.com\/site\/wp-content\/uploads\/2020\/05\/Turma-do-Alo-Universita-rio-09.jpg?resize=350%2C200&ssl=1 1x, https:\/\/i0.wp.com\/correiodasemana.com\/site\/wp-content\/uploads\/2020\/05\/Turma-do-Alo-Universita-rio-09.jpg?resize=525%2C300&ssl=1 1.5x, https:\/\/i0.wp.com\/correiodasemana.com\/site\/wp-content\/uploads\/2020\/05\/Turma-do-Alo-Universita-rio-09.jpg?resize=700%2C400&ssl=1 2x, https:\/\/i0.wp.com\/correiodasemana.com\/site\/wp-content\/uploads\/2020\/05\/Turma-do-Alo-Universita-rio-09.jpg?resize=1050%2C600&ssl=1 3x"},"classes":[]}],"jetpack_sharing_enabled":true,"_links":{"self":[{"href":"https:\/\/correiodasemana.com\/site\/wp-json\/wp\/v2\/posts\/13651","targetHints":{"allow":["GET"]}}],"collection":[{"href":"https:\/\/correiodasemana.com\/site\/wp-json\/wp\/v2\/posts"}],"about":[{"href":"https:\/\/correiodasemana.com\/site\/wp-json\/wp\/v2\/types\/post"}],"author":[{"embeddable":true,"href":"https:\/\/correiodasemana.com\/site\/wp-json\/wp\/v2\/users\/1"}],"replies":[{"embeddable":true,"href":"https:\/\/correiodasemana.com\/site\/wp-json\/wp\/v2\/comments?post=13651"}],"version-history":[{"count":1,"href":"https:\/\/correiodasemana.com\/site\/wp-json\/wp\/v2\/posts\/13651\/revisions"}],"predecessor-version":[{"id":13653,"href":"https:\/\/correiodasemana.com\/site\/wp-json\/wp\/v2\/posts\/13651\/revisions\/13653"}],"wp:featuredmedia":[{"embeddable":true,"href":"https:\/\/correiodasemana.com\/site\/wp-json\/wp\/v2\/media\/13652"}],"wp:attachment":[{"href":"https:\/\/correiodasemana.com\/site\/wp-json\/wp\/v2\/media?parent=13651"}],"wp:term":[{"taxonomy":"category","embeddable":true,"href":"https:\/\/correiodasemana.com\/site\/wp-json\/wp\/v2\/categories?post=13651"},{"taxonomy":"post_tag","embeddable":true,"href":"https:\/\/correiodasemana.com\/site\/wp-json\/wp\/v2\/tags?post=13651"}],"curies":[{"name":"wp","href":"https:\/\/api.w.org\/{rel}","templated":true}]}}