{"id":13656,"date":"2020-09-21T00:53:59","date_gmt":"2020-09-21T03:53:59","guid":{"rendered":"https:\/\/correiodasemana.com\/site\/?p=13656"},"modified":"2020-09-21T00:53:59","modified_gmt":"2020-09-21T03:53:59","slug":"um-sonho-duplamente-franciscano","status":"publish","type":"post","link":"https:\/\/correiodasemana.com\/site\/um-sonho-duplamente-franciscano\/","title":{"rendered":"Um sonho duplamente franciscano"},"content":{"rendered":"<p>Mais uma vez, em conson\u00e2ncia com Francisco de Assis, o nosso santo Padre, o Francisco de Roma, lan\u00e7ar\u00e1 uma enc\u00edclica baseada em um ensinamento franciscano. Intitulada de Fratelli tutti (Todos irm\u00e3os), o documento trata da fraternidade humana e da amizade social. O tema \u00e9 pertinente e atual, pois o mundo est\u00e1 submetido a uma situa\u00e7\u00e3o comum, na qual todos s\u00e3o chamados a serem irm\u00e3os na dor.<br \/>\nDesse modo, enquanto sofremos uma pandemia que coloca tantos povos em dificuldade, \u00e9 mais do que salutar resgatar o Santo que viu a fraternidade em cada criatura de Deus e a transformou em um canto, t\u00e3o antigo e novo, o C\u00e2ntico das Criaturas, que inclusive j\u00e1 inspirou o Papa Francisco na enc\u00edclica Laudato si (2015). De fato, o papa tem assumido os ideais franciscanos em seu magist\u00e9rio.<br \/>\nDesta vez, o sonho da fraternidade universal, sonhado por Francisco de Assis e pelo Francisco de Roma, \u00e9 resgatado a fim de que haja uma irmandade verdadeira e concreta entre os povos, transformada em a\u00e7\u00f5es efetivas. Uma fraternidade que deve ser exercida com o pr\u00f3ximo que est\u00e1 do nosso lado e com o pr\u00f3ximo que se encontra distante, em outros pa\u00edses, mas que necessita de ajuda.<br \/>\nPortanto, o Papa Francisco nos interpela a exercer uma amizade social no dia-a-dia, e interpela tamb\u00e9m os governantes, os chefes das na\u00e7\u00f5es a dialogaram e ajudarem seus povos com ajudas m\u00fatuas. A fraternidade deve brotar da f\u00e9 em Deus, que \u00e9 Pai de todos e Pai da paz e deve ser realizada em grandes e pequenos gestos de solidariedade.<br \/>\nTamb\u00e9m vale salientar a quest\u00e3o da unidade entre os povos, das na\u00e7\u00f5es que h\u00e1 tantos anos vivem conflitos desastrosos e tamb\u00e9m da urg\u00eancia de se promover a unidade entre as religi\u00f5es e dentro da pr\u00f3pria Igreja Cat\u00f3lica. S\u00e3o quest\u00f5es que passam pela conscientiza\u00e7\u00e3o de que todos somos irm\u00e3os. Irm\u00e3os na prosperidade, irm\u00e3os na dor e na car\u00eancia.<br \/>\nN\u00e3o h\u00e1 tempo de divis\u00e3o de grupos, povos ou religi\u00f5es, mas h\u00e1 uma constante necessidade de promover a solidariedade universal ou mesmo a fraternidade c\u00f3smica de Francisco de Assis, que chamava at\u00e9 o Sol e a Lua de irm\u00e3os. \u201cTodos irm\u00e3os\u201d \u00e9 o apelo e a convoca\u00e7\u00e3o do sucessor de Pedro, que assinar\u00e1 a nova enc\u00edclica no dia 03 de outubro, na Bas\u00edlica de Assis.<br \/>\n\u00c9, portanto, um exerc\u00edcio constante que deve ser assumido por cada crist\u00e3o: sob a paternidade de Deus, a irmandade dos homens. Eis um sonho duplamente franciscano! N\u00e3o uma utopia, mas sim um sonho realiz\u00e1vel, que precisa da colabora\u00e7\u00e3o de cada um para curar as feridas da humanidade.<\/p>\n","protected":false},"excerpt":{"rendered":"<p>Mais uma vez, em conson\u00e2ncia com Francisco de Assis, o nosso santo Padre, o Francisco&#8230;<\/p>\n","protected":false},"author":1,"featured_media":7865,"comment_status":"open","ping_status":"open","sticky":false,"template":"","format":"standard","meta":{"_jetpack_memberships_contains_paid_content":false,"footnotes":"","jetpack_publicize_message":"","jetpack_publicize_feature_enabled":true,"jetpack_social_post_already_shared":true,"jetpack_social_options":{"image_generator_settings":{"template":"highway","default_image_id":0,"font":"","enabled":false},"version":2}},"categories":[11,4,20,39],"tags":[],"class_list":["post-13656","post","type-post","status-publish","format-standard","has-post-thumbnail","hentry","category-artigos","category-diocese","category-editorial","category-igreja"],"jetpack_publicize_connections":[],"jetpack_featured_media_url":"https:\/\/correiodasemana.com\/site\/wp-content\/uploads\/2018\/02\/editorial-cs.jpg","jetpack-related-posts":[{"id":15678,"url":"https:\/\/correiodasemana.com\/site\/a-fraternidade-humana-vamos-sonhar-juntos\/","url_meta":{"origin":13656,"position":0},"title":"A fraternidade humana: vamos sonhar juntos?","author":"","date":"Fevereiro 6, 2021","format":false,"excerpt":"Foi celebrado no dia de ontem, 4 de fevereiro, o 1\u00ba Dia Internacional da Fraternidade Humana, estabelecido numa recente Resolu\u00e7\u00e3o da Assembleia Geral das Na\u00e7\u00f5es Unidas. O Papa Francisco tratou do tema da \u201cFraternidade Humana\u201d na sua \u00faltima Enc\u00edclica Fratelli tutti, publicada em 4 de outubro de 2020. Na quarta-feira,\u2026","rel":"","context":"In &quot;A voz do Pastor&quot;","block_context":{"text":"A voz do Pastor","link":"https:\/\/correiodasemana.com\/site\/category\/a-voz-do-pastor\/"},"img":{"alt_text":"","src":"https:\/\/i0.wp.com\/correiodasemana.com\/site\/wp-content\/uploads\/2018\/02\/Dom-Vasconcelos-posses.jpg?resize=350%2C200&ssl=1","width":350,"height":200,"srcset":"https:\/\/i0.wp.com\/correiodasemana.com\/site\/wp-content\/uploads\/2018\/02\/Dom-Vasconcelos-posses.jpg?resize=350%2C200&ssl=1 1x, https:\/\/i0.wp.com\/correiodasemana.com\/site\/wp-content\/uploads\/2018\/02\/Dom-Vasconcelos-posses.jpg?resize=525%2C300&ssl=1 1.5x, https:\/\/i0.wp.com\/correiodasemana.com\/site\/wp-content\/uploads\/2018\/02\/Dom-Vasconcelos-posses.jpg?resize=700%2C400&ssl=1 2x"},"classes":[]},{"id":28387,"url":"https:\/\/correiodasemana.com\/site\/cnbb-divulga-cartaz-e-oracao-da-campanha-da-fraternidade-2024\/","url_meta":{"origin":13656,"position":1},"title":"CNBB divulga cartaz e ora\u00e7\u00e3o da Campanha da Fraternidade 2024","author":"adminredacao","date":"Fevereiro 15, 2024","format":false,"excerpt":"Cartaz tem representa\u00e7\u00e3o do Papa Francisco em refer\u00eancia \u00e0 Enc\u00edclica Fratelli Tutti, inspira\u00e7\u00e3o do tema da campanha Da Reda\u00e7\u00e3o, com CNBB A Confer\u00eancia Nacional dos Bispos do Brasil (CNBB) lan\u00e7ou, nesta ter\u00e7a-feira, 25, o cartaz e a ora\u00e7\u00e3o da Campanha da Fraternidade 2024. O tema escolhido \u00e9 \u201cFraternidade e Amizade\u2026","rel":"","context":"In &quot;Atualidade&quot;","block_context":{"text":"Atualidade","link":"https:\/\/correiodasemana.com\/site\/category\/atualidade\/"},"img":{"alt_text":"","src":"https:\/\/i0.wp.com\/correiodasemana.com\/site\/wp-content\/uploads\/2024\/02\/CF2024-cartaz.jpg?resize=350%2C200&ssl=1","width":350,"height":200,"srcset":"https:\/\/i0.wp.com\/correiodasemana.com\/site\/wp-content\/uploads\/2024\/02\/CF2024-cartaz.jpg?resize=350%2C200&ssl=1 1x, https:\/\/i0.wp.com\/correiodasemana.com\/site\/wp-content\/uploads\/2024\/02\/CF2024-cartaz.jpg?resize=525%2C300&ssl=1 1.5x, https:\/\/i0.wp.com\/correiodasemana.com\/site\/wp-content\/uploads\/2024\/02\/CF2024-cartaz.jpg?resize=700%2C400&ssl=1 2x, https:\/\/i0.wp.com\/correiodasemana.com\/site\/wp-content\/uploads\/2024\/02\/CF2024-cartaz.jpg?resize=1050%2C600&ssl=1 3x, https:\/\/i0.wp.com\/correiodasemana.com\/site\/wp-content\/uploads\/2024\/02\/CF2024-cartaz.jpg?resize=1400%2C800&ssl=1 4x"},"classes":[]},{"id":16825,"url":"https:\/\/correiodasemana.com\/site\/o-sonho-da-comunhao-universal\/","url_meta":{"origin":13656,"position":2},"title":"O sonho da comunh\u00e3o universal","author":"","date":"Junho 21, 2021","format":false,"excerpt":"Passados quase nove meses da assinatura da Carta Enc\u00edclica do Papa Francisco Fratelli Tutti, podemos ver os frutos que ela tem gestado no seio do mundo. S\u00e3o muitos congressos, palestras, cursos sobre a enc\u00edclica, o que nos faz pensar na amplitude e no alcance mundial do texto. O papa da\u2026","rel":"","context":"In &quot;Artigos&quot;","block_context":{"text":"Artigos","link":"https:\/\/correiodasemana.com\/site\/category\/artigos\/"},"img":{"alt_text":"","src":"https:\/\/i0.wp.com\/correiodasemana.com\/site\/wp-content\/uploads\/2018\/02\/editorial-cs.jpg?resize=350%2C200&ssl=1","width":350,"height":200,"srcset":"https:\/\/i0.wp.com\/correiodasemana.com\/site\/wp-content\/uploads\/2018\/02\/editorial-cs.jpg?resize=350%2C200&ssl=1 1x, https:\/\/i0.wp.com\/correiodasemana.com\/site\/wp-content\/uploads\/2018\/02\/editorial-cs.jpg?resize=525%2C300&ssl=1 1.5x"},"classes":[]},{"id":37546,"url":"https:\/\/correiodasemana.com\/site\/o-complexo-santa-casa-de-misericordia-de-sobral-scms-passara-a-ser-gerido-pela-fraternidade-sao-francisco-de-assis-na-providencia-de-deus\/","url_meta":{"origin":13656,"position":3},"title":"O Complexo Santa Casa de Miseric\u00f3rdia de Sobral (SCMS) passar\u00e1 a ser gerido pela Fraternidade S\u00e3o Francisco de Assis na Provid\u00eancia de Deus","author":"adminredacao","date":"Fevereiro 23, 2026","format":false,"excerpt":"O Complexo Santa Casa de Miseric\u00f3rdia de Sobral (SCMS) passar\u00e1 a ser gerido pela Fraternidade S\u00e3o Francisco de Assis na Provid\u00eancia de Deus. A Associa\u00e7\u00e3o Santa Casa de Miseric\u00f3rdia de Sobral, respons\u00e1vel pela administra\u00e7\u00e3o do Complexo, reuniu-se nesta sexta-feira, 20, e elegeu o administrador e religioso Frei Bartolomeu Schultz como\u2026","rel":"","context":"In &quot;Atualidade&quot;","block_context":{"text":"Atualidade","link":"https:\/\/correiodasemana.com\/site\/category\/atualidade\/"},"img":{"alt_text":"","src":"https:\/\/i0.wp.com\/correiodasemana.com\/site\/wp-content\/uploads\/2026\/02\/Franciscanos-na-Santa-Casa-8.jpeg?resize=350%2C200&ssl=1","width":350,"height":200,"srcset":"https:\/\/i0.wp.com\/correiodasemana.com\/site\/wp-content\/uploads\/2026\/02\/Franciscanos-na-Santa-Casa-8.jpeg?resize=350%2C200&ssl=1 1x, https:\/\/i0.wp.com\/correiodasemana.com\/site\/wp-content\/uploads\/2026\/02\/Franciscanos-na-Santa-Casa-8.jpeg?resize=525%2C300&ssl=1 1.5x, https:\/\/i0.wp.com\/correiodasemana.com\/site\/wp-content\/uploads\/2026\/02\/Franciscanos-na-Santa-Casa-8.jpeg?resize=700%2C400&ssl=1 2x, https:\/\/i0.wp.com\/correiodasemana.com\/site\/wp-content\/uploads\/2026\/02\/Franciscanos-na-Santa-Casa-8.jpeg?resize=1050%2C600&ssl=1 3x"},"classes":[]},{"id":37099,"url":"https:\/\/correiodasemana.com\/site\/papa-leao-institui-ano-jubilar-em-alusao-aos-800-anos-da-morte-de-sao-francisco\/","url_meta":{"origin":13656,"position":4},"title":"Papa Le\u00e3o institui Ano Jubilar em alus\u00e3o aos 800 anos da morte de S\u00e3o Francisco","author":"adminredacao","date":"Janeiro 17, 2026","format":false,"excerpt":"Marcando os 800 anos da morte de S\u00e3o Francisco de Assis, o Papa Le\u00e3o instituiu oficialmente o Ano Jubilar Franciscano, convidando toda a Igreja a viver um tempo especial de gra\u00e7a, convers\u00e3o e renova\u00e7\u00e3o espiritual, inspirado no carisma do santo de Assis. O Jubileu ser\u00e1 encerrado no dia 10 de\u2026","rel":"","context":"In &quot;Atualidade&quot;","block_context":{"text":"Atualidade","link":"https:\/\/correiodasemana.com\/site\/category\/atualidade\/"},"img":{"alt_text":"","src":"https:\/\/i0.wp.com\/correiodasemana.com\/site\/wp-content\/uploads\/2026\/01\/62f43ed0-fc9e-47ed-aeb3-4b71503c7b17.jpeg?resize=350%2C200&ssl=1","width":350,"height":200,"srcset":"https:\/\/i0.wp.com\/correiodasemana.com\/site\/wp-content\/uploads\/2026\/01\/62f43ed0-fc9e-47ed-aeb3-4b71503c7b17.jpeg?resize=350%2C200&ssl=1 1x, https:\/\/i0.wp.com\/correiodasemana.com\/site\/wp-content\/uploads\/2026\/01\/62f43ed0-fc9e-47ed-aeb3-4b71503c7b17.jpeg?resize=525%2C300&ssl=1 1.5x, https:\/\/i0.wp.com\/correiodasemana.com\/site\/wp-content\/uploads\/2026\/01\/62f43ed0-fc9e-47ed-aeb3-4b71503c7b17.jpeg?resize=700%2C400&ssl=1 2x"},"classes":[]},{"id":15794,"url":"https:\/\/correiodasemana.com\/site\/mensagem-do-papa-francisco-para-a-campanha-da-fraternidade-ecumenica-2021\/","url_meta":{"origin":13656,"position":5},"title":"MENSAGEM DO PAPA FRANCISCO PARA A CAMPANHA DA FRATERNIDADE ECUM\u00caNICA\u00a02021","author":"","date":"Fevereiro 24, 2021","format":false,"excerpt":"Queridos irm\u00e3os e irm\u00e3s do Brasil! Com o in\u00edcio da Quaresma, somos convidados a um tempo de intensa reflex\u00e3o e revis\u00e3o de nossas vidas. O Senhor Jesus, que nos convida a caminhar com Ele pelo deserto rumo \u00e0 vit\u00f3ria pascal sobre o pecado e a morte, faz-se peregrino conosco tamb\u00e9m\u2026","rel":"","context":"In &quot;A voz do Pastor&quot;","block_context":{"text":"A voz do Pastor","link":"https:\/\/correiodasemana.com\/site\/category\/a-voz-do-pastor\/"},"img":{"alt_text":"","src":"https:\/\/i0.wp.com\/correiodasemana.com\/site\/wp-content\/uploads\/2019\/07\/Dom-Vasconcelos-posses.jpg?resize=350%2C200&ssl=1","width":350,"height":200,"srcset":"https:\/\/i0.wp.com\/correiodasemana.com\/site\/wp-content\/uploads\/2019\/07\/Dom-Vasconcelos-posses.jpg?resize=350%2C200&ssl=1 1x, https:\/\/i0.wp.com\/correiodasemana.com\/site\/wp-content\/uploads\/2019\/07\/Dom-Vasconcelos-posses.jpg?resize=525%2C300&ssl=1 1.5x, https:\/\/i0.wp.com\/correiodasemana.com\/site\/wp-content\/uploads\/2019\/07\/Dom-Vasconcelos-posses.jpg?resize=700%2C400&ssl=1 2x"},"classes":[]}],"jetpack_sharing_enabled":true,"_links":{"self":[{"href":"https:\/\/correiodasemana.com\/site\/wp-json\/wp\/v2\/posts\/13656","targetHints":{"allow":["GET"]}}],"collection":[{"href":"https:\/\/correiodasemana.com\/site\/wp-json\/wp\/v2\/posts"}],"about":[{"href":"https:\/\/correiodasemana.com\/site\/wp-json\/wp\/v2\/types\/post"}],"author":[{"embeddable":true,"href":"https:\/\/correiodasemana.com\/site\/wp-json\/wp\/v2\/users\/1"}],"replies":[{"embeddable":true,"href":"https:\/\/correiodasemana.com\/site\/wp-json\/wp\/v2\/comments?post=13656"}],"version-history":[{"count":1,"href":"https:\/\/correiodasemana.com\/site\/wp-json\/wp\/v2\/posts\/13656\/revisions"}],"predecessor-version":[{"id":13657,"href":"https:\/\/correiodasemana.com\/site\/wp-json\/wp\/v2\/posts\/13656\/revisions\/13657"}],"wp:featuredmedia":[{"embeddable":true,"href":"https:\/\/correiodasemana.com\/site\/wp-json\/wp\/v2\/media\/7865"}],"wp:attachment":[{"href":"https:\/\/correiodasemana.com\/site\/wp-json\/wp\/v2\/media?parent=13656"}],"wp:term":[{"taxonomy":"category","embeddable":true,"href":"https:\/\/correiodasemana.com\/site\/wp-json\/wp\/v2\/categories?post=13656"},{"taxonomy":"post_tag","embeddable":true,"href":"https:\/\/correiodasemana.com\/site\/wp-json\/wp\/v2\/tags?post=13656"}],"curies":[{"name":"wp","href":"https:\/\/api.w.org\/{rel}","templated":true}]}}