{"id":13709,"date":"2020-09-23T14:38:32","date_gmt":"2020-09-23T17:38:32","guid":{"rendered":"https:\/\/correiodasemana.com\/site\/?p=13709"},"modified":"2020-09-23T14:38:32","modified_gmt":"2020-09-23T17:38:32","slug":"alerj-vota-impeachment-de-governador-afastado-do-rio-wilson-witzel","status":"publish","type":"post","link":"https:\/\/correiodasemana.com\/site\/alerj-vota-impeachment-de-governador-afastado-do-rio-wilson-witzel\/","title":{"rendered":"Alerj vota impeachment de governador afastado do Rio, Wilson Witzel"},"content":{"rendered":"<div class=\"col-lg-12 mb-3\">\n<div class=\"row\">\n<h3 class=\"col-10 offset-1 animated fadeInDown dealy-900 display-8 display-md-8 alt-font font-italic my-1 text-center\">Witzel \u00e9 processado por crime de responsabilidade<\/h3>\n<\/div>\n<\/div>\n<div class=\"col-xl-7 offset-xl-1 col-lg-8 offset-lg-0 col-md-10 offset-md-1 mb-3\">\n<div class=\"post-item alt-font\">\n<div class=\"post-item-wrap\">\n<p>A Assembleia Legislativa do Rio de Janeiro (Alerj) vota na tarde de hoje (23) a resolu\u00e7\u00e3o que autoriza o prosseguimento do processo de\u00a0<em>impeachment\u00a0<\/em>do governador Wilson Witzel. Ele est\u00e1 sendo processado por crime de responsabilidade.<img decoding=\"async\" src=\"https:\/\/agenciabrasil.ebc.com.br\/ebc.png?id=1388701&amp;o=node\" \/><img decoding=\"async\" src=\"https:\/\/agenciabrasil.ebc.com.br\/ebc.gif?id=1388701&amp;o=node\" \/><\/p>\n<p>O relat\u00f3rio do deputado estadual Rodrigo Bacellar (SDD), aprovado pela Comiss\u00e3o Especial da Alerj no dia 17, alega que h\u00e1 ind\u00edcios de que o governador afastado tenha cometido crime de responsabilidade por meio do recebimento de vantagens indevidas.<\/p>\n<p>No dia 28 de agosto, Witzel foi afastado por 180 dias pelo Superior Tribunal de Justi\u00e7a (STJ), por causa de investiga\u00e7\u00f5es relativas a sua suposta participa\u00e7\u00e3o em fraudes na \u00e1rea da sa\u00fade.<\/p>\n<p>Witzel nega que tenha cometido qualquer irregularidade \u00e0 frente do governo do Rio. \u201cA vida me forjou nos desafios. Menino pobre, orgulho de uma dom\u00e9stica e de um metal\u00fargico. Resistirei. Politicamente, minha hist\u00f3ria est\u00e1 apenas come\u00e7ando. Juridicamente, minha absolvi\u00e7\u00e3o com o retorno imediato ao cargo no qual o povo me colocou \u00e9 o \u00fanico caminho poss\u00edvel\u201d, escreveu em seu perfil do Twitter h\u00e1 dois dias.<\/p>\n<p>A vota\u00e7\u00e3o come\u00e7a \u00e0s 15h. Caso dois ter\u00e7os dos parlamentares, o equivalente a 47 dos 70 deputados, sejam a favor do\u00a0<em>impeachment<\/em>, a den\u00fancia ser\u00e1 encaminhada ao Tribunal de Justi\u00e7a do Rio (TJRJ).<\/p>\n<p>O tribunal, ent\u00e3o, formar\u00e1 um tribunal misto de julgamento, composto por cinco deputados e cinco desembargadores, para definir os ritos finais do processo. Ao receber a den\u00fancia, o tribunal decretar\u00e1 um novo afastamento, por 180 dias, do governador.<\/p>\n<p>Por Vitor Abdala &#8211; Rep\u00f3rter da Ag\u00eancia Brasil &#8211; Rio de Janeiro<\/p>\n<\/div>\n<\/div>\n<\/div>\n","protected":false},"excerpt":{"rendered":"<p>Witzel \u00e9 processado por crime de responsabilidade A Assembleia Legislativa do Rio de Janeiro (Alerj)&#8230;<\/p>\n","protected":false},"author":1,"featured_media":13710,"comment_status":"open","ping_status":"open","sticky":false,"template":"","format":"standard","meta":{"_jetpack_memberships_contains_paid_content":false,"footnotes":"","jetpack_publicize_message":"","jetpack_publicize_feature_enabled":true,"jetpack_social_post_already_shared":true,"jetpack_social_options":{"image_generator_settings":{"template":"highway","default_image_id":0,"font":"","enabled":false},"version":2}},"categories":[1],"tags":[],"class_list":["post-13709","post","type-post","status-publish","format-standard","has-post-thumbnail","hentry","category-atualidade"],"jetpack_publicize_connections":[],"jetpack_featured_media_url":"https:\/\/correiodasemana.com\/site\/wp-content\/uploads\/2020\/09\/witizel_usina_270120_abr_5852.jpg","jetpack-related-posts":[{"id":13459,"url":"https:\/\/correiodasemana.com\/site\/crivella-e-alvo-de-operacao-que-investiga-propina-na-prefeitura-do-rio\/","url_meta":{"origin":13709,"position":0},"title":"Crivella \u00e9 alvo de opera\u00e7\u00e3o que investiga propina na prefeitura do Rio","author":"","date":"Setembro 10, 2020","format":false,"excerpt":"O prefeito do Rio de Janeiro, Marcelo Crivella (Republicanos), \u00e9 alvo nesta quinta-feira (10) de uma opera\u00e7\u00e3o do Minist\u00e9rio P\u00fablico do Rio de Janeiro (MP-RJ) e da Pol\u00edcia Civil por suspeita de corrup\u00e7\u00e3o em contratos da prefeitura. A opera\u00e7\u00e3o \u00e9 um desdobramento da Opera\u00e7\u00e3o Hades, deflagrada em mar\u00e7o, que investiga\u2026","rel":"","context":"In &quot;Atualidade&quot;","block_context":{"text":"Atualidade","link":"https:\/\/correiodasemana.com\/site\/category\/atualidade\/"},"img":{"alt_text":"","src":"https:\/\/i0.wp.com\/correiodasemana.com\/site\/wp-content\/uploads\/2020\/09\/marcelo-crivella.jpg?resize=350%2C200&ssl=1","width":350,"height":200,"srcset":"https:\/\/i0.wp.com\/correiodasemana.com\/site\/wp-content\/uploads\/2020\/09\/marcelo-crivella.jpg?resize=350%2C200&ssl=1 1x, https:\/\/i0.wp.com\/correiodasemana.com\/site\/wp-content\/uploads\/2020\/09\/marcelo-crivella.jpg?resize=525%2C300&ssl=1 1.5x, https:\/\/i0.wp.com\/correiodasemana.com\/site\/wp-content\/uploads\/2020\/09\/marcelo-crivella.jpg?resize=700%2C400&ssl=1 2x"},"classes":[]},{"id":12772,"url":"https:\/\/correiodasemana.com\/site\/presidente-deputados-e-senadores-aparecem-no-ranking-de-politicos-com-o-perfil-sugar-daddy\/","url_meta":{"origin":13709,"position":1},"title":"Presidente, deputados\u00a0e senadores aparecem no ranking de pol\u00edticos com o perfil \u2018Sugar Daddy\u2019","author":"","date":"Agosto 17, 2020","format":false,"excerpt":"Os pr\u00e9-requisitos para se tornar um sugar daddy incluem renda mensal m\u00ednima de R$ 10 mil e patrim\u00f4nio anual acima de R$ 100 mil. Plataforma Universo Sugar j\u00e1 alcan\u00e7ou um p\u00fablico potencial no Brasil, somando mais 1,6 milh\u00e3o de participantes. A primeira-dama Michelle Bolsonaro beija o presidente Jair Bolsonaro no\u2026","rel":"","context":"In &quot;Atualidade&quot;","block_context":{"text":"Atualidade","link":"https:\/\/correiodasemana.com\/site\/category\/atualidade\/"},"img":{"alt_text":"","src":"https:\/\/i0.wp.com\/correiodasemana.com\/site\/wp-content\/uploads\/2020\/08\/lista-presidentes.jpg?resize=350%2C200&ssl=1","width":350,"height":200,"srcset":"https:\/\/i0.wp.com\/correiodasemana.com\/site\/wp-content\/uploads\/2020\/08\/lista-presidentes.jpg?resize=350%2C200&ssl=1 1x, https:\/\/i0.wp.com\/correiodasemana.com\/site\/wp-content\/uploads\/2020\/08\/lista-presidentes.jpg?resize=525%2C300&ssl=1 1.5x, https:\/\/i0.wp.com\/correiodasemana.com\/site\/wp-content\/uploads\/2020\/08\/lista-presidentes.jpg?resize=700%2C400&ssl=1 2x, https:\/\/i0.wp.com\/correiodasemana.com\/site\/wp-content\/uploads\/2020\/08\/lista-presidentes.jpg?resize=1050%2C600&ssl=1 3x, https:\/\/i0.wp.com\/correiodasemana.com\/site\/wp-content\/uploads\/2020\/08\/lista-presidentes.jpg?resize=1400%2C800&ssl=1 4x"},"classes":[]},{"id":13299,"url":"https:\/\/correiodasemana.com\/site\/no-late-zap-com-mabel-15\/","url_meta":{"origin":13709,"position":2},"title":"NO LATE-ZAP COM MABEL","author":"","date":"Agosto 31, 2020","format":false,"excerpt":"Mabel, minha miga, como est\u00e1? Como foi seu final de semana? Certamente bem melhor que o Witzel, n\u00e3o \u00e9 mesmo? Verdade, aquele coitado est\u00e1 mais acuado que barata em sal\u00e3o de festa. Mas \u00e9 essa mesmo a paga de quem n\u00e3o crer proceder. Coitado do Rio de Janeiro, que n\u00e3o\u2026","rel":"","context":"In &quot;Artigos&quot;","block_context":{"text":"Artigos","link":"https:\/\/correiodasemana.com\/site\/category\/artigos\/"},"img":{"alt_text":"","src":"https:\/\/i0.wp.com\/correiodasemana.com\/site\/wp-content\/uploads\/2020\/08\/silveira-rocha.jpg?resize=350%2C200&ssl=1","width":350,"height":200,"srcset":"https:\/\/i0.wp.com\/correiodasemana.com\/site\/wp-content\/uploads\/2020\/08\/silveira-rocha.jpg?resize=350%2C200&ssl=1 1x, https:\/\/i0.wp.com\/correiodasemana.com\/site\/wp-content\/uploads\/2020\/08\/silveira-rocha.jpg?resize=525%2C300&ssl=1 1.5x, https:\/\/i0.wp.com\/correiodasemana.com\/site\/wp-content\/uploads\/2020\/08\/silveira-rocha.jpg?resize=700%2C400&ssl=1 2x"},"classes":[]},{"id":12915,"url":"https:\/\/correiodasemana.com\/site\/maia-cobra-do-governo-proposta-de-renda-minima-permanente\/","url_meta":{"origin":13709,"position":3},"title":"Maia cobra do governo proposta de renda m\u00ednima permanente","author":"","date":"Agosto 18, 2020","format":false,"excerpt":"\"Precisamos saber quais condi\u00e7\u00f5es o governo brasileiro tem para transformar o bolsa fam\u00edlia num programa mais amplo\u201d, disse O presidente da C\u00e2mara dos Deputados, Rodrigo Maia (DEM-RJ), defendeu que o governo apresente proposta de renda m\u00ednima permanente para substituir os atuais R$ 600 do aux\u00edlio emergencial, cujo benef\u00edcio se encerra\u2026","rel":"","context":"In &quot;Atualidade&quot;","block_context":{"text":"Atualidade","link":"https:\/\/correiodasemana.com\/site\/category\/atualidade\/"},"img":{"alt_text":"","src":"https:\/\/i0.wp.com\/correiodasemana.com\/site\/wp-content\/uploads\/2020\/08\/170820-maia-record-3-768x512-1.jpeg?resize=350%2C200&ssl=1","width":350,"height":200,"srcset":"https:\/\/i0.wp.com\/correiodasemana.com\/site\/wp-content\/uploads\/2020\/08\/170820-maia-record-3-768x512-1.jpeg?resize=350%2C200&ssl=1 1x, https:\/\/i0.wp.com\/correiodasemana.com\/site\/wp-content\/uploads\/2020\/08\/170820-maia-record-3-768x512-1.jpeg?resize=525%2C300&ssl=1 1.5x, https:\/\/i0.wp.com\/correiodasemana.com\/site\/wp-content\/uploads\/2020\/08\/170820-maia-record-3-768x512-1.jpeg?resize=700%2C400&ssl=1 2x"},"classes":[]},{"id":13479,"url":"https:\/\/correiodasemana.com\/site\/bolsonaro-veta-parte-do-perdao-a-dividas-tributarias-de-igrejas\/","url_meta":{"origin":13709,"position":4},"title":"Bolsonaro veta parte do perd\u00e3o a d\u00edvidas tribut\u00e1rias de igrejas","author":"","date":"Setembro 14, 2020","format":false,"excerpt":"Minist\u00e9rio da Economia pediu veto e indicou que templos t\u00eam, por exemplo, R$ 868 milh\u00f5es em d\u00edvidas com a previd\u00eancia. Em rede social, Bolsonaro defendeu que Congresso derrube o veto. O presidente\u00a0Jair Bolsonaro\u00a0decidiu vetar, parcialmente, uma proposta aprovada no Congresso que perdoava d\u00edvidas tribut\u00e1rias de igrejas. A lei foi\u00a0publicada na\u2026","rel":"","context":"In &quot;Atualidade&quot;","block_context":{"text":"Atualidade","link":"https:\/\/correiodasemana.com\/site\/category\/atualidade\/"},"img":{"alt_text":"","src":"https:\/\/i0.wp.com\/correiodasemana.com\/site\/wp-content\/uploads\/2020\/09\/750_jair-bolsonaro-veto-dividas-igrejas_20209147712602.jpg?resize=350%2C200&ssl=1","width":350,"height":200,"srcset":"https:\/\/i0.wp.com\/correiodasemana.com\/site\/wp-content\/uploads\/2020\/09\/750_jair-bolsonaro-veto-dividas-igrejas_20209147712602.jpg?resize=350%2C200&ssl=1 1x, https:\/\/i0.wp.com\/correiodasemana.com\/site\/wp-content\/uploads\/2020\/09\/750_jair-bolsonaro-veto-dividas-igrejas_20209147712602.jpg?resize=525%2C300&ssl=1 1.5x, https:\/\/i0.wp.com\/correiodasemana.com\/site\/wp-content\/uploads\/2020\/09\/750_jair-bolsonaro-veto-dividas-igrejas_20209147712602.jpg?resize=700%2C400&ssl=1 2x"},"classes":[]},{"id":13726,"url":"https:\/\/correiodasemana.com\/site\/governo-do-ceara-cria-delegacia-exclusiva-para-combater-crimes-ciberneticos\/","url_meta":{"origin":13709,"position":5},"title":"Governo do Cear\u00e1 cria Delegacia exclusiva para combater crimes cibern\u00e9ticos","author":"","date":"Setembro 26, 2020","format":false,"excerpt":"O registro de crimes realizados via internet \u00e9 realidade cada vez mais presente na rotina policial. Para combater esse tipo de a\u00e7\u00e3o, o governador Camilo Santana sancionou na manh\u00e3 desta sexta-feira (25) a cria\u00e7\u00e3o da Delegacia de Repress\u00e3o aos Crimes Cibern\u00e9ticos (DRCC). A proposta de implanta\u00e7\u00e3o do \u00f3rg\u00e3o havia sido\u2026","rel":"","context":"In &quot;Atualidade&quot;","block_context":{"text":"Atualidade","link":"https:\/\/correiodasemana.com\/site\/category\/atualidade\/"},"img":{"alt_text":"","src":"https:\/\/i0.wp.com\/correiodasemana.com\/site\/wp-content\/uploads\/2020\/09\/200925_DELEG-CRIMES-CIBERNETICOS_CG7036.jpg?resize=350%2C200&ssl=1","width":350,"height":200,"srcset":"https:\/\/i0.wp.com\/correiodasemana.com\/site\/wp-content\/uploads\/2020\/09\/200925_DELEG-CRIMES-CIBERNETICOS_CG7036.jpg?resize=350%2C200&ssl=1 1x, https:\/\/i0.wp.com\/correiodasemana.com\/site\/wp-content\/uploads\/2020\/09\/200925_DELEG-CRIMES-CIBERNETICOS_CG7036.jpg?resize=525%2C300&ssl=1 1.5x, https:\/\/i0.wp.com\/correiodasemana.com\/site\/wp-content\/uploads\/2020\/09\/200925_DELEG-CRIMES-CIBERNETICOS_CG7036.jpg?resize=700%2C400&ssl=1 2x, https:\/\/i0.wp.com\/correiodasemana.com\/site\/wp-content\/uploads\/2020\/09\/200925_DELEG-CRIMES-CIBERNETICOS_CG7036.jpg?resize=1050%2C600&ssl=1 3x, https:\/\/i0.wp.com\/correiodasemana.com\/site\/wp-content\/uploads\/2020\/09\/200925_DELEG-CRIMES-CIBERNETICOS_CG7036.jpg?resize=1400%2C800&ssl=1 4x"},"classes":[]}],"jetpack_sharing_enabled":true,"_links":{"self":[{"href":"https:\/\/correiodasemana.com\/site\/wp-json\/wp\/v2\/posts\/13709","targetHints":{"allow":["GET"]}}],"collection":[{"href":"https:\/\/correiodasemana.com\/site\/wp-json\/wp\/v2\/posts"}],"about":[{"href":"https:\/\/correiodasemana.com\/site\/wp-json\/wp\/v2\/types\/post"}],"author":[{"embeddable":true,"href":"https:\/\/correiodasemana.com\/site\/wp-json\/wp\/v2\/users\/1"}],"replies":[{"embeddable":true,"href":"https:\/\/correiodasemana.com\/site\/wp-json\/wp\/v2\/comments?post=13709"}],"version-history":[{"count":2,"href":"https:\/\/correiodasemana.com\/site\/wp-json\/wp\/v2\/posts\/13709\/revisions"}],"predecessor-version":[{"id":13712,"href":"https:\/\/correiodasemana.com\/site\/wp-json\/wp\/v2\/posts\/13709\/revisions\/13712"}],"wp:featuredmedia":[{"embeddable":true,"href":"https:\/\/correiodasemana.com\/site\/wp-json\/wp\/v2\/media\/13710"}],"wp:attachment":[{"href":"https:\/\/correiodasemana.com\/site\/wp-json\/wp\/v2\/media?parent=13709"}],"wp:term":[{"taxonomy":"category","embeddable":true,"href":"https:\/\/correiodasemana.com\/site\/wp-json\/wp\/v2\/categories?post=13709"},{"taxonomy":"post_tag","embeddable":true,"href":"https:\/\/correiodasemana.com\/site\/wp-json\/wp\/v2\/tags?post=13709"}],"curies":[{"name":"wp","href":"https:\/\/api.w.org\/{rel}","templated":true}]}}