{"id":13713,"date":"2020-09-23T14:54:22","date_gmt":"2020-09-23T17:54:22","guid":{"rendered":"https:\/\/correiodasemana.com\/site\/?p=13713"},"modified":"2020-09-23T14:54:22","modified_gmt":"2020-09-23T17:54:22","slug":"inss-vai-aumentar-capacidade-de-atendimento-da-central-135","status":"publish","type":"post","link":"https:\/\/correiodasemana.com\/site\/inss-vai-aumentar-capacidade-de-atendimento-da-central-135\/","title":{"rendered":"INSS vai aumentar capacidade de atendimento da Central 135"},"content":{"rendered":"<div class=\"col-lg-12 mb-3\">\n<div class=\"row\">\n<h3 class=\"col-10 offset-1 animated fadeInDown dealy-900 display-8 display-md-8 alt-font font-italic my-1 text-center\">Atendimento pelo canal aumentar\u00e1 30%<\/h3>\n<\/div>\n<\/div>\n<div class=\"col-xl-7 offset-xl-1 col-lg-8 offset-lg-0 col-md-10 offset-md-1 mb-3\">\n<div class=\"post-item alt-font\">\n<div class=\"post-item-wrap\">\n<p>O Instituto Nacional do Seguro Social (INSS)\u00a0informa que contratar\u00e1 mais uma central de atendimento para que seja otimizado o atendimento pelo telefone 135. Ap\u00f3s a contrata\u00e7\u00e3o, ser\u00e1 aumentada\u00a0em 30% a capacidade de atendimento por meio\u00a0do canal.<img decoding=\"async\" src=\"https:\/\/agenciabrasil.ebc.com.br\/ebc.png?id=1388718&amp;o=node\" \/><img decoding=\"async\" src=\"https:\/\/agenciabrasil.ebc.com.br\/ebc.gif?id=1388718&amp;o=node\" \/><\/p>\n<p>O INSS acrescentou\u00a0que \u201cdevido ao excesso de demanda provocado pelos acontecimentos da \u00faltima semana, que gerou busca imediata por agenda e informa\u00e7\u00f5es\u201d,\u00a0far\u00e1 reagendamentos autom\u00e1ticos e avisar\u00e1 ao segurado por meio\u00a0de liga\u00e7\u00f5es. At\u00e9 sexta-feira (25), o\u00a0instituto\u00a0ligar\u00e1 para todos os segurados que tenham\u00a0o cadastro correto, informando sobre o novo reagendamento. O INSS alerta que nessas liga\u00e7\u00f5es n\u00e3o solicita dados banc\u00e1rios ou de benef\u00edcio.<\/p>\n<p>O segurado que n\u00e3o receber a liga\u00e7\u00e3o at\u00e9 a pr\u00f3xima\u00a0sexta\u00a0\u00e9 porque n\u00e3o tinha o cadastro com o telefone v\u00e1lido.\u00a0Sendo assim, ele deve\u00a0remarcar o hor\u00e1rio ligando para o 135, servi\u00e7o que estar\u00e1 dispon\u00edvel tamb\u00e9m, a partir da semana que vem, pelo Meu INSS. Dessa forma, s\u00f3 precisar\u00e1 entrar em contato pelo 135 se n\u00e3o puder comparecer na data e hora marcadas, para proceder o reagendamento mais adequado.<\/p>\n<p>\u201cPor fim, informamos, o INSS acaba de contratar uma plataforma centralizada de comuta\u00e7\u00e3o. Essa tecnologia, para as centrais que atendem o 135, otimizar\u00e1 o tempo de espera, transferindo automaticamente a liga\u00e7\u00e3o para a central que esteja menos sobrecarregada, fazendo com que o atendimento seja mais r\u00e1pido e eficiente\u201d, disse o \u00f3rg\u00e3o.<\/p>\n<p>Por Kelly Oliveira &#8211; Rep\u00f3rter da Ag\u00eancia Brasil &#8211; Bras\u00edlia<\/p>\n<\/div>\n<\/div>\n<\/div>\n","protected":false},"excerpt":{"rendered":"<p>Atendimento pelo canal aumentar\u00e1 30% O Instituto Nacional do Seguro Social (INSS)\u00a0informa que contratar\u00e1 mais&#8230;<\/p>\n","protected":false},"author":1,"featured_media":13714,"comment_status":"open","ping_status":"open","sticky":false,"template":"","format":"standard","meta":{"_jetpack_memberships_contains_paid_content":false,"footnotes":"","jetpack_publicize_message":"","jetpack_publicize_feature_enabled":true,"jetpack_social_post_already_shared":true,"jetpack_social_options":{"image_generator_settings":{"template":"highway","default_image_id":0,"font":"","enabled":false},"version":2}},"categories":[1],"tags":[],"class_list":["post-13713","post","type-post","status-publish","format-standard","has-post-thumbnail","hentry","category-atualidade"],"jetpack_publicize_connections":[],"jetpack_featured_media_url":"https:\/\/correiodasemana.com\/site\/wp-content\/uploads\/2020\/09\/mc_previdencia_socialsantos_fc2108200888-1.jpg","jetpack-related-posts":[{"id":12359,"url":"https:\/\/correiodasemana.com\/site\/agencias-do-inss-e-adiada-para-24-de-agosto-reabertura-das\/","url_meta":{"origin":13713,"position":0},"title":"Reabertura das ag\u00eancias do INSS \u00e9 adiada para 24 de agosto","author":"","date":"Julho 29, 2020","format":false,"excerpt":"Retorno estava previsto para a pr\u00f3xima segunda-feira (3) O Instituto Nacional do Seguro Social (INSS) publicou hoje (29), no\u00a0Di\u00e1rio Oficial da Uni\u00e3o,\u00a0portaria que adia para o pr\u00f3ximo dia 24 a reabertura gradual de suas ag\u00eancias f\u00edsicas em todo o pa\u00eds, devido \u00e0 pandemia do novo coronav\u00edrus. A\u00a0Portaria 36\u00a0resulta de decis\u00e3o\u2026","rel":"","context":"In &quot;Atualidade&quot;","block_context":{"text":"Atualidade","link":"https:\/\/correiodasemana.com\/site\/category\/atualidade\/"},"img":{"alt_text":"","src":"https:\/\/i0.wp.com\/correiodasemana.com\/site\/wp-content\/uploads\/2020\/07\/966943-07072015-dsc_5170-2.jpg?resize=350%2C200&ssl=1","width":350,"height":200,"srcset":"https:\/\/i0.wp.com\/correiodasemana.com\/site\/wp-content\/uploads\/2020\/07\/966943-07072015-dsc_5170-2.jpg?resize=350%2C200&ssl=1 1x, https:\/\/i0.wp.com\/correiodasemana.com\/site\/wp-content\/uploads\/2020\/07\/966943-07072015-dsc_5170-2.jpg?resize=525%2C300&ssl=1 1.5x, https:\/\/i0.wp.com\/correiodasemana.com\/site\/wp-content\/uploads\/2020\/07\/966943-07072015-dsc_5170-2.jpg?resize=700%2C400&ssl=1 2x, https:\/\/i0.wp.com\/correiodasemana.com\/site\/wp-content\/uploads\/2020\/07\/966943-07072015-dsc_5170-2.jpg?resize=1050%2C600&ssl=1 3x"},"classes":[]},{"id":13471,"url":"https:\/\/correiodasemana.com\/site\/inss-retomam-atendimento-presencial-a-partir-de-hoje\/","url_meta":{"origin":13713,"position":1},"title":"INSS retomam atendimento presencial a partir de hoje","author":"","date":"Setembro 14, 2020","format":false,"excerpt":"Segurados devem agendar atendimento pela internet ou telefone As ag\u00eancias do Instituto Nacional do Seguro Social (INSS) retomam as atividades presenciais a partir de hoje (14) em todo o pa\u00eds. Nesta primeira fase de reabertura, somente os atendimentos agendados previamente ser\u00e3o realizados nas ag\u00eancias, incluindo, em alguns casos, a retomada\u2026","rel":"","context":"In &quot;Atualidade&quot;","block_context":{"text":"Atualidade","link":"https:\/\/correiodasemana.com\/site\/category\/atualidade\/"},"img":{"alt_text":"","src":"https:\/\/i0.wp.com\/correiodasemana.com\/site\/wp-content\/uploads\/2020\/09\/mc_previdencia_socialsantos_fc2108200888.jpg?resize=350%2C200&ssl=1","width":350,"height":200,"srcset":"https:\/\/i0.wp.com\/correiodasemana.com\/site\/wp-content\/uploads\/2020\/09\/mc_previdencia_socialsantos_fc2108200888.jpg?resize=350%2C200&ssl=1 1x, https:\/\/i0.wp.com\/correiodasemana.com\/site\/wp-content\/uploads\/2020\/09\/mc_previdencia_socialsantos_fc2108200888.jpg?resize=525%2C300&ssl=1 1.5x, https:\/\/i0.wp.com\/correiodasemana.com\/site\/wp-content\/uploads\/2020\/09\/mc_previdencia_socialsantos_fc2108200888.jpg?resize=700%2C400&ssl=1 2x, https:\/\/i0.wp.com\/correiodasemana.com\/site\/wp-content\/uploads\/2020\/09\/mc_previdencia_socialsantos_fc2108200888.jpg?resize=1050%2C600&ssl=1 3x"},"classes":[]},{"id":33982,"url":"https:\/\/correiodasemana.com\/site\/inss-devolve-descontos-indevidos-de-abril-a-partir-desta-segunda-feira-26\/","url_meta":{"origin":13713,"position":2},"title":"INSS devolve descontos indevidos de abril a partir desta segunda-feira (26)","author":"adminredacao","date":"Junho 3, 2025","format":false,"excerpt":"Ser\u00e3o reembolsados, ao todo, R$ 292 milh\u00f5es aos benefici\u00e1rios. Devolu\u00e7\u00e3o ser\u00e1 feita junto com o pagamento regular dos benef\u00edcios, de 26 de maio a 6 de junho Todos os aposentados e pensionistas do INSS que sofreram algum desconto de mensalidade associativa na folha de pagamentos referente a abril ter\u00e3o os\u2026","rel":"","context":"In &quot;Atualidade&quot;","block_context":{"text":"Atualidade","link":"https:\/\/correiodasemana.com\/site\/category\/atualidade\/"},"img":{"alt_text":"","src":"https:\/\/i0.wp.com\/correiodasemana.com\/site\/wp-content\/uploads\/2025\/01\/inss-endereco-novo-4-800x600-1.webp?resize=350%2C200&ssl=1","width":350,"height":200,"srcset":"https:\/\/i0.wp.com\/correiodasemana.com\/site\/wp-content\/uploads\/2025\/01\/inss-endereco-novo-4-800x600-1.webp?resize=350%2C200&ssl=1 1x, https:\/\/i0.wp.com\/correiodasemana.com\/site\/wp-content\/uploads\/2025\/01\/inss-endereco-novo-4-800x600-1.webp?resize=525%2C300&ssl=1 1.5x, https:\/\/i0.wp.com\/correiodasemana.com\/site\/wp-content\/uploads\/2025\/01\/inss-endereco-novo-4-800x600-1.webp?resize=700%2C400&ssl=1 2x"},"classes":[]},{"id":13451,"url":"https:\/\/correiodasemana.com\/site\/apenas-segurados-agendados-serao-atendidos-nas-agencias-do-inss\/","url_meta":{"origin":13713,"position":3},"title":"Apenas segurados agendados ser\u00e3o atendidos nas ag\u00eancias do INSS","author":"","date":"Setembro 10, 2020","format":false,"excerpt":"A reabertura das ag\u00eancias est\u00e1 prevista para a pr\u00f3xima segunda-feira As ag\u00eancias do Instituto Nacional do Seguro Social (INSS) v\u00e3o reabrir na pr\u00f3xima segunda-feira (14), mas o atendimento ser\u00e1 exclusivo para quem fizer agendamento. Para marcar hora, o segurado deve acessar o\u00a0site\u00a0Meu INSS\u00a0e aplicativo ou ligar no 135. Segundo o\u2026","rel":"","context":"In &quot;Atualidade&quot;","block_context":{"text":"Atualidade","link":"https:\/\/correiodasemana.com\/site\/category\/atualidade\/"},"img":{"alt_text":"","src":"https:\/\/i0.wp.com\/correiodasemana.com\/site\/wp-content\/uploads\/2020\/09\/edit_previdencia_socialsantos_fc231082200890.jpg?resize=350%2C200&ssl=1","width":350,"height":200,"srcset":"https:\/\/i0.wp.com\/correiodasemana.com\/site\/wp-content\/uploads\/2020\/09\/edit_previdencia_socialsantos_fc231082200890.jpg?resize=350%2C200&ssl=1 1x, https:\/\/i0.wp.com\/correiodasemana.com\/site\/wp-content\/uploads\/2020\/09\/edit_previdencia_socialsantos_fc231082200890.jpg?resize=525%2C300&ssl=1 1.5x, https:\/\/i0.wp.com\/correiodasemana.com\/site\/wp-content\/uploads\/2020\/09\/edit_previdencia_socialsantos_fc231082200890.jpg?resize=700%2C400&ssl=1 2x, https:\/\/i0.wp.com\/correiodasemana.com\/site\/wp-content\/uploads\/2020\/09\/edit_previdencia_socialsantos_fc231082200890.jpg?resize=1050%2C600&ssl=1 3x"},"classes":[]},{"id":13525,"url":"https:\/\/correiodasemana.com\/site\/apenas-segurados-agendados-serao-atendidos-nas-agencias-do-inss-2\/","url_meta":{"origin":13713,"position":4},"title":"Apenas segurados agendados ser\u00e3o atendidos nas ag\u00eancias do INSS","author":"","date":"Setembro 15, 2020","format":false,"excerpt":"A reabertura das ag\u00eancias est\u00e1 prevista para a pr\u00f3xima segunda-feira As ag\u00eancias do Instituto Nacional do Seguro Social (INSS) v\u00e3o reabrir na pr\u00f3xima segunda-feira (14), mas o atendimento ser\u00e1 exclusivo para quem fizer agendamento. Para marcar hora, o segurado deve acessar o\u00a0site\u00a0Meu INSS\u00a0e aplicativo ou ligar no 135. Segundo o\u2026","rel":"","context":"In &quot;Atualidade&quot;","block_context":{"text":"Atualidade","link":"https:\/\/correiodasemana.com\/site\/category\/atualidade\/"},"img":{"alt_text":"","src":"https:\/\/i0.wp.com\/correiodasemana.com\/site\/wp-content\/uploads\/2020\/08\/INSS-PREDIO.jpg?resize=350%2C200&ssl=1","width":350,"height":200,"srcset":"https:\/\/i0.wp.com\/correiodasemana.com\/site\/wp-content\/uploads\/2020\/08\/INSS-PREDIO.jpg?resize=350%2C200&ssl=1 1x, https:\/\/i0.wp.com\/correiodasemana.com\/site\/wp-content\/uploads\/2020\/08\/INSS-PREDIO.jpg?resize=525%2C300&ssl=1 1.5x, https:\/\/i0.wp.com\/correiodasemana.com\/site\/wp-content\/uploads\/2020\/08\/INSS-PREDIO.jpg?resize=700%2C400&ssl=1 2x, https:\/\/i0.wp.com\/correiodasemana.com\/site\/wp-content\/uploads\/2020\/08\/INSS-PREDIO.jpg?resize=1050%2C600&ssl=1 3x"},"classes":[]},{"id":12011,"url":"https:\/\/correiodasemana.com\/site\/agencia-brasil-explica-como-agendar-servicos-no-meu-inss\/","url_meta":{"origin":13713,"position":5},"title":"Ag\u00eancia Brasil explica: como agendar servi\u00e7os no Meu INSS","author":"","date":"Julho 20, 2020","format":false,"excerpt":"Atendimento remoto foi prorrogado at\u00e9\u00a031 de julho O atendimento presencial nas ag\u00eancias do Instituto Nacional do Seguro Social (INSS) est\u00e1 suspenso temporariamente desde mar\u00e7o, devido \u00e0 pandemia de covid-19. A data para a\u00a0abertura das ag\u00eancias\u00a0\u00e9 o dia\u00a03 de agosto. O atendimento exclusivo por meio de canais remotos foi prorrogado at\u00e9\u00a031\u2026","rel":"","context":"In &quot;Atualidade&quot;","block_context":{"text":"Atualidade","link":"https:\/\/correiodasemana.com\/site\/category\/atualidade\/"},"img":{"alt_text":"","src":"https:\/\/i0.wp.com\/correiodasemana.com\/site\/wp-content\/uploads\/2020\/07\/966943-07072015-dsc_5170.jpg?resize=350%2C200&ssl=1","width":350,"height":200,"srcset":"https:\/\/i0.wp.com\/correiodasemana.com\/site\/wp-content\/uploads\/2020\/07\/966943-07072015-dsc_5170.jpg?resize=350%2C200&ssl=1 1x, https:\/\/i0.wp.com\/correiodasemana.com\/site\/wp-content\/uploads\/2020\/07\/966943-07072015-dsc_5170.jpg?resize=525%2C300&ssl=1 1.5x, https:\/\/i0.wp.com\/correiodasemana.com\/site\/wp-content\/uploads\/2020\/07\/966943-07072015-dsc_5170.jpg?resize=700%2C400&ssl=1 2x"},"classes":[]}],"jetpack_sharing_enabled":true,"_links":{"self":[{"href":"https:\/\/correiodasemana.com\/site\/wp-json\/wp\/v2\/posts\/13713","targetHints":{"allow":["GET"]}}],"collection":[{"href":"https:\/\/correiodasemana.com\/site\/wp-json\/wp\/v2\/posts"}],"about":[{"href":"https:\/\/correiodasemana.com\/site\/wp-json\/wp\/v2\/types\/post"}],"author":[{"embeddable":true,"href":"https:\/\/correiodasemana.com\/site\/wp-json\/wp\/v2\/users\/1"}],"replies":[{"embeddable":true,"href":"https:\/\/correiodasemana.com\/site\/wp-json\/wp\/v2\/comments?post=13713"}],"version-history":[{"count":2,"href":"https:\/\/correiodasemana.com\/site\/wp-json\/wp\/v2\/posts\/13713\/revisions"}],"predecessor-version":[{"id":13716,"href":"https:\/\/correiodasemana.com\/site\/wp-json\/wp\/v2\/posts\/13713\/revisions\/13716"}],"wp:featuredmedia":[{"embeddable":true,"href":"https:\/\/correiodasemana.com\/site\/wp-json\/wp\/v2\/media\/13714"}],"wp:attachment":[{"href":"https:\/\/correiodasemana.com\/site\/wp-json\/wp\/v2\/media?parent=13713"}],"wp:term":[{"taxonomy":"category","embeddable":true,"href":"https:\/\/correiodasemana.com\/site\/wp-json\/wp\/v2\/categories?post=13713"},{"taxonomy":"post_tag","embeddable":true,"href":"https:\/\/correiodasemana.com\/site\/wp-json\/wp\/v2\/tags?post=13713"}],"curies":[{"name":"wp","href":"https:\/\/api.w.org\/{rel}","templated":true}]}}